{"id":408,"date":"2010-08-25T18:51:53","date_gmt":"2010-08-25T21:51:53","guid":{"rendered":"http:\/\/www.encontrasantana.com.br\/blog\/?p=408"},"modified":"2019-04-15T10:05:59","modified_gmt":"2019-04-15T13:05:59","slug":"subprefeitura-de-santana-realiza-curso-de-mediacao-de-conflitos","status":"publish","type":"post","link":"https:\/\/www.encontrasantana.com.br\/sobre\/subprefeitura-de-santana-realiza-curso-de-mediacao-de-conflitos\/","title":{"rendered":"Subprefeitura de Santana realiza curso de &#8221;Media\u00e7\u00e3o de Conflitos&#8221;"},"content":{"rendered":"<div class=\"1acf8468e559fd3cbeec5aee3a269a52\" data-index=\"1\" style=\"float: none; margin:0px;\">\n<!-- Anuncio display - global -->\r\n<ins class=\"adsbygoogle\"\r\n     style=\"display:block\"\r\n     data-ad-client=\"ca-pub-8585364105181520\"\r\n     data-ad-slot=\"8789329856\"\r\n     data-ad-format=\"auto\"\r\n     data-full-width-responsive=\"true\"><\/ins>\r\n<script>\r\n     (adsbygoogle = window.adsbygoogle || []).push({});\r\n<\/script>\n<\/div>\n<p>A Subprefeitura de Santana\/Tucuruvi, juntamente com a Secretaria do Verde e Meio Ambiente e as Divis\u00f5es Descentralizadas da Zona Norte convidam os mun\u00edcipes para participarem do curso de Media\u00e7\u00e3o de Conflitos.<\/p>\n<p>O curso, ministrado pela professora Sandra In\u00eas Baraglio Granja \u00e9 gratuito, tem carga hor\u00e1ria de 16 horas, e seu objetivo \u00e9 compreender a multidimensionalidade e apoiar o enfrentamento dos conflitos socioambientais, discutir e apoiar a conviv\u00eancia na cidade de S\u00e3o Paulo, propor a cria\u00e7\u00e3o de rede de troca de informa\u00e7\u00f5es e experi\u00eancias entre os participantes.<\/p>\n<p>O programa foi dividido em dois encontros de 8 horas cada, e abordar\u00e1 os seguintes temas:<\/p>\n<p><strong>1\u00ba Encontro<\/strong><\/p>\n<p>&#8211; Conceituando a media\u00e7\u00e3o: anatomia e crit\u00e9rios<br \/>\n&#8211; A complexidade dos conceitos sobre conflitos e suas resolu\u00e7\u00f5es<br \/>\n&#8211; A multidimensionalidade do conflito<br \/>\n&#8211; Papel do Mediador<br \/>\n&#8211; Din\u00e2mica<br \/>\n&#8211; Por que a media\u00e7\u00e3o na Cidade de S\u00e3o Paulo?<br \/>\n&#8211; As formas de media\u00e7\u00e3o, o di\u00e1logo, a pr\u00f3pria media\u00e7\u00e3o de conflitos socioambientais, as novas rela\u00e7\u00f5es de sociabilidade, o respeito \u00e0s diferen\u00e7as: como desenvolver a media\u00e7\u00e3o<br \/>\n&#8211; Din\u00e2micas<\/p>\n<p><strong>2\u00ba Encontro<\/strong><\/p>\n<p>&#8211; Media\u00e7\u00e3o para que? Com qual(is) instrumento(s)?<br \/>\n&#8211; A possibilidade da constru\u00e7\u00e3o do sonho, da realidade<br \/>\n&#8211; Inserindo a media\u00e7\u00e3o na comunidade<br \/>\n&#8211; Como e porque a viol\u00eancia ocorre, indicando as possibilidades te\u00f3ricas para sua compreens\u00e3o<br \/>\n&#8211; Din\u00e2mica<br \/>\n&#8211; O entendimento de justi\u00e7a; as diversas formas e significados da viol\u00eancia para os distintos grupos sociais<br \/>\n&#8211; As rela\u00e7\u00f5es entre cidadania e a conviv\u00eancia na vizinhan\u00e7a<br \/>\n&#8211; Mudan\u00e7a do processo cotidiano: a media\u00e7\u00e3o como instrumento de transforma\u00e7\u00e3o<br \/>\n&#8211; Din\u00e2micas<br \/>\n&#8211; Conclus\u00f5es parciais e encaminhamentos<\/p>\n<p><strong>Cronograma<\/strong><\/p>\n<p>1\u00aa turma &#8211; 28\/8 e 4\/9 &#8211; 8h \u00e0s 17h<\/p>\n<p>2\u00aa turma &#8211; 18 e 25\/9 &#8211; 8h \u00e0s 17h<\/p>\n<p>As inscri\u00e7\u00f5es devem ser feitas pelo e-mail\u00a0inscricaonorte@gmail.com, com nome, telefone, profiss\u00e3o, subprefeitura que reside (\u00e9 necess\u00e1rio dizer se \u00e9 ou n\u00e3o conselheiro do CADES e se tem participa\u00e7\u00e3o em agenda 21). Ser\u00e3o disponibilizadas 50 vagas por turma.<\/p>\n<p><strong>Audit\u00f3rio da Subprefeitura Santana\/Tucuruvi<\/strong><br \/>\nAvenida Tucuruvi, 808, T\u00e9rreo<\/p>\n<p><em>Fonte: Prefeitura de S\u00e3o Paulo<\/em><\/p>\n\n<div style=\"font-size: 0px; height: 0px; line-height: 0px; margin: 0; padding: 0; clear: both;\"><\/div>","protected":false},"excerpt":{"rendered":"<p>A Subprefeitura de Santana\/Tucuruvi, juntamente com a Secretaria do Verde e Meio Ambiente e as Divis\u00f5es Descentralizadas da Zona Norte convidam os mun\u00edcipes para participarem do curso de Media\u00e7\u00e3o de Conflitos. O curso, ministrado pela professora Sandra In\u00eas Baraglio Granja \u00e9 gratuito, tem carga hor\u00e1ria de 16 horas, e seu objetivo \u00e9 compreender a multidimensionalidade e apoiar o enfrentamento dos conflitos socioambientais, discutir e apoiar a conviv\u00eancia na cidade de S\u00e3o Paulo, propor a cria\u00e7\u00e3o de rede de troca de informa\u00e7\u00f5es e experi\u00eancias entre os participantes. O programa foi dividido em dois encontros de 8 horas cada, e abordar\u00e1 os <\/p>\n","protected":false},"author":1,"featured_media":0,"comment_status":"open","ping_status":"closed","sticky":false,"template":"","format":"standard","meta":{"footnotes":""},"categories":[3],"tags":[10],"class_list":["post-408","post","type-post","status-publish","format-standard","hentry","category-noticias-em-santana","tag-santana"],"aioseo_notices":[],"aioseo_head":"\n\t\t<!-- All in One SEO 5.0.0.1 - aioseo.com -->\n\t<meta name=\"description\" content=\"A Subprefeitura de Santana\/Tucuruvi, juntamente com a Secretaria do Verde e Meio Ambiente e as Divis\u00f5es Descentralizadas da Zona Norte convidam os mun\u00edcipes para participarem do curso de Media\u00e7\u00e3o de Conflitos. O curso, ministrado pela professora Sandra In\u00eas Baraglio Granja \u00e9 gratuito, tem carga hor\u00e1ria de 16 horas, e seu objetivo \u00e9 compreender a multidimensionalidade\" \/>\n\t<meta name=\"robots\" content=\"max-image-preview:large\" \/>\n\t<meta name=\"author\" content=\"Encontra Santana\"\/>\n\t<link rel=\"canonical\" href=\"https:\/\/www.encontrasantana.com.br\/sobre\/subprefeitura-de-santana-realiza-curso-de-mediacao-de-conflitos\/\" \/>\n\t<meta name=\"generator\" content=\"All in One SEO (AIOSEO) 5.0.0.1\" \/>\n\t\t<meta property=\"og:locale\" content=\"pt_BR\" \/>\n\t\t<meta property=\"og:site_name\" content=\"Encontra Santana | Not\u00edcias, eventos, informa\u00e7\u00f5es e dicas no bairro de Santana e regi\u00e3o.\" \/>\n\t\t<meta property=\"og:type\" content=\"article\" \/>\n\t\t<meta property=\"og:title\" content=\"Subprefeitura de Santana realiza curso de \u201dMedia\u00e7\u00e3o de Conflitos\u201d \u00bb Encontra Santana\" \/>\n\t\t<meta property=\"og:description\" content=\"A Subprefeitura de Santana\/Tucuruvi, juntamente com a Secretaria do Verde e Meio Ambiente e as Divis\u00f5es Descentralizadas da Zona Norte convidam os mun\u00edcipes para participarem do curso de Media\u00e7\u00e3o de Conflitos. O curso, ministrado pela professora Sandra In\u00eas Baraglio Granja \u00e9 gratuito, tem carga hor\u00e1ria de 16 horas, e seu objetivo \u00e9 compreender a multidimensionalidade\" \/>\n\t\t<meta property=\"og:url\" content=\"https:\/\/www.encontrasantana.com.br\/sobre\/subprefeitura-de-santana-realiza-curso-de-mediacao-de-conflitos\/\" \/>\n\t\t<meta property=\"article:published_time\" content=\"2010-08-25T21:51:53+00:00\" \/>\n\t\t<meta property=\"article:modified_time\" content=\"2019-04-15T13:05:59+00:00\" \/>\n\t\t<meta name=\"twitter:card\" content=\"summary\" \/>\n\t\t<meta name=\"twitter:title\" content=\"Subprefeitura de Santana realiza curso de \u201dMedia\u00e7\u00e3o de Conflitos\u201d \u00bb Encontra Santana\" \/>\n\t\t<meta name=\"twitter:description\" content=\"A Subprefeitura de Santana\/Tucuruvi, juntamente com a Secretaria do Verde e Meio Ambiente e as Divis\u00f5es Descentralizadas da Zona Norte convidam os mun\u00edcipes para participarem do curso de Media\u00e7\u00e3o de Conflitos. O curso, ministrado pela professora Sandra In\u00eas Baraglio Granja \u00e9 gratuito, tem carga hor\u00e1ria de 16 horas, e seu objetivo \u00e9 compreender a multidimensionalidade\" \/>\n\t\t<script type=\"application\/ld+json\" class=\"aioseo-schema\">\n\t\t\t{\"@context\":\"https:\\\/\\\/schema.org\",\"@graph\":[{\"@type\":\"Article\",\"@id\":\"https:\\\/\\\/www.encontrasantana.com.br\\\/sobre\\\/subprefeitura-de-santana-realiza-curso-de-mediacao-de-conflitos\\\/#article\",\"name\":\"Subprefeitura de Santana realiza curso de \\u201dMedia\\u00e7\\u00e3o de Conflitos\\u201d \\u00bb Encontra Santana\",\"headline\":\"Subprefeitura de Santana realiza curso de &#8221;Media\\u00e7\\u00e3o de Conflitos&#8221;\",\"author\":{\"@id\":\"https:\\\/\\\/www.encontrasantana.com.br\\\/sobre\\\/author\\\/esantana\\\/#author\"},\"publisher\":{\"@id\":\"https:\\\/\\\/www.encontrasantana.com.br\\\/sobre\\\/#organization\"},\"datePublished\":\"2010-08-25T18:51:53-03:00\",\"dateModified\":\"2019-04-15T10:05:59-03:00\",\"inLanguage\":\"pt-BR\",\"mainEntityOfPage\":{\"@id\":\"https:\\\/\\\/www.encontrasantana.com.br\\\/sobre\\\/subprefeitura-de-santana-realiza-curso-de-mediacao-de-conflitos\\\/#webpage\"},\"isPartOf\":{\"@id\":\"https:\\\/\\\/www.encontrasantana.com.br\\\/sobre\\\/subprefeitura-de-santana-realiza-curso-de-mediacao-de-conflitos\\\/#webpage\"},\"articleSection\":\"Not\\u00edcias Santana, Santana\"},{\"@type\":\"BreadcrumbList\",\"@id\":\"https:\\\/\\\/www.encontrasantana.com.br\\\/sobre\\\/subprefeitura-de-santana-realiza-curso-de-mediacao-de-conflitos\\\/#breadcrumblist\",\"itemListElement\":[{\"@type\":\"ListItem\",\"@id\":\"https:\\\/\\\/www.encontrasantana.com.br\\\/sobre#listItem\",\"position\":1,\"name\":\"In\\u00edcio\",\"item\":\"https:\\\/\\\/www.encontrasantana.com.br\\\/sobre\",\"nextItem\":{\"@type\":\"ListItem\",\"@id\":\"https:\\\/\\\/www.encontrasantana.com.br\\\/sobre\\\/noticias-em-santana\\\/#listItem\",\"name\":\"Not\\u00edcias Santana\"}},{\"@type\":\"ListItem\",\"@id\":\"https:\\\/\\\/www.encontrasantana.com.br\\\/sobre\\\/noticias-em-santana\\\/#listItem\",\"position\":2,\"name\":\"Not\\u00edcias Santana\",\"item\":\"https:\\\/\\\/www.encontrasantana.com.br\\\/sobre\\\/noticias-em-santana\\\/\",\"nextItem\":{\"@type\":\"ListItem\",\"@id\":\"https:\\\/\\\/www.encontrasantana.com.br\\\/sobre\\\/subprefeitura-de-santana-realiza-curso-de-mediacao-de-conflitos\\\/#listItem\",\"name\":\"Subprefeitura de Santana realiza curso de &#8221;Media\\u00e7\\u00e3o de Conflitos&#8221;\"},\"previousItem\":{\"@type\":\"ListItem\",\"@id\":\"https:\\\/\\\/www.encontrasantana.com.br\\\/sobre#listItem\",\"name\":\"In\\u00edcio\"}},{\"@type\":\"ListItem\",\"@id\":\"https:\\\/\\\/www.encontrasantana.com.br\\\/sobre\\\/subprefeitura-de-santana-realiza-curso-de-mediacao-de-conflitos\\\/#listItem\",\"position\":3,\"name\":\"Subprefeitura de Santana realiza curso de &#8221;Media\\u00e7\\u00e3o de Conflitos&#8221;\",\"previousItem\":{\"@type\":\"ListItem\",\"@id\":\"https:\\\/\\\/www.encontrasantana.com.br\\\/sobre\\\/noticias-em-santana\\\/#listItem\",\"name\":\"Not\\u00edcias Santana\"}}]},{\"@type\":\"Organization\",\"@id\":\"https:\\\/\\\/www.encontrasantana.com.br\\\/sobre\\\/#organization\",\"name\":\"Encontra Santana\",\"description\":\"Not\\u00edcias, eventos, informa\\u00e7\\u00f5es e dicas no bairro de Santana e regi\\u00e3o.\",\"url\":\"https:\\\/\\\/www.encontrasantana.com.br\\\/sobre\\\/\"},{\"@type\":\"Person\",\"@id\":\"https:\\\/\\\/www.encontrasantana.com.br\\\/sobre\\\/author\\\/esantana\\\/#author\",\"url\":\"https:\\\/\\\/www.encontrasantana.com.br\\\/sobre\\\/author\\\/esantana\\\/\",\"name\":\"Encontra Santana\",\"image\":{\"@type\":\"ImageObject\",\"@id\":\"https:\\\/\\\/www.encontrasantana.com.br\\\/sobre\\\/subprefeitura-de-santana-realiza-curso-de-mediacao-de-conflitos\\\/#authorImage\",\"url\":\"https:\\\/\\\/secure.gravatar.com\\\/avatar\\\/0fbed662e37531ae23e68f85f9517b2454e50c1dfebf80eb9b721449ac95e0b9?s=96&d=mm&r=g\",\"width\":96,\"height\":96,\"caption\":\"Encontra Santana\"}},{\"@type\":\"WebPage\",\"@id\":\"https:\\\/\\\/www.encontrasantana.com.br\\\/sobre\\\/subprefeitura-de-santana-realiza-curso-de-mediacao-de-conflitos\\\/#webpage\",\"url\":\"https:\\\/\\\/www.encontrasantana.com.br\\\/sobre\\\/subprefeitura-de-santana-realiza-curso-de-mediacao-de-conflitos\\\/\",\"name\":\"Subprefeitura de Santana realiza curso de \\u201dMedia\\u00e7\\u00e3o de Conflitos\\u201d \\u00bb Encontra Santana\",\"description\":\"A Subprefeitura de Santana\\\/Tucuruvi, juntamente com a Secretaria do Verde e Meio Ambiente e as Divis\\u00f5es Descentralizadas da Zona Norte convidam os mun\\u00edcipes para participarem do curso de Media\\u00e7\\u00e3o de Conflitos. O curso, ministrado pela professora Sandra In\\u00eas Baraglio Granja \\u00e9 gratuito, tem carga hor\\u00e1ria de 16 horas, e seu objetivo \\u00e9 compreender a multidimensionalidade\",\"inLanguage\":\"pt-BR\",\"isPartOf\":{\"@id\":\"https:\\\/\\\/www.encontrasantana.com.br\\\/sobre\\\/#website\"},\"breadcrumb\":{\"@id\":\"https:\\\/\\\/www.encontrasantana.com.br\\\/sobre\\\/subprefeitura-de-santana-realiza-curso-de-mediacao-de-conflitos\\\/#breadcrumblist\"},\"author\":{\"@id\":\"https:\\\/\\\/www.encontrasantana.com.br\\\/sobre\\\/author\\\/esantana\\\/#author\"},\"creator\":{\"@id\":\"https:\\\/\\\/www.encontrasantana.com.br\\\/sobre\\\/author\\\/esantana\\\/#author\"},\"datePublished\":\"2010-08-25T18:51:53-03:00\",\"dateModified\":\"2019-04-15T10:05:59-03:00\"},{\"@type\":\"WebSite\",\"@id\":\"https:\\\/\\\/www.encontrasantana.com.br\\\/sobre\\\/#website\",\"url\":\"https:\\\/\\\/www.encontrasantana.com.br\\\/sobre\\\/\",\"name\":\"Encontra Santana\",\"description\":\"Not\\u00edcias, eventos, informa\\u00e7\\u00f5es e dicas no bairro de Santana e regi\\u00e3o.\",\"inLanguage\":\"pt-BR\",\"publisher\":{\"@id\":\"https:\\\/\\\/www.encontrasantana.com.br\\\/sobre\\\/#organization\"}}]}\n\t\t<\/script>\n\t\t<!-- All in One SEO -->\n\n","aioseo_head_json":{"title":"Subprefeitura de Santana realiza curso de \u201dMedia\u00e7\u00e3o de Conflitos\u201d \u00bb Encontra Santana","description":"A Subprefeitura de Santana\/Tucuruvi, juntamente com a Secretaria do Verde e Meio Ambiente e as Divis\u00f5es Descentralizadas da Zona Norte convidam os mun\u00edcipes para participarem do curso de Media\u00e7\u00e3o de Conflitos. O curso, ministrado pela professora Sandra In\u00eas Baraglio Granja \u00e9 gratuito, tem carga hor\u00e1ria de 16 horas, e seu objetivo \u00e9 compreender a multidimensionalidade","canonical_url":"https:\/\/www.encontrasantana.com.br\/sobre\/subprefeitura-de-santana-realiza-curso-de-mediacao-de-conflitos\/","robots":"max-image-preview:large","keywords":"","webmasterTools":{"miscellaneous":""},"schema":{"@context":"https:\/\/schema.org","@graph":[{"@type":"Article","@id":"https:\/\/www.encontrasantana.com.br\/sobre\/subprefeitura-de-santana-realiza-curso-de-mediacao-de-conflitos\/#article","name":"Subprefeitura de Santana realiza curso de \u201dMedia\u00e7\u00e3o de Conflitos\u201d \u00bb Encontra Santana","headline":"Subprefeitura de Santana realiza curso de &#8221;Media\u00e7\u00e3o de Conflitos&#8221;","author":{"@id":"https:\/\/www.encontrasantana.com.br\/sobre\/author\/esantana\/#author"},"publisher":{"@id":"https:\/\/www.encontrasantana.com.br\/sobre\/#organization"},"datePublished":"2010-08-25T18:51:53-03:00","dateModified":"2019-04-15T10:05:59-03:00","inLanguage":"pt-BR","mainEntityOfPage":{"@id":"https:\/\/www.encontrasantana.com.br\/sobre\/subprefeitura-de-santana-realiza-curso-de-mediacao-de-conflitos\/#webpage"},"isPartOf":{"@id":"https:\/\/www.encontrasantana.com.br\/sobre\/subprefeitura-de-santana-realiza-curso-de-mediacao-de-conflitos\/#webpage"},"articleSection":"Not\u00edcias Santana, Santana"},{"@type":"BreadcrumbList","@id":"https:\/\/www.encontrasantana.com.br\/sobre\/subprefeitura-de-santana-realiza-curso-de-mediacao-de-conflitos\/#breadcrumblist","itemListElement":[{"@type":"ListItem","@id":"https:\/\/www.encontrasantana.com.br\/sobre#listItem","position":1,"name":"In\u00edcio","item":"https:\/\/www.encontrasantana.com.br\/sobre","nextItem":{"@type":"ListItem","@id":"https:\/\/www.encontrasantana.com.br\/sobre\/noticias-em-santana\/#listItem","name":"Not\u00edcias Santana"}},{"@type":"ListItem","@id":"https:\/\/www.encontrasantana.com.br\/sobre\/noticias-em-santana\/#listItem","position":2,"name":"Not\u00edcias Santana","item":"https:\/\/www.encontrasantana.com.br\/sobre\/noticias-em-santana\/","nextItem":{"@type":"ListItem","@id":"https:\/\/www.encontrasantana.com.br\/sobre\/subprefeitura-de-santana-realiza-curso-de-mediacao-de-conflitos\/#listItem","name":"Subprefeitura de Santana realiza curso de &#8221;Media\u00e7\u00e3o de Conflitos&#8221;"},"previousItem":{"@type":"ListItem","@id":"https:\/\/www.encontrasantana.com.br\/sobre#listItem","name":"In\u00edcio"}},{"@type":"ListItem","@id":"https:\/\/www.encontrasantana.com.br\/sobre\/subprefeitura-de-santana-realiza-curso-de-mediacao-de-conflitos\/#listItem","position":3,"name":"Subprefeitura de Santana realiza curso de &#8221;Media\u00e7\u00e3o de Conflitos&#8221;","previousItem":{"@type":"ListItem","@id":"https:\/\/www.encontrasantana.com.br\/sobre\/noticias-em-santana\/#listItem","name":"Not\u00edcias Santana"}}]},{"@type":"Organization","@id":"https:\/\/www.encontrasantana.com.br\/sobre\/#organization","name":"Encontra Santana","description":"Not\u00edcias, eventos, informa\u00e7\u00f5es e dicas no bairro de Santana e regi\u00e3o.","url":"https:\/\/www.encontrasantana.com.br\/sobre\/"},{"@type":"Person","@id":"https:\/\/www.encontrasantana.com.br\/sobre\/author\/esantana\/#author","url":"https:\/\/www.encontrasantana.com.br\/sobre\/author\/esantana\/","name":"Encontra Santana","image":{"@type":"ImageObject","@id":"https:\/\/www.encontrasantana.com.br\/sobre\/subprefeitura-de-santana-realiza-curso-de-mediacao-de-conflitos\/#authorImage","url":"https:\/\/secure.gravatar.com\/avatar\/0fbed662e37531ae23e68f85f9517b2454e50c1dfebf80eb9b721449ac95e0b9?s=96&d=mm&r=g","width":96,"height":96,"caption":"Encontra Santana"}},{"@type":"WebPage","@id":"https:\/\/www.encontrasantana.com.br\/sobre\/subprefeitura-de-santana-realiza-curso-de-mediacao-de-conflitos\/#webpage","url":"https:\/\/www.encontrasantana.com.br\/sobre\/subprefeitura-de-santana-realiza-curso-de-mediacao-de-conflitos\/","name":"Subprefeitura de Santana realiza curso de \u201dMedia\u00e7\u00e3o de Conflitos\u201d \u00bb Encontra Santana","description":"A Subprefeitura de Santana\/Tucuruvi, juntamente com a Secretaria do Verde e Meio Ambiente e as Divis\u00f5es Descentralizadas da Zona Norte convidam os mun\u00edcipes para participarem do curso de Media\u00e7\u00e3o de Conflitos. O curso, ministrado pela professora Sandra In\u00eas Baraglio Granja \u00e9 gratuito, tem carga hor\u00e1ria de 16 horas, e seu objetivo \u00e9 compreender a multidimensionalidade","inLanguage":"pt-BR","isPartOf":{"@id":"https:\/\/www.encontrasantana.com.br\/sobre\/#website"},"breadcrumb":{"@id":"https:\/\/www.encontrasantana.com.br\/sobre\/subprefeitura-de-santana-realiza-curso-de-mediacao-de-conflitos\/#breadcrumblist"},"author":{"@id":"https:\/\/www.encontrasantana.com.br\/sobre\/author\/esantana\/#author"},"creator":{"@id":"https:\/\/www.encontrasantana.com.br\/sobre\/author\/esantana\/#author"},"datePublished":"2010-08-25T18:51:53-03:00","dateModified":"2019-04-15T10:05:59-03:00"},{"@type":"WebSite","@id":"https:\/\/www.encontrasantana.com.br\/sobre\/#website","url":"https:\/\/www.encontrasantana.com.br\/sobre\/","name":"Encontra Santana","description":"Not\u00edcias, eventos, informa\u00e7\u00f5es e dicas no bairro de Santana e regi\u00e3o.","inLanguage":"pt-BR","publisher":{"@id":"https:\/\/www.encontrasantana.com.br\/sobre\/#organization"}}]},"og:locale":"pt_BR","og:site_name":"Encontra Santana | Not\u00edcias, eventos, informa\u00e7\u00f5es e dicas no bairro de Santana e regi\u00e3o.","og:type":"article","og:title":"Subprefeitura de Santana realiza curso de \u201dMedia\u00e7\u00e3o de Conflitos\u201d \u00bb Encontra Santana","og:description":"A Subprefeitura de Santana\/Tucuruvi, juntamente com a Secretaria do Verde e Meio Ambiente e as Divis\u00f5es Descentralizadas da Zona Norte convidam os mun\u00edcipes para participarem do curso de Media\u00e7\u00e3o de Conflitos. O curso, ministrado pela professora Sandra In\u00eas Baraglio Granja \u00e9 gratuito, tem carga hor\u00e1ria de 16 horas, e seu objetivo \u00e9 compreender a multidimensionalidade","og:url":"https:\/\/www.encontrasantana.com.br\/sobre\/subprefeitura-de-santana-realiza-curso-de-mediacao-de-conflitos\/","article:published_time":"2010-08-25T21:51:53+00:00","article:modified_time":"2019-04-15T13:05:59+00:00","twitter:card":"summary","twitter:title":"Subprefeitura de Santana realiza curso de \u201dMedia\u00e7\u00e3o de Conflitos\u201d \u00bb Encontra Santana","twitter:description":"A Subprefeitura de Santana\/Tucuruvi, juntamente com a Secretaria do Verde e Meio Ambiente e as Divis\u00f5es Descentralizadas da Zona Norte convidam os mun\u00edcipes para participarem do curso de Media\u00e7\u00e3o de Conflitos. O curso, ministrado pela professora Sandra In\u00eas Baraglio Granja \u00e9 gratuito, tem carga hor\u00e1ria de 16 horas, e seu objetivo \u00e9 compreender a multidimensionalidade"},"aioseo_meta_data":{"post_id":"408","title":null,"description":null,"keywords":null,"keyphrases":null,"primary_term":null,"canonical_url":null,"og_title":null,"og_description":null,"og_object_type":"default","og_image_type":"default","og_image_url":null,"og_image_width":null,"og_image_height":null,"og_image_custom_url":null,"og_image_custom_fields":null,"og_video":null,"og_custom_url":null,"og_article_section":null,"og_article_tags":null,"twitter_use_og":false,"twitter_card":"default","twitter_image_type":"default","twitter_image_url":null,"twitter_image_custom_url":null,"twitter_image_custom_fields":null,"twitter_title":null,"twitter_description":null,"schema":{"blockGraphs":[],"customGraphs":[],"default":{"data":{"Article":[],"Course":[],"Dataset":[],"FAQPage":[],"Movie":[],"Person":[],"Product":[],"ProductReview":[],"Car":[],"Recipe":[],"Service":[],"SoftwareApplication":[],"WebPage":[]},"graphName":"Article","isEnabled":true},"graphs":[]},"schema_type":null,"schema_type_options":null,"pillar_content":false,"robots_default":true,"robots_noindex":false,"robots_noarchive":false,"robots_nosnippet":false,"robots_nofollow":false,"robots_noimageindex":false,"robots_noodp":false,"robots_notranslate":false,"robots_max_snippet":null,"robots_max_videopreview":null,"robots_max_imagepreview":"large","priority":null,"frequency":null,"local_seo":null,"limit_modified_date":false,"created":"2021-04-20 19:37:58","updated":"2026-08-06 03:41:06","focus_keyword":null,"additional_keywords":null,"truseo_locale":null,"ai":null,"breadcrumb_settings":null,"seo_analyzer_scan_date":null},"aioseo_breadcrumb":"<div class=\"aioseo-breadcrumbs\"><span class=\"aioseo-breadcrumb\">\n\t\t\t<a href=\"https:\/\/www.encontrasantana.com.br\/sobre\" title=\"In\u00edcio\">In\u00edcio<\/a>\n\t\t<\/span><span class=\"aioseo-breadcrumb-separator\">&raquo;<\/span><span class=\"aioseo-breadcrumb\">\n\t\t\t<a href=\"https:\/\/www.encontrasantana.com.br\/sobre\/noticias-em-santana\/\" title=\"Not\u00edcias Santana\">Not\u00edcias Santana<\/a>\n\t\t<\/span><span class=\"aioseo-breadcrumb-separator\">&raquo;<\/span><span class=\"aioseo-breadcrumb\">\n\t\t\tSubprefeitura de Santana realiza curso de \u201dMedia\u00e7\u00e3o de Conflitos\u201d\n\t\t<\/span><\/div>","aioseo_breadcrumb_json":[{"label":"In\u00edcio","link":"https:\/\/www.encontrasantana.com.br\/sobre"},{"label":"Not\u00edcias Santana","link":"https:\/\/www.encontrasantana.com.br\/sobre\/noticias-em-santana\/"},{"label":"Subprefeitura de Santana realiza curso de &#8221;Media\u00e7\u00e3o de Conflitos&#8221;","link":"https:\/\/www.encontrasantana.com.br\/sobre\/subprefeitura-de-santana-realiza-curso-de-mediacao-de-conflitos\/"}],"_links":{"self":[{"href":"https:\/\/www.encontrasantana.com.br\/sobre\/wp-json\/wp\/v2\/posts\/408","targetHints":{"allow":["GET"]}}],"collection":[{"href":"https:\/\/www.encontrasantana.com.br\/sobre\/wp-json\/wp\/v2\/posts"}],"about":[{"href":"https:\/\/www.encontrasantana.com.br\/sobre\/wp-json\/wp\/v2\/types\/post"}],"author":[{"embeddable":true,"href":"https:\/\/www.encontrasantana.com.br\/sobre\/wp-json\/wp\/v2\/users\/1"}],"replies":[{"embeddable":true,"href":"https:\/\/www.encontrasantana.com.br\/sobre\/wp-json\/wp\/v2\/comments?post=408"}],"version-history":[{"count":0,"href":"https:\/\/www.encontrasantana.com.br\/sobre\/wp-json\/wp\/v2\/posts\/408\/revisions"}],"wp:attachment":[{"href":"https:\/\/www.encontrasantana.com.br\/sobre\/wp-json\/wp\/v2\/media?parent=408"}],"wp:term":[{"taxonomy":"category","embeddable":true,"href":"https:\/\/www.encontrasantana.com.br\/sobre\/wp-json\/wp\/v2\/categories?post=408"},{"taxonomy":"post_tag","embeddable":true,"href":"https:\/\/www.encontrasantana.com.br\/sobre\/wp-json\/wp\/v2\/tags?post=408"}],"curies":[{"name":"wp","href":"https:\/\/api.w.org\/{rel}","templated":true}]}}