{"id":43841,"date":"2013-08-22T01:34:30","date_gmt":"2013-08-22T04:34:30","guid":{"rendered":"http:\/\/www.encontrasantana.com.br\/blog\/?p=43841"},"modified":"2019-04-15T09:57:33","modified_gmt":"2019-04-15T12:57:33","slug":"santana-espetaculo-trair-e-cocar-e-so-comecar-faz-temporada-no-palco-do-teatro-apcd","status":"publish","type":"post","link":"https:\/\/www.encontrasantana.com.br\/sobre\/santana-espetaculo-trair-e-cocar-e-so-comecar-faz-temporada-no-palco-do-teatro-apcd\/","title":{"rendered":"Santana: Espet\u00e1culo Trair e Co\u00e7ar \u00e9 S\u00f3 Come\u00e7ar faz temporada no palco do Teatro APCD"},"content":{"rendered":"<div class=\"1acf8468e559fd3cbeec5aee3a269a52\" data-index=\"1\" style=\"float: none; margin:0px;\">\n<!-- Anuncio display - global -->\r\n<ins class=\"adsbygoogle\"\r\n     style=\"display:block\"\r\n     data-ad-client=\"ca-pub-8585364105181520\"\r\n     data-ad-slot=\"8789329856\"\r\n     data-ad-format=\"auto\"\r\n     data-full-width-responsive=\"true\"><\/ins>\r\n<script>\r\n     (adsbygoogle = window.adsbygoogle || []).push({});\r\n<\/script>\n<\/div>\n<p>A com\u00e9dia de Marcos Caruso \u00e9 a montagem brasileira que est\u00e1 h\u00e1 mais tempo em cartaz de forma ininterrupta, s\u00e3o 27 anos de sucesso e faz temporada no Teatro APCD.<\/p>\n<p>Tendo como personagem principal a empregada Ol\u00edmpia (Anast\u00e1cia Cust\u00f3dio) a pe\u00e7a foi inspirada no g\u00eanero vaudeville.<\/p>\n<p>Toda a trama se fundamenta em supostas infidelidades. Ao ver a patroa In\u00eas ser assediada pelo sindico do pr\u00e9dio onde mora, a atrapalhada empregada Ol\u00edmpia sup\u00f5e que ela esteja traindo o marido Eduardo, apesar de eles estarem preparando a festa de seus 16 anos de casamento.<\/p>\n<p>Depois ela ouve uma piada de Eduardo sobre \u201cas namoradas\u201d dele e conclui que o patr\u00e3o tamb\u00e9m tra\u00ed.<br \/>\nNa cabe\u00e7a de Ol\u00edmpia, L\u00edgia a melhor amiga de In\u00eas tamb\u00e9m est\u00e1 sob suspeita, assim como o marido dela, Cristiano.<\/p>\n<p>As conclus\u00f5es apressadas da empregada come\u00e7am a gerar uma s\u00e9rie de quiproqu\u00f3s a ponto de, em dado momento, todos os personagens se envolverem numa confus\u00e3o aparentemente sem sa\u00edda.<\/p>\n<p>Convicta do princ\u00edpio de que informa\u00e7\u00e3o vale ouro a esperta Ol\u00edmpia come\u00e7a a subornar seus patr\u00f5es e os amigos deles. E a sucess\u00e3o intermin\u00e1vel de mal entendidos se completa com a chegada de um vendedor de joias e de um padre.<\/p>\n<p><strong>Informa\u00e7\u00f5es<\/strong><br \/>\n<strong>Local:<\/strong> Teatro APCD<br \/>\n<strong>Endere\u00e7o:<\/strong> Rua Volunt\u00e1rios da P\u00e1tria, 547 &#8211; Santana<br \/>\n<strong>Datas:<\/strong> at\u00e9 10 de novembro de 2013<br \/>\n<strong>Hor\u00e1rios:<\/strong> Sexta, \u00e0s 21h30 | S\u00e1bado, \u00e0s 21h | Domingo, \u00e0s 19h.<br \/>\n<strong>Dura\u00e7\u00e3o:<\/strong> 120 minutos<br \/>\n<strong>Classifica\u00e7\u00e3o:<\/strong> 12 anos<br \/>\n<strong>Telefone:<\/strong> 2223-2424<br \/>\n<strong>$ Pre\u00e7o:<\/strong> R$ 50,00 (sexta) | R$ 60,00 (s\u00e1bado) | R$ 50,00 (domingo)<\/p>\n<p><em>Fonte: Filtro Cultural<\/em><\/p>\n\n<div style=\"font-size: 0px; height: 0px; line-height: 0px; margin: 0; padding: 0; clear: both;\"><\/div>","protected":false},"excerpt":{"rendered":"<p>A com\u00e9dia de Marcos Caruso \u00e9 a montagem brasileira que est\u00e1 h\u00e1 mais tempo em cartaz de forma ininterrupta, s\u00e3o 27 anos de sucesso e faz temporada no Teatro APCD. Tendo como personagem principal a empregada Ol\u00edmpia (Anast\u00e1cia Cust\u00f3dio) a pe\u00e7a foi inspirada no g\u00eanero vaudeville. Toda a trama se fundamenta em supostas infidelidades. Ao ver a patroa In\u00eas ser assediada pelo sindico do pr\u00e9dio onde mora, a atrapalhada empregada Ol\u00edmpia sup\u00f5e que ela esteja traindo o marido Eduardo, apesar de eles estarem preparando a festa de seus 16 anos de casamento. Depois ela ouve uma piada de Eduardo sobre <\/p>\n","protected":false},"author":1,"featured_media":0,"comment_status":"open","ping_status":"closed","sticky":false,"template":"","format":"standard","meta":{"footnotes":""},"categories":[3],"tags":[],"class_list":["post-43841","post","type-post","status-publish","format-standard","hentry","category-noticias-em-santana"],"aioseo_notices":[],"_links":{"self":[{"href":"https:\/\/www.encontrasantana.com.br\/sobre\/wp-json\/wp\/v2\/posts\/43841"}],"collection":[{"href":"https:\/\/www.encontrasantana.com.br\/sobre\/wp-json\/wp\/v2\/posts"}],"about":[{"href":"https:\/\/www.encontrasantana.com.br\/sobre\/wp-json\/wp\/v2\/types\/post"}],"author":[{"embeddable":true,"href":"https:\/\/www.encontrasantana.com.br\/sobre\/wp-json\/wp\/v2\/users\/1"}],"replies":[{"embeddable":true,"href":"https:\/\/www.encontrasantana.com.br\/sobre\/wp-json\/wp\/v2\/comments?post=43841"}],"version-history":[{"count":0,"href":"https:\/\/www.encontrasantana.com.br\/sobre\/wp-json\/wp\/v2\/posts\/43841\/revisions"}],"wp:attachment":[{"href":"https:\/\/www.encontrasantana.com.br\/sobre\/wp-json\/wp\/v2\/media?parent=43841"}],"wp:term":[{"taxonomy":"category","embeddable":true,"href":"https:\/\/www.encontrasantana.com.br\/sobre\/wp-json\/wp\/v2\/categories?post=43841"},{"taxonomy":"post_tag","embeddable":true,"href":"https:\/\/www.encontrasantana.com.br\/sobre\/wp-json\/wp\/v2\/tags?post=43841"}],"curies":[{"name":"wp","href":"https:\/\/api.w.org\/{rel}","templated":true}]}}