{"id":43857,"date":"2013-09-18T00:14:17","date_gmt":"2013-09-18T03:14:17","guid":{"rendered":"http:\/\/www.encontrasantana.com.br\/blog\/?p=43857"},"modified":"2019-04-15T09:57:32","modified_gmt":"2019-04-15T12:57:32","slug":"santana-recebera-programacao-da-virada-esportiva-2013","status":"publish","type":"post","link":"https:\/\/www.encontrasantana.com.br\/sobre\/santana-recebera-programacao-da-virada-esportiva-2013\/","title":{"rendered":"Santana receber\u00e1 programa\u00e7\u00e3o da Virada Esportiva 2013"},"content":{"rendered":"<div class=\"1acf8468e559fd3cbeec5aee3a269a52\" data-index=\"1\" style=\"float: none; margin:0px;\">\n<!-- Anuncio display - global -->\r\n<ins class=\"adsbygoogle\"\r\n     style=\"display:block\"\r\n     data-ad-client=\"ca-pub-8585364105181520\"\r\n     data-ad-slot=\"8789329856\"\r\n     data-ad-format=\"auto\"\r\n     data-full-width-responsive=\"true\"><\/ins>\r\n<script>\r\n     (adsbygoogle = window.adsbygoogle || []).push({});\r\n<\/script>\n<\/div>\n<p>Nos dias 21 e 22 de setembro acontece a s\u00e9tima Virada Esportiva. A Secretaria de Esportes, Lazer e Recrea\u00e7\u00e3o promover\u00e1 mais de duas mil atividades em cerca de 200 locais espalhados por toda a cidade. Centros esportivos municipais, parques, CEU\u2019s e outros cart\u00f5es-postais da cidade como o Vale do Anhangaba\u00fa e o Memorial da Am\u00e9rica Latina ser\u00e3o ocupados desde as 8h da manh\u00e3 do s\u00e1bado at\u00e9 \u00e0s 18h do domingo.<\/p>\n<p>Com a miss\u00e3o de trazer um final de semana ininterrupto de atividade f\u00edsica, esporte, lazer e recrea\u00e7\u00e3o, em uma maratona de 34 horas planejada com dois objetivos: descentraliza\u00e7\u00e3o e participa\u00e7\u00e3o. Mais de 95% dos eventos oferecidos na programa\u00e7\u00e3o ser\u00e3o participativos, isto \u00e9, atividades em que o p\u00fablico pode experimentar na pr\u00e1tica algum tipo de atividade esportiva, lazer ou recrea\u00e7\u00e3o. A descentraliza\u00e7\u00e3o tamb\u00e9m \u00e9 regra. O \u201cmapa\u201d da programa\u00e7\u00e3o espalha-se por todas as 31 subprefeituras, com op\u00e7\u00f5es em todas as regi\u00f5es da capital. Segundo pesquisa Ibope realizada durante a sexta edi\u00e7\u00e3o do evento, em junho de 2012, 99% dos paulistanos participantes aprovam a realiza\u00e7\u00e3o da Virada Esportiva.<\/p>\n<p>\u201cA grande for\u00e7a da Virada Esportiva 2013 \u00e9 esta rede de eventos essencialmente participativos. Foi preciso muito esfor\u00e7o para que consegu\u00edssemos oferecer op\u00e7\u00f5es em que as pessoas possam realmente tornar-se participantes e n\u00e3o apenas espectadores da Virada\u201d, afirma Celso Jatene, Secret\u00e1rio de Esportes do munic\u00edpio.<\/p>\n<p>Neste ano, a Virada Esportiva coincide com duas datas importantes para a Cidade de S\u00e3o Paulo: s\u00e1bado, 21 de setembro, \u00e9 o Dia Nacional de Luta pelos Direitos da Pessoa com Defici\u00eancia, o domingo, 22, a celebra\u00e7\u00e3o do Dia Mundial Sem Carro (22\/9). A utiliza\u00e7\u00e3o do transporte p\u00fablico e de outros meios como a bicicleta ser\u00e1 incentivada na Virada. Pessoas com defici\u00eancia f\u00edsica ou intelectual tamb\u00e9m ter\u00e3o diversas atividades durante todo o final de semana esportivo.<\/p>\n<p>E a pr\u00e1tica esportiva em hor\u00e1rios inusitados, durante a madrugada, n\u00e3o ser\u00e1 oferecida apenas nos dias 21 e 22 de setembro. Pensando em continuar oferecendo a oportunidade da pr\u00e1tica noturna de esportes, a Prefeitura passa a executar o programa \u2018Revirando A Virada\u2019, exatamente uma semana ap\u00f3s a realiza\u00e7\u00e3o da s\u00e9tima edi\u00e7\u00e3o do evento. A partir do dia 28 de setembro, onze centros esportivos e o Parque Ibirapuera v\u00e3o passar a funcionar por 24 horas nos finais de semana. At\u00e9 2016, 32 equipamentos esportivos v\u00e3o fazer parte do \u201cRevirando a Virada\u201d.<\/p>\n<p>\u201cEsta iniciativa \u00e9 uma maneira de fomentar um servi\u00e7o de esporte continuado \u00e0 popula\u00e7\u00e3o por todo o ano, mantendo aceso o esp\u00edrito da Virada.\u201d, Celso Jatene, Secret\u00e1rio Municipal de Esportes, Lazer e Recrea\u00e7\u00e3o. \u201cEsta \u00e9 uma das cinco principais metas da Secretaria de Esportes no per\u00edodo 2013-2016\u201d, complementa Jatene.<\/p>\n<p><strong>N\u00fameros<br \/>\n<\/strong><br \/>\nA Virada Esportiva 2013 contar\u00e1 com a participa\u00e7\u00e3o de 45 centros esportivos municipais de administra\u00e7\u00e3o direta, 45 Centros Educacionais Unificados (CEUs), 12 unidades do SESC, 10 parques, al\u00e9m de 90 pra\u00e7as e CDC\u2019s (Clubes da Comunidade). Nesta s\u00e9tima edi\u00e7\u00e3o, ser\u00e3o oferecidas mais de duas mil atividades espalhadas em 200 pontos diferentes. Cerca de 400 volunt\u00e1rios v\u00e3o atuar durante a realiza\u00e7\u00e3o do evento.<\/p>\n<p>No Ja\u00e7an\u00e3, o CEU da regi\u00e3o vai oferecer atividades como aulas de capoeira, torneio de xadrez, recrea\u00e7\u00e3o na piscina, torneios mistos de t\u00eanis de mesa, al\u00e9m de torneios de futsal. O Centro Esportivo Jardim S\u00e3o Paulo tem uma revoada de pipas no per\u00edodo noturno. O Centro Esportivo Santana ter\u00e1 uma das mais inusitadas modalidades da Virada Esportiva 2013: o jiu-jitsu aqu\u00e1tico.<\/p>\n\n<div style=\"font-size: 0px; height: 0px; line-height: 0px; margin: 0; padding: 0; clear: both;\"><\/div>","protected":false},"excerpt":{"rendered":"<p>Nos dias 21 e 22 de setembro acontece a s\u00e9tima Virada Esportiva. A Secretaria de Esportes, Lazer e Recrea\u00e7\u00e3o promover\u00e1 mais de duas mil atividades em cerca de 200 locais espalhados por toda a cidade. Centros esportivos municipais, parques, CEU\u2019s e outros cart\u00f5es-postais da cidade como o Vale do Anhangaba\u00fa e o Memorial da Am\u00e9rica Latina ser\u00e3o ocupados desde as 8h da manh\u00e3 do s\u00e1bado at\u00e9 \u00e0s 18h do domingo. Com a miss\u00e3o de trazer um final de semana ininterrupto de atividade f\u00edsica, esporte, lazer e recrea\u00e7\u00e3o, em uma maratona de 34 horas planejada com dois objetivos: descentraliza\u00e7\u00e3o e participa\u00e7\u00e3o. <\/p>\n","protected":false},"author":1,"featured_media":0,"comment_status":"open","ping_status":"closed","sticky":false,"template":"","format":"standard","meta":{"footnotes":""},"categories":[3],"tags":[],"class_list":["post-43857","post","type-post","status-publish","format-standard","hentry","category-noticias-em-santana"],"aioseo_notices":[],"aioseo_head":"\n\t\t<!-- All in One SEO 5.0.0.1 - aioseo.com -->\n\t<meta name=\"description\" content=\"Nos dias 21 e 22 de setembro acontece a s\u00e9tima Virada Esportiva. A Secretaria de Esportes, Lazer e Recrea\u00e7\u00e3o promover\u00e1 mais de duas mil atividades em cerca de 200 locais espalhados por toda a cidade. Centros esportivos municipais, parques, CEU\u2019s e outros cart\u00f5es-postais da cidade como o Vale do Anhangaba\u00fa e o Memorial da Am\u00e9rica\" \/>\n\t<meta name=\"robots\" content=\"max-image-preview:large\" \/>\n\t<meta name=\"author\" content=\"Encontra Santana\"\/>\n\t<link rel=\"canonical\" href=\"https:\/\/www.encontrasantana.com.br\/sobre\/santana-recebera-programacao-da-virada-esportiva-2013\/\" \/>\n\t<meta name=\"generator\" content=\"All in One SEO (AIOSEO) 5.0.0.1\" \/>\n\t\t<meta property=\"og:locale\" content=\"pt_BR\" \/>\n\t\t<meta property=\"og:site_name\" content=\"Encontra Santana | Not\u00edcias, eventos, informa\u00e7\u00f5es e dicas no bairro de Santana e regi\u00e3o.\" \/>\n\t\t<meta property=\"og:type\" content=\"article\" \/>\n\t\t<meta property=\"og:title\" content=\"Santana receber\u00e1 programa\u00e7\u00e3o da Virada Esportiva 2013 \u00bb Encontra Santana\" \/>\n\t\t<meta property=\"og:description\" content=\"Nos dias 21 e 22 de setembro acontece a s\u00e9tima Virada Esportiva. A Secretaria de Esportes, Lazer e Recrea\u00e7\u00e3o promover\u00e1 mais de duas mil atividades em cerca de 200 locais espalhados por toda a cidade. Centros esportivos municipais, parques, CEU\u2019s e outros cart\u00f5es-postais da cidade como o Vale do Anhangaba\u00fa e o Memorial da Am\u00e9rica\" \/>\n\t\t<meta property=\"og:url\" content=\"https:\/\/www.encontrasantana.com.br\/sobre\/santana-recebera-programacao-da-virada-esportiva-2013\/\" \/>\n\t\t<meta property=\"article:published_time\" content=\"2013-09-18T03:14:17+00:00\" \/>\n\t\t<meta property=\"article:modified_time\" content=\"2019-04-15T12:57:32+00:00\" \/>\n\t\t<meta name=\"twitter:card\" content=\"summary\" \/>\n\t\t<meta name=\"twitter:title\" content=\"Santana receber\u00e1 programa\u00e7\u00e3o da Virada Esportiva 2013 \u00bb Encontra Santana\" \/>\n\t\t<meta name=\"twitter:description\" content=\"Nos dias 21 e 22 de setembro acontece a s\u00e9tima Virada Esportiva. A Secretaria de Esportes, Lazer e Recrea\u00e7\u00e3o promover\u00e1 mais de duas mil atividades em cerca de 200 locais espalhados por toda a cidade. Centros esportivos municipais, parques, CEU\u2019s e outros cart\u00f5es-postais da cidade como o Vale do Anhangaba\u00fa e o Memorial da Am\u00e9rica\" \/>\n\t\t<script type=\"application\/ld+json\" class=\"aioseo-schema\">\n\t\t\t{\"@context\":\"https:\\\/\\\/schema.org\",\"@graph\":[{\"@type\":\"Article\",\"@id\":\"https:\\\/\\\/www.encontrasantana.com.br\\\/sobre\\\/santana-recebera-programacao-da-virada-esportiva-2013\\\/#article\",\"name\":\"Santana receber\\u00e1 programa\\u00e7\\u00e3o da Virada Esportiva 2013 \\u00bb Encontra Santana\",\"headline\":\"Santana receber\\u00e1 programa\\u00e7\\u00e3o da Virada Esportiva 2013\",\"author\":{\"@id\":\"https:\\\/\\\/www.encontrasantana.com.br\\\/sobre\\\/author\\\/esantana\\\/#author\"},\"publisher\":{\"@id\":\"https:\\\/\\\/www.encontrasantana.com.br\\\/sobre\\\/#organization\"},\"datePublished\":\"2013-09-18T00:14:17-03:00\",\"dateModified\":\"2019-04-15T09:57:32-03:00\",\"inLanguage\":\"pt-BR\",\"mainEntityOfPage\":{\"@id\":\"https:\\\/\\\/www.encontrasantana.com.br\\\/sobre\\\/santana-recebera-programacao-da-virada-esportiva-2013\\\/#webpage\"},\"isPartOf\":{\"@id\":\"https:\\\/\\\/www.encontrasantana.com.br\\\/sobre\\\/santana-recebera-programacao-da-virada-esportiva-2013\\\/#webpage\"},\"articleSection\":\"Not\\u00edcias Santana\"},{\"@type\":\"BreadcrumbList\",\"@id\":\"https:\\\/\\\/www.encontrasantana.com.br\\\/sobre\\\/santana-recebera-programacao-da-virada-esportiva-2013\\\/#breadcrumblist\",\"itemListElement\":[{\"@type\":\"ListItem\",\"@id\":\"https:\\\/\\\/www.encontrasantana.com.br\\\/sobre#listItem\",\"position\":1,\"name\":\"In\\u00edcio\",\"item\":\"https:\\\/\\\/www.encontrasantana.com.br\\\/sobre\",\"nextItem\":{\"@type\":\"ListItem\",\"@id\":\"https:\\\/\\\/www.encontrasantana.com.br\\\/sobre\\\/noticias-em-santana\\\/#listItem\",\"name\":\"Not\\u00edcias Santana\"}},{\"@type\":\"ListItem\",\"@id\":\"https:\\\/\\\/www.encontrasantana.com.br\\\/sobre\\\/noticias-em-santana\\\/#listItem\",\"position\":2,\"name\":\"Not\\u00edcias Santana\",\"item\":\"https:\\\/\\\/www.encontrasantana.com.br\\\/sobre\\\/noticias-em-santana\\\/\",\"nextItem\":{\"@type\":\"ListItem\",\"@id\":\"https:\\\/\\\/www.encontrasantana.com.br\\\/sobre\\\/santana-recebera-programacao-da-virada-esportiva-2013\\\/#listItem\",\"name\":\"Santana receber\\u00e1 programa\\u00e7\\u00e3o da Virada Esportiva 2013\"},\"previousItem\":{\"@type\":\"ListItem\",\"@id\":\"https:\\\/\\\/www.encontrasantana.com.br\\\/sobre#listItem\",\"name\":\"In\\u00edcio\"}},{\"@type\":\"ListItem\",\"@id\":\"https:\\\/\\\/www.encontrasantana.com.br\\\/sobre\\\/santana-recebera-programacao-da-virada-esportiva-2013\\\/#listItem\",\"position\":3,\"name\":\"Santana receber\\u00e1 programa\\u00e7\\u00e3o da Virada Esportiva 2013\",\"previousItem\":{\"@type\":\"ListItem\",\"@id\":\"https:\\\/\\\/www.encontrasantana.com.br\\\/sobre\\\/noticias-em-santana\\\/#listItem\",\"name\":\"Not\\u00edcias Santana\"}}]},{\"@type\":\"Organization\",\"@id\":\"https:\\\/\\\/www.encontrasantana.com.br\\\/sobre\\\/#organization\",\"name\":\"Encontra Santana\",\"description\":\"Not\\u00edcias, eventos, informa\\u00e7\\u00f5es e dicas no bairro de Santana e regi\\u00e3o.\",\"url\":\"https:\\\/\\\/www.encontrasantana.com.br\\\/sobre\\\/\"},{\"@type\":\"Person\",\"@id\":\"https:\\\/\\\/www.encontrasantana.com.br\\\/sobre\\\/author\\\/esantana\\\/#author\",\"url\":\"https:\\\/\\\/www.encontrasantana.com.br\\\/sobre\\\/author\\\/esantana\\\/\",\"name\":\"Encontra Santana\",\"image\":{\"@type\":\"ImageObject\",\"@id\":\"https:\\\/\\\/www.encontrasantana.com.br\\\/sobre\\\/santana-recebera-programacao-da-virada-esportiva-2013\\\/#authorImage\",\"url\":\"https:\\\/\\\/secure.gravatar.com\\\/avatar\\\/0fbed662e37531ae23e68f85f9517b2454e50c1dfebf80eb9b721449ac95e0b9?s=96&d=mm&r=g\",\"width\":96,\"height\":96,\"caption\":\"Encontra Santana\"}},{\"@type\":\"WebPage\",\"@id\":\"https:\\\/\\\/www.encontrasantana.com.br\\\/sobre\\\/santana-recebera-programacao-da-virada-esportiva-2013\\\/#webpage\",\"url\":\"https:\\\/\\\/www.encontrasantana.com.br\\\/sobre\\\/santana-recebera-programacao-da-virada-esportiva-2013\\\/\",\"name\":\"Santana receber\\u00e1 programa\\u00e7\\u00e3o da Virada Esportiva 2013 \\u00bb Encontra Santana\",\"description\":\"Nos dias 21 e 22 de setembro acontece a s\\u00e9tima Virada Esportiva. A Secretaria de Esportes, Lazer e Recrea\\u00e7\\u00e3o promover\\u00e1 mais de duas mil atividades em cerca de 200 locais espalhados por toda a cidade. Centros esportivos municipais, parques, CEU\\u2019s e outros cart\\u00f5es-postais da cidade como o Vale do Anhangaba\\u00fa e o Memorial da Am\\u00e9rica\",\"inLanguage\":\"pt-BR\",\"isPartOf\":{\"@id\":\"https:\\\/\\\/www.encontrasantana.com.br\\\/sobre\\\/#website\"},\"breadcrumb\":{\"@id\":\"https:\\\/\\\/www.encontrasantana.com.br\\\/sobre\\\/santana-recebera-programacao-da-virada-esportiva-2013\\\/#breadcrumblist\"},\"author\":{\"@id\":\"https:\\\/\\\/www.encontrasantana.com.br\\\/sobre\\\/author\\\/esantana\\\/#author\"},\"creator\":{\"@id\":\"https:\\\/\\\/www.encontrasantana.com.br\\\/sobre\\\/author\\\/esantana\\\/#author\"},\"datePublished\":\"2013-09-18T00:14:17-03:00\",\"dateModified\":\"2019-04-15T09:57:32-03:00\"},{\"@type\":\"WebSite\",\"@id\":\"https:\\\/\\\/www.encontrasantana.com.br\\\/sobre\\\/#website\",\"url\":\"https:\\\/\\\/www.encontrasantana.com.br\\\/sobre\\\/\",\"name\":\"Encontra Santana\",\"description\":\"Not\\u00edcias, eventos, informa\\u00e7\\u00f5es e dicas no bairro de Santana e regi\\u00e3o.\",\"inLanguage\":\"pt-BR\",\"publisher\":{\"@id\":\"https:\\\/\\\/www.encontrasantana.com.br\\\/sobre\\\/#organization\"}}]}\n\t\t<\/script>\n\t\t<!-- All in One SEO -->\n\n","aioseo_head_json":{"title":"Santana receber\u00e1 programa\u00e7\u00e3o da Virada Esportiva 2013 \u00bb Encontra Santana","description":"Nos dias 21 e 22 de setembro acontece a s\u00e9tima Virada Esportiva. A Secretaria de Esportes, Lazer e Recrea\u00e7\u00e3o promover\u00e1 mais de duas mil atividades em cerca de 200 locais espalhados por toda a cidade. Centros esportivos municipais, parques, CEU\u2019s e outros cart\u00f5es-postais da cidade como o Vale do Anhangaba\u00fa e o Memorial da Am\u00e9rica","canonical_url":"https:\/\/www.encontrasantana.com.br\/sobre\/santana-recebera-programacao-da-virada-esportiva-2013\/","robots":"max-image-preview:large","keywords":"","webmasterTools":{"miscellaneous":""},"schema":{"@context":"https:\/\/schema.org","@graph":[{"@type":"Article","@id":"https:\/\/www.encontrasantana.com.br\/sobre\/santana-recebera-programacao-da-virada-esportiva-2013\/#article","name":"Santana receber\u00e1 programa\u00e7\u00e3o da Virada Esportiva 2013 \u00bb Encontra Santana","headline":"Santana receber\u00e1 programa\u00e7\u00e3o da Virada Esportiva 2013","author":{"@id":"https:\/\/www.encontrasantana.com.br\/sobre\/author\/esantana\/#author"},"publisher":{"@id":"https:\/\/www.encontrasantana.com.br\/sobre\/#organization"},"datePublished":"2013-09-18T00:14:17-03:00","dateModified":"2019-04-15T09:57:32-03:00","inLanguage":"pt-BR","mainEntityOfPage":{"@id":"https:\/\/www.encontrasantana.com.br\/sobre\/santana-recebera-programacao-da-virada-esportiva-2013\/#webpage"},"isPartOf":{"@id":"https:\/\/www.encontrasantana.com.br\/sobre\/santana-recebera-programacao-da-virada-esportiva-2013\/#webpage"},"articleSection":"Not\u00edcias Santana"},{"@type":"BreadcrumbList","@id":"https:\/\/www.encontrasantana.com.br\/sobre\/santana-recebera-programacao-da-virada-esportiva-2013\/#breadcrumblist","itemListElement":[{"@type":"ListItem","@id":"https:\/\/www.encontrasantana.com.br\/sobre#listItem","position":1,"name":"In\u00edcio","item":"https:\/\/www.encontrasantana.com.br\/sobre","nextItem":{"@type":"ListItem","@id":"https:\/\/www.encontrasantana.com.br\/sobre\/noticias-em-santana\/#listItem","name":"Not\u00edcias Santana"}},{"@type":"ListItem","@id":"https:\/\/www.encontrasantana.com.br\/sobre\/noticias-em-santana\/#listItem","position":2,"name":"Not\u00edcias Santana","item":"https:\/\/www.encontrasantana.com.br\/sobre\/noticias-em-santana\/","nextItem":{"@type":"ListItem","@id":"https:\/\/www.encontrasantana.com.br\/sobre\/santana-recebera-programacao-da-virada-esportiva-2013\/#listItem","name":"Santana receber\u00e1 programa\u00e7\u00e3o da Virada Esportiva 2013"},"previousItem":{"@type":"ListItem","@id":"https:\/\/www.encontrasantana.com.br\/sobre#listItem","name":"In\u00edcio"}},{"@type":"ListItem","@id":"https:\/\/www.encontrasantana.com.br\/sobre\/santana-recebera-programacao-da-virada-esportiva-2013\/#listItem","position":3,"name":"Santana receber\u00e1 programa\u00e7\u00e3o da Virada Esportiva 2013","previousItem":{"@type":"ListItem","@id":"https:\/\/www.encontrasantana.com.br\/sobre\/noticias-em-santana\/#listItem","name":"Not\u00edcias Santana"}}]},{"@type":"Organization","@id":"https:\/\/www.encontrasantana.com.br\/sobre\/#organization","name":"Encontra Santana","description":"Not\u00edcias, eventos, informa\u00e7\u00f5es e dicas no bairro de Santana e regi\u00e3o.","url":"https:\/\/www.encontrasantana.com.br\/sobre\/"},{"@type":"Person","@id":"https:\/\/www.encontrasantana.com.br\/sobre\/author\/esantana\/#author","url":"https:\/\/www.encontrasantana.com.br\/sobre\/author\/esantana\/","name":"Encontra Santana","image":{"@type":"ImageObject","@id":"https:\/\/www.encontrasantana.com.br\/sobre\/santana-recebera-programacao-da-virada-esportiva-2013\/#authorImage","url":"https:\/\/secure.gravatar.com\/avatar\/0fbed662e37531ae23e68f85f9517b2454e50c1dfebf80eb9b721449ac95e0b9?s=96&d=mm&r=g","width":96,"height":96,"caption":"Encontra Santana"}},{"@type":"WebPage","@id":"https:\/\/www.encontrasantana.com.br\/sobre\/santana-recebera-programacao-da-virada-esportiva-2013\/#webpage","url":"https:\/\/www.encontrasantana.com.br\/sobre\/santana-recebera-programacao-da-virada-esportiva-2013\/","name":"Santana receber\u00e1 programa\u00e7\u00e3o da Virada Esportiva 2013 \u00bb Encontra Santana","description":"Nos dias 21 e 22 de setembro acontece a s\u00e9tima Virada Esportiva. A Secretaria de Esportes, Lazer e Recrea\u00e7\u00e3o promover\u00e1 mais de duas mil atividades em cerca de 200 locais espalhados por toda a cidade. Centros esportivos municipais, parques, CEU\u2019s e outros cart\u00f5es-postais da cidade como o Vale do Anhangaba\u00fa e o Memorial da Am\u00e9rica","inLanguage":"pt-BR","isPartOf":{"@id":"https:\/\/www.encontrasantana.com.br\/sobre\/#website"},"breadcrumb":{"@id":"https:\/\/www.encontrasantana.com.br\/sobre\/santana-recebera-programacao-da-virada-esportiva-2013\/#breadcrumblist"},"author":{"@id":"https:\/\/www.encontrasantana.com.br\/sobre\/author\/esantana\/#author"},"creator":{"@id":"https:\/\/www.encontrasantana.com.br\/sobre\/author\/esantana\/#author"},"datePublished":"2013-09-18T00:14:17-03:00","dateModified":"2019-04-15T09:57:32-03:00"},{"@type":"WebSite","@id":"https:\/\/www.encontrasantana.com.br\/sobre\/#website","url":"https:\/\/www.encontrasantana.com.br\/sobre\/","name":"Encontra Santana","description":"Not\u00edcias, eventos, informa\u00e7\u00f5es e dicas no bairro de Santana e regi\u00e3o.","inLanguage":"pt-BR","publisher":{"@id":"https:\/\/www.encontrasantana.com.br\/sobre\/#organization"}}]},"og:locale":"pt_BR","og:site_name":"Encontra Santana | Not\u00edcias, eventos, informa\u00e7\u00f5es e dicas no bairro de Santana e regi\u00e3o.","og:type":"article","og:title":"Santana receber\u00e1 programa\u00e7\u00e3o da Virada Esportiva 2013 \u00bb Encontra Santana","og:description":"Nos dias 21 e 22 de setembro acontece a s\u00e9tima Virada Esportiva. A Secretaria de Esportes, Lazer e Recrea\u00e7\u00e3o promover\u00e1 mais de duas mil atividades em cerca de 200 locais espalhados por toda a cidade. Centros esportivos municipais, parques, CEU\u2019s e outros cart\u00f5es-postais da cidade como o Vale do Anhangaba\u00fa e o Memorial da Am\u00e9rica","og:url":"https:\/\/www.encontrasantana.com.br\/sobre\/santana-recebera-programacao-da-virada-esportiva-2013\/","article:published_time":"2013-09-18T03:14:17+00:00","article:modified_time":"2019-04-15T12:57:32+00:00","twitter:card":"summary","twitter:title":"Santana receber\u00e1 programa\u00e7\u00e3o da Virada Esportiva 2013 \u00bb Encontra Santana","twitter:description":"Nos dias 21 e 22 de setembro acontece a s\u00e9tima Virada Esportiva. A Secretaria de Esportes, Lazer e Recrea\u00e7\u00e3o promover\u00e1 mais de duas mil atividades em cerca de 200 locais espalhados por toda a cidade. Centros esportivos municipais, parques, CEU\u2019s e outros cart\u00f5es-postais da cidade como o Vale do Anhangaba\u00fa e o Memorial da Am\u00e9rica"},"aioseo_meta_data":{"post_id":"43857","title":null,"description":null,"keywords":null,"keyphrases":null,"primary_term":null,"canonical_url":null,"og_title":null,"og_description":null,"og_object_type":"default","og_image_type":"default","og_image_url":null,"og_image_width":null,"og_image_height":null,"og_image_custom_url":null,"og_image_custom_fields":null,"og_video":null,"og_custom_url":null,"og_article_section":null,"og_article_tags":null,"twitter_use_og":false,"twitter_card":"default","twitter_image_type":"default","twitter_image_url":null,"twitter_image_custom_url":null,"twitter_image_custom_fields":null,"twitter_title":null,"twitter_description":null,"schema":{"blockGraphs":[],"customGraphs":[],"default":{"data":{"Article":[],"Course":[],"Dataset":[],"FAQPage":[],"Movie":[],"Person":[],"Product":[],"ProductReview":[],"Car":[],"Recipe":[],"Service":[],"SoftwareApplication":[],"WebPage":[]},"graphName":"Article","isEnabled":true},"graphs":[]},"schema_type":null,"schema_type_options":null,"pillar_content":false,"robots_default":true,"robots_noindex":false,"robots_noarchive":false,"robots_nosnippet":false,"robots_nofollow":false,"robots_noimageindex":false,"robots_noodp":false,"robots_notranslate":false,"robots_max_snippet":null,"robots_max_videopreview":null,"robots_max_imagepreview":"large","priority":null,"frequency":null,"local_seo":null,"limit_modified_date":false,"created":"2021-04-20 18:30:06","updated":"2026-08-07 00:52:41","focus_keyword":null,"additional_keywords":null,"truseo_locale":null,"ai":null,"breadcrumb_settings":null,"seo_analyzer_scan_date":null},"aioseo_breadcrumb":"<div class=\"aioseo-breadcrumbs\"><span class=\"aioseo-breadcrumb\">\n\t\t\t<a href=\"https:\/\/www.encontrasantana.com.br\/sobre\" title=\"In\u00edcio\">In\u00edcio<\/a>\n\t\t<\/span><span class=\"aioseo-breadcrumb-separator\">&raquo;<\/span><span class=\"aioseo-breadcrumb\">\n\t\t\t<a href=\"https:\/\/www.encontrasantana.com.br\/sobre\/noticias-em-santana\/\" title=\"Not\u00edcias Santana\">Not\u00edcias Santana<\/a>\n\t\t<\/span><span class=\"aioseo-breadcrumb-separator\">&raquo;<\/span><span class=\"aioseo-breadcrumb\">\n\t\t\tSantana receber\u00e1 programa\u00e7\u00e3o da Virada Esportiva 2013\n\t\t<\/span><\/div>","aioseo_breadcrumb_json":[{"label":"In\u00edcio","link":"https:\/\/www.encontrasantana.com.br\/sobre"},{"label":"Not\u00edcias Santana","link":"https:\/\/www.encontrasantana.com.br\/sobre\/noticias-em-santana\/"},{"label":"Santana receber\u00e1 programa\u00e7\u00e3o da Virada Esportiva 2013","link":"https:\/\/www.encontrasantana.com.br\/sobre\/santana-recebera-programacao-da-virada-esportiva-2013\/"}],"_links":{"self":[{"href":"https:\/\/www.encontrasantana.com.br\/sobre\/wp-json\/wp\/v2\/posts\/43857","targetHints":{"allow":["GET"]}}],"collection":[{"href":"https:\/\/www.encontrasantana.com.br\/sobre\/wp-json\/wp\/v2\/posts"}],"about":[{"href":"https:\/\/www.encontrasantana.com.br\/sobre\/wp-json\/wp\/v2\/types\/post"}],"author":[{"embeddable":true,"href":"https:\/\/www.encontrasantana.com.br\/sobre\/wp-json\/wp\/v2\/users\/1"}],"replies":[{"embeddable":true,"href":"https:\/\/www.encontrasantana.com.br\/sobre\/wp-json\/wp\/v2\/comments?post=43857"}],"version-history":[{"count":0,"href":"https:\/\/www.encontrasantana.com.br\/sobre\/wp-json\/wp\/v2\/posts\/43857\/revisions"}],"wp:attachment":[{"href":"https:\/\/www.encontrasantana.com.br\/sobre\/wp-json\/wp\/v2\/media?parent=43857"}],"wp:term":[{"taxonomy":"category","embeddable":true,"href":"https:\/\/www.encontrasantana.com.br\/sobre\/wp-json\/wp\/v2\/categories?post=43857"},{"taxonomy":"post_tag","embeddable":true,"href":"https:\/\/www.encontrasantana.com.br\/sobre\/wp-json\/wp\/v2\/tags?post=43857"}],"curies":[{"name":"wp","href":"https:\/\/api.w.org\/{rel}","templated":true}]}}