{"id":43869,"date":"2013-10-01T14:34:36","date_gmt":"2013-10-01T17:34:36","guid":{"rendered":"http:\/\/www.encontrasantana.com.br\/blog\/?p=43869"},"modified":"2019-04-15T09:57:31","modified_gmt":"2019-04-15T12:57:31","slug":"maior-festival-sertanejo-do-pais-estreia-em-santana-no-dia-510","status":"publish","type":"post","link":"https:\/\/www.encontrasantana.com.br\/sobre\/maior-festival-sertanejo-do-pais-estreia-em-santana-no-dia-510\/","title":{"rendered":"Maior festival sertanejo do pa\u00eds estreia em Santana no dia 5\/10"},"content":{"rendered":"<div class=\"1acf8468e559fd3cbeec5aee3a269a52\" data-index=\"1\" style=\"float: none; margin:0px;\">\n<!-- Anuncio display - global -->\r\n<ins class=\"adsbygoogle\"\r\n     style=\"display:block\"\r\n     data-ad-client=\"ca-pub-8585364105181520\"\r\n     data-ad-slot=\"8789329856\"\r\n     data-ad-format=\"auto\"\r\n     data-full-width-responsive=\"true\"><\/ins>\r\n<script>\r\n     (adsbygoogle = window.adsbygoogle || []).push({});\r\n<\/script>\n<\/div>\n<p>O Villa Mix Festival, maior evento relacionado \u00e0 nova m\u00fasica sertaneja do pa\u00eds, ter\u00e1 sua primeira edi\u00e7\u00e3o paulista. No dia 5 de outubro, s\u00e1bado, o Campo de Marte, na Zona Norte da capital paulista, recebe grandes nomes do g\u00eanero como Gusttavo Lima, Jorge &amp; Mateus, Maria Cec\u00edlia &amp; Rodolfo, Guilherme &amp; Santiago e muitos outros.<\/p>\n<p>Antes da primeira edi\u00e7\u00e3o paulista do Villa Mix Festival, a festa \u2013 que come\u00e7ou em Goi\u00e2nia &#8211; j\u00e1 passou por diversas outras capitais, como Belo Horizonte, Fortaleza e Rio de Janeiro. Al\u00e9m dos nomes citados a cima, tamb\u00e9m se apresentam em Sampa Naldo Benny, Israel Novaes, Humberto &amp; Ronaldo e Matheus &amp; Kauan.<\/p>\n<p><strong>Ingressos<\/strong><br \/>\nOs ingressos para o Villa Mix Festival custam entre R$ 70 (Pista 1\u00ba lote meia entrada) e R$ 500 (Villa Premium Masculino inteira). As vendas acontecem no site ticketsforfun.com.br, no telefone 4003-5588 e nos pontos de venda autorizados.<\/p>\n<p><strong>INFORMA\u00c7\u00d5ES DO EVENTO<\/strong><\/p>\n<p>Data(s): 5 de outubro de 2013<br \/>\nHor\u00e1rio(s): S\u00e1bado, a partir das 17h<br \/>\nPre\u00e7o(s): Entre R$ 70 e R$ 500<br \/>\nOnde: Aeroporto Campo de Marte<br \/>\nEndere\u00e7o: Avenida Santos Dumont, 1979 &#8211; Santana<\/p>\n\n<div style=\"font-size: 0px; height: 0px; line-height: 0px; margin: 0; padding: 0; clear: both;\"><\/div>","protected":false},"excerpt":{"rendered":"<p>O Villa Mix Festival, maior evento relacionado \u00e0 nova m\u00fasica sertaneja do pa\u00eds, ter\u00e1 sua primeira edi\u00e7\u00e3o paulista. No dia 5 de outubro, s\u00e1bado, o Campo de Marte, na Zona Norte da capital paulista, recebe grandes nomes do g\u00eanero como Gusttavo Lima, Jorge &amp; Mateus, Maria Cec\u00edlia &amp; Rodolfo, Guilherme &amp; Santiago e muitos outros. Antes da primeira edi\u00e7\u00e3o paulista do Villa Mix Festival, a festa \u2013 que come\u00e7ou em Goi\u00e2nia &#8211; j\u00e1 passou por diversas outras capitais, como Belo Horizonte, Fortaleza e Rio de Janeiro. Al\u00e9m dos nomes citados a cima, tamb\u00e9m se apresentam em Sampa Naldo Benny, Israel <\/p>\n","protected":false},"author":1,"featured_media":0,"comment_status":"open","ping_status":"closed","sticky":false,"template":"","format":"standard","meta":{"footnotes":""},"categories":[3],"tags":[],"class_list":["post-43869","post","type-post","status-publish","format-standard","hentry","category-noticias-em-santana"],"aioseo_notices":[],"aioseo_head":"\n\t\t<!-- All in One SEO 5.0.0.1 - aioseo.com -->\n\t<meta name=\"description\" content=\"O Villa Mix Festival, maior evento relacionado \u00e0 nova m\u00fasica sertaneja do pa\u00eds, ter\u00e1 sua primeira edi\u00e7\u00e3o paulista. No dia 5 de outubro, s\u00e1bado, o Campo de Marte, na Zona Norte da capital paulista, recebe grandes nomes do g\u00eanero como Gusttavo Lima, Jorge &amp; Mateus, Maria Cec\u00edlia &amp; Rodolfo, Guilherme &amp; Santiago e muitos outros.\" \/>\n\t<meta name=\"robots\" content=\"max-image-preview:large\" \/>\n\t<meta name=\"author\" content=\"Encontra Santana\"\/>\n\t<link rel=\"canonical\" href=\"https:\/\/www.encontrasantana.com.br\/sobre\/maior-festival-sertanejo-do-pais-estreia-em-santana-no-dia-510\/\" \/>\n\t<meta name=\"generator\" content=\"All in One SEO (AIOSEO) 5.0.0.1\" \/>\n\t\t<meta property=\"og:locale\" content=\"pt_BR\" \/>\n\t\t<meta property=\"og:site_name\" content=\"Encontra Santana | Not\u00edcias, eventos, informa\u00e7\u00f5es e dicas no bairro de Santana e regi\u00e3o.\" \/>\n\t\t<meta property=\"og:type\" content=\"article\" \/>\n\t\t<meta property=\"og:title\" content=\"Maior festival sertanejo do pa\u00eds estreia em Santana no dia 5\/10 \u00bb Encontra Santana\" \/>\n\t\t<meta property=\"og:description\" content=\"O Villa Mix Festival, maior evento relacionado \u00e0 nova m\u00fasica sertaneja do pa\u00eds, ter\u00e1 sua primeira edi\u00e7\u00e3o paulista. No dia 5 de outubro, s\u00e1bado, o Campo de Marte, na Zona Norte da capital paulista, recebe grandes nomes do g\u00eanero como Gusttavo Lima, Jorge &amp; Mateus, Maria Cec\u00edlia &amp; Rodolfo, Guilherme &amp; Santiago e muitos outros.\" \/>\n\t\t<meta property=\"og:url\" content=\"https:\/\/www.encontrasantana.com.br\/sobre\/maior-festival-sertanejo-do-pais-estreia-em-santana-no-dia-510\/\" \/>\n\t\t<meta property=\"article:published_time\" content=\"2013-10-01T17:34:36+00:00\" \/>\n\t\t<meta property=\"article:modified_time\" content=\"2019-04-15T12:57:31+00:00\" \/>\n\t\t<meta name=\"twitter:card\" content=\"summary\" \/>\n\t\t<meta name=\"twitter:title\" content=\"Maior festival sertanejo do pa\u00eds estreia em Santana no dia 5\/10 \u00bb Encontra Santana\" \/>\n\t\t<meta name=\"twitter:description\" content=\"O Villa Mix Festival, maior evento relacionado \u00e0 nova m\u00fasica sertaneja do pa\u00eds, ter\u00e1 sua primeira edi\u00e7\u00e3o paulista. No dia 5 de outubro, s\u00e1bado, o Campo de Marte, na Zona Norte da capital paulista, recebe grandes nomes do g\u00eanero como Gusttavo Lima, Jorge &amp; Mateus, Maria Cec\u00edlia &amp; Rodolfo, Guilherme &amp; Santiago e muitos outros.\" \/>\n\t\t<script type=\"application\/ld+json\" class=\"aioseo-schema\">\n\t\t\t{\"@context\":\"https:\\\/\\\/schema.org\",\"@graph\":[{\"@type\":\"Article\",\"@id\":\"https:\\\/\\\/www.encontrasantana.com.br\\\/sobre\\\/maior-festival-sertanejo-do-pais-estreia-em-santana-no-dia-510\\\/#article\",\"name\":\"Maior festival sertanejo do pa\\u00eds estreia em Santana no dia 5\\\/10 \\u00bb Encontra Santana\",\"headline\":\"Maior festival sertanejo do pa\\u00eds estreia em Santana no dia 5\\\/10\",\"author\":{\"@id\":\"https:\\\/\\\/www.encontrasantana.com.br\\\/sobre\\\/author\\\/esantana\\\/#author\"},\"publisher\":{\"@id\":\"https:\\\/\\\/www.encontrasantana.com.br\\\/sobre\\\/#organization\"},\"datePublished\":\"2013-10-01T14:34:36-03:00\",\"dateModified\":\"2019-04-15T09:57:31-03:00\",\"inLanguage\":\"pt-BR\",\"mainEntityOfPage\":{\"@id\":\"https:\\\/\\\/www.encontrasantana.com.br\\\/sobre\\\/maior-festival-sertanejo-do-pais-estreia-em-santana-no-dia-510\\\/#webpage\"},\"isPartOf\":{\"@id\":\"https:\\\/\\\/www.encontrasantana.com.br\\\/sobre\\\/maior-festival-sertanejo-do-pais-estreia-em-santana-no-dia-510\\\/#webpage\"},\"articleSection\":\"Not\\u00edcias Santana\"},{\"@type\":\"BreadcrumbList\",\"@id\":\"https:\\\/\\\/www.encontrasantana.com.br\\\/sobre\\\/maior-festival-sertanejo-do-pais-estreia-em-santana-no-dia-510\\\/#breadcrumblist\",\"itemListElement\":[{\"@type\":\"ListItem\",\"@id\":\"https:\\\/\\\/www.encontrasantana.com.br\\\/sobre#listItem\",\"position\":1,\"name\":\"In\\u00edcio\",\"item\":\"https:\\\/\\\/www.encontrasantana.com.br\\\/sobre\",\"nextItem\":{\"@type\":\"ListItem\",\"@id\":\"https:\\\/\\\/www.encontrasantana.com.br\\\/sobre\\\/noticias-em-santana\\\/#listItem\",\"name\":\"Not\\u00edcias Santana\"}},{\"@type\":\"ListItem\",\"@id\":\"https:\\\/\\\/www.encontrasantana.com.br\\\/sobre\\\/noticias-em-santana\\\/#listItem\",\"position\":2,\"name\":\"Not\\u00edcias Santana\",\"item\":\"https:\\\/\\\/www.encontrasantana.com.br\\\/sobre\\\/noticias-em-santana\\\/\",\"nextItem\":{\"@type\":\"ListItem\",\"@id\":\"https:\\\/\\\/www.encontrasantana.com.br\\\/sobre\\\/maior-festival-sertanejo-do-pais-estreia-em-santana-no-dia-510\\\/#listItem\",\"name\":\"Maior festival sertanejo do pa\\u00eds estreia em Santana no dia 5\\\/10\"},\"previousItem\":{\"@type\":\"ListItem\",\"@id\":\"https:\\\/\\\/www.encontrasantana.com.br\\\/sobre#listItem\",\"name\":\"In\\u00edcio\"}},{\"@type\":\"ListItem\",\"@id\":\"https:\\\/\\\/www.encontrasantana.com.br\\\/sobre\\\/maior-festival-sertanejo-do-pais-estreia-em-santana-no-dia-510\\\/#listItem\",\"position\":3,\"name\":\"Maior festival sertanejo do pa\\u00eds estreia em Santana no dia 5\\\/10\",\"previousItem\":{\"@type\":\"ListItem\",\"@id\":\"https:\\\/\\\/www.encontrasantana.com.br\\\/sobre\\\/noticias-em-santana\\\/#listItem\",\"name\":\"Not\\u00edcias Santana\"}}]},{\"@type\":\"Organization\",\"@id\":\"https:\\\/\\\/www.encontrasantana.com.br\\\/sobre\\\/#organization\",\"name\":\"Encontra Santana\",\"description\":\"Not\\u00edcias, eventos, informa\\u00e7\\u00f5es e dicas no bairro de Santana e regi\\u00e3o.\",\"url\":\"https:\\\/\\\/www.encontrasantana.com.br\\\/sobre\\\/\"},{\"@type\":\"Person\",\"@id\":\"https:\\\/\\\/www.encontrasantana.com.br\\\/sobre\\\/author\\\/esantana\\\/#author\",\"url\":\"https:\\\/\\\/www.encontrasantana.com.br\\\/sobre\\\/author\\\/esantana\\\/\",\"name\":\"Encontra Santana\",\"image\":{\"@type\":\"ImageObject\",\"@id\":\"https:\\\/\\\/www.encontrasantana.com.br\\\/sobre\\\/maior-festival-sertanejo-do-pais-estreia-em-santana-no-dia-510\\\/#authorImage\",\"url\":\"https:\\\/\\\/secure.gravatar.com\\\/avatar\\\/0fbed662e37531ae23e68f85f9517b2454e50c1dfebf80eb9b721449ac95e0b9?s=96&d=mm&r=g\",\"width\":96,\"height\":96,\"caption\":\"Encontra Santana\"}},{\"@type\":\"WebPage\",\"@id\":\"https:\\\/\\\/www.encontrasantana.com.br\\\/sobre\\\/maior-festival-sertanejo-do-pais-estreia-em-santana-no-dia-510\\\/#webpage\",\"url\":\"https:\\\/\\\/www.encontrasantana.com.br\\\/sobre\\\/maior-festival-sertanejo-do-pais-estreia-em-santana-no-dia-510\\\/\",\"name\":\"Maior festival sertanejo do pa\\u00eds estreia em Santana no dia 5\\\/10 \\u00bb Encontra Santana\",\"description\":\"O Villa Mix Festival, maior evento relacionado \\u00e0 nova m\\u00fasica sertaneja do pa\\u00eds, ter\\u00e1 sua primeira edi\\u00e7\\u00e3o paulista. No dia 5 de outubro, s\\u00e1bado, o Campo de Marte, na Zona Norte da capital paulista, recebe grandes nomes do g\\u00eanero como Gusttavo Lima, Jorge & Mateus, Maria Cec\\u00edlia & Rodolfo, Guilherme & Santiago e muitos outros.\",\"inLanguage\":\"pt-BR\",\"isPartOf\":{\"@id\":\"https:\\\/\\\/www.encontrasantana.com.br\\\/sobre\\\/#website\"},\"breadcrumb\":{\"@id\":\"https:\\\/\\\/www.encontrasantana.com.br\\\/sobre\\\/maior-festival-sertanejo-do-pais-estreia-em-santana-no-dia-510\\\/#breadcrumblist\"},\"author\":{\"@id\":\"https:\\\/\\\/www.encontrasantana.com.br\\\/sobre\\\/author\\\/esantana\\\/#author\"},\"creator\":{\"@id\":\"https:\\\/\\\/www.encontrasantana.com.br\\\/sobre\\\/author\\\/esantana\\\/#author\"},\"datePublished\":\"2013-10-01T14:34:36-03:00\",\"dateModified\":\"2019-04-15T09:57:31-03:00\"},{\"@type\":\"WebSite\",\"@id\":\"https:\\\/\\\/www.encontrasantana.com.br\\\/sobre\\\/#website\",\"url\":\"https:\\\/\\\/www.encontrasantana.com.br\\\/sobre\\\/\",\"name\":\"Encontra Santana\",\"description\":\"Not\\u00edcias, eventos, informa\\u00e7\\u00f5es e dicas no bairro de Santana e regi\\u00e3o.\",\"inLanguage\":\"pt-BR\",\"publisher\":{\"@id\":\"https:\\\/\\\/www.encontrasantana.com.br\\\/sobre\\\/#organization\"}}]}\n\t\t<\/script>\n\t\t<!-- All in One SEO -->\n\n","aioseo_head_json":{"title":"Maior festival sertanejo do pa\u00eds estreia em Santana no dia 5\/10 \u00bb Encontra Santana","description":"O Villa Mix Festival, maior evento relacionado \u00e0 nova m\u00fasica sertaneja do pa\u00eds, ter\u00e1 sua primeira edi\u00e7\u00e3o paulista. No dia 5 de outubro, s\u00e1bado, o Campo de Marte, na Zona Norte da capital paulista, recebe grandes nomes do g\u00eanero como Gusttavo Lima, Jorge & Mateus, Maria Cec\u00edlia & Rodolfo, Guilherme & Santiago e muitos outros.","canonical_url":"https:\/\/www.encontrasantana.com.br\/sobre\/maior-festival-sertanejo-do-pais-estreia-em-santana-no-dia-510\/","robots":"max-image-preview:large","keywords":"","webmasterTools":{"miscellaneous":""},"schema":{"@context":"https:\/\/schema.org","@graph":[{"@type":"Article","@id":"https:\/\/www.encontrasantana.com.br\/sobre\/maior-festival-sertanejo-do-pais-estreia-em-santana-no-dia-510\/#article","name":"Maior festival sertanejo do pa\u00eds estreia em Santana no dia 5\/10 \u00bb Encontra Santana","headline":"Maior festival sertanejo do pa\u00eds estreia em Santana no dia 5\/10","author":{"@id":"https:\/\/www.encontrasantana.com.br\/sobre\/author\/esantana\/#author"},"publisher":{"@id":"https:\/\/www.encontrasantana.com.br\/sobre\/#organization"},"datePublished":"2013-10-01T14:34:36-03:00","dateModified":"2019-04-15T09:57:31-03:00","inLanguage":"pt-BR","mainEntityOfPage":{"@id":"https:\/\/www.encontrasantana.com.br\/sobre\/maior-festival-sertanejo-do-pais-estreia-em-santana-no-dia-510\/#webpage"},"isPartOf":{"@id":"https:\/\/www.encontrasantana.com.br\/sobre\/maior-festival-sertanejo-do-pais-estreia-em-santana-no-dia-510\/#webpage"},"articleSection":"Not\u00edcias Santana"},{"@type":"BreadcrumbList","@id":"https:\/\/www.encontrasantana.com.br\/sobre\/maior-festival-sertanejo-do-pais-estreia-em-santana-no-dia-510\/#breadcrumblist","itemListElement":[{"@type":"ListItem","@id":"https:\/\/www.encontrasantana.com.br\/sobre#listItem","position":1,"name":"In\u00edcio","item":"https:\/\/www.encontrasantana.com.br\/sobre","nextItem":{"@type":"ListItem","@id":"https:\/\/www.encontrasantana.com.br\/sobre\/noticias-em-santana\/#listItem","name":"Not\u00edcias Santana"}},{"@type":"ListItem","@id":"https:\/\/www.encontrasantana.com.br\/sobre\/noticias-em-santana\/#listItem","position":2,"name":"Not\u00edcias Santana","item":"https:\/\/www.encontrasantana.com.br\/sobre\/noticias-em-santana\/","nextItem":{"@type":"ListItem","@id":"https:\/\/www.encontrasantana.com.br\/sobre\/maior-festival-sertanejo-do-pais-estreia-em-santana-no-dia-510\/#listItem","name":"Maior festival sertanejo do pa\u00eds estreia em Santana no dia 5\/10"},"previousItem":{"@type":"ListItem","@id":"https:\/\/www.encontrasantana.com.br\/sobre#listItem","name":"In\u00edcio"}},{"@type":"ListItem","@id":"https:\/\/www.encontrasantana.com.br\/sobre\/maior-festival-sertanejo-do-pais-estreia-em-santana-no-dia-510\/#listItem","position":3,"name":"Maior festival sertanejo do pa\u00eds estreia em Santana no dia 5\/10","previousItem":{"@type":"ListItem","@id":"https:\/\/www.encontrasantana.com.br\/sobre\/noticias-em-santana\/#listItem","name":"Not\u00edcias Santana"}}]},{"@type":"Organization","@id":"https:\/\/www.encontrasantana.com.br\/sobre\/#organization","name":"Encontra Santana","description":"Not\u00edcias, eventos, informa\u00e7\u00f5es e dicas no bairro de Santana e regi\u00e3o.","url":"https:\/\/www.encontrasantana.com.br\/sobre\/"},{"@type":"Person","@id":"https:\/\/www.encontrasantana.com.br\/sobre\/author\/esantana\/#author","url":"https:\/\/www.encontrasantana.com.br\/sobre\/author\/esantana\/","name":"Encontra Santana","image":{"@type":"ImageObject","@id":"https:\/\/www.encontrasantana.com.br\/sobre\/maior-festival-sertanejo-do-pais-estreia-em-santana-no-dia-510\/#authorImage","url":"https:\/\/secure.gravatar.com\/avatar\/0fbed662e37531ae23e68f85f9517b2454e50c1dfebf80eb9b721449ac95e0b9?s=96&d=mm&r=g","width":96,"height":96,"caption":"Encontra Santana"}},{"@type":"WebPage","@id":"https:\/\/www.encontrasantana.com.br\/sobre\/maior-festival-sertanejo-do-pais-estreia-em-santana-no-dia-510\/#webpage","url":"https:\/\/www.encontrasantana.com.br\/sobre\/maior-festival-sertanejo-do-pais-estreia-em-santana-no-dia-510\/","name":"Maior festival sertanejo do pa\u00eds estreia em Santana no dia 5\/10 \u00bb Encontra Santana","description":"O Villa Mix Festival, maior evento relacionado \u00e0 nova m\u00fasica sertaneja do pa\u00eds, ter\u00e1 sua primeira edi\u00e7\u00e3o paulista. No dia 5 de outubro, s\u00e1bado, o Campo de Marte, na Zona Norte da capital paulista, recebe grandes nomes do g\u00eanero como Gusttavo Lima, Jorge & Mateus, Maria Cec\u00edlia & Rodolfo, Guilherme & Santiago e muitos outros.","inLanguage":"pt-BR","isPartOf":{"@id":"https:\/\/www.encontrasantana.com.br\/sobre\/#website"},"breadcrumb":{"@id":"https:\/\/www.encontrasantana.com.br\/sobre\/maior-festival-sertanejo-do-pais-estreia-em-santana-no-dia-510\/#breadcrumblist"},"author":{"@id":"https:\/\/www.encontrasantana.com.br\/sobre\/author\/esantana\/#author"},"creator":{"@id":"https:\/\/www.encontrasantana.com.br\/sobre\/author\/esantana\/#author"},"datePublished":"2013-10-01T14:34:36-03:00","dateModified":"2019-04-15T09:57:31-03:00"},{"@type":"WebSite","@id":"https:\/\/www.encontrasantana.com.br\/sobre\/#website","url":"https:\/\/www.encontrasantana.com.br\/sobre\/","name":"Encontra Santana","description":"Not\u00edcias, eventos, informa\u00e7\u00f5es e dicas no bairro de Santana e regi\u00e3o.","inLanguage":"pt-BR","publisher":{"@id":"https:\/\/www.encontrasantana.com.br\/sobre\/#organization"}}]},"og:locale":"pt_BR","og:site_name":"Encontra Santana | Not\u00edcias, eventos, informa\u00e7\u00f5es e dicas no bairro de Santana e regi\u00e3o.","og:type":"article","og:title":"Maior festival sertanejo do pa\u00eds estreia em Santana no dia 5\/10 \u00bb Encontra Santana","og:description":"O Villa Mix Festival, maior evento relacionado \u00e0 nova m\u00fasica sertaneja do pa\u00eds, ter\u00e1 sua primeira edi\u00e7\u00e3o paulista. No dia 5 de outubro, s\u00e1bado, o Campo de Marte, na Zona Norte da capital paulista, recebe grandes nomes do g\u00eanero como Gusttavo Lima, Jorge &amp; Mateus, Maria Cec\u00edlia &amp; Rodolfo, Guilherme &amp; Santiago e muitos outros.","og:url":"https:\/\/www.encontrasantana.com.br\/sobre\/maior-festival-sertanejo-do-pais-estreia-em-santana-no-dia-510\/","article:published_time":"2013-10-01T17:34:36+00:00","article:modified_time":"2019-04-15T12:57:31+00:00","twitter:card":"summary","twitter:title":"Maior festival sertanejo do pa\u00eds estreia em Santana no dia 5\/10 \u00bb Encontra Santana","twitter:description":"O Villa Mix Festival, maior evento relacionado \u00e0 nova m\u00fasica sertaneja do pa\u00eds, ter\u00e1 sua primeira edi\u00e7\u00e3o paulista. No dia 5 de outubro, s\u00e1bado, o Campo de Marte, na Zona Norte da capital paulista, recebe grandes nomes do g\u00eanero como Gusttavo Lima, Jorge &amp; Mateus, Maria Cec\u00edlia &amp; Rodolfo, Guilherme &amp; Santiago e muitos outros."},"aioseo_meta_data":{"post_id":"43869","title":null,"description":null,"keywords":null,"keyphrases":null,"primary_term":null,"canonical_url":null,"og_title":null,"og_description":null,"og_object_type":"default","og_image_type":"default","og_image_url":null,"og_image_width":null,"og_image_height":null,"og_image_custom_url":null,"og_image_custom_fields":null,"og_video":null,"og_custom_url":null,"og_article_section":null,"og_article_tags":null,"twitter_use_og":false,"twitter_card":"default","twitter_image_type":"default","twitter_image_url":null,"twitter_image_custom_url":null,"twitter_image_custom_fields":null,"twitter_title":null,"twitter_description":null,"schema":{"blockGraphs":[],"customGraphs":[],"default":{"data":{"Article":[],"Course":[],"Dataset":[],"FAQPage":[],"Movie":[],"Person":[],"Product":[],"ProductReview":[],"Car":[],"Recipe":[],"Service":[],"SoftwareApplication":[],"WebPage":[]},"graphName":"Article","isEnabled":true},"graphs":[]},"schema_type":null,"schema_type_options":null,"pillar_content":false,"robots_default":true,"robots_noindex":false,"robots_noarchive":false,"robots_nosnippet":false,"robots_nofollow":false,"robots_noimageindex":false,"robots_noodp":false,"robots_notranslate":false,"robots_max_snippet":null,"robots_max_videopreview":null,"robots_max_imagepreview":"large","priority":null,"frequency":null,"local_seo":null,"limit_modified_date":false,"created":"2021-04-20 18:30:06","updated":"2026-08-07 00:52:41","focus_keyword":null,"additional_keywords":null,"truseo_locale":null,"ai":null,"breadcrumb_settings":null,"seo_analyzer_scan_date":null},"aioseo_breadcrumb":"<div class=\"aioseo-breadcrumbs\"><span class=\"aioseo-breadcrumb\">\n\t\t\t<a href=\"https:\/\/www.encontrasantana.com.br\/sobre\" title=\"In\u00edcio\">In\u00edcio<\/a>\n\t\t<\/span><span class=\"aioseo-breadcrumb-separator\">&raquo;<\/span><span class=\"aioseo-breadcrumb\">\n\t\t\t<a href=\"https:\/\/www.encontrasantana.com.br\/sobre\/noticias-em-santana\/\" title=\"Not\u00edcias Santana\">Not\u00edcias Santana<\/a>\n\t\t<\/span><span class=\"aioseo-breadcrumb-separator\">&raquo;<\/span><span class=\"aioseo-breadcrumb\">\n\t\t\tMaior festival sertanejo do pa\u00eds estreia em Santana no dia 5\/10\n\t\t<\/span><\/div>","aioseo_breadcrumb_json":[{"label":"In\u00edcio","link":"https:\/\/www.encontrasantana.com.br\/sobre"},{"label":"Not\u00edcias Santana","link":"https:\/\/www.encontrasantana.com.br\/sobre\/noticias-em-santana\/"},{"label":"Maior festival sertanejo do pa\u00eds estreia em Santana no dia 5\/10","link":"https:\/\/www.encontrasantana.com.br\/sobre\/maior-festival-sertanejo-do-pais-estreia-em-santana-no-dia-510\/"}],"_links":{"self":[{"href":"https:\/\/www.encontrasantana.com.br\/sobre\/wp-json\/wp\/v2\/posts\/43869","targetHints":{"allow":["GET"]}}],"collection":[{"href":"https:\/\/www.encontrasantana.com.br\/sobre\/wp-json\/wp\/v2\/posts"}],"about":[{"href":"https:\/\/www.encontrasantana.com.br\/sobre\/wp-json\/wp\/v2\/types\/post"}],"author":[{"embeddable":true,"href":"https:\/\/www.encontrasantana.com.br\/sobre\/wp-json\/wp\/v2\/users\/1"}],"replies":[{"embeddable":true,"href":"https:\/\/www.encontrasantana.com.br\/sobre\/wp-json\/wp\/v2\/comments?post=43869"}],"version-history":[{"count":0,"href":"https:\/\/www.encontrasantana.com.br\/sobre\/wp-json\/wp\/v2\/posts\/43869\/revisions"}],"wp:attachment":[{"href":"https:\/\/www.encontrasantana.com.br\/sobre\/wp-json\/wp\/v2\/media?parent=43869"}],"wp:term":[{"taxonomy":"category","embeddable":true,"href":"https:\/\/www.encontrasantana.com.br\/sobre\/wp-json\/wp\/v2\/categories?post=43869"},{"taxonomy":"post_tag","embeddable":true,"href":"https:\/\/www.encontrasantana.com.br\/sobre\/wp-json\/wp\/v2\/tags?post=43869"}],"curies":[{"name":"wp","href":"https:\/\/api.w.org\/{rel}","templated":true}]}}