{"id":43879,"date":"2013-11-06T00:18:49","date_gmt":"2013-11-06T03:18:49","guid":{"rendered":"http:\/\/www.encontrasantana.com.br\/blog\/?p=43879"},"modified":"2019-04-15T09:57:30","modified_gmt":"2019-04-15T12:57:30","slug":"confira-os-horarios-e-a-programacao-do-planeta-terra-2013-que-acontece-no-campo-de-marte-no-dia-9-de-novembro","status":"publish","type":"post","link":"https:\/\/www.encontrasantana.com.br\/sobre\/confira-os-horarios-e-a-programacao-do-planeta-terra-2013-que-acontece-no-campo-de-marte-no-dia-9-de-novembro\/","title":{"rendered":"Confira os hor\u00e1rios e a programa\u00e7\u00e3o do Planeta Terra 2013 que acontece no Campo de Marte no dia 9 de novembro"},"content":{"rendered":"<div class=\"1acf8468e559fd3cbeec5aee3a269a52\" data-index=\"1\" style=\"float: none; margin:0px;\">\n<!-- Anuncio display - global -->\r\n<ins class=\"adsbygoogle\"\r\n     style=\"display:block\"\r\n     data-ad-client=\"ca-pub-8585364105181520\"\r\n     data-ad-slot=\"8789329856\"\r\n     data-ad-format=\"auto\"\r\n     data-full-width-responsive=\"true\"><\/ins>\r\n<script>\r\n     (adsbygoogle = window.adsbygoogle || []).push({});\r\n<\/script>\n<\/div>\n<p>O Planeta Terra Festival 2013 confirmam o local, a data e algumas\u00a0atra\u00e7\u00f5es\u00a0que v\u00e3o compor o line-up do da s\u00e9tima edi\u00e7\u00e3o do evento. O festival ser\u00e1 realizado\u00a0no\u00a0Campo de Marte, em S\u00e3o Paulo, no dia\u00a009 de novembro.<\/p>\n<p>A s\u00e9tima edi\u00e7\u00e3o do festival tem em seu line-up a banda Travis, Hatchets,\u00a0Lana Del Rey,\u00a0The Roots,\u00a0Blur,\u00a0Beck\u00a0e\u00a0Palma Violets, tamb\u00e9m est\u00e3o confirmados\u00a0os nacionais\u00a0Clarice Falc\u00e3o,\u00a0BNeg\u00e3o\u00a0e os\u00a0Seletores\u00a0e\u00a0O Terno.<\/p>\n<p>&nbsp;<\/p>\n<p><strong>Confira a programa\u00e7\u00e3o:<\/strong><\/p>\n<p><strong>PALCO TERRA<\/strong><\/p>\n<p>13h45 \u2013 Hatchets<\/p>\n<p>15h00 \u2013 O Terno<\/p>\n<p>16h15 \u2013 BNeg\u00e3o<\/p>\n<p>17h30 \u2013 Travis<\/p>\n<p>19h30 \u2013 Lana Del Rey<\/p>\n<p>21h30 \u2013 Blur<\/p>\n<p><strong>PALCO SMIRNOFF<\/strong><\/p>\n<p>14h15 \u2013 Concurso de Bandas Axe<\/p>\n<p>15h15 \u2013 Clarice Falc\u00e3o<\/p>\n<p>16h30 \u2013 Palma Violets<\/p>\n<p>18h00 \u2013 The Roots<\/p>\n<p>20h00 \u2013 Beck<\/p>\n<p><strong>Servi\u00e7o:<\/strong><br \/>\nO que: Planeta Terra 2013<br \/>\nQuando: 9 de novembro<br \/>\nLocal: Campo de Marte<br \/>\nEndere\u00e7o: Avenida Santos Dumont 1979 &#8211; Bairro: Santana &#8211; S\u00e3o Paulo<\/p>\n\n<div style=\"font-size: 0px; height: 0px; line-height: 0px; margin: 0; padding: 0; clear: both;\"><\/div>","protected":false},"excerpt":{"rendered":"<p>O Planeta Terra Festival 2013 confirmam o local, a data e algumas\u00a0atra\u00e7\u00f5es\u00a0que v\u00e3o compor o line-up do da s\u00e9tima edi\u00e7\u00e3o do evento. O festival ser\u00e1 realizado\u00a0no\u00a0Campo de Marte, em S\u00e3o Paulo, no dia\u00a009 de novembro. A s\u00e9tima edi\u00e7\u00e3o do festival tem em seu line-up a banda Travis, Hatchets,\u00a0Lana Del Rey,\u00a0The Roots,\u00a0Blur,\u00a0Beck\u00a0e\u00a0Palma Violets, tamb\u00e9m est\u00e3o confirmados\u00a0os nacionais\u00a0Clarice Falc\u00e3o,\u00a0BNeg\u00e3o\u00a0e os\u00a0Seletores\u00a0e\u00a0O Terno. &nbsp; Confira a programa\u00e7\u00e3o: PALCO TERRA 13h45 \u2013 Hatchets 15h00 \u2013 O Terno 16h15 \u2013 BNeg\u00e3o 17h30 \u2013 Travis 19h30 \u2013 Lana Del Rey 21h30 \u2013 Blur PALCO SMIRNOFF 14h15 \u2013 Concurso de Bandas Axe 15h15 \u2013 Clarice Falc\u00e3o 16h30 \u2013 <\/p>\n","protected":false},"author":1,"featured_media":0,"comment_status":"open","ping_status":"closed","sticky":false,"template":"","format":"standard","meta":{"footnotes":""},"categories":[3],"tags":[],"class_list":["post-43879","post","type-post","status-publish","format-standard","hentry","category-noticias-em-santana"],"aioseo_notices":[],"aioseo_head":"\n\t\t<!-- All in One SEO 5.0.0.1 - aioseo.com -->\n\t<meta name=\"description\" content=\"O Planeta Terra Festival 2013 confirmam o local, a data e algumas atra\u00e7\u00f5es que v\u00e3o compor o line-up do da s\u00e9tima edi\u00e7\u00e3o do evento. O festival ser\u00e1 realizado no Campo de Marte, em S\u00e3o Paulo, no dia 09 de novembro. A s\u00e9tima edi\u00e7\u00e3o do festival tem em seu line-up a banda Travis, Hatchets, Lana Del Rey, The Roots, Blur, Beck e Palma Violets, tamb\u00e9m est\u00e3o confirmados os\" \/>\n\t<meta name=\"robots\" content=\"max-image-preview:large\" \/>\n\t<meta name=\"author\" content=\"Encontra Santana\"\/>\n\t<link rel=\"canonical\" href=\"https:\/\/www.encontrasantana.com.br\/sobre\/confira-os-horarios-e-a-programacao-do-planeta-terra-2013-que-acontece-no-campo-de-marte-no-dia-9-de-novembro\/\" \/>\n\t<meta name=\"generator\" content=\"All in One SEO (AIOSEO) 5.0.0.1\" \/>\n\t\t<meta property=\"og:locale\" content=\"pt_BR\" \/>\n\t\t<meta property=\"og:site_name\" content=\"Encontra Santana | Not\u00edcias, eventos, informa\u00e7\u00f5es e dicas no bairro de Santana e regi\u00e3o.\" \/>\n\t\t<meta property=\"og:type\" content=\"article\" \/>\n\t\t<meta property=\"og:title\" content=\"Confira os hor\u00e1rios e a programa\u00e7\u00e3o do Planeta Terra 2013 que acontece no Campo de Marte no dia 9 de novembro \u00bb Encontra Santana\" \/>\n\t\t<meta property=\"og:description\" content=\"O Planeta Terra Festival 2013 confirmam o local, a data e algumas atra\u00e7\u00f5es que v\u00e3o compor o line-up do da s\u00e9tima edi\u00e7\u00e3o do evento. O festival ser\u00e1 realizado no Campo de Marte, em S\u00e3o Paulo, no dia 09 de novembro. A s\u00e9tima edi\u00e7\u00e3o do festival tem em seu line-up a banda Travis, Hatchets, Lana Del Rey, The Roots, Blur, Beck e Palma Violets, tamb\u00e9m est\u00e3o confirmados os\" \/>\n\t\t<meta property=\"og:url\" content=\"https:\/\/www.encontrasantana.com.br\/sobre\/confira-os-horarios-e-a-programacao-do-planeta-terra-2013-que-acontece-no-campo-de-marte-no-dia-9-de-novembro\/\" \/>\n\t\t<meta property=\"article:published_time\" content=\"2013-11-06T03:18:49+00:00\" \/>\n\t\t<meta property=\"article:modified_time\" content=\"2019-04-15T12:57:30+00:00\" \/>\n\t\t<meta name=\"twitter:card\" content=\"summary\" \/>\n\t\t<meta name=\"twitter:title\" content=\"Confira os hor\u00e1rios e a programa\u00e7\u00e3o do Planeta Terra 2013 que acontece no Campo de Marte no dia 9 de novembro \u00bb Encontra Santana\" \/>\n\t\t<meta name=\"twitter:description\" content=\"O Planeta Terra Festival 2013 confirmam o local, a data e algumas atra\u00e7\u00f5es que v\u00e3o compor o line-up do da s\u00e9tima edi\u00e7\u00e3o do evento. O festival ser\u00e1 realizado no Campo de Marte, em S\u00e3o Paulo, no dia 09 de novembro. A s\u00e9tima edi\u00e7\u00e3o do festival tem em seu line-up a banda Travis, Hatchets, Lana Del Rey, The Roots, Blur, Beck e Palma Violets, tamb\u00e9m est\u00e3o confirmados os\" \/>\n\t\t<script type=\"application\/ld+json\" class=\"aioseo-schema\">\n\t\t\t{\"@context\":\"https:\\\/\\\/schema.org\",\"@graph\":[{\"@type\":\"Article\",\"@id\":\"https:\\\/\\\/www.encontrasantana.com.br\\\/sobre\\\/confira-os-horarios-e-a-programacao-do-planeta-terra-2013-que-acontece-no-campo-de-marte-no-dia-9-de-novembro\\\/#article\",\"name\":\"Confira os hor\\u00e1rios e a programa\\u00e7\\u00e3o do Planeta Terra 2013 que acontece no Campo de Marte no dia 9 de novembro \\u00bb Encontra Santana\",\"headline\":\"Confira os hor\\u00e1rios e a programa\\u00e7\\u00e3o do Planeta Terra 2013 que acontece no Campo de Marte no dia 9 de novembro\",\"author\":{\"@id\":\"https:\\\/\\\/www.encontrasantana.com.br\\\/sobre\\\/author\\\/esantana\\\/#author\"},\"publisher\":{\"@id\":\"https:\\\/\\\/www.encontrasantana.com.br\\\/sobre\\\/#organization\"},\"datePublished\":\"2013-11-06T00:18:49-03:00\",\"dateModified\":\"2019-04-15T09:57:30-03:00\",\"inLanguage\":\"pt-BR\",\"mainEntityOfPage\":{\"@id\":\"https:\\\/\\\/www.encontrasantana.com.br\\\/sobre\\\/confira-os-horarios-e-a-programacao-do-planeta-terra-2013-que-acontece-no-campo-de-marte-no-dia-9-de-novembro\\\/#webpage\"},\"isPartOf\":{\"@id\":\"https:\\\/\\\/www.encontrasantana.com.br\\\/sobre\\\/confira-os-horarios-e-a-programacao-do-planeta-terra-2013-que-acontece-no-campo-de-marte-no-dia-9-de-novembro\\\/#webpage\"},\"articleSection\":\"Not\\u00edcias Santana\"},{\"@type\":\"BreadcrumbList\",\"@id\":\"https:\\\/\\\/www.encontrasantana.com.br\\\/sobre\\\/confira-os-horarios-e-a-programacao-do-planeta-terra-2013-que-acontece-no-campo-de-marte-no-dia-9-de-novembro\\\/#breadcrumblist\",\"itemListElement\":[{\"@type\":\"ListItem\",\"@id\":\"https:\\\/\\\/www.encontrasantana.com.br\\\/sobre#listItem\",\"position\":1,\"name\":\"In\\u00edcio\",\"item\":\"https:\\\/\\\/www.encontrasantana.com.br\\\/sobre\",\"nextItem\":{\"@type\":\"ListItem\",\"@id\":\"https:\\\/\\\/www.encontrasantana.com.br\\\/sobre\\\/noticias-em-santana\\\/#listItem\",\"name\":\"Not\\u00edcias Santana\"}},{\"@type\":\"ListItem\",\"@id\":\"https:\\\/\\\/www.encontrasantana.com.br\\\/sobre\\\/noticias-em-santana\\\/#listItem\",\"position\":2,\"name\":\"Not\\u00edcias Santana\",\"item\":\"https:\\\/\\\/www.encontrasantana.com.br\\\/sobre\\\/noticias-em-santana\\\/\",\"nextItem\":{\"@type\":\"ListItem\",\"@id\":\"https:\\\/\\\/www.encontrasantana.com.br\\\/sobre\\\/confira-os-horarios-e-a-programacao-do-planeta-terra-2013-que-acontece-no-campo-de-marte-no-dia-9-de-novembro\\\/#listItem\",\"name\":\"Confira os hor\\u00e1rios e a programa\\u00e7\\u00e3o do Planeta Terra 2013 que acontece no Campo de Marte no dia 9 de novembro\"},\"previousItem\":{\"@type\":\"ListItem\",\"@id\":\"https:\\\/\\\/www.encontrasantana.com.br\\\/sobre#listItem\",\"name\":\"In\\u00edcio\"}},{\"@type\":\"ListItem\",\"@id\":\"https:\\\/\\\/www.encontrasantana.com.br\\\/sobre\\\/confira-os-horarios-e-a-programacao-do-planeta-terra-2013-que-acontece-no-campo-de-marte-no-dia-9-de-novembro\\\/#listItem\",\"position\":3,\"name\":\"Confira os hor\\u00e1rios e a programa\\u00e7\\u00e3o do Planeta Terra 2013 que acontece no Campo de Marte no dia 9 de novembro\",\"previousItem\":{\"@type\":\"ListItem\",\"@id\":\"https:\\\/\\\/www.encontrasantana.com.br\\\/sobre\\\/noticias-em-santana\\\/#listItem\",\"name\":\"Not\\u00edcias Santana\"}}]},{\"@type\":\"Organization\",\"@id\":\"https:\\\/\\\/www.encontrasantana.com.br\\\/sobre\\\/#organization\",\"name\":\"Encontra Santana\",\"description\":\"Not\\u00edcias, eventos, informa\\u00e7\\u00f5es e dicas no bairro de Santana e regi\\u00e3o.\",\"url\":\"https:\\\/\\\/www.encontrasantana.com.br\\\/sobre\\\/\"},{\"@type\":\"Person\",\"@id\":\"https:\\\/\\\/www.encontrasantana.com.br\\\/sobre\\\/author\\\/esantana\\\/#author\",\"url\":\"https:\\\/\\\/www.encontrasantana.com.br\\\/sobre\\\/author\\\/esantana\\\/\",\"name\":\"Encontra Santana\",\"image\":{\"@type\":\"ImageObject\",\"@id\":\"https:\\\/\\\/www.encontrasantana.com.br\\\/sobre\\\/confira-os-horarios-e-a-programacao-do-planeta-terra-2013-que-acontece-no-campo-de-marte-no-dia-9-de-novembro\\\/#authorImage\",\"url\":\"https:\\\/\\\/secure.gravatar.com\\\/avatar\\\/0fbed662e37531ae23e68f85f9517b2454e50c1dfebf80eb9b721449ac95e0b9?s=96&d=mm&r=g\",\"width\":96,\"height\":96,\"caption\":\"Encontra Santana\"}},{\"@type\":\"WebPage\",\"@id\":\"https:\\\/\\\/www.encontrasantana.com.br\\\/sobre\\\/confira-os-horarios-e-a-programacao-do-planeta-terra-2013-que-acontece-no-campo-de-marte-no-dia-9-de-novembro\\\/#webpage\",\"url\":\"https:\\\/\\\/www.encontrasantana.com.br\\\/sobre\\\/confira-os-horarios-e-a-programacao-do-planeta-terra-2013-que-acontece-no-campo-de-marte-no-dia-9-de-novembro\\\/\",\"name\":\"Confira os hor\\u00e1rios e a programa\\u00e7\\u00e3o do Planeta Terra 2013 que acontece no Campo de Marte no dia 9 de novembro \\u00bb Encontra Santana\",\"description\":\"O Planeta Terra Festival 2013 confirmam o local, a data e algumas atra\\u00e7\\u00f5es que v\\u00e3o compor o line-up do da s\\u00e9tima edi\\u00e7\\u00e3o do evento. O festival ser\\u00e1 realizado no Campo de Marte, em S\\u00e3o Paulo, no dia 09 de novembro. A s\\u00e9tima edi\\u00e7\\u00e3o do festival tem em seu line-up a banda Travis, Hatchets, Lana Del Rey, The Roots, Blur, Beck e Palma Violets, tamb\\u00e9m est\\u00e3o confirmados os\",\"inLanguage\":\"pt-BR\",\"isPartOf\":{\"@id\":\"https:\\\/\\\/www.encontrasantana.com.br\\\/sobre\\\/#website\"},\"breadcrumb\":{\"@id\":\"https:\\\/\\\/www.encontrasantana.com.br\\\/sobre\\\/confira-os-horarios-e-a-programacao-do-planeta-terra-2013-que-acontece-no-campo-de-marte-no-dia-9-de-novembro\\\/#breadcrumblist\"},\"author\":{\"@id\":\"https:\\\/\\\/www.encontrasantana.com.br\\\/sobre\\\/author\\\/esantana\\\/#author\"},\"creator\":{\"@id\":\"https:\\\/\\\/www.encontrasantana.com.br\\\/sobre\\\/author\\\/esantana\\\/#author\"},\"datePublished\":\"2013-11-06T00:18:49-03:00\",\"dateModified\":\"2019-04-15T09:57:30-03:00\"},{\"@type\":\"WebSite\",\"@id\":\"https:\\\/\\\/www.encontrasantana.com.br\\\/sobre\\\/#website\",\"url\":\"https:\\\/\\\/www.encontrasantana.com.br\\\/sobre\\\/\",\"name\":\"Encontra Santana\",\"description\":\"Not\\u00edcias, eventos, informa\\u00e7\\u00f5es e dicas no bairro de Santana e regi\\u00e3o.\",\"inLanguage\":\"pt-BR\",\"publisher\":{\"@id\":\"https:\\\/\\\/www.encontrasantana.com.br\\\/sobre\\\/#organization\"}}]}\n\t\t<\/script>\n\t\t<!-- All in One SEO -->\n\n","aioseo_head_json":{"title":"Confira os hor\u00e1rios e a programa\u00e7\u00e3o do Planeta Terra 2013 que acontece no Campo de Marte no dia 9 de novembro \u00bb Encontra Santana","description":"O Planeta Terra Festival 2013 confirmam o local, a data e algumas atra\u00e7\u00f5es que v\u00e3o compor o line-up do da s\u00e9tima edi\u00e7\u00e3o do evento. O festival ser\u00e1 realizado no Campo de Marte, em S\u00e3o Paulo, no dia 09 de novembro. A s\u00e9tima edi\u00e7\u00e3o do festival tem em seu line-up a banda Travis, Hatchets, Lana Del Rey, The Roots, Blur, Beck e Palma Violets, tamb\u00e9m est\u00e3o confirmados os","canonical_url":"https:\/\/www.encontrasantana.com.br\/sobre\/confira-os-horarios-e-a-programacao-do-planeta-terra-2013-que-acontece-no-campo-de-marte-no-dia-9-de-novembro\/","robots":"max-image-preview:large","keywords":"","webmasterTools":{"miscellaneous":""},"schema":{"@context":"https:\/\/schema.org","@graph":[{"@type":"Article","@id":"https:\/\/www.encontrasantana.com.br\/sobre\/confira-os-horarios-e-a-programacao-do-planeta-terra-2013-que-acontece-no-campo-de-marte-no-dia-9-de-novembro\/#article","name":"Confira os hor\u00e1rios e a programa\u00e7\u00e3o do Planeta Terra 2013 que acontece no Campo de Marte no dia 9 de novembro \u00bb Encontra Santana","headline":"Confira os hor\u00e1rios e a programa\u00e7\u00e3o do Planeta Terra 2013 que acontece no Campo de Marte no dia 9 de novembro","author":{"@id":"https:\/\/www.encontrasantana.com.br\/sobre\/author\/esantana\/#author"},"publisher":{"@id":"https:\/\/www.encontrasantana.com.br\/sobre\/#organization"},"datePublished":"2013-11-06T00:18:49-03:00","dateModified":"2019-04-15T09:57:30-03:00","inLanguage":"pt-BR","mainEntityOfPage":{"@id":"https:\/\/www.encontrasantana.com.br\/sobre\/confira-os-horarios-e-a-programacao-do-planeta-terra-2013-que-acontece-no-campo-de-marte-no-dia-9-de-novembro\/#webpage"},"isPartOf":{"@id":"https:\/\/www.encontrasantana.com.br\/sobre\/confira-os-horarios-e-a-programacao-do-planeta-terra-2013-que-acontece-no-campo-de-marte-no-dia-9-de-novembro\/#webpage"},"articleSection":"Not\u00edcias Santana"},{"@type":"BreadcrumbList","@id":"https:\/\/www.encontrasantana.com.br\/sobre\/confira-os-horarios-e-a-programacao-do-planeta-terra-2013-que-acontece-no-campo-de-marte-no-dia-9-de-novembro\/#breadcrumblist","itemListElement":[{"@type":"ListItem","@id":"https:\/\/www.encontrasantana.com.br\/sobre#listItem","position":1,"name":"In\u00edcio","item":"https:\/\/www.encontrasantana.com.br\/sobre","nextItem":{"@type":"ListItem","@id":"https:\/\/www.encontrasantana.com.br\/sobre\/noticias-em-santana\/#listItem","name":"Not\u00edcias Santana"}},{"@type":"ListItem","@id":"https:\/\/www.encontrasantana.com.br\/sobre\/noticias-em-santana\/#listItem","position":2,"name":"Not\u00edcias Santana","item":"https:\/\/www.encontrasantana.com.br\/sobre\/noticias-em-santana\/","nextItem":{"@type":"ListItem","@id":"https:\/\/www.encontrasantana.com.br\/sobre\/confira-os-horarios-e-a-programacao-do-planeta-terra-2013-que-acontece-no-campo-de-marte-no-dia-9-de-novembro\/#listItem","name":"Confira os hor\u00e1rios e a programa\u00e7\u00e3o do Planeta Terra 2013 que acontece no Campo de Marte no dia 9 de novembro"},"previousItem":{"@type":"ListItem","@id":"https:\/\/www.encontrasantana.com.br\/sobre#listItem","name":"In\u00edcio"}},{"@type":"ListItem","@id":"https:\/\/www.encontrasantana.com.br\/sobre\/confira-os-horarios-e-a-programacao-do-planeta-terra-2013-que-acontece-no-campo-de-marte-no-dia-9-de-novembro\/#listItem","position":3,"name":"Confira os hor\u00e1rios e a programa\u00e7\u00e3o do Planeta Terra 2013 que acontece no Campo de Marte no dia 9 de novembro","previousItem":{"@type":"ListItem","@id":"https:\/\/www.encontrasantana.com.br\/sobre\/noticias-em-santana\/#listItem","name":"Not\u00edcias Santana"}}]},{"@type":"Organization","@id":"https:\/\/www.encontrasantana.com.br\/sobre\/#organization","name":"Encontra Santana","description":"Not\u00edcias, eventos, informa\u00e7\u00f5es e dicas no bairro de Santana e regi\u00e3o.","url":"https:\/\/www.encontrasantana.com.br\/sobre\/"},{"@type":"Person","@id":"https:\/\/www.encontrasantana.com.br\/sobre\/author\/esantana\/#author","url":"https:\/\/www.encontrasantana.com.br\/sobre\/author\/esantana\/","name":"Encontra Santana","image":{"@type":"ImageObject","@id":"https:\/\/www.encontrasantana.com.br\/sobre\/confira-os-horarios-e-a-programacao-do-planeta-terra-2013-que-acontece-no-campo-de-marte-no-dia-9-de-novembro\/#authorImage","url":"https:\/\/secure.gravatar.com\/avatar\/0fbed662e37531ae23e68f85f9517b2454e50c1dfebf80eb9b721449ac95e0b9?s=96&d=mm&r=g","width":96,"height":96,"caption":"Encontra Santana"}},{"@type":"WebPage","@id":"https:\/\/www.encontrasantana.com.br\/sobre\/confira-os-horarios-e-a-programacao-do-planeta-terra-2013-que-acontece-no-campo-de-marte-no-dia-9-de-novembro\/#webpage","url":"https:\/\/www.encontrasantana.com.br\/sobre\/confira-os-horarios-e-a-programacao-do-planeta-terra-2013-que-acontece-no-campo-de-marte-no-dia-9-de-novembro\/","name":"Confira os hor\u00e1rios e a programa\u00e7\u00e3o do Planeta Terra 2013 que acontece no Campo de Marte no dia 9 de novembro \u00bb Encontra Santana","description":"O Planeta Terra Festival 2013 confirmam o local, a data e algumas atra\u00e7\u00f5es que v\u00e3o compor o line-up do da s\u00e9tima edi\u00e7\u00e3o do evento. O festival ser\u00e1 realizado no Campo de Marte, em S\u00e3o Paulo, no dia 09 de novembro. A s\u00e9tima edi\u00e7\u00e3o do festival tem em seu line-up a banda Travis, Hatchets, Lana Del Rey, The Roots, Blur, Beck e Palma Violets, tamb\u00e9m est\u00e3o confirmados os","inLanguage":"pt-BR","isPartOf":{"@id":"https:\/\/www.encontrasantana.com.br\/sobre\/#website"},"breadcrumb":{"@id":"https:\/\/www.encontrasantana.com.br\/sobre\/confira-os-horarios-e-a-programacao-do-planeta-terra-2013-que-acontece-no-campo-de-marte-no-dia-9-de-novembro\/#breadcrumblist"},"author":{"@id":"https:\/\/www.encontrasantana.com.br\/sobre\/author\/esantana\/#author"},"creator":{"@id":"https:\/\/www.encontrasantana.com.br\/sobre\/author\/esantana\/#author"},"datePublished":"2013-11-06T00:18:49-03:00","dateModified":"2019-04-15T09:57:30-03:00"},{"@type":"WebSite","@id":"https:\/\/www.encontrasantana.com.br\/sobre\/#website","url":"https:\/\/www.encontrasantana.com.br\/sobre\/","name":"Encontra Santana","description":"Not\u00edcias, eventos, informa\u00e7\u00f5es e dicas no bairro de Santana e regi\u00e3o.","inLanguage":"pt-BR","publisher":{"@id":"https:\/\/www.encontrasantana.com.br\/sobre\/#organization"}}]},"og:locale":"pt_BR","og:site_name":"Encontra Santana | Not\u00edcias, eventos, informa\u00e7\u00f5es e dicas no bairro de Santana e regi\u00e3o.","og:type":"article","og:title":"Confira os hor\u00e1rios e a programa\u00e7\u00e3o do Planeta Terra 2013 que acontece no Campo de Marte no dia 9 de novembro \u00bb Encontra Santana","og:description":"O Planeta Terra Festival 2013 confirmam o local, a data e algumas atra\u00e7\u00f5es que v\u00e3o compor o line-up do da s\u00e9tima edi\u00e7\u00e3o do evento. O festival ser\u00e1 realizado no Campo de Marte, em S\u00e3o Paulo, no dia 09 de novembro. A s\u00e9tima edi\u00e7\u00e3o do festival tem em seu line-up a banda Travis, Hatchets, Lana Del Rey, The Roots, Blur, Beck e Palma Violets, tamb\u00e9m est\u00e3o confirmados os","og:url":"https:\/\/www.encontrasantana.com.br\/sobre\/confira-os-horarios-e-a-programacao-do-planeta-terra-2013-que-acontece-no-campo-de-marte-no-dia-9-de-novembro\/","article:published_time":"2013-11-06T03:18:49+00:00","article:modified_time":"2019-04-15T12:57:30+00:00","twitter:card":"summary","twitter:title":"Confira os hor\u00e1rios e a programa\u00e7\u00e3o do Planeta Terra 2013 que acontece no Campo de Marte no dia 9 de novembro \u00bb Encontra Santana","twitter:description":"O Planeta Terra Festival 2013 confirmam o local, a data e algumas atra\u00e7\u00f5es que v\u00e3o compor o line-up do da s\u00e9tima edi\u00e7\u00e3o do evento. O festival ser\u00e1 realizado no Campo de Marte, em S\u00e3o Paulo, no dia 09 de novembro. A s\u00e9tima edi\u00e7\u00e3o do festival tem em seu line-up a banda Travis, Hatchets, Lana Del Rey, The Roots, Blur, Beck e Palma Violets, tamb\u00e9m est\u00e3o confirmados os"},"aioseo_meta_data":{"post_id":"43879","title":null,"description":null,"keywords":null,"keyphrases":null,"primary_term":null,"canonical_url":null,"og_title":null,"og_description":null,"og_object_type":"default","og_image_type":"default","og_image_url":null,"og_image_width":null,"og_image_height":null,"og_image_custom_url":null,"og_image_custom_fields":null,"og_video":null,"og_custom_url":null,"og_article_section":null,"og_article_tags":null,"twitter_use_og":false,"twitter_card":"default","twitter_image_type":"default","twitter_image_url":null,"twitter_image_custom_url":null,"twitter_image_custom_fields":null,"twitter_title":null,"twitter_description":null,"schema":{"blockGraphs":[],"customGraphs":[],"default":{"data":{"Article":[],"Course":[],"Dataset":[],"FAQPage":[],"Movie":[],"Person":[],"Product":[],"ProductReview":[],"Car":[],"Recipe":[],"Service":[],"SoftwareApplication":[],"WebPage":[]},"graphName":"Article","isEnabled":true},"graphs":[]},"schema_type":null,"schema_type_options":null,"pillar_content":false,"robots_default":true,"robots_noindex":false,"robots_noarchive":false,"robots_nosnippet":false,"robots_nofollow":false,"robots_noimageindex":false,"robots_noodp":false,"robots_notranslate":false,"robots_max_snippet":null,"robots_max_videopreview":null,"robots_max_imagepreview":"large","priority":null,"frequency":null,"local_seo":null,"limit_modified_date":false,"created":"2021-04-20 18:27:30","updated":"2026-08-07 00:52:41","focus_keyword":null,"additional_keywords":null,"truseo_locale":null,"ai":null,"breadcrumb_settings":null,"seo_analyzer_scan_date":null},"aioseo_breadcrumb":"<div class=\"aioseo-breadcrumbs\"><span class=\"aioseo-breadcrumb\">\n\t\t\t<a href=\"https:\/\/www.encontrasantana.com.br\/sobre\" title=\"In\u00edcio\">In\u00edcio<\/a>\n\t\t<\/span><span class=\"aioseo-breadcrumb-separator\">&raquo;<\/span><span class=\"aioseo-breadcrumb\">\n\t\t\t<a href=\"https:\/\/www.encontrasantana.com.br\/sobre\/noticias-em-santana\/\" title=\"Not\u00edcias Santana\">Not\u00edcias Santana<\/a>\n\t\t<\/span><span class=\"aioseo-breadcrumb-separator\">&raquo;<\/span><span class=\"aioseo-breadcrumb\">\n\t\t\tConfira os hor\u00e1rios e a programa\u00e7\u00e3o do Planeta Terra 2013 que acontece no Campo de Marte no dia 9 de novembro\n\t\t<\/span><\/div>","aioseo_breadcrumb_json":[{"label":"In\u00edcio","link":"https:\/\/www.encontrasantana.com.br\/sobre"},{"label":"Not\u00edcias Santana","link":"https:\/\/www.encontrasantana.com.br\/sobre\/noticias-em-santana\/"},{"label":"Confira os hor\u00e1rios e a programa\u00e7\u00e3o do Planeta Terra 2013 que acontece no Campo de Marte no dia 9 de novembro","link":"https:\/\/www.encontrasantana.com.br\/sobre\/confira-os-horarios-e-a-programacao-do-planeta-terra-2013-que-acontece-no-campo-de-marte-no-dia-9-de-novembro\/"}],"_links":{"self":[{"href":"https:\/\/www.encontrasantana.com.br\/sobre\/wp-json\/wp\/v2\/posts\/43879","targetHints":{"allow":["GET"]}}],"collection":[{"href":"https:\/\/www.encontrasantana.com.br\/sobre\/wp-json\/wp\/v2\/posts"}],"about":[{"href":"https:\/\/www.encontrasantana.com.br\/sobre\/wp-json\/wp\/v2\/types\/post"}],"author":[{"embeddable":true,"href":"https:\/\/www.encontrasantana.com.br\/sobre\/wp-json\/wp\/v2\/users\/1"}],"replies":[{"embeddable":true,"href":"https:\/\/www.encontrasantana.com.br\/sobre\/wp-json\/wp\/v2\/comments?post=43879"}],"version-history":[{"count":0,"href":"https:\/\/www.encontrasantana.com.br\/sobre\/wp-json\/wp\/v2\/posts\/43879\/revisions"}],"wp:attachment":[{"href":"https:\/\/www.encontrasantana.com.br\/sobre\/wp-json\/wp\/v2\/media?parent=43879"}],"wp:term":[{"taxonomy":"category","embeddable":true,"href":"https:\/\/www.encontrasantana.com.br\/sobre\/wp-json\/wp\/v2\/categories?post=43879"},{"taxonomy":"post_tag","embeddable":true,"href":"https:\/\/www.encontrasantana.com.br\/sobre\/wp-json\/wp\/v2\/tags?post=43879"}],"curies":[{"name":"wp","href":"https:\/\/api.w.org\/{rel}","templated":true}]}}