{"id":43904,"date":"2013-12-09T14:55:20","date_gmt":"2013-12-09T17:55:20","guid":{"rendered":"http:\/\/www.encontrasantana.com.br\/blog\/?p=43904"},"modified":"2019-04-15T09:57:28","modified_gmt":"2019-04-15T12:57:28","slug":"apresentacao-de-corais-agita-a-programacao-do-santana-parque-shopping","status":"publish","type":"post","link":"https:\/\/www.encontrasantana.com.br\/sobre\/apresentacao-de-corais-agita-a-programacao-do-santana-parque-shopping\/","title":{"rendered":"Apresenta\u00e7\u00e3o de Corais agita a programa\u00e7\u00e3o do Santana Parque Shopping"},"content":{"rendered":"<div class=\"1acf8468e559fd3cbeec5aee3a269a52\" data-index=\"1\" style=\"float: none; margin:0px;\">\n<!-- Anuncio display - global -->\r\n<ins class=\"adsbygoogle\"\r\n     style=\"display:block\"\r\n     data-ad-client=\"ca-pub-8585364105181520\"\r\n     data-ad-slot=\"8789329856\"\r\n     data-ad-format=\"auto\"\r\n     data-full-width-responsive=\"true\"><\/ins>\r\n<script>\r\n     (adsbygoogle = window.adsbygoogle || []).push({});\r\n<\/script>\n<\/div>\n<p>Al\u00e9m de aproveitar a pista de patina\u00e7\u00e3o no gelo do Santana Parque Shopping, tamb\u00e9m \u00e9 poss\u00edvel apreciar alguns corais que far\u00e3o apresenta\u00e7\u00e3o no local.<\/p>\n<p><strong>Confira a programa\u00e7\u00e3o:<\/strong><\/p>\n<p>10 de Dezembro \u2013 19h Grupo Vocais do Col\u00e9gio Consolata<br \/>\n12 de Dezembro \u2013 19h Coral Col\u00e9gio Miudinho<br \/>\n17 de Dezembro \u2013 19h Grupo Vocal Ecoart<br \/>\n19 de Dezembro \u2013 19h Coral Igreja Batista Filad\u00e9lfia<\/p>\n<p><strong>Servi\u00e7o:<\/strong><\/p>\n<p><strong>Data:<\/strong> 10\/12\/2013 &#8211; 19\/12\/2013<br \/>\n<strong>Hor\u00e1rio:<\/strong> <i>19:00<\/i><br \/>\n<strong>Local:<\/strong> <a title=\"Santana Parque Shopping \" href=\"http:\/\/www.encontrasantana.com.br\/santana\/santana-parque-shopping-em-santana.shtml\" target=\"_blank\">Santana Parque Shopping\u00a0<\/a><br \/>\n<strong>Endere\u00e7o:<\/strong> Rua Conselheiro Moreira de Barros, 2780 &#8211; Santana<\/p>\n\n<div style=\"font-size: 0px; height: 0px; line-height: 0px; margin: 0; padding: 0; clear: both;\"><\/div>","protected":false},"excerpt":{"rendered":"<p>Al\u00e9m de aproveitar a pista de patina\u00e7\u00e3o no gelo do Santana Parque Shopping, tamb\u00e9m \u00e9 poss\u00edvel apreciar alguns corais que far\u00e3o apresenta\u00e7\u00e3o no local. Confira a programa\u00e7\u00e3o: 10 de Dezembro \u2013 19h Grupo Vocais do Col\u00e9gio Consolata 12 de Dezembro \u2013 19h Coral Col\u00e9gio Miudinho 17 de Dezembro \u2013 19h Grupo Vocal Ecoart 19 de Dezembro \u2013 19h Coral Igreja Batista Filad\u00e9lfia Servi\u00e7o: Data: 10\/12\/2013 &#8211; 19\/12\/2013 Hor\u00e1rio: 19:00 Local: Santana Parque Shopping\u00a0 Endere\u00e7o: Rua Conselheiro Moreira de Barros, 2780 &#8211; Santana<\/p>\n","protected":false},"author":1,"featured_media":0,"comment_status":"open","ping_status":"closed","sticky":false,"template":"","format":"standard","meta":{"footnotes":""},"categories":[3],"tags":[],"class_list":["post-43904","post","type-post","status-publish","format-standard","hentry","category-noticias-em-santana"],"aioseo_notices":[],"aioseo_head":"\n\t\t<!-- All in One SEO 5.0.0.1 - aioseo.com -->\n\t<meta name=\"description\" content=\"Al\u00e9m de aproveitar a pista de patina\u00e7\u00e3o no gelo do Santana Parque Shopping, tamb\u00e9m \u00e9 poss\u00edvel apreciar alguns corais que far\u00e3o apresenta\u00e7\u00e3o no local. Confira a programa\u00e7\u00e3o: 10 de Dezembro \u2013 19h Grupo Vocais do Col\u00e9gio Consolata 12 de Dezembro \u2013 19h Coral Col\u00e9gio Miudinho 17 de Dezembro \u2013 19h Grupo Vocal Ecoart 19 de\" \/>\n\t<meta name=\"robots\" content=\"max-image-preview:large\" \/>\n\t<meta name=\"author\" content=\"Encontra Santana\"\/>\n\t<link rel=\"canonical\" href=\"https:\/\/www.encontrasantana.com.br\/sobre\/apresentacao-de-corais-agita-a-programacao-do-santana-parque-shopping\/\" \/>\n\t<meta name=\"generator\" content=\"All in One SEO (AIOSEO) 5.0.0.1\" \/>\n\t\t<meta property=\"og:locale\" content=\"pt_BR\" \/>\n\t\t<meta property=\"og:site_name\" content=\"Encontra Santana | Not\u00edcias, eventos, informa\u00e7\u00f5es e dicas no bairro de Santana e regi\u00e3o.\" \/>\n\t\t<meta property=\"og:type\" content=\"article\" \/>\n\t\t<meta property=\"og:title\" content=\"Apresenta\u00e7\u00e3o de Corais agita a programa\u00e7\u00e3o do Santana Parque Shopping \u00bb Encontra Santana\" \/>\n\t\t<meta property=\"og:description\" content=\"Al\u00e9m de aproveitar a pista de patina\u00e7\u00e3o no gelo do Santana Parque Shopping, tamb\u00e9m \u00e9 poss\u00edvel apreciar alguns corais que far\u00e3o apresenta\u00e7\u00e3o no local. Confira a programa\u00e7\u00e3o: 10 de Dezembro \u2013 19h Grupo Vocais do Col\u00e9gio Consolata 12 de Dezembro \u2013 19h Coral Col\u00e9gio Miudinho 17 de Dezembro \u2013 19h Grupo Vocal Ecoart 19 de\" \/>\n\t\t<meta property=\"og:url\" content=\"https:\/\/www.encontrasantana.com.br\/sobre\/apresentacao-de-corais-agita-a-programacao-do-santana-parque-shopping\/\" \/>\n\t\t<meta property=\"article:published_time\" content=\"2013-12-09T17:55:20+00:00\" \/>\n\t\t<meta property=\"article:modified_time\" content=\"2019-04-15T12:57:28+00:00\" \/>\n\t\t<meta name=\"twitter:card\" content=\"summary\" \/>\n\t\t<meta name=\"twitter:title\" content=\"Apresenta\u00e7\u00e3o de Corais agita a programa\u00e7\u00e3o do Santana Parque Shopping \u00bb Encontra Santana\" \/>\n\t\t<meta name=\"twitter:description\" content=\"Al\u00e9m de aproveitar a pista de patina\u00e7\u00e3o no gelo do Santana Parque Shopping, tamb\u00e9m \u00e9 poss\u00edvel apreciar alguns corais que far\u00e3o apresenta\u00e7\u00e3o no local. Confira a programa\u00e7\u00e3o: 10 de Dezembro \u2013 19h Grupo Vocais do Col\u00e9gio Consolata 12 de Dezembro \u2013 19h Coral Col\u00e9gio Miudinho 17 de Dezembro \u2013 19h Grupo Vocal Ecoart 19 de\" \/>\n\t\t<script type=\"application\/ld+json\" class=\"aioseo-schema\">\n\t\t\t{\"@context\":\"https:\\\/\\\/schema.org\",\"@graph\":[{\"@type\":\"Article\",\"@id\":\"https:\\\/\\\/www.encontrasantana.com.br\\\/sobre\\\/apresentacao-de-corais-agita-a-programacao-do-santana-parque-shopping\\\/#article\",\"name\":\"Apresenta\\u00e7\\u00e3o de Corais agita a programa\\u00e7\\u00e3o do Santana Parque Shopping \\u00bb Encontra Santana\",\"headline\":\"Apresenta\\u00e7\\u00e3o de Corais agita a programa\\u00e7\\u00e3o do Santana Parque Shopping\",\"author\":{\"@id\":\"https:\\\/\\\/www.encontrasantana.com.br\\\/sobre\\\/author\\\/esantana\\\/#author\"},\"publisher\":{\"@id\":\"https:\\\/\\\/www.encontrasantana.com.br\\\/sobre\\\/#organization\"},\"datePublished\":\"2013-12-09T14:55:20-03:00\",\"dateModified\":\"2019-04-15T09:57:28-03:00\",\"inLanguage\":\"pt-BR\",\"mainEntityOfPage\":{\"@id\":\"https:\\\/\\\/www.encontrasantana.com.br\\\/sobre\\\/apresentacao-de-corais-agita-a-programacao-do-santana-parque-shopping\\\/#webpage\"},\"isPartOf\":{\"@id\":\"https:\\\/\\\/www.encontrasantana.com.br\\\/sobre\\\/apresentacao-de-corais-agita-a-programacao-do-santana-parque-shopping\\\/#webpage\"},\"articleSection\":\"Not\\u00edcias Santana\"},{\"@type\":\"BreadcrumbList\",\"@id\":\"https:\\\/\\\/www.encontrasantana.com.br\\\/sobre\\\/apresentacao-de-corais-agita-a-programacao-do-santana-parque-shopping\\\/#breadcrumblist\",\"itemListElement\":[{\"@type\":\"ListItem\",\"@id\":\"https:\\\/\\\/www.encontrasantana.com.br\\\/sobre#listItem\",\"position\":1,\"name\":\"In\\u00edcio\",\"item\":\"https:\\\/\\\/www.encontrasantana.com.br\\\/sobre\",\"nextItem\":{\"@type\":\"ListItem\",\"@id\":\"https:\\\/\\\/www.encontrasantana.com.br\\\/sobre\\\/noticias-em-santana\\\/#listItem\",\"name\":\"Not\\u00edcias Santana\"}},{\"@type\":\"ListItem\",\"@id\":\"https:\\\/\\\/www.encontrasantana.com.br\\\/sobre\\\/noticias-em-santana\\\/#listItem\",\"position\":2,\"name\":\"Not\\u00edcias Santana\",\"item\":\"https:\\\/\\\/www.encontrasantana.com.br\\\/sobre\\\/noticias-em-santana\\\/\",\"nextItem\":{\"@type\":\"ListItem\",\"@id\":\"https:\\\/\\\/www.encontrasantana.com.br\\\/sobre\\\/apresentacao-de-corais-agita-a-programacao-do-santana-parque-shopping\\\/#listItem\",\"name\":\"Apresenta\\u00e7\\u00e3o de Corais agita a programa\\u00e7\\u00e3o do Santana Parque Shopping\"},\"previousItem\":{\"@type\":\"ListItem\",\"@id\":\"https:\\\/\\\/www.encontrasantana.com.br\\\/sobre#listItem\",\"name\":\"In\\u00edcio\"}},{\"@type\":\"ListItem\",\"@id\":\"https:\\\/\\\/www.encontrasantana.com.br\\\/sobre\\\/apresentacao-de-corais-agita-a-programacao-do-santana-parque-shopping\\\/#listItem\",\"position\":3,\"name\":\"Apresenta\\u00e7\\u00e3o de Corais agita a programa\\u00e7\\u00e3o do Santana Parque Shopping\",\"previousItem\":{\"@type\":\"ListItem\",\"@id\":\"https:\\\/\\\/www.encontrasantana.com.br\\\/sobre\\\/noticias-em-santana\\\/#listItem\",\"name\":\"Not\\u00edcias Santana\"}}]},{\"@type\":\"Organization\",\"@id\":\"https:\\\/\\\/www.encontrasantana.com.br\\\/sobre\\\/#organization\",\"name\":\"Encontra Santana\",\"description\":\"Not\\u00edcias, eventos, informa\\u00e7\\u00f5es e dicas no bairro de Santana e regi\\u00e3o.\",\"url\":\"https:\\\/\\\/www.encontrasantana.com.br\\\/sobre\\\/\"},{\"@type\":\"Person\",\"@id\":\"https:\\\/\\\/www.encontrasantana.com.br\\\/sobre\\\/author\\\/esantana\\\/#author\",\"url\":\"https:\\\/\\\/www.encontrasantana.com.br\\\/sobre\\\/author\\\/esantana\\\/\",\"name\":\"Encontra Santana\",\"image\":{\"@type\":\"ImageObject\",\"@id\":\"https:\\\/\\\/www.encontrasantana.com.br\\\/sobre\\\/apresentacao-de-corais-agita-a-programacao-do-santana-parque-shopping\\\/#authorImage\",\"url\":\"https:\\\/\\\/secure.gravatar.com\\\/avatar\\\/0fbed662e37531ae23e68f85f9517b2454e50c1dfebf80eb9b721449ac95e0b9?s=96&d=mm&r=g\",\"width\":96,\"height\":96,\"caption\":\"Encontra Santana\"}},{\"@type\":\"WebPage\",\"@id\":\"https:\\\/\\\/www.encontrasantana.com.br\\\/sobre\\\/apresentacao-de-corais-agita-a-programacao-do-santana-parque-shopping\\\/#webpage\",\"url\":\"https:\\\/\\\/www.encontrasantana.com.br\\\/sobre\\\/apresentacao-de-corais-agita-a-programacao-do-santana-parque-shopping\\\/\",\"name\":\"Apresenta\\u00e7\\u00e3o de Corais agita a programa\\u00e7\\u00e3o do Santana Parque Shopping \\u00bb Encontra Santana\",\"description\":\"Al\\u00e9m de aproveitar a pista de patina\\u00e7\\u00e3o no gelo do Santana Parque Shopping, tamb\\u00e9m \\u00e9 poss\\u00edvel apreciar alguns corais que far\\u00e3o apresenta\\u00e7\\u00e3o no local. Confira a programa\\u00e7\\u00e3o: 10 de Dezembro \\u2013 19h Grupo Vocais do Col\\u00e9gio Consolata 12 de Dezembro \\u2013 19h Coral Col\\u00e9gio Miudinho 17 de Dezembro \\u2013 19h Grupo Vocal Ecoart 19 de\",\"inLanguage\":\"pt-BR\",\"isPartOf\":{\"@id\":\"https:\\\/\\\/www.encontrasantana.com.br\\\/sobre\\\/#website\"},\"breadcrumb\":{\"@id\":\"https:\\\/\\\/www.encontrasantana.com.br\\\/sobre\\\/apresentacao-de-corais-agita-a-programacao-do-santana-parque-shopping\\\/#breadcrumblist\"},\"author\":{\"@id\":\"https:\\\/\\\/www.encontrasantana.com.br\\\/sobre\\\/author\\\/esantana\\\/#author\"},\"creator\":{\"@id\":\"https:\\\/\\\/www.encontrasantana.com.br\\\/sobre\\\/author\\\/esantana\\\/#author\"},\"datePublished\":\"2013-12-09T14:55:20-03:00\",\"dateModified\":\"2019-04-15T09:57:28-03:00\"},{\"@type\":\"WebSite\",\"@id\":\"https:\\\/\\\/www.encontrasantana.com.br\\\/sobre\\\/#website\",\"url\":\"https:\\\/\\\/www.encontrasantana.com.br\\\/sobre\\\/\",\"name\":\"Encontra Santana\",\"description\":\"Not\\u00edcias, eventos, informa\\u00e7\\u00f5es e dicas no bairro de Santana e regi\\u00e3o.\",\"inLanguage\":\"pt-BR\",\"publisher\":{\"@id\":\"https:\\\/\\\/www.encontrasantana.com.br\\\/sobre\\\/#organization\"}}]}\n\t\t<\/script>\n\t\t<!-- All in One SEO -->\n\n","aioseo_head_json":{"title":"Apresenta\u00e7\u00e3o de Corais agita a programa\u00e7\u00e3o do Santana Parque Shopping \u00bb Encontra Santana","description":"Al\u00e9m de aproveitar a pista de patina\u00e7\u00e3o no gelo do Santana Parque Shopping, tamb\u00e9m \u00e9 poss\u00edvel apreciar alguns corais que far\u00e3o apresenta\u00e7\u00e3o no local. Confira a programa\u00e7\u00e3o: 10 de Dezembro \u2013 19h Grupo Vocais do Col\u00e9gio Consolata 12 de Dezembro \u2013 19h Coral Col\u00e9gio Miudinho 17 de Dezembro \u2013 19h Grupo Vocal Ecoart 19 de","canonical_url":"https:\/\/www.encontrasantana.com.br\/sobre\/apresentacao-de-corais-agita-a-programacao-do-santana-parque-shopping\/","robots":"max-image-preview:large","keywords":"","webmasterTools":{"miscellaneous":""},"schema":{"@context":"https:\/\/schema.org","@graph":[{"@type":"Article","@id":"https:\/\/www.encontrasantana.com.br\/sobre\/apresentacao-de-corais-agita-a-programacao-do-santana-parque-shopping\/#article","name":"Apresenta\u00e7\u00e3o de Corais agita a programa\u00e7\u00e3o do Santana Parque Shopping \u00bb Encontra Santana","headline":"Apresenta\u00e7\u00e3o de Corais agita a programa\u00e7\u00e3o do Santana Parque Shopping","author":{"@id":"https:\/\/www.encontrasantana.com.br\/sobre\/author\/esantana\/#author"},"publisher":{"@id":"https:\/\/www.encontrasantana.com.br\/sobre\/#organization"},"datePublished":"2013-12-09T14:55:20-03:00","dateModified":"2019-04-15T09:57:28-03:00","inLanguage":"pt-BR","mainEntityOfPage":{"@id":"https:\/\/www.encontrasantana.com.br\/sobre\/apresentacao-de-corais-agita-a-programacao-do-santana-parque-shopping\/#webpage"},"isPartOf":{"@id":"https:\/\/www.encontrasantana.com.br\/sobre\/apresentacao-de-corais-agita-a-programacao-do-santana-parque-shopping\/#webpage"},"articleSection":"Not\u00edcias Santana"},{"@type":"BreadcrumbList","@id":"https:\/\/www.encontrasantana.com.br\/sobre\/apresentacao-de-corais-agita-a-programacao-do-santana-parque-shopping\/#breadcrumblist","itemListElement":[{"@type":"ListItem","@id":"https:\/\/www.encontrasantana.com.br\/sobre#listItem","position":1,"name":"In\u00edcio","item":"https:\/\/www.encontrasantana.com.br\/sobre","nextItem":{"@type":"ListItem","@id":"https:\/\/www.encontrasantana.com.br\/sobre\/noticias-em-santana\/#listItem","name":"Not\u00edcias Santana"}},{"@type":"ListItem","@id":"https:\/\/www.encontrasantana.com.br\/sobre\/noticias-em-santana\/#listItem","position":2,"name":"Not\u00edcias Santana","item":"https:\/\/www.encontrasantana.com.br\/sobre\/noticias-em-santana\/","nextItem":{"@type":"ListItem","@id":"https:\/\/www.encontrasantana.com.br\/sobre\/apresentacao-de-corais-agita-a-programacao-do-santana-parque-shopping\/#listItem","name":"Apresenta\u00e7\u00e3o de Corais agita a programa\u00e7\u00e3o do Santana Parque Shopping"},"previousItem":{"@type":"ListItem","@id":"https:\/\/www.encontrasantana.com.br\/sobre#listItem","name":"In\u00edcio"}},{"@type":"ListItem","@id":"https:\/\/www.encontrasantana.com.br\/sobre\/apresentacao-de-corais-agita-a-programacao-do-santana-parque-shopping\/#listItem","position":3,"name":"Apresenta\u00e7\u00e3o de Corais agita a programa\u00e7\u00e3o do Santana Parque Shopping","previousItem":{"@type":"ListItem","@id":"https:\/\/www.encontrasantana.com.br\/sobre\/noticias-em-santana\/#listItem","name":"Not\u00edcias Santana"}}]},{"@type":"Organization","@id":"https:\/\/www.encontrasantana.com.br\/sobre\/#organization","name":"Encontra Santana","description":"Not\u00edcias, eventos, informa\u00e7\u00f5es e dicas no bairro de Santana e regi\u00e3o.","url":"https:\/\/www.encontrasantana.com.br\/sobre\/"},{"@type":"Person","@id":"https:\/\/www.encontrasantana.com.br\/sobre\/author\/esantana\/#author","url":"https:\/\/www.encontrasantana.com.br\/sobre\/author\/esantana\/","name":"Encontra Santana","image":{"@type":"ImageObject","@id":"https:\/\/www.encontrasantana.com.br\/sobre\/apresentacao-de-corais-agita-a-programacao-do-santana-parque-shopping\/#authorImage","url":"https:\/\/secure.gravatar.com\/avatar\/0fbed662e37531ae23e68f85f9517b2454e50c1dfebf80eb9b721449ac95e0b9?s=96&d=mm&r=g","width":96,"height":96,"caption":"Encontra Santana"}},{"@type":"WebPage","@id":"https:\/\/www.encontrasantana.com.br\/sobre\/apresentacao-de-corais-agita-a-programacao-do-santana-parque-shopping\/#webpage","url":"https:\/\/www.encontrasantana.com.br\/sobre\/apresentacao-de-corais-agita-a-programacao-do-santana-parque-shopping\/","name":"Apresenta\u00e7\u00e3o de Corais agita a programa\u00e7\u00e3o do Santana Parque Shopping \u00bb Encontra Santana","description":"Al\u00e9m de aproveitar a pista de patina\u00e7\u00e3o no gelo do Santana Parque Shopping, tamb\u00e9m \u00e9 poss\u00edvel apreciar alguns corais que far\u00e3o apresenta\u00e7\u00e3o no local. Confira a programa\u00e7\u00e3o: 10 de Dezembro \u2013 19h Grupo Vocais do Col\u00e9gio Consolata 12 de Dezembro \u2013 19h Coral Col\u00e9gio Miudinho 17 de Dezembro \u2013 19h Grupo Vocal Ecoart 19 de","inLanguage":"pt-BR","isPartOf":{"@id":"https:\/\/www.encontrasantana.com.br\/sobre\/#website"},"breadcrumb":{"@id":"https:\/\/www.encontrasantana.com.br\/sobre\/apresentacao-de-corais-agita-a-programacao-do-santana-parque-shopping\/#breadcrumblist"},"author":{"@id":"https:\/\/www.encontrasantana.com.br\/sobre\/author\/esantana\/#author"},"creator":{"@id":"https:\/\/www.encontrasantana.com.br\/sobre\/author\/esantana\/#author"},"datePublished":"2013-12-09T14:55:20-03:00","dateModified":"2019-04-15T09:57:28-03:00"},{"@type":"WebSite","@id":"https:\/\/www.encontrasantana.com.br\/sobre\/#website","url":"https:\/\/www.encontrasantana.com.br\/sobre\/","name":"Encontra Santana","description":"Not\u00edcias, eventos, informa\u00e7\u00f5es e dicas no bairro de Santana e regi\u00e3o.","inLanguage":"pt-BR","publisher":{"@id":"https:\/\/www.encontrasantana.com.br\/sobre\/#organization"}}]},"og:locale":"pt_BR","og:site_name":"Encontra Santana | Not\u00edcias, eventos, informa\u00e7\u00f5es e dicas no bairro de Santana e regi\u00e3o.","og:type":"article","og:title":"Apresenta\u00e7\u00e3o de Corais agita a programa\u00e7\u00e3o do Santana Parque Shopping \u00bb Encontra Santana","og:description":"Al\u00e9m de aproveitar a pista de patina\u00e7\u00e3o no gelo do Santana Parque Shopping, tamb\u00e9m \u00e9 poss\u00edvel apreciar alguns corais que far\u00e3o apresenta\u00e7\u00e3o no local. Confira a programa\u00e7\u00e3o: 10 de Dezembro \u2013 19h Grupo Vocais do Col\u00e9gio Consolata 12 de Dezembro \u2013 19h Coral Col\u00e9gio Miudinho 17 de Dezembro \u2013 19h Grupo Vocal Ecoart 19 de","og:url":"https:\/\/www.encontrasantana.com.br\/sobre\/apresentacao-de-corais-agita-a-programacao-do-santana-parque-shopping\/","article:published_time":"2013-12-09T17:55:20+00:00","article:modified_time":"2019-04-15T12:57:28+00:00","twitter:card":"summary","twitter:title":"Apresenta\u00e7\u00e3o de Corais agita a programa\u00e7\u00e3o do Santana Parque Shopping \u00bb Encontra Santana","twitter:description":"Al\u00e9m de aproveitar a pista de patina\u00e7\u00e3o no gelo do Santana Parque Shopping, tamb\u00e9m \u00e9 poss\u00edvel apreciar alguns corais que far\u00e3o apresenta\u00e7\u00e3o no local. Confira a programa\u00e7\u00e3o: 10 de Dezembro \u2013 19h Grupo Vocais do Col\u00e9gio Consolata 12 de Dezembro \u2013 19h Coral Col\u00e9gio Miudinho 17 de Dezembro \u2013 19h Grupo Vocal Ecoart 19 de"},"aioseo_meta_data":{"post_id":"43904","title":null,"description":null,"keywords":null,"keyphrases":null,"primary_term":null,"canonical_url":null,"og_title":null,"og_description":null,"og_object_type":"default","og_image_type":"default","og_image_url":null,"og_image_width":null,"og_image_height":null,"og_image_custom_url":null,"og_image_custom_fields":null,"og_video":null,"og_custom_url":null,"og_article_section":null,"og_article_tags":null,"twitter_use_og":false,"twitter_card":"default","twitter_image_type":"default","twitter_image_url":null,"twitter_image_custom_url":null,"twitter_image_custom_fields":null,"twitter_title":null,"twitter_description":null,"schema":{"blockGraphs":[],"customGraphs":[],"default":{"data":{"Article":[],"Course":[],"Dataset":[],"FAQPage":[],"Movie":[],"Person":[],"Product":[],"ProductReview":[],"Car":[],"Recipe":[],"Service":[],"SoftwareApplication":[],"WebPage":[]},"graphName":"Article","isEnabled":true},"graphs":[]},"schema_type":null,"schema_type_options":null,"pillar_content":false,"robots_default":true,"robots_noindex":false,"robots_noarchive":false,"robots_nosnippet":false,"robots_nofollow":false,"robots_noimageindex":false,"robots_noodp":false,"robots_notranslate":false,"robots_max_snippet":null,"robots_max_videopreview":null,"robots_max_imagepreview":"large","priority":null,"frequency":null,"local_seo":null,"limit_modified_date":false,"created":"2021-04-20 18:27:29","updated":"2026-08-07 00:54:43","focus_keyword":null,"additional_keywords":null,"truseo_locale":null,"ai":null,"breadcrumb_settings":null,"seo_analyzer_scan_date":null},"aioseo_breadcrumb":"<div class=\"aioseo-breadcrumbs\"><span class=\"aioseo-breadcrumb\">\n\t\t\t<a href=\"https:\/\/www.encontrasantana.com.br\/sobre\" title=\"In\u00edcio\">In\u00edcio<\/a>\n\t\t<\/span><span class=\"aioseo-breadcrumb-separator\">&raquo;<\/span><span class=\"aioseo-breadcrumb\">\n\t\t\t<a href=\"https:\/\/www.encontrasantana.com.br\/sobre\/noticias-em-santana\/\" title=\"Not\u00edcias Santana\">Not\u00edcias Santana<\/a>\n\t\t<\/span><span class=\"aioseo-breadcrumb-separator\">&raquo;<\/span><span class=\"aioseo-breadcrumb\">\n\t\t\tApresenta\u00e7\u00e3o de Corais agita a programa\u00e7\u00e3o do Santana Parque Shopping\n\t\t<\/span><\/div>","aioseo_breadcrumb_json":[{"label":"In\u00edcio","link":"https:\/\/www.encontrasantana.com.br\/sobre"},{"label":"Not\u00edcias Santana","link":"https:\/\/www.encontrasantana.com.br\/sobre\/noticias-em-santana\/"},{"label":"Apresenta\u00e7\u00e3o de Corais agita a programa\u00e7\u00e3o do Santana Parque Shopping","link":"https:\/\/www.encontrasantana.com.br\/sobre\/apresentacao-de-corais-agita-a-programacao-do-santana-parque-shopping\/"}],"_links":{"self":[{"href":"https:\/\/www.encontrasantana.com.br\/sobre\/wp-json\/wp\/v2\/posts\/43904","targetHints":{"allow":["GET"]}}],"collection":[{"href":"https:\/\/www.encontrasantana.com.br\/sobre\/wp-json\/wp\/v2\/posts"}],"about":[{"href":"https:\/\/www.encontrasantana.com.br\/sobre\/wp-json\/wp\/v2\/types\/post"}],"author":[{"embeddable":true,"href":"https:\/\/www.encontrasantana.com.br\/sobre\/wp-json\/wp\/v2\/users\/1"}],"replies":[{"embeddable":true,"href":"https:\/\/www.encontrasantana.com.br\/sobre\/wp-json\/wp\/v2\/comments?post=43904"}],"version-history":[{"count":0,"href":"https:\/\/www.encontrasantana.com.br\/sobre\/wp-json\/wp\/v2\/posts\/43904\/revisions"}],"wp:attachment":[{"href":"https:\/\/www.encontrasantana.com.br\/sobre\/wp-json\/wp\/v2\/media?parent=43904"}],"wp:term":[{"taxonomy":"category","embeddable":true,"href":"https:\/\/www.encontrasantana.com.br\/sobre\/wp-json\/wp\/v2\/categories?post=43904"},{"taxonomy":"post_tag","embeddable":true,"href":"https:\/\/www.encontrasantana.com.br\/sobre\/wp-json\/wp\/v2\/tags?post=43904"}],"curies":[{"name":"wp","href":"https:\/\/api.w.org\/{rel}","templated":true}]}}