{"id":43913,"date":"2014-01-21T11:13:51","date_gmt":"2014-01-21T14:13:51","guid":{"rendered":"http:\/\/www.encontrasantana.com.br\/blog\/?p=43913"},"modified":"2019-04-15T09:57:27","modified_gmt":"2019-04-15T12:57:27","slug":"santana-biblioteca-de-sao-paulo-apresenta-programacao-especial-no-aniversario-de-sp","status":"publish","type":"post","link":"https:\/\/www.encontrasantana.com.br\/sobre\/santana-biblioteca-de-sao-paulo-apresenta-programacao-especial-no-aniversario-de-sp\/","title":{"rendered":"Santana: Biblioteca de S\u00e3o Paulo apresenta programa\u00e7\u00e3o especial no anivers\u00e1rio de SP"},"content":{"rendered":"<div class=\"1acf8468e559fd3cbeec5aee3a269a52\" data-index=\"1\" style=\"float: none; margin:0px;\">\n<!-- Anuncio display - global -->\r\n<ins class=\"adsbygoogle\"\r\n     style=\"display:block\"\r\n     data-ad-client=\"ca-pub-8585364105181520\"\r\n     data-ad-slot=\"8789329856\"\r\n     data-ad-format=\"auto\"\r\n     data-full-width-responsive=\"true\"><\/ins>\r\n<script>\r\n     (adsbygoogle = window.adsbygoogle || []).push({});\r\n<\/script>\n<\/div>\n<p>A Biblioteca de S\u00e3o Paulo oferece em janeiro uma programa\u00e7\u00e3o especial em comemora\u00e7\u00e3o ao anivers\u00e1rio da cidade. A entrada \u00e9 gratuita.<\/p>\n<p>Na quinta, dia 23 de janeiro, das 15h \u00e0s 17h, a biblioteca recebe a oficina Est\u00eancil \u2013 Lugares de S\u00e3o Paulo. Com o encontro, os participantes poder\u00e3o representar alguns dos lugares mais conhecidos da cidade.<\/p>\n<p>No dia 24, \u00e0s 16h30 e \u00e0s 17h,\u00a0tem o\u00a0Leitura ao P\u00e9 do Ouvido, com contos de<b>\u00a0<\/b>M\u00e1rio de Andrade.<\/p>\n<p>J\u00e1 no anivers\u00e1rio de SP, 25 de janeiro, das 14h30 \u00e0s 15h30, est\u00e1 programada uma interven\u00e7\u00e3o liter\u00e1ria com mensagens que remetem a lembran\u00e7as e mem\u00f3rias particulares de escritores famosos. No mesmo dia, \u00e0s 16h, tem Hora do Conto Especial, com a Companhia Articularte Teatro de Bonecos.<\/p>\n<p>Na ter\u00e7a, dia 28, das 12h \u00e0s 13h, o Leitura e Letras em Harmonia vai debater o cen\u00e1rio da m\u00fasica independente da cidade de S\u00e3o Paulo.<\/p>\n<p><strong>Servi\u00e7o<\/strong><br \/>\n<strong>O que:<\/strong> Programa\u00e7\u00e3o especial na <a title=\"Biblioteca de S\u00e3o Paulo\" href=\"http:\/\/www.encontrasantana.com.br\/santana\/biblioteca-de-sao-paulo-em-santana.shtml\" target=\"_blank\">Biblioteca de S\u00e3o Paulo<\/a><br \/>\n<strong>Quando:<\/strong><br \/>\nQui 23\/01<br \/>\ndas 15:00 \u00e0s 17:00<br \/>\nSex 24\/01<br \/>\ndas 16:30 \u00e0s 17:00<br \/>\nS\u00e1b 25\/01<br \/>\ndas 14:30 \u00e0s 15:30<br \/>\n\u00e0s 16:00<br \/>\nTer 28\/01<br \/>\ndas 12:00 \u00e0s 13:00<br \/>\nde 17 a 31\/01<br \/>\nSextas das 15:30 \u00e0s 17:00<br \/>\n<strong>Quanto:<\/strong> Nada<br \/>\n<strong>Onde:<\/strong> Biblioteca de S\u00e3o Paulo<br \/>\n<strong>Endere\u00e7o:<\/strong> Av. Cruzeiro do Sul, 2.630 &#8211; Santana &#8211; Norte<\/p>\n\n<div style=\"font-size: 0px; height: 0px; line-height: 0px; margin: 0; padding: 0; clear: both;\"><\/div>","protected":false},"excerpt":{"rendered":"<p>A Biblioteca de S\u00e3o Paulo oferece em janeiro uma programa\u00e7\u00e3o especial em comemora\u00e7\u00e3o ao anivers\u00e1rio da cidade. A entrada \u00e9 gratuita. Na quinta, dia 23 de janeiro, das 15h \u00e0s 17h, a biblioteca recebe a oficina Est\u00eancil \u2013 Lugares de S\u00e3o Paulo. Com o encontro, os participantes poder\u00e3o representar alguns dos lugares mais conhecidos da cidade. No dia 24, \u00e0s 16h30 e \u00e0s 17h,\u00a0tem o\u00a0Leitura ao P\u00e9 do Ouvido, com contos de\u00a0M\u00e1rio de Andrade. J\u00e1 no anivers\u00e1rio de SP, 25 de janeiro, das 14h30 \u00e0s 15h30, est\u00e1 programada uma interven\u00e7\u00e3o liter\u00e1ria com mensagens que remetem a lembran\u00e7as e mem\u00f3rias particulares <\/p>\n","protected":false},"author":1,"featured_media":0,"comment_status":"open","ping_status":"closed","sticky":false,"template":"","format":"standard","meta":{"footnotes":""},"categories":[3],"tags":[],"class_list":["post-43913","post","type-post","status-publish","format-standard","hentry","category-noticias-em-santana"],"aioseo_notices":[],"_links":{"self":[{"href":"https:\/\/www.encontrasantana.com.br\/sobre\/wp-json\/wp\/v2\/posts\/43913"}],"collection":[{"href":"https:\/\/www.encontrasantana.com.br\/sobre\/wp-json\/wp\/v2\/posts"}],"about":[{"href":"https:\/\/www.encontrasantana.com.br\/sobre\/wp-json\/wp\/v2\/types\/post"}],"author":[{"embeddable":true,"href":"https:\/\/www.encontrasantana.com.br\/sobre\/wp-json\/wp\/v2\/users\/1"}],"replies":[{"embeddable":true,"href":"https:\/\/www.encontrasantana.com.br\/sobre\/wp-json\/wp\/v2\/comments?post=43913"}],"version-history":[{"count":0,"href":"https:\/\/www.encontrasantana.com.br\/sobre\/wp-json\/wp\/v2\/posts\/43913\/revisions"}],"wp:attachment":[{"href":"https:\/\/www.encontrasantana.com.br\/sobre\/wp-json\/wp\/v2\/media?parent=43913"}],"wp:term":[{"taxonomy":"category","embeddable":true,"href":"https:\/\/www.encontrasantana.com.br\/sobre\/wp-json\/wp\/v2\/categories?post=43913"},{"taxonomy":"post_tag","embeddable":true,"href":"https:\/\/www.encontrasantana.com.br\/sobre\/wp-json\/wp\/v2\/tags?post=43913"}],"curies":[{"name":"wp","href":"https:\/\/api.w.org\/{rel}","templated":true}]}}