{"id":43916,"date":"2014-01-24T00:55:53","date_gmt":"2014-01-24T03:55:53","guid":{"rendered":"http:\/\/www.encontrasantana.com.br\/blog\/?p=43916"},"modified":"2019-04-15T09:57:27","modified_gmt":"2019-04-15T12:57:27","slug":"praca-campo-de-bagatelle-em-santana-recebe-programacao-especial-no-aniversario-de-sp","status":"publish","type":"post","link":"https:\/\/www.encontrasantana.com.br\/sobre\/praca-campo-de-bagatelle-em-santana-recebe-programacao-especial-no-aniversario-de-sp\/","title":{"rendered":"Pra\u00e7a Campo de Bagatelle, em Santana, recebe programa\u00e7\u00e3o especial no Anivers\u00e1rio de SP"},"content":{"rendered":"<div class=\"1acf8468e559fd3cbeec5aee3a269a52\" data-index=\"1\" style=\"float: none; margin:0px;\">\n<!-- Anuncio display - global -->\r\n<ins class=\"adsbygoogle\"\r\n     style=\"display:block\"\r\n     data-ad-client=\"ca-pub-8585364105181520\"\r\n     data-ad-slot=\"8789329856\"\r\n     data-ad-format=\"auto\"\r\n     data-full-width-responsive=\"true\"><\/ins>\r\n<script>\r\n     (adsbygoogle = window.adsbygoogle || []).push({});\r\n<\/script>\n<\/div>\n<p>O anivers\u00e1rio de 460 anos de S\u00e3o Paulo, celebrado no dia 25 de janeiro, vai ocupar todo o territ\u00f3rio da cidade. A\u00a0Pra\u00e7a Campo de Bagatelle, em Santana, recebe uma programa\u00e7\u00e3o com o N\u00facleo Pavanelli. \u00c0 tarde, artistas de punk-rock como os grupos Esgoto e Juventude Maldita agitam o p\u00fablico. E o encerramento tem artistas de rap como Dexter e MV Bill.<\/p>\n<p>A programa\u00e7\u00e3o da Zona Norte tem curadoria de Ariel (Invasores de C\u00e9rebros), Shirley Casa Verde (Ca.Ge.Be) , Roger Duran (Sinfonia de C\u00e3es). A apresenta\u00e7\u00e3o fica por conta de Dede Quilombaque.<\/p>\n<p><strong>Confira os hor\u00e1rios dos shows:<\/strong><\/p>\n<p>11h &#8211; N\u00facleo Pavanelli de Teatro de Rua e Circo<\/p>\n<p>13h &#8211; Quilombo Hi-fi Soundsystem<\/p>\n<p>13h &#8211; Hardcore por \u00d3dio<\/p>\n<p>14h &#8211; Subviventes<\/p>\n<p>15h &#8211; Esgoto<\/p>\n<p>16h &#8211; Juventude Maldita<\/p>\n<p>17h &#8211; Sarau Literatura Andante<\/p>\n<p>17h30 &#8211; Samba do Congo<\/p>\n<p>18h &#8211; Banda Maneva<\/p>\n<p>19h &#8211; SNJ<\/p>\n<p>19h45 &#8211; Fam\u00edlia Quatro Vidas<\/p>\n<p>20h30 &#8211; Dexter<\/p>\n<p>21h30 &#8211; MV Bill<\/p>\n<p><strong>INFORMA\u00c7\u00d5ES DO EVENTO<\/strong><\/p>\n<p>Data(s): 25 de janeiro de 2014<br \/>\nHor\u00e1rio(s): A partir das 11h<br \/>\nPre\u00e7o(s): Gr\u00e1tis<br \/>\nOnde: <a title=\"Pra\u00e7a Campo de Bagatelle\" href=\"http:\/\/www.encontrasantana.com.br\/santana\/praca-campo-de-bagatelli-em-santana.shtml\" target=\"_blank\">Pra\u00e7a Campo de Bagatelle<\/a><br \/>\nEndere\u00e7o: Pra\u00e7a Campo de Bagatelle, s\/n\u00ba &#8211; Santana<\/p>\n\n<div style=\"font-size: 0px; height: 0px; line-height: 0px; margin: 0; padding: 0; clear: both;\"><\/div>","protected":false},"excerpt":{"rendered":"<p>O anivers\u00e1rio de 460 anos de S\u00e3o Paulo, celebrado no dia 25 de janeiro, vai ocupar todo o territ\u00f3rio da cidade. A\u00a0Pra\u00e7a Campo de Bagatelle, em Santana, recebe uma programa\u00e7\u00e3o com o N\u00facleo Pavanelli. \u00c0 tarde, artistas de punk-rock como os grupos Esgoto e Juventude Maldita agitam o p\u00fablico. E o encerramento tem artistas de rap como Dexter e MV Bill. A programa\u00e7\u00e3o da Zona Norte tem curadoria de Ariel (Invasores de C\u00e9rebros), Shirley Casa Verde (Ca.Ge.Be) , Roger Duran (Sinfonia de C\u00e3es). A apresenta\u00e7\u00e3o fica por conta de Dede Quilombaque. Confira os hor\u00e1rios dos shows: 11h &#8211; N\u00facleo Pavanelli <\/p>\n","protected":false},"author":1,"featured_media":0,"comment_status":"open","ping_status":"closed","sticky":false,"template":"","format":"standard","meta":{"footnotes":""},"categories":[3],"tags":[],"class_list":["post-43916","post","type-post","status-publish","format-standard","hentry","category-noticias-em-santana"],"aioseo_notices":[],"aioseo_head":"\n\t\t<!-- All in One SEO 5.0.0.1 - aioseo.com -->\n\t<meta name=\"description\" content=\"O anivers\u00e1rio de 460 anos de S\u00e3o Paulo, celebrado no dia 25 de janeiro, vai ocupar todo o territ\u00f3rio da cidade. A Pra\u00e7a Campo de Bagatelle, em Santana, recebe uma programa\u00e7\u00e3o com o N\u00facleo Pavanelli. \u00c0 tarde, artistas de punk-rock como os grupos Esgoto e Juventude Maldita agitam o p\u00fablico. E o encerramento tem artistas de\" \/>\n\t<meta name=\"robots\" content=\"max-image-preview:large\" \/>\n\t<meta name=\"author\" content=\"Encontra Santana\"\/>\n\t<link rel=\"canonical\" href=\"https:\/\/www.encontrasantana.com.br\/sobre\/praca-campo-de-bagatelle-em-santana-recebe-programacao-especial-no-aniversario-de-sp\/\" \/>\n\t<meta name=\"generator\" content=\"All in One SEO (AIOSEO) 5.0.0.1\" \/>\n\t\t<meta property=\"og:locale\" content=\"pt_BR\" \/>\n\t\t<meta property=\"og:site_name\" content=\"Encontra Santana | Not\u00edcias, eventos, informa\u00e7\u00f5es e dicas no bairro de Santana e regi\u00e3o.\" \/>\n\t\t<meta property=\"og:type\" content=\"article\" \/>\n\t\t<meta property=\"og:title\" content=\"Pra\u00e7a Campo de Bagatelle, em Santana, recebe programa\u00e7\u00e3o especial no Anivers\u00e1rio de SP \u00bb Encontra Santana\" \/>\n\t\t<meta property=\"og:description\" content=\"O anivers\u00e1rio de 460 anos de S\u00e3o Paulo, celebrado no dia 25 de janeiro, vai ocupar todo o territ\u00f3rio da cidade. A Pra\u00e7a Campo de Bagatelle, em Santana, recebe uma programa\u00e7\u00e3o com o N\u00facleo Pavanelli. \u00c0 tarde, artistas de punk-rock como os grupos Esgoto e Juventude Maldita agitam o p\u00fablico. E o encerramento tem artistas de\" \/>\n\t\t<meta property=\"og:url\" content=\"https:\/\/www.encontrasantana.com.br\/sobre\/praca-campo-de-bagatelle-em-santana-recebe-programacao-especial-no-aniversario-de-sp\/\" \/>\n\t\t<meta property=\"article:published_time\" content=\"2014-01-24T03:55:53+00:00\" \/>\n\t\t<meta property=\"article:modified_time\" content=\"2019-04-15T12:57:27+00:00\" \/>\n\t\t<meta name=\"twitter:card\" content=\"summary\" \/>\n\t\t<meta name=\"twitter:title\" content=\"Pra\u00e7a Campo de Bagatelle, em Santana, recebe programa\u00e7\u00e3o especial no Anivers\u00e1rio de SP \u00bb Encontra Santana\" \/>\n\t\t<meta name=\"twitter:description\" content=\"O anivers\u00e1rio de 460 anos de S\u00e3o Paulo, celebrado no dia 25 de janeiro, vai ocupar todo o territ\u00f3rio da cidade. A Pra\u00e7a Campo de Bagatelle, em Santana, recebe uma programa\u00e7\u00e3o com o N\u00facleo Pavanelli. \u00c0 tarde, artistas de punk-rock como os grupos Esgoto e Juventude Maldita agitam o p\u00fablico. E o encerramento tem artistas de\" \/>\n\t\t<script type=\"application\/ld+json\" class=\"aioseo-schema\">\n\t\t\t{\"@context\":\"https:\\\/\\\/schema.org\",\"@graph\":[{\"@type\":\"Article\",\"@id\":\"https:\\\/\\\/www.encontrasantana.com.br\\\/sobre\\\/praca-campo-de-bagatelle-em-santana-recebe-programacao-especial-no-aniversario-de-sp\\\/#article\",\"name\":\"Pra\\u00e7a Campo de Bagatelle, em Santana, recebe programa\\u00e7\\u00e3o especial no Anivers\\u00e1rio de SP \\u00bb Encontra Santana\",\"headline\":\"Pra\\u00e7a Campo de Bagatelle, em Santana, recebe programa\\u00e7\\u00e3o especial no Anivers\\u00e1rio de SP\",\"author\":{\"@id\":\"https:\\\/\\\/www.encontrasantana.com.br\\\/sobre\\\/author\\\/esantana\\\/#author\"},\"publisher\":{\"@id\":\"https:\\\/\\\/www.encontrasantana.com.br\\\/sobre\\\/#organization\"},\"datePublished\":\"2014-01-24T00:55:53-03:00\",\"dateModified\":\"2019-04-15T09:57:27-03:00\",\"inLanguage\":\"pt-BR\",\"mainEntityOfPage\":{\"@id\":\"https:\\\/\\\/www.encontrasantana.com.br\\\/sobre\\\/praca-campo-de-bagatelle-em-santana-recebe-programacao-especial-no-aniversario-de-sp\\\/#webpage\"},\"isPartOf\":{\"@id\":\"https:\\\/\\\/www.encontrasantana.com.br\\\/sobre\\\/praca-campo-de-bagatelle-em-santana-recebe-programacao-especial-no-aniversario-de-sp\\\/#webpage\"},\"articleSection\":\"Not\\u00edcias Santana\"},{\"@type\":\"BreadcrumbList\",\"@id\":\"https:\\\/\\\/www.encontrasantana.com.br\\\/sobre\\\/praca-campo-de-bagatelle-em-santana-recebe-programacao-especial-no-aniversario-de-sp\\\/#breadcrumblist\",\"itemListElement\":[{\"@type\":\"ListItem\",\"@id\":\"https:\\\/\\\/www.encontrasantana.com.br\\\/sobre#listItem\",\"position\":1,\"name\":\"In\\u00edcio\",\"item\":\"https:\\\/\\\/www.encontrasantana.com.br\\\/sobre\",\"nextItem\":{\"@type\":\"ListItem\",\"@id\":\"https:\\\/\\\/www.encontrasantana.com.br\\\/sobre\\\/noticias-em-santana\\\/#listItem\",\"name\":\"Not\\u00edcias Santana\"}},{\"@type\":\"ListItem\",\"@id\":\"https:\\\/\\\/www.encontrasantana.com.br\\\/sobre\\\/noticias-em-santana\\\/#listItem\",\"position\":2,\"name\":\"Not\\u00edcias Santana\",\"item\":\"https:\\\/\\\/www.encontrasantana.com.br\\\/sobre\\\/noticias-em-santana\\\/\",\"nextItem\":{\"@type\":\"ListItem\",\"@id\":\"https:\\\/\\\/www.encontrasantana.com.br\\\/sobre\\\/praca-campo-de-bagatelle-em-santana-recebe-programacao-especial-no-aniversario-de-sp\\\/#listItem\",\"name\":\"Pra\\u00e7a Campo de Bagatelle, em Santana, recebe programa\\u00e7\\u00e3o especial no Anivers\\u00e1rio de SP\"},\"previousItem\":{\"@type\":\"ListItem\",\"@id\":\"https:\\\/\\\/www.encontrasantana.com.br\\\/sobre#listItem\",\"name\":\"In\\u00edcio\"}},{\"@type\":\"ListItem\",\"@id\":\"https:\\\/\\\/www.encontrasantana.com.br\\\/sobre\\\/praca-campo-de-bagatelle-em-santana-recebe-programacao-especial-no-aniversario-de-sp\\\/#listItem\",\"position\":3,\"name\":\"Pra\\u00e7a Campo de Bagatelle, em Santana, recebe programa\\u00e7\\u00e3o especial no Anivers\\u00e1rio de SP\",\"previousItem\":{\"@type\":\"ListItem\",\"@id\":\"https:\\\/\\\/www.encontrasantana.com.br\\\/sobre\\\/noticias-em-santana\\\/#listItem\",\"name\":\"Not\\u00edcias Santana\"}}]},{\"@type\":\"Organization\",\"@id\":\"https:\\\/\\\/www.encontrasantana.com.br\\\/sobre\\\/#organization\",\"name\":\"Encontra Santana\",\"description\":\"Not\\u00edcias, eventos, informa\\u00e7\\u00f5es e dicas no bairro de Santana e regi\\u00e3o.\",\"url\":\"https:\\\/\\\/www.encontrasantana.com.br\\\/sobre\\\/\"},{\"@type\":\"Person\",\"@id\":\"https:\\\/\\\/www.encontrasantana.com.br\\\/sobre\\\/author\\\/esantana\\\/#author\",\"url\":\"https:\\\/\\\/www.encontrasantana.com.br\\\/sobre\\\/author\\\/esantana\\\/\",\"name\":\"Encontra Santana\",\"image\":{\"@type\":\"ImageObject\",\"@id\":\"https:\\\/\\\/www.encontrasantana.com.br\\\/sobre\\\/praca-campo-de-bagatelle-em-santana-recebe-programacao-especial-no-aniversario-de-sp\\\/#authorImage\",\"url\":\"https:\\\/\\\/secure.gravatar.com\\\/avatar\\\/0fbed662e37531ae23e68f85f9517b2454e50c1dfebf80eb9b721449ac95e0b9?s=96&d=mm&r=g\",\"width\":96,\"height\":96,\"caption\":\"Encontra Santana\"}},{\"@type\":\"WebPage\",\"@id\":\"https:\\\/\\\/www.encontrasantana.com.br\\\/sobre\\\/praca-campo-de-bagatelle-em-santana-recebe-programacao-especial-no-aniversario-de-sp\\\/#webpage\",\"url\":\"https:\\\/\\\/www.encontrasantana.com.br\\\/sobre\\\/praca-campo-de-bagatelle-em-santana-recebe-programacao-especial-no-aniversario-de-sp\\\/\",\"name\":\"Pra\\u00e7a Campo de Bagatelle, em Santana, recebe programa\\u00e7\\u00e3o especial no Anivers\\u00e1rio de SP \\u00bb Encontra Santana\",\"description\":\"O anivers\\u00e1rio de 460 anos de S\\u00e3o Paulo, celebrado no dia 25 de janeiro, vai ocupar todo o territ\\u00f3rio da cidade. A Pra\\u00e7a Campo de Bagatelle, em Santana, recebe uma programa\\u00e7\\u00e3o com o N\\u00facleo Pavanelli. \\u00c0 tarde, artistas de punk-rock como os grupos Esgoto e Juventude Maldita agitam o p\\u00fablico. E o encerramento tem artistas de\",\"inLanguage\":\"pt-BR\",\"isPartOf\":{\"@id\":\"https:\\\/\\\/www.encontrasantana.com.br\\\/sobre\\\/#website\"},\"breadcrumb\":{\"@id\":\"https:\\\/\\\/www.encontrasantana.com.br\\\/sobre\\\/praca-campo-de-bagatelle-em-santana-recebe-programacao-especial-no-aniversario-de-sp\\\/#breadcrumblist\"},\"author\":{\"@id\":\"https:\\\/\\\/www.encontrasantana.com.br\\\/sobre\\\/author\\\/esantana\\\/#author\"},\"creator\":{\"@id\":\"https:\\\/\\\/www.encontrasantana.com.br\\\/sobre\\\/author\\\/esantana\\\/#author\"},\"datePublished\":\"2014-01-24T00:55:53-03:00\",\"dateModified\":\"2019-04-15T09:57:27-03:00\"},{\"@type\":\"WebSite\",\"@id\":\"https:\\\/\\\/www.encontrasantana.com.br\\\/sobre\\\/#website\",\"url\":\"https:\\\/\\\/www.encontrasantana.com.br\\\/sobre\\\/\",\"name\":\"Encontra Santana\",\"description\":\"Not\\u00edcias, eventos, informa\\u00e7\\u00f5es e dicas no bairro de Santana e regi\\u00e3o.\",\"inLanguage\":\"pt-BR\",\"publisher\":{\"@id\":\"https:\\\/\\\/www.encontrasantana.com.br\\\/sobre\\\/#organization\"}}]}\n\t\t<\/script>\n\t\t<!-- All in One SEO -->\n\n","aioseo_head_json":{"title":"Pra\u00e7a Campo de Bagatelle, em Santana, recebe programa\u00e7\u00e3o especial no Anivers\u00e1rio de SP \u00bb Encontra Santana","description":"O anivers\u00e1rio de 460 anos de S\u00e3o Paulo, celebrado no dia 25 de janeiro, vai ocupar todo o territ\u00f3rio da cidade. A Pra\u00e7a Campo de Bagatelle, em Santana, recebe uma programa\u00e7\u00e3o com o N\u00facleo Pavanelli. \u00c0 tarde, artistas de punk-rock como os grupos Esgoto e Juventude Maldita agitam o p\u00fablico. E o encerramento tem artistas de","canonical_url":"https:\/\/www.encontrasantana.com.br\/sobre\/praca-campo-de-bagatelle-em-santana-recebe-programacao-especial-no-aniversario-de-sp\/","robots":"max-image-preview:large","keywords":"","webmasterTools":{"miscellaneous":""},"schema":{"@context":"https:\/\/schema.org","@graph":[{"@type":"Article","@id":"https:\/\/www.encontrasantana.com.br\/sobre\/praca-campo-de-bagatelle-em-santana-recebe-programacao-especial-no-aniversario-de-sp\/#article","name":"Pra\u00e7a Campo de Bagatelle, em Santana, recebe programa\u00e7\u00e3o especial no Anivers\u00e1rio de SP \u00bb Encontra Santana","headline":"Pra\u00e7a Campo de Bagatelle, em Santana, recebe programa\u00e7\u00e3o especial no Anivers\u00e1rio de SP","author":{"@id":"https:\/\/www.encontrasantana.com.br\/sobre\/author\/esantana\/#author"},"publisher":{"@id":"https:\/\/www.encontrasantana.com.br\/sobre\/#organization"},"datePublished":"2014-01-24T00:55:53-03:00","dateModified":"2019-04-15T09:57:27-03:00","inLanguage":"pt-BR","mainEntityOfPage":{"@id":"https:\/\/www.encontrasantana.com.br\/sobre\/praca-campo-de-bagatelle-em-santana-recebe-programacao-especial-no-aniversario-de-sp\/#webpage"},"isPartOf":{"@id":"https:\/\/www.encontrasantana.com.br\/sobre\/praca-campo-de-bagatelle-em-santana-recebe-programacao-especial-no-aniversario-de-sp\/#webpage"},"articleSection":"Not\u00edcias Santana"},{"@type":"BreadcrumbList","@id":"https:\/\/www.encontrasantana.com.br\/sobre\/praca-campo-de-bagatelle-em-santana-recebe-programacao-especial-no-aniversario-de-sp\/#breadcrumblist","itemListElement":[{"@type":"ListItem","@id":"https:\/\/www.encontrasantana.com.br\/sobre#listItem","position":1,"name":"In\u00edcio","item":"https:\/\/www.encontrasantana.com.br\/sobre","nextItem":{"@type":"ListItem","@id":"https:\/\/www.encontrasantana.com.br\/sobre\/noticias-em-santana\/#listItem","name":"Not\u00edcias Santana"}},{"@type":"ListItem","@id":"https:\/\/www.encontrasantana.com.br\/sobre\/noticias-em-santana\/#listItem","position":2,"name":"Not\u00edcias Santana","item":"https:\/\/www.encontrasantana.com.br\/sobre\/noticias-em-santana\/","nextItem":{"@type":"ListItem","@id":"https:\/\/www.encontrasantana.com.br\/sobre\/praca-campo-de-bagatelle-em-santana-recebe-programacao-especial-no-aniversario-de-sp\/#listItem","name":"Pra\u00e7a Campo de Bagatelle, em Santana, recebe programa\u00e7\u00e3o especial no Anivers\u00e1rio de SP"},"previousItem":{"@type":"ListItem","@id":"https:\/\/www.encontrasantana.com.br\/sobre#listItem","name":"In\u00edcio"}},{"@type":"ListItem","@id":"https:\/\/www.encontrasantana.com.br\/sobre\/praca-campo-de-bagatelle-em-santana-recebe-programacao-especial-no-aniversario-de-sp\/#listItem","position":3,"name":"Pra\u00e7a Campo de Bagatelle, em Santana, recebe programa\u00e7\u00e3o especial no Anivers\u00e1rio de SP","previousItem":{"@type":"ListItem","@id":"https:\/\/www.encontrasantana.com.br\/sobre\/noticias-em-santana\/#listItem","name":"Not\u00edcias Santana"}}]},{"@type":"Organization","@id":"https:\/\/www.encontrasantana.com.br\/sobre\/#organization","name":"Encontra Santana","description":"Not\u00edcias, eventos, informa\u00e7\u00f5es e dicas no bairro de Santana e regi\u00e3o.","url":"https:\/\/www.encontrasantana.com.br\/sobre\/"},{"@type":"Person","@id":"https:\/\/www.encontrasantana.com.br\/sobre\/author\/esantana\/#author","url":"https:\/\/www.encontrasantana.com.br\/sobre\/author\/esantana\/","name":"Encontra Santana","image":{"@type":"ImageObject","@id":"https:\/\/www.encontrasantana.com.br\/sobre\/praca-campo-de-bagatelle-em-santana-recebe-programacao-especial-no-aniversario-de-sp\/#authorImage","url":"https:\/\/secure.gravatar.com\/avatar\/0fbed662e37531ae23e68f85f9517b2454e50c1dfebf80eb9b721449ac95e0b9?s=96&d=mm&r=g","width":96,"height":96,"caption":"Encontra Santana"}},{"@type":"WebPage","@id":"https:\/\/www.encontrasantana.com.br\/sobre\/praca-campo-de-bagatelle-em-santana-recebe-programacao-especial-no-aniversario-de-sp\/#webpage","url":"https:\/\/www.encontrasantana.com.br\/sobre\/praca-campo-de-bagatelle-em-santana-recebe-programacao-especial-no-aniversario-de-sp\/","name":"Pra\u00e7a Campo de Bagatelle, em Santana, recebe programa\u00e7\u00e3o especial no Anivers\u00e1rio de SP \u00bb Encontra Santana","description":"O anivers\u00e1rio de 460 anos de S\u00e3o Paulo, celebrado no dia 25 de janeiro, vai ocupar todo o territ\u00f3rio da cidade. A Pra\u00e7a Campo de Bagatelle, em Santana, recebe uma programa\u00e7\u00e3o com o N\u00facleo Pavanelli. \u00c0 tarde, artistas de punk-rock como os grupos Esgoto e Juventude Maldita agitam o p\u00fablico. E o encerramento tem artistas de","inLanguage":"pt-BR","isPartOf":{"@id":"https:\/\/www.encontrasantana.com.br\/sobre\/#website"},"breadcrumb":{"@id":"https:\/\/www.encontrasantana.com.br\/sobre\/praca-campo-de-bagatelle-em-santana-recebe-programacao-especial-no-aniversario-de-sp\/#breadcrumblist"},"author":{"@id":"https:\/\/www.encontrasantana.com.br\/sobre\/author\/esantana\/#author"},"creator":{"@id":"https:\/\/www.encontrasantana.com.br\/sobre\/author\/esantana\/#author"},"datePublished":"2014-01-24T00:55:53-03:00","dateModified":"2019-04-15T09:57:27-03:00"},{"@type":"WebSite","@id":"https:\/\/www.encontrasantana.com.br\/sobre\/#website","url":"https:\/\/www.encontrasantana.com.br\/sobre\/","name":"Encontra Santana","description":"Not\u00edcias, eventos, informa\u00e7\u00f5es e dicas no bairro de Santana e regi\u00e3o.","inLanguage":"pt-BR","publisher":{"@id":"https:\/\/www.encontrasantana.com.br\/sobre\/#organization"}}]},"og:locale":"pt_BR","og:site_name":"Encontra Santana | Not\u00edcias, eventos, informa\u00e7\u00f5es e dicas no bairro de Santana e regi\u00e3o.","og:type":"article","og:title":"Pra\u00e7a Campo de Bagatelle, em Santana, recebe programa\u00e7\u00e3o especial no Anivers\u00e1rio de SP \u00bb Encontra Santana","og:description":"O anivers\u00e1rio de 460 anos de S\u00e3o Paulo, celebrado no dia 25 de janeiro, vai ocupar todo o territ\u00f3rio da cidade. A Pra\u00e7a Campo de Bagatelle, em Santana, recebe uma programa\u00e7\u00e3o com o N\u00facleo Pavanelli. \u00c0 tarde, artistas de punk-rock como os grupos Esgoto e Juventude Maldita agitam o p\u00fablico. E o encerramento tem artistas de","og:url":"https:\/\/www.encontrasantana.com.br\/sobre\/praca-campo-de-bagatelle-em-santana-recebe-programacao-especial-no-aniversario-de-sp\/","article:published_time":"2014-01-24T03:55:53+00:00","article:modified_time":"2019-04-15T12:57:27+00:00","twitter:card":"summary","twitter:title":"Pra\u00e7a Campo de Bagatelle, em Santana, recebe programa\u00e7\u00e3o especial no Anivers\u00e1rio de SP \u00bb Encontra Santana","twitter:description":"O anivers\u00e1rio de 460 anos de S\u00e3o Paulo, celebrado no dia 25 de janeiro, vai ocupar todo o territ\u00f3rio da cidade. A Pra\u00e7a Campo de Bagatelle, em Santana, recebe uma programa\u00e7\u00e3o com o N\u00facleo Pavanelli. \u00c0 tarde, artistas de punk-rock como os grupos Esgoto e Juventude Maldita agitam o p\u00fablico. E o encerramento tem artistas de"},"aioseo_meta_data":{"post_id":"43916","title":null,"description":null,"keywords":null,"keyphrases":null,"primary_term":null,"canonical_url":null,"og_title":null,"og_description":null,"og_object_type":"default","og_image_type":"default","og_image_url":null,"og_image_width":null,"og_image_height":null,"og_image_custom_url":null,"og_image_custom_fields":null,"og_video":null,"og_custom_url":null,"og_article_section":null,"og_article_tags":null,"twitter_use_og":false,"twitter_card":"default","twitter_image_type":"default","twitter_image_url":null,"twitter_image_custom_url":null,"twitter_image_custom_fields":null,"twitter_title":null,"twitter_description":null,"schema":{"blockGraphs":[],"customGraphs":[],"default":{"data":{"Article":[],"Course":[],"Dataset":[],"FAQPage":[],"Movie":[],"Person":[],"Product":[],"ProductReview":[],"Car":[],"Recipe":[],"Service":[],"SoftwareApplication":[],"WebPage":[]},"graphName":"Article","isEnabled":true},"graphs":[]},"schema_type":null,"schema_type_options":null,"pillar_content":false,"robots_default":true,"robots_noindex":false,"robots_noarchive":false,"robots_nosnippet":false,"robots_nofollow":false,"robots_noimageindex":false,"robots_noodp":false,"robots_notranslate":false,"robots_max_snippet":null,"robots_max_videopreview":null,"robots_max_imagepreview":"large","priority":null,"frequency":null,"local_seo":null,"limit_modified_date":false,"created":"2021-04-20 18:27:29","updated":"2026-08-07 00:54:43","focus_keyword":null,"additional_keywords":null,"truseo_locale":null,"ai":null,"breadcrumb_settings":null,"seo_analyzer_scan_date":null},"aioseo_breadcrumb":"<div class=\"aioseo-breadcrumbs\"><span class=\"aioseo-breadcrumb\">\n\t\t\t<a href=\"https:\/\/www.encontrasantana.com.br\/sobre\" title=\"In\u00edcio\">In\u00edcio<\/a>\n\t\t<\/span><span class=\"aioseo-breadcrumb-separator\">&raquo;<\/span><span class=\"aioseo-breadcrumb\">\n\t\t\t<a href=\"https:\/\/www.encontrasantana.com.br\/sobre\/noticias-em-santana\/\" title=\"Not\u00edcias Santana\">Not\u00edcias Santana<\/a>\n\t\t<\/span><span class=\"aioseo-breadcrumb-separator\">&raquo;<\/span><span class=\"aioseo-breadcrumb\">\n\t\t\tPra\u00e7a Campo de Bagatelle, em Santana, recebe programa\u00e7\u00e3o especial no Anivers\u00e1rio de SP\n\t\t<\/span><\/div>","aioseo_breadcrumb_json":[{"label":"In\u00edcio","link":"https:\/\/www.encontrasantana.com.br\/sobre"},{"label":"Not\u00edcias Santana","link":"https:\/\/www.encontrasantana.com.br\/sobre\/noticias-em-santana\/"},{"label":"Pra\u00e7a Campo de Bagatelle, em Santana, recebe programa\u00e7\u00e3o especial no Anivers\u00e1rio de SP","link":"https:\/\/www.encontrasantana.com.br\/sobre\/praca-campo-de-bagatelle-em-santana-recebe-programacao-especial-no-aniversario-de-sp\/"}],"_links":{"self":[{"href":"https:\/\/www.encontrasantana.com.br\/sobre\/wp-json\/wp\/v2\/posts\/43916","targetHints":{"allow":["GET"]}}],"collection":[{"href":"https:\/\/www.encontrasantana.com.br\/sobre\/wp-json\/wp\/v2\/posts"}],"about":[{"href":"https:\/\/www.encontrasantana.com.br\/sobre\/wp-json\/wp\/v2\/types\/post"}],"author":[{"embeddable":true,"href":"https:\/\/www.encontrasantana.com.br\/sobre\/wp-json\/wp\/v2\/users\/1"}],"replies":[{"embeddable":true,"href":"https:\/\/www.encontrasantana.com.br\/sobre\/wp-json\/wp\/v2\/comments?post=43916"}],"version-history":[{"count":0,"href":"https:\/\/www.encontrasantana.com.br\/sobre\/wp-json\/wp\/v2\/posts\/43916\/revisions"}],"wp:attachment":[{"href":"https:\/\/www.encontrasantana.com.br\/sobre\/wp-json\/wp\/v2\/media?parent=43916"}],"wp:term":[{"taxonomy":"category","embeddable":true,"href":"https:\/\/www.encontrasantana.com.br\/sobre\/wp-json\/wp\/v2\/categories?post=43916"},{"taxonomy":"post_tag","embeddable":true,"href":"https:\/\/www.encontrasantana.com.br\/sobre\/wp-json\/wp\/v2\/tags?post=43916"}],"curies":[{"name":"wp","href":"https:\/\/api.w.org\/{rel}","templated":true}]}}