{"id":43937,"date":"2014-02-19T06:48:47","date_gmt":"2014-02-19T09:48:47","guid":{"rendered":"http:\/\/www.encontrasantana.com.br\/blog\/?p=43937"},"modified":"2019-04-15T09:57:23","modified_gmt":"2019-04-15T12:57:23","slug":"cat-movel-visita-universidade-em-santana-ate-2802-confira","status":"publish","type":"post","link":"https:\/\/www.encontrasantana.com.br\/sobre\/cat-movel-visita-universidade-em-santana-ate-2802-confira\/","title":{"rendered":"CAT M\u00f3vel visita Universidade em Santana at\u00e9 28\/02; confira"},"content":{"rendered":"<div class=\"1acf8468e559fd3cbeec5aee3a269a52\" data-index=\"1\" style=\"float: none; margin:0px;\">\n<!-- Anuncio display - global -->\r\n<ins class=\"adsbygoogle\"\r\n     style=\"display:block\"\r\n     data-ad-client=\"ca-pub-8585364105181520\"\r\n     data-ad-slot=\"8789329856\"\r\n     data-ad-format=\"auto\"\r\n     data-full-width-responsive=\"true\"><\/ins>\r\n<script>\r\n     (adsbygoogle = window.adsbygoogle || []).push({});\r\n<\/script>\n<\/div>\n<p>A Secretaria Municipal do Desenvolvimento, Trabalho e Empreendedorismo (SDTE), atrav\u00e9s das unidades m\u00f3veis do Centro de Apoio ao Trabalho (CAT), atende, nesta semana, em todos os campi da Universidade Anhanguera da Capital, al\u00e9m do atendimento feito diariamente ao mun\u00edcipe.<\/p>\n<p>O CAT M\u00f3vel passar\u00e1 pelo bairro de Santana. O atendimento ser\u00e1 realizado at\u00e9 o dia 28 de fevereiro, das 8h00 \u00e0s 17h00.<\/p>\n<p>Al\u00e9m de vagas de emprego, os CATs M\u00f3veis oferecem servi\u00e7os como: emiss\u00e3o de carteira de trabalho (1\u00aa e 2\u00aa vias), habilita\u00e7\u00e3o do seguro-desemprego, formaliza\u00e7\u00e3o de microempreendedor individual (MEI) e inscri\u00e7\u00f5es para o Programa Nacional de Acesso ao Ensino T\u00e9cnico e Emprego (Pronatec), entre outros.<\/p>\n<p>Outras informa\u00e7\u00f5es est\u00e3o dispon\u00edveis no site Prefeitura de S\u00e3o Paulo ou na Central de Atendimento ao Mun\u00edcipe, 156.<\/p>\n<p>Confira abaixo a programa\u00e7\u00e3o do CAT M\u00f3vel:<\/p>\n<p><strong>Local: <\/strong>Anhanguera Santana<br \/>\n<strong>Endere\u00e7o:<\/strong> Av. Braz Leme, n\u00b0 3.029<\/p>\n\n<div style=\"font-size: 0px; height: 0px; line-height: 0px; margin: 0; padding: 0; clear: both;\"><\/div>","protected":false},"excerpt":{"rendered":"<p>A Secretaria Municipal do Desenvolvimento, Trabalho e Empreendedorismo (SDTE), atrav\u00e9s das unidades m\u00f3veis do Centro de Apoio ao Trabalho (CAT), atende, nesta semana, em todos os campi da Universidade Anhanguera da Capital, al\u00e9m do atendimento feito diariamente ao mun\u00edcipe. O CAT M\u00f3vel passar\u00e1 pelo bairro de Santana. O atendimento ser\u00e1 realizado at\u00e9 o dia 28 de fevereiro, das 8h00 \u00e0s 17h00. Al\u00e9m de vagas de emprego, os CATs M\u00f3veis oferecem servi\u00e7os como: emiss\u00e3o de carteira de trabalho (1\u00aa e 2\u00aa vias), habilita\u00e7\u00e3o do seguro-desemprego, formaliza\u00e7\u00e3o de microempreendedor individual (MEI) e inscri\u00e7\u00f5es para o Programa Nacional de Acesso ao Ensino T\u00e9cnico <\/p>\n","protected":false},"author":1,"featured_media":0,"comment_status":"open","ping_status":"closed","sticky":false,"template":"","format":"standard","meta":{"footnotes":""},"categories":[3],"tags":[],"class_list":["post-43937","post","type-post","status-publish","format-standard","hentry","category-noticias-em-santana"],"aioseo_notices":[],"aioseo_head":"\n\t\t<!-- All in One SEO 5.0.0.1 - aioseo.com -->\n\t<meta name=\"description\" content=\"A Secretaria Municipal do Desenvolvimento, Trabalho e Empreendedorismo (SDTE), atrav\u00e9s das unidades m\u00f3veis do Centro de Apoio ao Trabalho (CAT), atende, nesta semana, em todos os campi da Universidade Anhanguera da Capital, al\u00e9m do atendimento feito diariamente ao mun\u00edcipe. O CAT M\u00f3vel passar\u00e1 pelo bairro de Santana. O atendimento ser\u00e1 realizado at\u00e9 o dia 28\" \/>\n\t<meta name=\"robots\" content=\"max-image-preview:large\" \/>\n\t<meta name=\"author\" content=\"Encontra Santana\"\/>\n\t<link rel=\"canonical\" href=\"https:\/\/www.encontrasantana.com.br\/sobre\/cat-movel-visita-universidade-em-santana-ate-2802-confira\/\" \/>\n\t<meta name=\"generator\" content=\"All in One SEO (AIOSEO) 5.0.0.1\" \/>\n\t\t<meta property=\"og:locale\" content=\"pt_BR\" \/>\n\t\t<meta property=\"og:site_name\" content=\"Encontra Santana | Not\u00edcias, eventos, informa\u00e7\u00f5es e dicas no bairro de Santana e regi\u00e3o.\" \/>\n\t\t<meta property=\"og:type\" content=\"article\" \/>\n\t\t<meta property=\"og:title\" content=\"CAT M\u00f3vel visita Universidade em Santana at\u00e9 28\/02; confira \u00bb Encontra Santana\" \/>\n\t\t<meta property=\"og:description\" content=\"A Secretaria Municipal do Desenvolvimento, Trabalho e Empreendedorismo (SDTE), atrav\u00e9s das unidades m\u00f3veis do Centro de Apoio ao Trabalho (CAT), atende, nesta semana, em todos os campi da Universidade Anhanguera da Capital, al\u00e9m do atendimento feito diariamente ao mun\u00edcipe. O CAT M\u00f3vel passar\u00e1 pelo bairro de Santana. O atendimento ser\u00e1 realizado at\u00e9 o dia 28\" \/>\n\t\t<meta property=\"og:url\" content=\"https:\/\/www.encontrasantana.com.br\/sobre\/cat-movel-visita-universidade-em-santana-ate-2802-confira\/\" \/>\n\t\t<meta property=\"article:published_time\" content=\"2014-02-19T09:48:47+00:00\" \/>\n\t\t<meta property=\"article:modified_time\" content=\"2019-04-15T12:57:23+00:00\" \/>\n\t\t<meta name=\"twitter:card\" content=\"summary\" \/>\n\t\t<meta name=\"twitter:title\" content=\"CAT M\u00f3vel visita Universidade em Santana at\u00e9 28\/02; confira \u00bb Encontra Santana\" \/>\n\t\t<meta name=\"twitter:description\" content=\"A Secretaria Municipal do Desenvolvimento, Trabalho e Empreendedorismo (SDTE), atrav\u00e9s das unidades m\u00f3veis do Centro de Apoio ao Trabalho (CAT), atende, nesta semana, em todos os campi da Universidade Anhanguera da Capital, al\u00e9m do atendimento feito diariamente ao mun\u00edcipe. O CAT M\u00f3vel passar\u00e1 pelo bairro de Santana. O atendimento ser\u00e1 realizado at\u00e9 o dia 28\" \/>\n\t\t<script type=\"application\/ld+json\" class=\"aioseo-schema\">\n\t\t\t{\"@context\":\"https:\\\/\\\/schema.org\",\"@graph\":[{\"@type\":\"Article\",\"@id\":\"https:\\\/\\\/www.encontrasantana.com.br\\\/sobre\\\/cat-movel-visita-universidade-em-santana-ate-2802-confira\\\/#article\",\"name\":\"CAT M\\u00f3vel visita Universidade em Santana at\\u00e9 28\\\/02; confira \\u00bb Encontra Santana\",\"headline\":\"CAT M\\u00f3vel visita Universidade em Santana at\\u00e9 28\\\/02; confira\",\"author\":{\"@id\":\"https:\\\/\\\/www.encontrasantana.com.br\\\/sobre\\\/author\\\/esantana\\\/#author\"},\"publisher\":{\"@id\":\"https:\\\/\\\/www.encontrasantana.com.br\\\/sobre\\\/#organization\"},\"datePublished\":\"2014-02-19T06:48:47-03:00\",\"dateModified\":\"2019-04-15T09:57:23-03:00\",\"inLanguage\":\"pt-BR\",\"mainEntityOfPage\":{\"@id\":\"https:\\\/\\\/www.encontrasantana.com.br\\\/sobre\\\/cat-movel-visita-universidade-em-santana-ate-2802-confira\\\/#webpage\"},\"isPartOf\":{\"@id\":\"https:\\\/\\\/www.encontrasantana.com.br\\\/sobre\\\/cat-movel-visita-universidade-em-santana-ate-2802-confira\\\/#webpage\"},\"articleSection\":\"Not\\u00edcias Santana\"},{\"@type\":\"BreadcrumbList\",\"@id\":\"https:\\\/\\\/www.encontrasantana.com.br\\\/sobre\\\/cat-movel-visita-universidade-em-santana-ate-2802-confira\\\/#breadcrumblist\",\"itemListElement\":[{\"@type\":\"ListItem\",\"@id\":\"https:\\\/\\\/www.encontrasantana.com.br\\\/sobre#listItem\",\"position\":1,\"name\":\"In\\u00edcio\",\"item\":\"https:\\\/\\\/www.encontrasantana.com.br\\\/sobre\",\"nextItem\":{\"@type\":\"ListItem\",\"@id\":\"https:\\\/\\\/www.encontrasantana.com.br\\\/sobre\\\/noticias-em-santana\\\/#listItem\",\"name\":\"Not\\u00edcias Santana\"}},{\"@type\":\"ListItem\",\"@id\":\"https:\\\/\\\/www.encontrasantana.com.br\\\/sobre\\\/noticias-em-santana\\\/#listItem\",\"position\":2,\"name\":\"Not\\u00edcias Santana\",\"item\":\"https:\\\/\\\/www.encontrasantana.com.br\\\/sobre\\\/noticias-em-santana\\\/\",\"nextItem\":{\"@type\":\"ListItem\",\"@id\":\"https:\\\/\\\/www.encontrasantana.com.br\\\/sobre\\\/cat-movel-visita-universidade-em-santana-ate-2802-confira\\\/#listItem\",\"name\":\"CAT M\\u00f3vel visita Universidade em Santana at\\u00e9 28\\\/02; confira\"},\"previousItem\":{\"@type\":\"ListItem\",\"@id\":\"https:\\\/\\\/www.encontrasantana.com.br\\\/sobre#listItem\",\"name\":\"In\\u00edcio\"}},{\"@type\":\"ListItem\",\"@id\":\"https:\\\/\\\/www.encontrasantana.com.br\\\/sobre\\\/cat-movel-visita-universidade-em-santana-ate-2802-confira\\\/#listItem\",\"position\":3,\"name\":\"CAT M\\u00f3vel visita Universidade em Santana at\\u00e9 28\\\/02; confira\",\"previousItem\":{\"@type\":\"ListItem\",\"@id\":\"https:\\\/\\\/www.encontrasantana.com.br\\\/sobre\\\/noticias-em-santana\\\/#listItem\",\"name\":\"Not\\u00edcias Santana\"}}]},{\"@type\":\"Organization\",\"@id\":\"https:\\\/\\\/www.encontrasantana.com.br\\\/sobre\\\/#organization\",\"name\":\"Encontra Santana\",\"description\":\"Not\\u00edcias, eventos, informa\\u00e7\\u00f5es e dicas no bairro de Santana e regi\\u00e3o.\",\"url\":\"https:\\\/\\\/www.encontrasantana.com.br\\\/sobre\\\/\"},{\"@type\":\"Person\",\"@id\":\"https:\\\/\\\/www.encontrasantana.com.br\\\/sobre\\\/author\\\/esantana\\\/#author\",\"url\":\"https:\\\/\\\/www.encontrasantana.com.br\\\/sobre\\\/author\\\/esantana\\\/\",\"name\":\"Encontra Santana\",\"image\":{\"@type\":\"ImageObject\",\"@id\":\"https:\\\/\\\/www.encontrasantana.com.br\\\/sobre\\\/cat-movel-visita-universidade-em-santana-ate-2802-confira\\\/#authorImage\",\"url\":\"https:\\\/\\\/secure.gravatar.com\\\/avatar\\\/0fbed662e37531ae23e68f85f9517b2454e50c1dfebf80eb9b721449ac95e0b9?s=96&d=mm&r=g\",\"width\":96,\"height\":96,\"caption\":\"Encontra Santana\"}},{\"@type\":\"WebPage\",\"@id\":\"https:\\\/\\\/www.encontrasantana.com.br\\\/sobre\\\/cat-movel-visita-universidade-em-santana-ate-2802-confira\\\/#webpage\",\"url\":\"https:\\\/\\\/www.encontrasantana.com.br\\\/sobre\\\/cat-movel-visita-universidade-em-santana-ate-2802-confira\\\/\",\"name\":\"CAT M\\u00f3vel visita Universidade em Santana at\\u00e9 28\\\/02; confira \\u00bb Encontra Santana\",\"description\":\"A Secretaria Municipal do Desenvolvimento, Trabalho e Empreendedorismo (SDTE), atrav\\u00e9s das unidades m\\u00f3veis do Centro de Apoio ao Trabalho (CAT), atende, nesta semana, em todos os campi da Universidade Anhanguera da Capital, al\\u00e9m do atendimento feito diariamente ao mun\\u00edcipe. O CAT M\\u00f3vel passar\\u00e1 pelo bairro de Santana. O atendimento ser\\u00e1 realizado at\\u00e9 o dia 28\",\"inLanguage\":\"pt-BR\",\"isPartOf\":{\"@id\":\"https:\\\/\\\/www.encontrasantana.com.br\\\/sobre\\\/#website\"},\"breadcrumb\":{\"@id\":\"https:\\\/\\\/www.encontrasantana.com.br\\\/sobre\\\/cat-movel-visita-universidade-em-santana-ate-2802-confira\\\/#breadcrumblist\"},\"author\":{\"@id\":\"https:\\\/\\\/www.encontrasantana.com.br\\\/sobre\\\/author\\\/esantana\\\/#author\"},\"creator\":{\"@id\":\"https:\\\/\\\/www.encontrasantana.com.br\\\/sobre\\\/author\\\/esantana\\\/#author\"},\"datePublished\":\"2014-02-19T06:48:47-03:00\",\"dateModified\":\"2019-04-15T09:57:23-03:00\"},{\"@type\":\"WebSite\",\"@id\":\"https:\\\/\\\/www.encontrasantana.com.br\\\/sobre\\\/#website\",\"url\":\"https:\\\/\\\/www.encontrasantana.com.br\\\/sobre\\\/\",\"name\":\"Encontra Santana\",\"description\":\"Not\\u00edcias, eventos, informa\\u00e7\\u00f5es e dicas no bairro de Santana e regi\\u00e3o.\",\"inLanguage\":\"pt-BR\",\"publisher\":{\"@id\":\"https:\\\/\\\/www.encontrasantana.com.br\\\/sobre\\\/#organization\"}}]}\n\t\t<\/script>\n\t\t<!-- All in One SEO -->\n\n","aioseo_head_json":{"title":"CAT M\u00f3vel visita Universidade em Santana at\u00e9 28\/02; confira \u00bb Encontra Santana","description":"A Secretaria Municipal do Desenvolvimento, Trabalho e Empreendedorismo (SDTE), atrav\u00e9s das unidades m\u00f3veis do Centro de Apoio ao Trabalho (CAT), atende, nesta semana, em todos os campi da Universidade Anhanguera da Capital, al\u00e9m do atendimento feito diariamente ao mun\u00edcipe. O CAT M\u00f3vel passar\u00e1 pelo bairro de Santana. O atendimento ser\u00e1 realizado at\u00e9 o dia 28","canonical_url":"https:\/\/www.encontrasantana.com.br\/sobre\/cat-movel-visita-universidade-em-santana-ate-2802-confira\/","robots":"max-image-preview:large","keywords":"","webmasterTools":{"miscellaneous":""},"schema":{"@context":"https:\/\/schema.org","@graph":[{"@type":"Article","@id":"https:\/\/www.encontrasantana.com.br\/sobre\/cat-movel-visita-universidade-em-santana-ate-2802-confira\/#article","name":"CAT M\u00f3vel visita Universidade em Santana at\u00e9 28\/02; confira \u00bb Encontra Santana","headline":"CAT M\u00f3vel visita Universidade em Santana at\u00e9 28\/02; confira","author":{"@id":"https:\/\/www.encontrasantana.com.br\/sobre\/author\/esantana\/#author"},"publisher":{"@id":"https:\/\/www.encontrasantana.com.br\/sobre\/#organization"},"datePublished":"2014-02-19T06:48:47-03:00","dateModified":"2019-04-15T09:57:23-03:00","inLanguage":"pt-BR","mainEntityOfPage":{"@id":"https:\/\/www.encontrasantana.com.br\/sobre\/cat-movel-visita-universidade-em-santana-ate-2802-confira\/#webpage"},"isPartOf":{"@id":"https:\/\/www.encontrasantana.com.br\/sobre\/cat-movel-visita-universidade-em-santana-ate-2802-confira\/#webpage"},"articleSection":"Not\u00edcias Santana"},{"@type":"BreadcrumbList","@id":"https:\/\/www.encontrasantana.com.br\/sobre\/cat-movel-visita-universidade-em-santana-ate-2802-confira\/#breadcrumblist","itemListElement":[{"@type":"ListItem","@id":"https:\/\/www.encontrasantana.com.br\/sobre#listItem","position":1,"name":"In\u00edcio","item":"https:\/\/www.encontrasantana.com.br\/sobre","nextItem":{"@type":"ListItem","@id":"https:\/\/www.encontrasantana.com.br\/sobre\/noticias-em-santana\/#listItem","name":"Not\u00edcias Santana"}},{"@type":"ListItem","@id":"https:\/\/www.encontrasantana.com.br\/sobre\/noticias-em-santana\/#listItem","position":2,"name":"Not\u00edcias Santana","item":"https:\/\/www.encontrasantana.com.br\/sobre\/noticias-em-santana\/","nextItem":{"@type":"ListItem","@id":"https:\/\/www.encontrasantana.com.br\/sobre\/cat-movel-visita-universidade-em-santana-ate-2802-confira\/#listItem","name":"CAT M\u00f3vel visita Universidade em Santana at\u00e9 28\/02; confira"},"previousItem":{"@type":"ListItem","@id":"https:\/\/www.encontrasantana.com.br\/sobre#listItem","name":"In\u00edcio"}},{"@type":"ListItem","@id":"https:\/\/www.encontrasantana.com.br\/sobre\/cat-movel-visita-universidade-em-santana-ate-2802-confira\/#listItem","position":3,"name":"CAT M\u00f3vel visita Universidade em Santana at\u00e9 28\/02; confira","previousItem":{"@type":"ListItem","@id":"https:\/\/www.encontrasantana.com.br\/sobre\/noticias-em-santana\/#listItem","name":"Not\u00edcias Santana"}}]},{"@type":"Organization","@id":"https:\/\/www.encontrasantana.com.br\/sobre\/#organization","name":"Encontra Santana","description":"Not\u00edcias, eventos, informa\u00e7\u00f5es e dicas no bairro de Santana e regi\u00e3o.","url":"https:\/\/www.encontrasantana.com.br\/sobre\/"},{"@type":"Person","@id":"https:\/\/www.encontrasantana.com.br\/sobre\/author\/esantana\/#author","url":"https:\/\/www.encontrasantana.com.br\/sobre\/author\/esantana\/","name":"Encontra Santana","image":{"@type":"ImageObject","@id":"https:\/\/www.encontrasantana.com.br\/sobre\/cat-movel-visita-universidade-em-santana-ate-2802-confira\/#authorImage","url":"https:\/\/secure.gravatar.com\/avatar\/0fbed662e37531ae23e68f85f9517b2454e50c1dfebf80eb9b721449ac95e0b9?s=96&d=mm&r=g","width":96,"height":96,"caption":"Encontra Santana"}},{"@type":"WebPage","@id":"https:\/\/www.encontrasantana.com.br\/sobre\/cat-movel-visita-universidade-em-santana-ate-2802-confira\/#webpage","url":"https:\/\/www.encontrasantana.com.br\/sobre\/cat-movel-visita-universidade-em-santana-ate-2802-confira\/","name":"CAT M\u00f3vel visita Universidade em Santana at\u00e9 28\/02; confira \u00bb Encontra Santana","description":"A Secretaria Municipal do Desenvolvimento, Trabalho e Empreendedorismo (SDTE), atrav\u00e9s das unidades m\u00f3veis do Centro de Apoio ao Trabalho (CAT), atende, nesta semana, em todos os campi da Universidade Anhanguera da Capital, al\u00e9m do atendimento feito diariamente ao mun\u00edcipe. O CAT M\u00f3vel passar\u00e1 pelo bairro de Santana. O atendimento ser\u00e1 realizado at\u00e9 o dia 28","inLanguage":"pt-BR","isPartOf":{"@id":"https:\/\/www.encontrasantana.com.br\/sobre\/#website"},"breadcrumb":{"@id":"https:\/\/www.encontrasantana.com.br\/sobre\/cat-movel-visita-universidade-em-santana-ate-2802-confira\/#breadcrumblist"},"author":{"@id":"https:\/\/www.encontrasantana.com.br\/sobre\/author\/esantana\/#author"},"creator":{"@id":"https:\/\/www.encontrasantana.com.br\/sobre\/author\/esantana\/#author"},"datePublished":"2014-02-19T06:48:47-03:00","dateModified":"2019-04-15T09:57:23-03:00"},{"@type":"WebSite","@id":"https:\/\/www.encontrasantana.com.br\/sobre\/#website","url":"https:\/\/www.encontrasantana.com.br\/sobre\/","name":"Encontra Santana","description":"Not\u00edcias, eventos, informa\u00e7\u00f5es e dicas no bairro de Santana e regi\u00e3o.","inLanguage":"pt-BR","publisher":{"@id":"https:\/\/www.encontrasantana.com.br\/sobre\/#organization"}}]},"og:locale":"pt_BR","og:site_name":"Encontra Santana | Not\u00edcias, eventos, informa\u00e7\u00f5es e dicas no bairro de Santana e regi\u00e3o.","og:type":"article","og:title":"CAT M\u00f3vel visita Universidade em Santana at\u00e9 28\/02; confira \u00bb Encontra Santana","og:description":"A Secretaria Municipal do Desenvolvimento, Trabalho e Empreendedorismo (SDTE), atrav\u00e9s das unidades m\u00f3veis do Centro de Apoio ao Trabalho (CAT), atende, nesta semana, em todos os campi da Universidade Anhanguera da Capital, al\u00e9m do atendimento feito diariamente ao mun\u00edcipe. O CAT M\u00f3vel passar\u00e1 pelo bairro de Santana. O atendimento ser\u00e1 realizado at\u00e9 o dia 28","og:url":"https:\/\/www.encontrasantana.com.br\/sobre\/cat-movel-visita-universidade-em-santana-ate-2802-confira\/","article:published_time":"2014-02-19T09:48:47+00:00","article:modified_time":"2019-04-15T12:57:23+00:00","twitter:card":"summary","twitter:title":"CAT M\u00f3vel visita Universidade em Santana at\u00e9 28\/02; confira \u00bb Encontra Santana","twitter:description":"A Secretaria Municipal do Desenvolvimento, Trabalho e Empreendedorismo (SDTE), atrav\u00e9s das unidades m\u00f3veis do Centro de Apoio ao Trabalho (CAT), atende, nesta semana, em todos os campi da Universidade Anhanguera da Capital, al\u00e9m do atendimento feito diariamente ao mun\u00edcipe. O CAT M\u00f3vel passar\u00e1 pelo bairro de Santana. O atendimento ser\u00e1 realizado at\u00e9 o dia 28"},"aioseo_meta_data":{"post_id":"43937","title":null,"description":null,"keywords":null,"keyphrases":null,"primary_term":null,"canonical_url":null,"og_title":null,"og_description":null,"og_object_type":"default","og_image_type":"default","og_image_url":null,"og_image_width":null,"og_image_height":null,"og_image_custom_url":null,"og_image_custom_fields":null,"og_video":null,"og_custom_url":null,"og_article_section":null,"og_article_tags":null,"twitter_use_og":false,"twitter_card":"default","twitter_image_type":"default","twitter_image_url":null,"twitter_image_custom_url":null,"twitter_image_custom_fields":null,"twitter_title":null,"twitter_description":null,"schema":{"blockGraphs":[],"customGraphs":[],"default":{"data":{"Article":[],"Course":[],"Dataset":[],"FAQPage":[],"Movie":[],"Person":[],"Product":[],"ProductReview":[],"Car":[],"Recipe":[],"Service":[],"SoftwareApplication":[],"WebPage":[]},"graphName":"Article","isEnabled":true},"graphs":[]},"schema_type":null,"schema_type_options":null,"pillar_content":false,"robots_default":true,"robots_noindex":false,"robots_noarchive":false,"robots_nosnippet":false,"robots_nofollow":false,"robots_noimageindex":false,"robots_noodp":false,"robots_notranslate":false,"robots_max_snippet":null,"robots_max_videopreview":null,"robots_max_imagepreview":"large","priority":null,"frequency":null,"local_seo":null,"limit_modified_date":false,"created":"2021-04-20 18:27:29","updated":"2026-08-07 01:01:29","focus_keyword":null,"additional_keywords":null,"truseo_locale":null,"ai":null,"breadcrumb_settings":null,"seo_analyzer_scan_date":null},"aioseo_breadcrumb":"<div class=\"aioseo-breadcrumbs\"><span class=\"aioseo-breadcrumb\">\n\t\t\t<a href=\"https:\/\/www.encontrasantana.com.br\/sobre\" title=\"In\u00edcio\">In\u00edcio<\/a>\n\t\t<\/span><span class=\"aioseo-breadcrumb-separator\">&raquo;<\/span><span class=\"aioseo-breadcrumb\">\n\t\t\t<a href=\"https:\/\/www.encontrasantana.com.br\/sobre\/noticias-em-santana\/\" title=\"Not\u00edcias Santana\">Not\u00edcias Santana<\/a>\n\t\t<\/span><span class=\"aioseo-breadcrumb-separator\">&raquo;<\/span><span class=\"aioseo-breadcrumb\">\n\t\t\tCAT M\u00f3vel visita Universidade em Santana at\u00e9 28\/02; confira\n\t\t<\/span><\/div>","aioseo_breadcrumb_json":[{"label":"In\u00edcio","link":"https:\/\/www.encontrasantana.com.br\/sobre"},{"label":"Not\u00edcias Santana","link":"https:\/\/www.encontrasantana.com.br\/sobre\/noticias-em-santana\/"},{"label":"CAT M\u00f3vel visita Universidade em Santana at\u00e9 28\/02; confira","link":"https:\/\/www.encontrasantana.com.br\/sobre\/cat-movel-visita-universidade-em-santana-ate-2802-confira\/"}],"_links":{"self":[{"href":"https:\/\/www.encontrasantana.com.br\/sobre\/wp-json\/wp\/v2\/posts\/43937","targetHints":{"allow":["GET"]}}],"collection":[{"href":"https:\/\/www.encontrasantana.com.br\/sobre\/wp-json\/wp\/v2\/posts"}],"about":[{"href":"https:\/\/www.encontrasantana.com.br\/sobre\/wp-json\/wp\/v2\/types\/post"}],"author":[{"embeddable":true,"href":"https:\/\/www.encontrasantana.com.br\/sobre\/wp-json\/wp\/v2\/users\/1"}],"replies":[{"embeddable":true,"href":"https:\/\/www.encontrasantana.com.br\/sobre\/wp-json\/wp\/v2\/comments?post=43937"}],"version-history":[{"count":0,"href":"https:\/\/www.encontrasantana.com.br\/sobre\/wp-json\/wp\/v2\/posts\/43937\/revisions"}],"wp:attachment":[{"href":"https:\/\/www.encontrasantana.com.br\/sobre\/wp-json\/wp\/v2\/media?parent=43937"}],"wp:term":[{"taxonomy":"category","embeddable":true,"href":"https:\/\/www.encontrasantana.com.br\/sobre\/wp-json\/wp\/v2\/categories?post=43937"},{"taxonomy":"post_tag","embeddable":true,"href":"https:\/\/www.encontrasantana.com.br\/sobre\/wp-json\/wp\/v2\/tags?post=43937"}],"curies":[{"name":"wp","href":"https:\/\/api.w.org\/{rel}","templated":true}]}}