{"id":44306,"date":"2021-06-10T07:15:33","date_gmt":"2021-06-10T10:15:33","guid":{"rendered":"https:\/\/www.encontrasantana.com.br\/sobre\/?p=44306"},"modified":"2021-06-10T07:15:33","modified_gmt":"2021-06-10T10:15:33","slug":"centro-universitario-santanna-santana","status":"publish","type":"post","link":"https:\/\/www.encontrasantana.com.br\/sobre\/centro-universitario-santanna-santana\/","title":{"rendered":"Centro Universit\u00e1rio Sant&#8217;Anna Santana"},"content":{"rendered":"<div class=\"1acf8468e559fd3cbeec5aee3a269a52\" data-index=\"1\" style=\"float: none; margin:0px;\">\n<!-- Anuncio display - global -->\r\n<ins class=\"adsbygoogle\"\r\n     style=\"display:block\"\r\n     data-ad-client=\"ca-pub-8585364105181520\"\r\n     data-ad-slot=\"8789329856\"\r\n     data-ad-format=\"auto\"\r\n     data-full-width-responsive=\"true\"><\/ins>\r\n<script>\r\n     (adsbygoogle = window.adsbygoogle || []).push({});\r\n<\/script>\n<\/div>\n<p>O <strong>Centro Universit\u00e1rio Sant&#8217;Anna<\/strong>, ou UniSant&#8217;Anna, \u00e9 um centro universit\u00e1rio brasileiro privado sediado em S\u00e3o Paulo. Sua funda\u00e7\u00e3o ocorreu em 1932, por\u00e9m somente em 1999 as Faculdades Sant\u2019Anna foram credenciadas junto ao Minist\u00e9rio da Educa\u00e7\u00e3o e passaram a se chamar Centro Universit\u00e1rio Sant\u2019Anna.<\/p>\n<p>Atualmente possu\u00ed mais de 9.000 alunos, cerca de 30 cursos superiores e cursos de P\u00f3s-Gradua\u00e7\u00e3o. Sendo ministrados em 4 campi.\u00a0Recentemente, a UniSant\u00b4Anna abriu um campus dentro do Sport Club Corinthians Paulista, um dos maiores clubes do Brasil, al\u00e9m de um no bairro do Tucuruvi.Centro Universit\u00e1rio Sant&#8217;Anna.<\/p>\n<p><img loading=\"lazy\" decoding=\"async\" class=\"alignnone wp-image-44307 size-full\" title=\"Centro Universit\u00e1rio Sant'Anna Santana\" src=\"https:\/\/www.encontrasantana.com.br\/sobre\/wp-content\/uploads\/2021\/06\/ESCOLA.gif\" alt=\"Centro Universit\u00e1rio Sant'Anna Santana\" width=\"680\" height=\"189\" \/><\/p>\n<p>J\u00e1 foi um dos mais tradicionais centros universit\u00e1rios de S\u00e3o Paulo, caiu no sucateamento at\u00e9 os anos 90 e ressurgiu no final dos anos 90 como op\u00e7\u00e3o em cursos tradicionais, despontando como top em alguns cursos avaliados pelo MEC.\u00a0Por \u00faltimo, inaugurou mais um Campus no complexo do Shopping Aricanduva, tamb\u00e9m em S\u00e3o Paulo, que veio se juntar aos outros tr\u00eas da Capital, al\u00e9m de um localizado em Salto, interior de S\u00e3o Paulo<\/p>\n<h2>Centro Universit\u00e1rio Sant&#8217;Anna Santana Cursos<\/h2>\n<p>A Uni Sant&#8217; Anna oferece os seguintes <em>cursos:<\/em><\/p>\n<p>Gradua\u00e7\u00e3o<\/p>\n<ul>\n<li>Administra\u00e7\u00e3o<\/li>\n<li>An\u00e1lise e Desenvolvimento de Sistemas<\/li>\n<li>Arquitetura e Urbanismo<\/li>\n<li>Biomedicina<\/li>\n<li>Ci\u00eancia da Computa\u00e7\u00e3o<\/li>\n<li>Ci\u00eancias Aeron\u00e1uticas<\/li>\n<li>Ci\u00eancias Cont\u00e1beis<\/li>\n<li>Comunica\u00e7\u00e3o Social \u2013 Publicidade e Propaganda<\/li>\n<li>Design Gr\u00e1fico<\/li>\n<li>Educa\u00e7\u00e3o F\u00edsica<\/li>\n<li>Enfermagem<\/li>\n<li>Engenharia Aeron\u00e1utica<\/li>\n<li>Engenharia Civil<\/li>\n<li>Engenharia da Computa\u00e7\u00e3o<\/li>\n<li>Engenharia da Produ\u00e7\u00e3o<\/li>\n<li>Engenharia El\u00e9trica<\/li>\n<li>Est\u00e9tica e Cosm\u00e9tica<\/li>\n<li>Farm\u00e1cia<\/li>\n<li>Fisioterapia<\/li>\n<li>Fonoaudiologia<\/li>\n<li>Gest\u00e3o Comercial<\/li>\n<li>Gest\u00e3o de Marketing<\/li>\n<li>Gest\u00e3o de Pessoas<\/li>\n<li>Gest\u00e3o de Qualidade<\/li>\n<li>Gest\u00e3o de Recursos Humanos<\/li>\n<li>Gest\u00e3o de Servi\u00e7os Jur\u00eddicos, Notariais e de Registro<\/li>\n<li>Gest\u00e3o Financeira<\/li>\n<li>Gest\u00e3o Hospitalar<\/li>\n<li>Gest\u00e3o P\u00fablica<\/li>\n<li>Jornalismo<\/li>\n<li>Letras<\/li>\n<li>Log\u00edstica<\/li>\n<li>Manuten\u00e7\u00e3o de Aeronaves<\/li>\n<li>Matem\u00e1tica<\/li>\n<li>Media\u00e7\u00e3o<\/li>\n<li>Medicina Veterin\u00e1ria<\/li>\n<li>M\u00fasica<\/li>\n<li>M\u00fasica<\/li>\n<li>Neg\u00f3cios Imobili\u00e1rios<\/li>\n<li>Nutri\u00e7\u00e3o<\/li>\n<li>Odontologia<\/li>\n<li>Pedagogia<\/li>\n<li>Pilotagem Profissional de Aeronaves<\/li>\n<li>Processos Gerenciais<\/li>\n<li>R\u00e1dio, TV e Internet<\/li>\n<li>Radiologia<\/li>\n<li>Redes de Computadores<\/li>\n<li>Rela\u00e7\u00f5es P\u00fablicas<\/li>\n<\/ul>\n<p>P\u00f3s Gradua\u00e7\u00e3o<\/p>\n<ul>\n<li>P\u00f3s-gradua\u00e7\u00e3o em Psicopedagogia<\/li>\n<li>P\u00f3s-gradua\u00e7\u00e3o Lato Sensu em L\u00edngua Brasileira de Sinais<\/li>\n<li>P\u00f3s-gradua\u00e7\u00e3o em Urg\u00eancia e Emerg\u00eancia<\/li>\n<li>P\u00f3s-gradua\u00e7\u00e3o em Literatura Infantojuvenil<\/li>\n<li>P\u00f3s-gradua\u00e7\u00e3o em Miss\u00f5es Crist\u00e3s<\/li>\n<li>P\u00f3s-gradua\u00e7\u00e3o em Gest\u00e3o Estrat\u00e9gica em Marketing<\/li>\n<li>P\u00f3s-gradua\u00e7\u00e3o em Gest\u00e3o Empresarial<\/li>\n<li>P\u00f3s-gradua\u00e7\u00e3o em Gest\u00e3o Estrat\u00e9gica de Pessoas<\/li>\n<li>P\u00f3s-gradua\u00e7\u00e3o em Gest\u00e3o Estrat\u00e9gica em Finan\u00e7as<\/li>\n<li>P\u00f3s-gradua\u00e7\u00e3o em Sistemas, Controle e Automa\u00e7\u00e3o<\/li>\n<li>P\u00f3s-gradua\u00e7\u00e3o em Preven\u00e7\u00e3o, Reabilita\u00e7\u00e3o e Prescri\u00e7\u00e3o de Exerc\u00edcios Voltados para as Les\u00f5es e Doen\u00e7as Musculoesquel\u00e9ticas<\/li>\n<li>P\u00f3s-gradua\u00e7\u00e3o em \u201cPersonal Trainer, Treinamento Integrado para o Emagrecimento e controle do peso: For\u00e7a, HIIT, Treinamento Funcional e Endurance\u201d<\/li>\n<li>P\u00f3s-gradua\u00e7\u00e3o em Gest\u00e3o Estrat\u00e9gica da Comunica\u00e7\u00e3o Organizacional Integrada<\/li>\n<li>P\u00f3s-gradua\u00e7\u00e3o em Pr\u00e1ticas Interpretativas<\/li>\n<li>P\u00f3s-gradua\u00e7\u00e3o em Metodologia e Did\u00e1tica do Ensino Superior<\/li>\n<li>P\u00f3s-gradua\u00e7\u00e3o em Educa\u00e7\u00e3o Matem\u00e1tica na Inf\u00e2ncia<\/li>\n<li>P\u00f3s-gradua\u00e7\u00e3o em Radiologia Industrial e Radioprote\u00e7\u00e3o<\/li>\n<li>P\u00f3s-gradua\u00e7\u00e3o em Seguran\u00e7a no Trabalho<\/li>\n<li>P\u00f3s-gradua\u00e7\u00e3o em Seguran\u00e7a de Voo<\/li>\n<li>P\u00f3s-gradua\u00e7\u00e3o em Regula\u00e7\u00e3o Aeron\u00e1utica<\/li>\n<li>P\u00f3s-gradua\u00e7\u00e3o Lato-sensu em Fisioterapia traumato-ortop\u00e9dica e esportiva<\/li>\n<li>P\u00f3s em Metodologia do Treinamento Esportivo: Avalia\u00e7\u00e3o, Prescri\u00e7\u00e3o e Periodiza\u00e7\u00e3o.<\/li>\n<li>P\u00f3s-gradua\u00e7\u00e3o em Per\u00edcia Ambiental<\/li>\n<\/ul>\n<h3>Uni Sant&#8217; Anna Santana \u00c1rea do Aluno<\/h3>\n<p>A Uni Sant&#8217;Anna oferece ao aluno um espa\u00e7o denominada<em> \u00e1rea do aluno <\/em>para que ele possa acessar suas notas, trabalhos, conte\u00fado para estudo e frequencia nas aulas. Basta acessar na p\u00e1gina abaixo com usu\u00e1rio e senha.<\/p>\n<h3>Centro Universit\u00e1rio Sant&#8217;Anna Santana Mensalidade<\/h3>\n<p>Para maiores informa\u00e7\u00f5es sobre <em>mensalidade<\/em> entre em contato com a secretaria pelo telefone abaixo.<em><br \/>\n<\/em><\/p>\n<h3>Vagas Centro Universit\u00e1rio Sant&#8217;Anna Santana &#8211; Trabalhe Conosco<\/h3>\n<p>Se voc\u00ea tem paix\u00e3o pelo que faz e garra para alcan\u00e7ar seus objetivos, junte-se ao time do Centro Universit\u00e1rio Sant&#8217;Anna Santana.\u00a0 Para alcan\u00e7ar seu objetivo de neg\u00f3cios, a empresa procura os melhores talentos e profissionais que queiram crescer continuamente com a empresa. Voc\u00ea se encaixa neste perfil? Acesse o site da empresa e envie o seu curr\u00edculo.<\/p>\n<h3>Hor\u00e1rio de Funcionamento Centro Universit\u00e1rio Sant&#8217;Anna em Santana<\/h3>\n<ul>\n<li>Segunda a Sexta das 07h \u00e0s 23h \/ S\u00e1bado das 07h \u00e0s 14h<\/li>\n<\/ul>\n<h3>Endere\u00e7o e Telefone Centro Universit\u00e1rio Sant&#8217;Anna em Santana<\/h3>\n<ul>\n<li><span class=\"GRkHZd w8qArf\">\u00a0<\/span><span class=\"LrzXr\">R. Volunt\u00e1rios da P\u00e1tria, 257 &#8211; Santana &#8211; S\u00e3o Paulo &#8211; SP<\/span><\/li>\n<li>Telefone: (11) 2175-8000<\/li>\n<\/ul>\n<h4>Outras informa\u00e7\u00f5es e site<\/h4>\n<ul>\n<li>Mais informa\u00e7\u00f5es:\u00a0<a href=\"https:\/\/unisantanna.br\/#\" target=\"_blank\" rel=\"noopener\">www.unisantanna.br<\/a><\/li>\n<\/ul>\n<h4>Mapa de localiza\u00e7\u00e3o<\/h4>\n<a class=\"wp-colorbox-iframe\" href=\"https:\/\/www.google.com\/maps\/embed?pb=!1m14!1m8!1m3!1d14633.713434081781!2d-46.6287729!3d-23.5170909!3m2!1i1024!2i768!4f13.1!3m3!1m2!1s0x00xdd5ae573856d85d0!2sCentroUniversitrioSant&#039;AnnaUniSant&#039;Anna!5e0!3m2!1spt-BR!2sbr!4v1623320036357!5m2!1spt-BR!2sbr\"><img decoding=\"async\" src=\"http:\/\/www.encontrasantana.com.br\/imgs\/maps-post.png\"><\/a>\n\n<div style=\"font-size: 0px; height: 0px; line-height: 0px; margin: 0; padding: 0; clear: both;\"><\/div>","protected":false},"excerpt":{"rendered":"<p>O Centro Universit\u00e1rio Sant&#8217;Anna, ou UniSant&#8217;Anna, \u00e9 um centro universit\u00e1rio brasileiro privado sediado em S\u00e3o Paulo. Sua funda\u00e7\u00e3o ocorreu em 1932, por\u00e9m somente em 1999 as Faculdades Sant\u2019Anna foram credenciadas junto ao Minist\u00e9rio da Educa\u00e7\u00e3o e passaram a se chamar Centro Universit\u00e1rio Sant\u2019Anna. Atualmente possu\u00ed mais de 9.000 alunos, cerca de 30 cursos superiores e cursos de P\u00f3s-Gradua\u00e7\u00e3o. Sendo ministrados em 4 campi.\u00a0Recentemente, a UniSant\u00b4Anna abriu um campus dentro do Sport Club Corinthians Paulista, um dos maiores clubes do Brasil, al\u00e9m de um no bairro do Tucuruvi.Centro Universit\u00e1rio Sant&#8217;Anna. J\u00e1 foi um dos mais tradicionais centros universit\u00e1rios de S\u00e3o Paulo, <\/p>\n","protected":false},"author":1,"featured_media":44307,"comment_status":"open","ping_status":"closed","sticky":false,"template":"","format":"standard","meta":{"footnotes":""},"categories":[9643],"tags":[],"class_list":["post-44306","post","type-post","status-publish","format-standard","has-post-thumbnail","hentry","category-educacao-em-santana","has_thumb"],"aioseo_notices":[],"_links":{"self":[{"href":"https:\/\/www.encontrasantana.com.br\/sobre\/wp-json\/wp\/v2\/posts\/44306"}],"collection":[{"href":"https:\/\/www.encontrasantana.com.br\/sobre\/wp-json\/wp\/v2\/posts"}],"about":[{"href":"https:\/\/www.encontrasantana.com.br\/sobre\/wp-json\/wp\/v2\/types\/post"}],"author":[{"embeddable":true,"href":"https:\/\/www.encontrasantana.com.br\/sobre\/wp-json\/wp\/v2\/users\/1"}],"replies":[{"embeddable":true,"href":"https:\/\/www.encontrasantana.com.br\/sobre\/wp-json\/wp\/v2\/comments?post=44306"}],"version-history":[{"count":0,"href":"https:\/\/www.encontrasantana.com.br\/sobre\/wp-json\/wp\/v2\/posts\/44306\/revisions"}],"wp:featuredmedia":[{"embeddable":true,"href":"https:\/\/www.encontrasantana.com.br\/sobre\/wp-json\/wp\/v2\/media\/44307"}],"wp:attachment":[{"href":"https:\/\/www.encontrasantana.com.br\/sobre\/wp-json\/wp\/v2\/media?parent=44306"}],"wp:term":[{"taxonomy":"category","embeddable":true,"href":"https:\/\/www.encontrasantana.com.br\/sobre\/wp-json\/wp\/v2\/categories?post=44306"},{"taxonomy":"post_tag","embeddable":true,"href":"https:\/\/www.encontrasantana.com.br\/sobre\/wp-json\/wp\/v2\/tags?post=44306"}],"curies":[{"name":"wp","href":"https:\/\/api.w.org\/{rel}","templated":true}]}}