{"id":44315,"date":"2021-06-11T05:40:37","date_gmt":"2021-06-11T08:40:37","guid":{"rendered":"https:\/\/www.encontrasantana.com.br\/sobre\/?p=44315"},"modified":"2021-06-11T05:40:37","modified_gmt":"2021-06-11T08:40:37","slug":"cras-santana","status":"publish","type":"post","link":"https:\/\/www.encontrasantana.com.br\/sobre\/cras-santana\/","title":{"rendered":"Cras Santana"},"content":{"rendered":"<div class=\"1acf8468e559fd3cbeec5aee3a269a52\" data-index=\"1\" style=\"float: none; margin:0px;\">\n<!-- Anuncio display - global -->\r\n<ins class=\"adsbygoogle\"\r\n     style=\"display:block\"\r\n     data-ad-client=\"ca-pub-8585364105181520\"\r\n     data-ad-slot=\"8789329856\"\r\n     data-ad-format=\"auto\"\r\n     data-full-width-responsive=\"true\"><\/ins>\r\n<script>\r\n     (adsbygoogle = window.adsbygoogle || []).push({});\r\n<\/script>\n<\/div>\n<p>O\u00a0<strong>Cras Santana<\/strong>\u00a0\u2013 Centro de Refer\u00eancia de Assist\u00eancia Social\u00a0\u2013 \u00e9 uma unidade respons\u00e1vel pela oferta de servi\u00e7os de prote\u00e7\u00e3o b\u00e1sica do Sistema \u00danico de Assist\u00eancia Social \u2013 SUAS, nas \u00e1reas de vulnerabilidade e risco social.<\/p>\n<p>Estrutura-se, assim, como porta de entrada dos usu\u00e1rios da pol\u00edtica de assist\u00eancia social para a rede de Prote\u00e7\u00e3o B\u00e1sica e refer\u00eancia para encaminhamentos \u00e0 Prote\u00e7\u00e3o Especial.<\/p>\n<p><img loading=\"lazy\" decoding=\"async\" class=\"alignnone wp-image-44316 size-full\" title=\"Cras Santana\" src=\"https:\/\/www.encontrasantana.com.br\/sobre\/wp-content\/uploads\/2021\/06\/UBS-ARACAJU.gif\" alt=\"Cras Santana\" width=\"680\" height=\"189\" \/><\/p>\n<p>Desempenha papel central no territ\u00f3rio onde se localiza ao constituir a principal estrutura f\u00edsica local, cujo espa\u00e7o f\u00edsico deve ser compat\u00edvel com o trabalho social com fam\u00edlias que vivem no seu territ\u00f3rio de abrang\u00eancia e conta com uma equipe profissional de refer\u00eancia.<\/p>\n<p>O CRAS presta servi\u00e7os continuados de Prote\u00e7\u00e3o Social B\u00e1sica de Assist\u00eancia Social para fam\u00edlias, seus membros e indiv\u00edduos em situa\u00e7\u00e3o de vulnerabilidade social, por meio do PAIF tais como: acolhimento, acompanhamento em servi\u00e7os socioeducativos e de conviv\u00eancia ou por a\u00e7\u00f5es socioassistenciais, encaminhamentos para a rede de prote\u00e7\u00e3o social existente no lugar onde vivem e para os demais servi\u00e7os das outras pol\u00edticas sociais, orienta\u00e7\u00e3o e apoio na garantia dos seus direitos de cidadania e de conviv\u00eancia familiar e comunit\u00e1ria; A exist\u00eancia do CRAS est\u00e1 estritamente vinculada ao funcionamento do Programa de Aten\u00e7\u00e3o Integral \u00e0 Fam\u00edlia \u2013 PAIF, ou seja, \u00e0 implementa\u00e7\u00e3o do PAIF, co-financiado ou n\u00e3o pelo Governo Federal, que constitui condi\u00e7\u00e3o essencial e indispens\u00e1vel para o funcionamento do CRAS.<\/p>\n<p>Reconhece-se, portanto, ser atribui\u00e7\u00e3o exclusiva do poder p\u00fablico, o trabalho social com fam\u00edlias, sendo esta a identidade que deve ser expressa no espa\u00e7o f\u00edsico do CRAS.<\/p>\n<p>No CRAS, portanto, deve ser necessariamente ofertado o PAIF, podendo ser ofertados outros servi\u00e7os, programas, benef\u00edcios e projetos conforme disponibilidade de espa\u00e7o f\u00edsico e de profissionais qualificados para implement\u00e1-los, e desde que n\u00e3o prejudiquem a execu\u00e7\u00e3o do PAIF e nem ocupem os espa\u00e7os a ele destinados. Os demais servi\u00e7os s\u00f3cio-educativos, a\u00e7\u00f5es complementares e projetos de prote\u00e7\u00e3o b\u00e1sica desenvolvidos no territ\u00f3rio de abrang\u00eancia do CRAS devem ser a ele referenciados.<\/p>\n<h2>O que \u00e9 o Centro de Refer\u00eancia da Assist\u00eancia Social \u2013 CRAS Santana?<\/h2>\n<p>O\u00a0<em>Centro de Refer\u00eancia de Assist\u00eancia Social<\/em>\u00a0(Cras) \u00e9 o sistema governamental respons\u00e1vel pela organiza\u00e7\u00e3o e oferta de servi\u00e7os da Prote\u00e7\u00e3o Social B\u00e1sica nas \u00e1reas de vulnerabilidade e risco social. Por meio do Cras, as fam\u00edlias em situa\u00e7\u00e3o de extrema pobreza passam a ter acesso a servi\u00e7os como cadastramento e acompanhamento em programas de transfer\u00eancia de renda. Identificam e estimulam as potencialidades locais, modificando a qualidade de vida das fam\u00edlias que vivem nas localidades.<\/p>\n<h3>Servi\u00e7os e Documentos CRAS Santana<\/h3>\n<p>O principal servi\u00e7o ofertado pelo Cras \u00e9 o Servi\u00e7o de Prote\u00e7\u00e3o e Atendimento Integral \u00e0 Fam\u00edlia (Paif). Dentre os objetivos desse servi\u00e7o est\u00e3o a preven\u00e7\u00e3o da ruptura dos v\u00ednculos familiares e comunit\u00e1rios, a promo\u00e7\u00e3o de ganhos sociais e materiais das fam\u00edlias e o acesso a benef\u00edcios, programas de transfer\u00eancia de renda e servi\u00e7os socio-assistenciais. As a\u00e7\u00f5es s\u00e3o todas implementadas por meio de trabalho de assist\u00eancia social. Para dar entrada no Bolsa Fam\u00edlia, primeiramente voc\u00ea precisa fazer o cadastro \u00fanico. Veja quais s\u00e3o os documentos que voc\u00ea deve levar ao CRAS para realizar o cadastro.<\/p>\n<p><strong>Representante da fam\u00edlia<\/strong><\/p>\n<p>CPF ou o T\u00edtulo de Eleitor<br \/>\nComprovante de resid\u00eancia (\u00e1gua ou luz); este documento n\u00e3o \u00e9 obrigat\u00f3rio, mas facilita o preenchimento do cadastro.<br \/>\nDe prefer\u00eancia mulher, a representante da fam\u00edlia ser\u00e1 a pessoa respons\u00e1vel por responder \u00e0s perguntas feitas pela equipe do CRAS para a realiza\u00e7\u00e3o do cadastro. Ela deve ter pelo menos 16 anos, fazer parte da fam\u00edlia e morar na mesma casa dos outros membros da fam\u00edlia.<\/p>\n<h3>Agendamento Cras Santana<\/h3>\n<p>O sistema<a href=\"http:\/\/agendacadunico.prefeitura.sp.gov.br\/forms\/BemVindo.aspx\" target=\"_blank\" rel=\"noopener noreferrer\">\u00a0online de agendamento<\/a>\u00a0para atendimento dos usu\u00e1rios da assist\u00eancia no Cadastro \u00danico, desenvolvido pela CIJUN e implantado esta semana pela Unidade de Gest\u00e3o de Assist\u00eancia de Desenvolvimento Social (UGADS), tem como objetivo evitar o deslocamento desnecess\u00e1rio e diminuir o tempo de espera do usu\u00e1rio durante o atendimento.<\/p>\n<p>Com o sistema implantado, \u00e9 poss\u00edvel que os t\u00e9cnicos dos seis Centros de Refer\u00eancia de Assist\u00eancia Social do Munic\u00edpio (CRAS), agendem hor\u00e1rios e acessem os atendimentos do Cadastro, otimizando assim, o andamento e qualidade do servi\u00e7o prestado.<\/p>\n<h3>Hor\u00e1rio de Funcionamento CRAS na Santana<\/h3>\n<ul>\n<li>Segunda a Sexta das 08h \u00e0s 18h<\/li>\n<\/ul>\n<h3>Endere\u00e7o e Telefone CRAS na Santana<\/h3>\n<ul>\n<li>Rua Volunt\u00e1rios da P\u00e1tria, 4649 &#8211; Bairro Santana &#8211; S\u00e3o Paulo &#8211; SP<\/li>\n<li>Telefone: (11) 2977-1313<\/li>\n<\/ul>\n<h4>Outras informa\u00e7\u00f5es e site<\/h4>\n<ul>\n<li>Mais informa\u00e7\u00f5es:\u00a0<a href=\"https:\/\/www.prefeitura.sp.gov.br\/cidade\/secretarias\/assistencia_social\/protecao_social_basica\/index.php?p=1906\" target=\"_blank\" rel=\"noopener noreferrer\">www.prefeitura.sp.gov.br\/assistencia_social\/protecao_social_basica\/<\/a><\/li>\n<li>Mais informa\u00e7\u00f5es:\u00a0<a href=\"https:\/\/www.programabolsadafamilia.com.br\/cras-santana-sao-paulo-sp\/\" target=\"_blank\" rel=\"noopener\">www.programabolsadafamilia.com.br\/cras-santana-sao-paulo-sp\/<\/a><\/li>\n<\/ul>\n<h4>Mapa de localiza\u00e7\u00e3o<\/h4>\n<a class=\"wp-colorbox-iframe\" href=\"https:\/\/www.google.com\/maps\/embed?pb=!1m18!1m12!1m3!1d3659.4256787064555!2d-46.6344332850238!3d-23.481172284722767!2m3!1f0!2f0!3f0!3m2!1i1024!2i768!4f13.1!3m3!1m2!1s0x94cef7b2add129830x743d3e803409ab6a!2sCREASCRASSantana!5e0!3m2!1spt-BR!2sbr!4v1623400801039!5m2!1spt-BR!2sbr\"><img decoding=\"async\" src=\"http:\/\/www.encontrasantana.com.br\/imgs\/maps-post.png\"><\/a>\n\n<div style=\"font-size: 0px; height: 0px; line-height: 0px; margin: 0; padding: 0; clear: both;\"><\/div>","protected":false},"excerpt":{"rendered":"<p>O\u00a0Cras Santana\u00a0\u2013 Centro de Refer\u00eancia de Assist\u00eancia Social\u00a0\u2013 \u00e9 uma unidade respons\u00e1vel pela oferta de servi\u00e7os de prote\u00e7\u00e3o b\u00e1sica do Sistema \u00danico de Assist\u00eancia Social \u2013 SUAS, nas \u00e1reas de vulnerabilidade e risco social. Estrutura-se, assim, como porta de entrada dos usu\u00e1rios da pol\u00edtica de assist\u00eancia social para a rede de Prote\u00e7\u00e3o B\u00e1sica e refer\u00eancia para encaminhamentos \u00e0 Prote\u00e7\u00e3o Especial. Desempenha papel central no territ\u00f3rio onde se localiza ao constituir a principal estrutura f\u00edsica local, cujo espa\u00e7o f\u00edsico deve ser compat\u00edvel com o trabalho social com fam\u00edlias que vivem no seu territ\u00f3rio de abrang\u00eancia e conta com uma equipe profissional <\/p>\n","protected":false},"author":1,"featured_media":44316,"comment_status":"open","ping_status":"closed","sticky":false,"template":"","format":"standard","meta":{"footnotes":""},"categories":[9650],"tags":[],"class_list":["post-44315","post","type-post","status-publish","format-standard","has-post-thumbnail","hentry","category-saude-em-santana","has_thumb"],"aioseo_notices":[],"_links":{"self":[{"href":"https:\/\/www.encontrasantana.com.br\/sobre\/wp-json\/wp\/v2\/posts\/44315"}],"collection":[{"href":"https:\/\/www.encontrasantana.com.br\/sobre\/wp-json\/wp\/v2\/posts"}],"about":[{"href":"https:\/\/www.encontrasantana.com.br\/sobre\/wp-json\/wp\/v2\/types\/post"}],"author":[{"embeddable":true,"href":"https:\/\/www.encontrasantana.com.br\/sobre\/wp-json\/wp\/v2\/users\/1"}],"replies":[{"embeddable":true,"href":"https:\/\/www.encontrasantana.com.br\/sobre\/wp-json\/wp\/v2\/comments?post=44315"}],"version-history":[{"count":0,"href":"https:\/\/www.encontrasantana.com.br\/sobre\/wp-json\/wp\/v2\/posts\/44315\/revisions"}],"wp:featuredmedia":[{"embeddable":true,"href":"https:\/\/www.encontrasantana.com.br\/sobre\/wp-json\/wp\/v2\/media\/44316"}],"wp:attachment":[{"href":"https:\/\/www.encontrasantana.com.br\/sobre\/wp-json\/wp\/v2\/media?parent=44315"}],"wp:term":[{"taxonomy":"category","embeddable":true,"href":"https:\/\/www.encontrasantana.com.br\/sobre\/wp-json\/wp\/v2\/categories?post=44315"},{"taxonomy":"post_tag","embeddable":true,"href":"https:\/\/www.encontrasantana.com.br\/sobre\/wp-json\/wp\/v2\/tags?post=44315"}],"curies":[{"name":"wp","href":"https:\/\/api.w.org\/{rel}","templated":true}]}}