{"id":44398,"date":"2021-07-23T05:41:09","date_gmt":"2021-07-23T08:41:09","guid":{"rendered":"https:\/\/www.encontrasantana.com.br\/sobre\/?p=44398"},"modified":"2025-11-13T16:42:47","modified_gmt":"2025-11-13T19:42:47","slug":"apcd-santana","status":"publish","type":"post","link":"https:\/\/www.encontrasantana.com.br\/sobre\/apcd-santana\/","title":{"rendered":"APCD Santana"},"content":{"rendered":"<div class=\"1acf8468e559fd3cbeec5aee3a269a52\" data-index=\"1\" style=\"float: none; margin:0px;\">\n<!-- Anuncio display - global -->\r\n<ins class=\"adsbygoogle\"\r\n     style=\"display:block\"\r\n     data-ad-client=\"ca-pub-8585364105181520\"\r\n     data-ad-slot=\"8789329856\"\r\n     data-ad-format=\"auto\"\r\n     data-full-width-responsive=\"true\"><\/ins>\r\n<script>\r\n     (adsbygoogle = window.adsbygoogle || []).push({});\r\n<\/script>\n<\/div>\n<p>A\u00a0<strong>APCD Santana<\/strong>\u00a0\u00e9 uma Associa\u00e7\u00e3o de Cirurgi\u00f5es-Dentistas e contribui de forma significativa para a melhoria da qualidade de vida na regi\u00e3o e pela valoriza\u00e7\u00e3o da Odontologia. \u00c9 reconhecido por associados, alunos, professores e comunidade com padr\u00e3o de 100% de satisfa\u00e7\u00e3o nos servi\u00e7os.<\/p>\n<p>A miss\u00e3o da APCD \u00e9 representar e defender os interesses da classe dos Cirurgi\u00f5es-Dentistas da regi\u00e3o do ABC, particularmente de Santo Andr\u00e9, bem como contribuir para o aperfei\u00e7oamento profissional de seus associados e atuar junto \u00e0 comunidade, ajudando a promover o bem estar.<\/p>\n<p><img loading=\"lazy\" decoding=\"async\" class=\"alignnone wp-image-44399 size-full\" title=\"APCD Santana\" src=\"https:\/\/www.encontrasantana.com.br\/sobre\/wp-content\/uploads\/2021\/07\/DENTISTA.gif\" alt=\"APCD Santana\" width=\"680\" height=\"189\" \/><\/p>\n<p>Pol\u00edtica de Qualidade<\/p>\n<ol>\n<li>Prestar servi\u00e7os respeitando princ\u00edpios de \u00e9tica, responsabilidade e qualidade, mantendo atendimento diferenciado, buscando o aperfei\u00e7oamento de nossos funcion\u00e1rios, a melhoria cont\u00ednua dos processos e o encantamento dos associados;<\/li>\n<li>Constantemente define e adiciona servi\u00e7os e atividades visando superar as expectativas dos associados e comunidade;<\/li>\n<li>A an\u00e1lise e melhoria dos processos cabe a todos os envolvidos direta ou indiretamente com a organiza\u00e7\u00e3o;<\/li>\n<li>As a\u00e7\u00f5es de melhoria devem dar \u00eanfase a preven\u00e7\u00e3o de defeitos, erros, desperd\u00edcios e n\u00e3o conformidades;<\/li>\n<li>Todos os processos de trabalho devem ser formalizados e padronizados e tamb\u00e9m definidoa as formas de controle e acompanhamento dos mesmos;<\/li>\n<li>Os esfor\u00e7os de melhoria devem ser reconhecidos e recompensados aqueles bem sucedidos;<\/li>\n<li>Todos da organiza\u00e7\u00e3o devem ser educados e treinados, visando desenvolver conhecimentos e habilidades voltadas para a qualidade total, incentivando-se o uso de ferramentas t\u00e9cnicas.<\/li>\n<li>O sucesso \u00e9 medido pela manuten\u00e7\u00e3o da imagem da Associa\u00e7\u00e3o Paulista de Cirurgi\u00f5es-Dentistas \u2013 Regional de Santo Andr\u00e9 no mercado, pela satisfa\u00e7\u00e3o e encantamento de nossos associados.<\/li>\n<\/ol>\n<h2>APCD Santana Cursos<\/h2>\n<p>A APCD Santana investe na atualiza\u00e7\u00e3o profissional de seus associados e da classe odontol\u00f3gica de toda regi\u00e3o, oferecendo diversos cursos em praticamente todas as \u00e1reas de atua\u00e7\u00e3o. <em>Os cursos<\/em> s\u00e3o focados em Aperfei\u00e7oamento, Atualiza\u00e7\u00e3o ou Especializa\u00e7\u00e3o e as aulas s\u00e3o ministradas por professores extremamente qualificados e renomados no mercado. Os cursos oferecidos pela APCD s\u00e3o:<\/p>\n<ul>\n<li>Curso de Aperfei\u00e7oamento em ortodontia<\/li>\n<li>Curso de Especializa\u00e7\u00e3o em ortodontia<\/li>\n<li>Atualiza\u00e7\u00e3o em Facetas, Lente de Contato, Inlay, Onlay e outras solu\u00e7\u00f5es est\u00e9ticas<\/li>\n<li>Especializa\u00e7\u00e3o em Odontopediatria<\/li>\n<li>Atualiza\u00e7\u00e3o em Dent\u00edstica Restauradora Est\u00e9tica<\/li>\n<li>Especializa\u00e7\u00e3o em Implantodontia<\/li>\n<li>Imers\u00e3o em Endodontia<\/li>\n<li>Especializa\u00e7\u00e3o em Endodontia<\/li>\n<li>Atualiza\u00e7\u00e3o em Endodontia<\/li>\n<li>Imers\u00e3o em Aumento \u00d3sseo Tridimensional<\/li>\n<\/ul>\n<h3>Vagas APCD Santana \u2013 Trabalhe Conosco<\/h3>\n<p>Atitude, responsabilidade, resili\u00eancia, criatividade, comprometimento para resultado, e saber trabalhar em equipe s\u00e3o algumas compet\u00eancias necess\u00e1rias para fazer parte do time. Se voc\u00ea tem esse perfil e est\u00e1 em busca de oportunidades em uma empresa l\u00edder de mercado envie agora mesmo seu\u00a0<em>curr\u00edculo<\/em> para a APCD Santana.<\/p>\n<h3>Hor\u00e1rio de Funcionamento APCD em Santana<\/h3>\n<ul>\n<li>Segunda-feira das 09h \u00e0s 18h<\/li>\n<\/ul>\n<h3>Onde fica, Endere\u00e7o e Telefone APCD em Santo Andr\u00e9<\/h3>\n<ul>\n<li>Rua Silveiras, 135 \u2013 Vila Guiomar \u2013 Santo Andr\u00e9 \u2013 SP<\/li>\n<li>Telefone: (11) 2223-2300<\/li>\n<\/ul>\n<h4>Outras informa\u00e7\u00f5es e site<\/h4>\n<ul>\n<li>Mais informa\u00e7\u00f5es:\u00a0<a href=\"http:\/\/www.apcd.org.br\/\" target=\"_blank\" rel=\"noopener\">www.apcd.org.br<\/a><\/li>\n<li>E-mail: portal@apcdcentral.com.br<\/li>\n<\/ul>\n<h4>Mapa de localiza\u00e7\u00e3o<\/h4>\n<a class=\"wp-colorbox-iframe\" href=\"https:\/\/www.google.com\/maps\/embed?pb=!1m14!1m8!1m3!1d14633.910686319856!2d-46.6268591!3d-23.5153161!3m2!1i1024!2i768!4f13.1!3m3!1m2!1s0x00x7e53f1bf49649694!2sAPCD-AssociaoPaulistadeCirurgies-Dentistas!5e0!3m2!1spt-BR!2sbr!4v1627029104473!5m2!1spt-BR!2sbr\"><img decoding=\"async\" src=\"http:\/\/www.encontrasantana.com.br\/imgs\/maps-post.png\"><\/a>\n\n<div style=\"font-size: 0px; height: 0px; line-height: 0px; margin: 0; padding: 0; clear: both;\"><\/div>","protected":false},"excerpt":{"rendered":"<p>A\u00a0APCD Santana\u00a0\u00e9 uma Associa\u00e7\u00e3o de Cirurgi\u00f5es-Dentistas e contribui de forma significativa para a melhoria da qualidade de vida na regi\u00e3o e pela valoriza\u00e7\u00e3o da Odontologia. \u00c9 reconhecido por associados, alunos, professores e comunidade com padr\u00e3o de 100% de satisfa\u00e7\u00e3o nos servi\u00e7os. A miss\u00e3o da APCD \u00e9 representar e defender os interesses da classe dos Cirurgi\u00f5es-Dentistas da regi\u00e3o do ABC, particularmente de Santo Andr\u00e9, bem como contribuir para o aperfei\u00e7oamento profissional de seus associados e atuar junto \u00e0 comunidade, ajudando a promover o bem estar. Pol\u00edtica de Qualidade Prestar servi\u00e7os respeitando princ\u00edpios de \u00e9tica, responsabilidade e qualidade, mantendo atendimento diferenciado, buscando <\/p>\n","protected":false},"author":1,"featured_media":44399,"comment_status":"open","ping_status":"closed","sticky":false,"template":"","format":"standard","meta":{"footnotes":""},"categories":[9650],"tags":[],"class_list":["post-44398","post","type-post","status-publish","format-standard","has-post-thumbnail","hentry","category-saude-em-santana","has_thumb"],"aioseo_notices":[],"_links":{"self":[{"href":"https:\/\/www.encontrasantana.com.br\/sobre\/wp-json\/wp\/v2\/posts\/44398"}],"collection":[{"href":"https:\/\/www.encontrasantana.com.br\/sobre\/wp-json\/wp\/v2\/posts"}],"about":[{"href":"https:\/\/www.encontrasantana.com.br\/sobre\/wp-json\/wp\/v2\/types\/post"}],"author":[{"embeddable":true,"href":"https:\/\/www.encontrasantana.com.br\/sobre\/wp-json\/wp\/v2\/users\/1"}],"replies":[{"embeddable":true,"href":"https:\/\/www.encontrasantana.com.br\/sobre\/wp-json\/wp\/v2\/comments?post=44398"}],"version-history":[{"count":0,"href":"https:\/\/www.encontrasantana.com.br\/sobre\/wp-json\/wp\/v2\/posts\/44398\/revisions"}],"wp:featuredmedia":[{"embeddable":true,"href":"https:\/\/www.encontrasantana.com.br\/sobre\/wp-json\/wp\/v2\/media\/44399"}],"wp:attachment":[{"href":"https:\/\/www.encontrasantana.com.br\/sobre\/wp-json\/wp\/v2\/media?parent=44398"}],"wp:term":[{"taxonomy":"category","embeddable":true,"href":"https:\/\/www.encontrasantana.com.br\/sobre\/wp-json\/wp\/v2\/categories?post=44398"},{"taxonomy":"post_tag","embeddable":true,"href":"https:\/\/www.encontrasantana.com.br\/sobre\/wp-json\/wp\/v2\/tags?post=44398"}],"curies":[{"name":"wp","href":"https:\/\/api.w.org\/{rel}","templated":true}]}}