{"id":44405,"date":"2021-07-26T05:03:40","date_gmt":"2021-07-26T08:03:40","guid":{"rendered":"https:\/\/www.encontrasantana.com.br\/sobre\/?p=44405"},"modified":"2025-11-13T16:42:47","modified_gmt":"2025-11-13T19:42:47","slug":"vacciclin-santana","status":"publish","type":"post","link":"https:\/\/www.encontrasantana.com.br\/sobre\/vacciclin-santana\/","title":{"rendered":"Vacciclin Santana"},"content":{"rendered":"<div class=\"1acf8468e559fd3cbeec5aee3a269a52\" data-index=\"1\" style=\"float: none; margin:0px;\">\n<!-- Anuncio display - global -->\r\n<ins class=\"adsbygoogle\"\r\n     style=\"display:block\"\r\n     data-ad-client=\"ca-pub-8585364105181520\"\r\n     data-ad-slot=\"8789329856\"\r\n     data-ad-format=\"auto\"\r\n     data-full-width-responsive=\"true\"><\/ins>\r\n<script>\r\n     (adsbygoogle = window.adsbygoogle || []).push({});\r\n<\/script>\n<\/div>\n<p>A <strong>Vacciclin Santana<\/strong> \u00e9 uma cl\u00ednica de Imuniza\u00e7\u00e3o foi criada em 1996 com o objetivo de oferecer a mais completa linha de vacinas \u00e0 popula\u00e7\u00e3o da zona norte do munic\u00edpio de S\u00e3o Paulo e aos munic\u00edpios vizinhos, com absoluta seguran\u00e7a e qualidade.<\/p>\n<p>A Vaciclin conta, em seu quadro, com m\u00e9dicos especialistas e profissionais de enfermagem gabaritados na aplica\u00e7\u00e3o, orienta\u00e7\u00e3o e conserva\u00e7\u00e3o dessas vacinas.<\/p>\n<p><img loading=\"lazy\" decoding=\"async\" class=\"alignnone wp-image-44378 size-full\" title=\"Vaciclin Santana\" src=\"https:\/\/www.encontrasantana.com.br\/sobre\/wp-content\/uploads\/2021\/07\/UBS-ARACAJU.gif\" alt=\"Vaciclin Santana\" width=\"680\" height=\"189\" \/><\/p>\n<p>Tem tamb\u00e9m uma completa e segura \u201ccadeia de frio\u201d para a armazenar, manipular e conservar as vacinas. A \u201ccadeia de frio\u201d possui gerador pr\u00f3prio que mant\u00eam o funcionamento das camaras frias mesmo ap\u00f3s uma eventual falta de energia el\u00e9trica. A Vaciclin garante que as vacinas administradas mantenham suas caracter\u00edsticas iniciais para assegurar a sua imunidade e qualidade.<\/p>\n<h2>Vacciclin Santana Vacinas<\/h2>\n<p>A Vacciclin oferece<em> vacinas<\/em> para os seguintes p\u00fablicos:<\/p>\n<ul>\n<li>Beb\u00eas<\/li>\n<li>Crian\u00e7as<\/li>\n<li>Adolescentes<\/li>\n<li>Mulheres<\/li>\n<li>Gestantes<\/li>\n<li>Homens<\/li>\n<li>Militares<\/li>\n<li>Idosos<\/li>\n<li>Pacientes com Necessidades Especiais<\/li>\n<li>Atletas<\/li>\n<li>Ocupacional<\/li>\n<\/ul>\n<h3>Vacciclin Santana Como Funcionam as Vacinas<\/h3>\n<p>Ao invadir um organismo, bact\u00e9rias e v\u00edrus atacam as c\u00e9lulas e se multiplicam. Esta invas\u00e3o \u00e9 chamada de infec\u00e7\u00e3o e \u00e9 isso que causa a doen\u00e7a.\u00a0Para proteger a sa\u00fade, as vacinas precisam estimular o sistema imunol\u00f3gico a produzir anticorpos, um tipo de prote\u00edna, agentes de defesa que atuam contra os micr\u00f3bios que provocam doen\u00e7as infecciosas.<\/p>\n<p>Uma forma muito enfraquecida ou totalmente inativada do agente que causa a doen\u00e7a \u00e9 introduzida no organismo.\u00a0 As defesas do organismo entram em a\u00e7\u00e3o e esse combate gera anticorpos e mem\u00f3ria imunol\u00f3gica.\u00a0Se no futuro o agente ativo da doen\u00e7a atacar o organismo, os anticorpos espec\u00edficos produzidos pela vacina v\u00e3o destru\u00ed-lo.<\/p>\n<p><strong>Efic\u00e1cia e seguran\u00e7a das vacinas<\/strong><\/p>\n<p>A maioria das <em>vacinas<\/em> protege cerca de 90% a 100% das pessoas. O pequeno percentual de n\u00e3o prote\u00e7\u00e3o se deve a muitos fatores \u2014 alguns est\u00e3o relacionados com o tipo da vacina, outros, com o organismo da pessoa vacinada que n\u00e3o produziu a resposta imunol\u00f3gica adequada.<\/p>\n<p>Quanto \u00e0 seguran\u00e7a, ou seja, \u00e0 garantia de que n\u00e3o vai causar dano \u00e0 sa\u00fade, \u00e9 importante saber que toda vacina, para ser licenciada no Brasil, passa por um rigoroso processo de avalia\u00e7\u00e3o realizado pela Ag\u00eancia Nacional de Vigil\u00e2ncia Sanit\u00e1ria (Anvisa). Esse \u00f3rg\u00e3o, regido pelo Minist\u00e9rio da Sa\u00fade (MS), analisa os dados das pesquisas, muitas vezes realizadas ao longo de mais de uma d\u00e9cada, e que demonstram os resultados de seguran\u00e7a e efic\u00e1cia da vacina obtidos em estudos com milhares de humanos volunt\u00e1rios de v\u00e1rios pa\u00edses. O objetivo \u00e9 se certificar de que o produto \u00e9 de fato capaz de prevenir determinada doen\u00e7a sem oferecer risco \u00e0 sa\u00fade<\/p>\n<h3>Vagas Vacciclin Santana &#8211; Trabalhe Conosco<\/h3>\n<p>A Vacciclin Santana disponibiliza <em>vagas de trabalho<\/em> durante todo ano. Para se informar sobre os processos seletivos e se candidatar as vagas acompanhe o site da empresa, onde \u00e9 poss\u00edvel se informar sobre vagas abertas, sal\u00e1rios e compet\u00eancias necess\u00e1rias para se candidatar ao processo.<\/p>\n<h3>Hor\u00e1rio de Funcionamento Vacciclin em Santana<\/h3>\n<ul>\n<li>Segunda a Sexta das 09h \u00e0s 17h \/ S\u00e1bado das 09h \u00e0s 13h<\/li>\n<\/ul>\n<h3>Endere\u00e7o e Telefone Vacciclin em Santana<\/h3>\n<ul>\n<li>R. Duarte de Azevedo, 460 &#8211; Santana &#8211; S\u00e3o Paulo &#8211; SP<\/li>\n<li>Telefone: (11) 2959-1339<\/li>\n<\/ul>\n<h4>Outras informa\u00e7\u00f5es e site<\/h4>\n<ul>\n<li>Mais informa\u00e7\u00f5es:\u00a0<a href=\"https:\/\/vacciclin.com.br\/\" target=\"_blank\" rel=\"noopener\">www.vacciclin.com.br<\/a><\/li>\n<\/ul>\n<h4>Mapa de localiza\u00e7\u00e3o<\/h4>\n<a class=\"wp-colorbox-iframe\" href=\"https:\/\/www.google.com\/maps\/embed?pb=!1m14!1m8!1m3!1d14635.479790453008!2d-46.6214213!3d-23.5011934!3m2!1i1024!2i768!4f13.1!3m3!1m2!1s0x00x8ca21d2ebd61bc88!2sVacciclin-ClnicadeImunizao!5e0!3m2!1spt-BR!2sbr!4v1627286500454!5m2!1spt-BR!2sbr\"><img decoding=\"async\" src=\"http:\/\/www.encontrasantana.com.br\/imgs\/maps-post.png\"><\/a>\n\n<div style=\"font-size: 0px; height: 0px; line-height: 0px; margin: 0; padding: 0; clear: both;\"><\/div>","protected":false},"excerpt":{"rendered":"<p>A Vacciclin Santana \u00e9 uma cl\u00ednica de Imuniza\u00e7\u00e3o foi criada em 1996 com o objetivo de oferecer a mais completa linha de vacinas \u00e0 popula\u00e7\u00e3o da zona norte do munic\u00edpio de S\u00e3o Paulo e aos munic\u00edpios vizinhos, com absoluta seguran\u00e7a e qualidade. A Vaciclin conta, em seu quadro, com m\u00e9dicos especialistas e profissionais de enfermagem gabaritados na aplica\u00e7\u00e3o, orienta\u00e7\u00e3o e conserva\u00e7\u00e3o dessas vacinas. Tem tamb\u00e9m uma completa e segura \u201ccadeia de frio\u201d para a armazenar, manipular e conservar as vacinas. A \u201ccadeia de frio\u201d possui gerador pr\u00f3prio que mant\u00eam o funcionamento das camaras frias mesmo ap\u00f3s uma eventual falta de <\/p>\n","protected":false},"author":1,"featured_media":44378,"comment_status":"open","ping_status":"closed","sticky":false,"template":"","format":"standard","meta":{"footnotes":""},"categories":[9650],"tags":[],"class_list":["post-44405","post","type-post","status-publish","format-standard","has-post-thumbnail","hentry","category-saude-em-santana","has_thumb"],"aioseo_notices":[],"_links":{"self":[{"href":"https:\/\/www.encontrasantana.com.br\/sobre\/wp-json\/wp\/v2\/posts\/44405"}],"collection":[{"href":"https:\/\/www.encontrasantana.com.br\/sobre\/wp-json\/wp\/v2\/posts"}],"about":[{"href":"https:\/\/www.encontrasantana.com.br\/sobre\/wp-json\/wp\/v2\/types\/post"}],"author":[{"embeddable":true,"href":"https:\/\/www.encontrasantana.com.br\/sobre\/wp-json\/wp\/v2\/users\/1"}],"replies":[{"embeddable":true,"href":"https:\/\/www.encontrasantana.com.br\/sobre\/wp-json\/wp\/v2\/comments?post=44405"}],"version-history":[{"count":0,"href":"https:\/\/www.encontrasantana.com.br\/sobre\/wp-json\/wp\/v2\/posts\/44405\/revisions"}],"wp:featuredmedia":[{"embeddable":true,"href":"https:\/\/www.encontrasantana.com.br\/sobre\/wp-json\/wp\/v2\/media\/44378"}],"wp:attachment":[{"href":"https:\/\/www.encontrasantana.com.br\/sobre\/wp-json\/wp\/v2\/media?parent=44405"}],"wp:term":[{"taxonomy":"category","embeddable":true,"href":"https:\/\/www.encontrasantana.com.br\/sobre\/wp-json\/wp\/v2\/categories?post=44405"},{"taxonomy":"post_tag","embeddable":true,"href":"https:\/\/www.encontrasantana.com.br\/sobre\/wp-json\/wp\/v2\/tags?post=44405"}],"curies":[{"name":"wp","href":"https:\/\/api.w.org\/{rel}","templated":true}]}}