{"id":44407,"date":"2021-07-26T05:15:49","date_gmt":"2021-07-26T08:15:49","guid":{"rendered":"https:\/\/www.encontrasantana.com.br\/sobre\/?p=44407"},"modified":"2025-11-13T16:42:47","modified_gmt":"2025-11-13T19:42:47","slug":"greenline-santana","status":"publish","type":"post","link":"https:\/\/www.encontrasantana.com.br\/sobre\/greenline-santana\/","title":{"rendered":"GreenLine Santana"},"content":{"rendered":"<div class=\"1acf8468e559fd3cbeec5aee3a269a52\" data-index=\"1\" style=\"float: none; margin:0px;\">\n<!-- Anuncio display - global -->\r\n<ins class=\"adsbygoogle\"\r\n     style=\"display:block\"\r\n     data-ad-client=\"ca-pub-8585364105181520\"\r\n     data-ad-slot=\"8789329856\"\r\n     data-ad-format=\"auto\"\r\n     data-full-width-responsive=\"true\"><\/ins>\r\n<script>\r\n     (adsbygoogle = window.adsbygoogle || []).push({});\r\n<\/script>\n<\/div>\n<p>A <strong>GreenLine Santana<\/strong> \u00e9 uma operadora que atua na \u00e1rea de assist\u00eancia \u00e0 sa\u00fade h\u00e1 26 anos, sendo hoje, uma das maiores do munic\u00edpio de S\u00e3o Paulo e regi\u00e3o metropolitana.<\/p>\n<p>Reconhecidos por disponibilizar aos benefici\u00e1rios as melhores solu\u00e7\u00f5es para cuidados e preven\u00e7\u00e3o da Sa\u00fade. Isto s\u00f3 \u00e9 poss\u00edvel devido \u00e0 constante otimiza\u00e7\u00e3o do desempenho do servi\u00e7o prestado e por priorizar o investimento cont\u00ednuo em equipes de atendimento altamente capacitados, equipamentos de \u00faltima gera\u00e7\u00e3o e infraestrutura.<\/p>\n<p><img loading=\"lazy\" decoding=\"async\" class=\"alignnone wp-image-44378 size-full\" title=\"GreenLine Santana\" src=\"https:\/\/www.encontrasantana.com.br\/sobre\/wp-content\/uploads\/2021\/07\/UBS-ARACAJU.gif\" alt=\"GreenLine Santana\" width=\"680\" height=\"189\" \/><\/p>\n<p>Com ampla rede pr\u00f3pria hoje com 25 unidades e credenciada de atendimento \u00e9 exclusivamente planejada para atender de forma eficaz todas as necessidades dos clientes.<\/p>\n<p>Com rela\u00e7\u00f5es s\u00f3lidas e de confian\u00e7a, com o compromisso de promover um atendimento \u00e9tico, humanizado e de excel\u00eancia.<\/p>\n<h2>GreenLine Santana\u00a0Plano Pessoa F\u00edsica<\/h2>\n<p>Com o Plano <em>Pessoa F\u00edsica<\/em> da GreenLine, voc\u00ea cuida de sua sa\u00fade e tamb\u00e9m das pessoas de quem voc\u00ea mais gosta.\u00a0A operadora oferece op\u00e7\u00f5es de planos Individual e Familiar.\u00a0Escolha a GreenLine e usufrua da excel\u00eancia no atendimento, qualidade e tecnologia da rede pr\u00f3pria e rede credenciada.<\/p>\n<p>Voc\u00ea tem a op\u00e7\u00e3o de escolher entre os planos: Select 11 (Enfermaria), Select 21 (Apto.), Green 51(Enfermaria) e Green Ref 01 (Enfermaria).<\/p>\n<h3>GreenLine Santana PME<\/h3>\n<p>Os Planos Corporativos para Pequenas e M\u00e9dia Empresas <em>PME<\/em> oferecidos pela GreenLine est\u00e3o alinhados ao interesse das empresas que vislumbram os benef\u00edcios concedidos a seus funcion\u00e1rios como um investimento em pessoas.\u00a0Ao confiar a sa\u00fade de seus colaboradores \u00e0 GreenLine, a sua empresa tem acesso \u00e0 assist\u00eancia m\u00e9dica e hospitalar com a melhor rela\u00e7\u00e3o custo\/benef\u00edcio do mercado.<\/p>\n<p>Planos Corporativos para Pequenas e M\u00e9dias Empresas \u2013 PME atendem de 02 \u00e0 99 vidas. Independentemente da categoria de plano de sa\u00fade escolhida, empresas com 02 \u00e0 29 vidas s\u00e3o contempladas com Redu\u00e7\u00e3o de Car\u00eancia e de 30 \u00e0 99 vidas com Isen\u00e7\u00e3o Total de Car\u00eancias.<\/p>\n<h3>GreenLine Santana Plano Corporativo<\/h3>\n<p>Os <em>Planos Corporativos<\/em> para Pessoas Jur\u00eddicas PJ oferecidos pela GreenLine est\u00e3o alinhados ao interesse das empresas que vislumbram os benef\u00edcios concedidos a seus funcion\u00e1rios como um investimento em pessoas.\u00a0Ao confiar a sa\u00fade de seus colaboradores \u00e0 GreenLine, a sua empresa tem acesso \u00e0 assist\u00eancia m\u00e9dica e hospitalar com a melhor rela\u00e7\u00e3o custo\/benef\u00edcio do mercado.<\/p>\n<p><strong>Isen\u00e7\u00e3o ou redu\u00e7\u00e3o nas car\u00eancias<\/strong><\/p>\n<p>Planos Corporativos para Pessoas Jur\u00eddicas atendem empresas \u00e0 partir de 100 vidas, independentemente da categoria de plano de sa\u00fade escolhida.\u00a0Os funcion\u00e1rios de sua empresa (titulares e dependentes) contam ainda com redu\u00e7\u00e3o ou isen\u00e7\u00e3o total das car\u00eancias.\u00a0Coberturas especiais, mediante contrato, para PCMSO (Programa de Controle M\u00e9dico de Sa\u00fade Ocupacional) e Acidente de Trabalho.<\/p>\n<p><strong>Benef\u00edcios<\/strong><\/p>\n<ul>\n<li>Medicina Preventiva<\/li>\n<li>Gerenciamento e controle de sinistralidade<\/li>\n<li>Rol de procedimentos m\u00e9dicos<\/li>\n<li>Ger\u00eancia de Relacionamento Empresarial \u2013 Gere<\/li>\n<\/ul>\n<p>Estas informa\u00e7\u00f5es s\u00e3o apenas ilustrativas. Os detalhes das garantias\/exclus\u00f5es dos produtos est\u00e3o nas condi\u00e7\u00f5es contratuais estabelecidas para cada um deles.<\/p>\n<h3>Vagas GreenLine Santana &#8211; Trabalhe Conosco<\/h3>\n<p>A GreenLine Santana disponibiliza <em>vagas de trabalho<\/em> durante todo ano. Para se informar sobre os processos seletivos e se candidatar as vagas acompanhe o site da empresa, onde \u00e9 poss\u00edvel se informar sobre vagas abertas, sal\u00e1rios e compet\u00eancias necess\u00e1rias para se candidatar ao processo.<\/p>\n<h3>Hor\u00e1rio de Funcionamento GreenLine em Santana<\/h3>\n<ul>\n<li>Segunda a Sexta 8h \u00e0s 22h \/ S\u00e1bado 9h \u00e0s 16h30<\/li>\n<\/ul>\n<h3>Endere\u00e7o e Telefone GreenLine em Santana<\/h3>\n<ul>\n<li>Av. Cruzeiro do Sul, 2977 &#8211; Santana &#8211; S\u00e3o Paulo &#8211; SP<\/li>\n<li>Telefone: (11) 4902-9052<\/li>\n<\/ul>\n<h4>Outras informa\u00e7\u00f5es e site<\/h4>\n<ul>\n<li>Mais informa\u00e7\u00f5es:\u00a0<a href=\"https:\/\/greenlineonline.com.br\/\" target=\"_blank\" rel=\"noopener\">www.greenlineonline.com.br<\/a><\/li>\n<\/ul>\n<h4>Mapa de localiza\u00e7\u00e3o<\/h4>\n<a class=\"wp-colorbox-iframe\" href=\"https:\/\/www.google.com\/maps\/embed?pb=!1m14!1m8!1m3!1d14635.078396785686!2d-46.6251729!3d-23.5048069!3m2!1i1024!2i768!4f13.1!3m3!1m2!1s0x00x790c9dca24bf9ad2!2sCentroMdicoSantana!5e0!3m2!1spt-BR!2sbr!4v1627287269349!5m2!1spt-BR!2sbr\"><img decoding=\"async\" src=\"http:\/\/www.encontrasantana.com.br\/imgs\/maps-post.png\"><\/a>\n\n<div style=\"font-size: 0px; height: 0px; line-height: 0px; margin: 0; padding: 0; clear: both;\"><\/div>","protected":false},"excerpt":{"rendered":"<p>A GreenLine Santana \u00e9 uma operadora que atua na \u00e1rea de assist\u00eancia \u00e0 sa\u00fade h\u00e1 26 anos, sendo hoje, uma das maiores do munic\u00edpio de S\u00e3o Paulo e regi\u00e3o metropolitana. Reconhecidos por disponibilizar aos benefici\u00e1rios as melhores solu\u00e7\u00f5es para cuidados e preven\u00e7\u00e3o da Sa\u00fade. Isto s\u00f3 \u00e9 poss\u00edvel devido \u00e0 constante otimiza\u00e7\u00e3o do desempenho do servi\u00e7o prestado e por priorizar o investimento cont\u00ednuo em equipes de atendimento altamente capacitados, equipamentos de \u00faltima gera\u00e7\u00e3o e infraestrutura. Com ampla rede pr\u00f3pria hoje com 25 unidades e credenciada de atendimento \u00e9 exclusivamente planejada para atender de forma eficaz todas as necessidades dos clientes. <\/p>\n","protected":false},"author":1,"featured_media":44378,"comment_status":"open","ping_status":"closed","sticky":false,"template":"","format":"standard","meta":{"footnotes":""},"categories":[9650],"tags":[],"class_list":["post-44407","post","type-post","status-publish","format-standard","has-post-thumbnail","hentry","category-saude-em-santana","has_thumb"],"aioseo_notices":[],"_links":{"self":[{"href":"https:\/\/www.encontrasantana.com.br\/sobre\/wp-json\/wp\/v2\/posts\/44407"}],"collection":[{"href":"https:\/\/www.encontrasantana.com.br\/sobre\/wp-json\/wp\/v2\/posts"}],"about":[{"href":"https:\/\/www.encontrasantana.com.br\/sobre\/wp-json\/wp\/v2\/types\/post"}],"author":[{"embeddable":true,"href":"https:\/\/www.encontrasantana.com.br\/sobre\/wp-json\/wp\/v2\/users\/1"}],"replies":[{"embeddable":true,"href":"https:\/\/www.encontrasantana.com.br\/sobre\/wp-json\/wp\/v2\/comments?post=44407"}],"version-history":[{"count":0,"href":"https:\/\/www.encontrasantana.com.br\/sobre\/wp-json\/wp\/v2\/posts\/44407\/revisions"}],"wp:featuredmedia":[{"embeddable":true,"href":"https:\/\/www.encontrasantana.com.br\/sobre\/wp-json\/wp\/v2\/media\/44378"}],"wp:attachment":[{"href":"https:\/\/www.encontrasantana.com.br\/sobre\/wp-json\/wp\/v2\/media?parent=44407"}],"wp:term":[{"taxonomy":"category","embeddable":true,"href":"https:\/\/www.encontrasantana.com.br\/sobre\/wp-json\/wp\/v2\/categories?post=44407"},{"taxonomy":"post_tag","embeddable":true,"href":"https:\/\/www.encontrasantana.com.br\/sobre\/wp-json\/wp\/v2\/tags?post=44407"}],"curies":[{"name":"wp","href":"https:\/\/api.w.org\/{rel}","templated":true}]}}