{"id":44432,"date":"2021-07-27T06:07:02","date_gmt":"2021-07-27T09:07:02","guid":{"rendered":"https:\/\/www.encontrasantana.com.br\/sobre\/?p=44432"},"modified":"2025-11-13T16:42:46","modified_gmt":"2025-11-13T19:42:46","slug":"ponto-inicial-marco-0-santana","status":"publish","type":"post","link":"https:\/\/www.encontrasantana.com.br\/sobre\/ponto-inicial-marco-0-santana\/","title":{"rendered":"Ponto Inicial Marco 0 Santana"},"content":{"rendered":"<div class=\"1acf8468e559fd3cbeec5aee3a269a52\" data-index=\"1\" style=\"float: none; margin:0px;\">\n<!-- Anuncio display - global -->\r\n<ins class=\"adsbygoogle\"\r\n     style=\"display:block\"\r\n     data-ad-client=\"ca-pub-8585364105181520\"\r\n     data-ad-slot=\"8789329856\"\r\n     data-ad-format=\"auto\"\r\n     data-full-width-responsive=\"true\"><\/ins>\r\n<script>\r\n     (adsbygoogle = window.adsbygoogle || []).push({});\r\n<\/script>\n<\/div>\n<p>O <strong>Ponto Inicial Marco 0 Santana<\/strong> atual \u00e9 o \u00faltimo de quatro tentativas frustradas de marcar um marco zero na Cidade de S\u00e3o Paulo. A primeira tentativa foi em frente a primeira Igreja da S\u00e9, onde hoje encontra-se a Rua Venceslau Br\u00e1s.<\/p>\n<p>O segundo n\u00e3o foi marcado por um monumento espec\u00edfico, mas sim pela torre da segunda Igreja, depois foi criado um monumento ao lado da Igreja, com o intuito de retirar da Igreja a importante fun\u00e7\u00e3o de demarcar a centraliza\u00e7\u00e3o da cidade, e esse \u00e9 o terceiro, que possu\u00eda n\u00e3o s\u00f3 essa fun\u00e7\u00e3o, mas tamb\u00e9m a importante fun\u00e7\u00e3o tur\u00edstica na Cidade de S\u00e3o Paulo.<\/p>\n<p><img loading=\"lazy\" decoding=\"async\" class=\"alignnone wp-image-44429 size-full\" title=\"Museu Aberto de Arte Urbana Santana\" src=\"https:\/\/www.encontrasantana.com.br\/sobre\/wp-content\/uploads\/2021\/07\/museus-geral.gif\" alt=\"Museu Aberto de Arte Urbana Santana\" width=\"680\" height=\"189\" \/><\/p>\n<p>Ap\u00f3s a demoli\u00e7\u00e3o da Igreja da S\u00e9, no in\u00edcio do s\u00e9culo XX, S\u00e3o Paulo ficou sem uma centraliza\u00e7\u00e3o, at\u00e9 que o jornalista Am\u00e9rico R. Neto lan\u00e7ou a proposta de se construir um novo Marco Zero para a Cidade de S\u00e3o Paulo em 1921. A proposta foi aprovada pelo governo e constru\u00edda pelo artista franc\u00eas Jean Gabriel Villin, e assim se construiu o atual monumento hexagonal que demarca a centraliza\u00e7\u00e3o da Cidade de S\u00e3o Paulo nos dias atuais.<\/p>\n<h2>Constru\u00e7\u00e3o<\/h2>\n<p>Proposto em 1921 pelo jornalista e membro da Associa\u00e7\u00e3o Paulista de Boas Estradas Am\u00e9rico R. Netto, a constru\u00e7\u00e3o do monumento tal qual conhecemos hoje s\u00f3 foi aprovada pelo ent\u00e3o prefeito da cidade, Antonio Carlos Assump\u00e7\u00e3o, em 1932 \u2013 ap\u00f3s outras duas vers\u00f5es terem sido instaladas na regi\u00e3o.<\/p>\n<p>O fator determinante na escolha do local para a implementa\u00e7\u00e3o o do marco zero na pra\u00e7a da S\u00e9, foi justamente a idealiza\u00e7\u00e3o de uma tradi\u00e7\u00e3o hist\u00f3rica. Em tempos passados (\u00e9poca colonial), a maneira que os paulistas adotaram para se orientar foi a designa\u00e7\u00e3o de dist\u00e2ncias atrav\u00e9s da porta do templo que localizava-se no ent\u00e3o \u201clargo da S\u00e9\u201d, antecedendo a constru\u00e7\u00e3o da catedral atual.<\/p>\n<p>O marco zero da cidade de S\u00e3o Paulo foi inaugurado em 18 de setembro de 1934, \u00e0s 14 horas pelo prefeito da \u00e9poca F\u00e1bio da Silva Prado, sendo o primeiro marco zero de toda a Am\u00e9rica do Sul. O monumento, adornado pelo escultor franc\u00eas Jean Gabriel Villin, tornou-se o primeiro do g\u00eanero na Am\u00e9rica do Sul \u2013 e serviu de exemplo a diversos outros estados do pa\u00eds, que n\u00e3o demoraram muito para construir o marco zero de seus pr\u00f3prios territ\u00f3rios. O Marco Zero significa o conjunto de ideias da \u00e9poca em que foi concebido e implantado: um intenso sentimento paulista demonstra o s\u00edmbolo central do Estado de S\u00e3o Paulo na forma\u00e7\u00e3o do Brasil. Mais que uma simples refer\u00eancia espacial, o Marco Zero \u00e9 um monumento, pleno de valor simb\u00f3lico.<\/p>\n<p>A pra\u00e7a da S\u00e9 foi o local escolhido para a constru\u00e7\u00e3o do marco na pra\u00e7a pois foi baseado em uma tradi\u00e7\u00e3o hist\u00f3rica. Na era colonial, os paulistas orientavam-se na indica\u00e7\u00e3o de dist\u00e2ncias pela porta do templo que havia no ent\u00e3o &#8220;largo da S\u00e9&#8221;, antes da constru\u00e7\u00e3o da catedral. Pouco tempo depois, o exemplo do marco zero de S\u00e3o Paulo come\u00e7ou a ser seguido por outros Estados. No Paran\u00e1, por exemplo, o marco foi instalado tr\u00eas anos depois de S\u00e3o Paulo.<\/p>\n<h3>Arquitetura<\/h3>\n<p>Feito de um bloco de m\u00e1rmore extra\u00eddo de uma jazida no munic\u00edpio de Cachoeira Paulista, o monumento tem formato hexagonal, com a dimens\u00e3o de 1x13m, 0,70m, 0,70m. H\u00e1 por cima do m\u00e1rmore uma placa de bronze em que se observa um mapa das estradas que partem de S\u00e3o Paulo. O bloco principal est\u00e1 apoiado sobre uma base com dois degraus de granito de tamanho 0,15m, 2,20m, 2,20m.<\/p>\n<p>Cada face vertical do miniobelisco recoberto de m\u00e1rmore representa, por meio de gravuras, seis importantes lugares para os quais o monumento est\u00e1 voltado. S\u00e3o eles: Paran\u00e1 (ao sul) representado pela imagem de uma Arauc\u00e1ria; Santos (ao sudeste) com a figura de um navio a vapor, de onde sa\u00edam os carregamentos de caf\u00e9, a principal fonte de economia da \u00e9poca; Rio de Janeiro (nordeste) que faz alus\u00e3o ao P\u00e3o de A\u00e7\u00facar; Minas Gerais (dire\u00e7\u00e3o norte) representada por ferramentas de minera\u00e7\u00e3o; Mato Grosso (a sudoeste) caracterizado por vestimentas t\u00edpicas dos bandeirantes e Goi\u00e1s (noroeste) representado por uma bateia, instrumento utilizado pelos garimpeiros.<\/p>\n<p>A placa de bronze em sua superf\u00edcie apresenta os principais pontos da cidade na \u00e9poca, como os rios Tiet\u00ea e Pinheiros, a esta\u00e7\u00e3o da Luz, a Faculdade de Medicina da USP, o Museu do Ypiranga (como era escrito na \u00e9poca) e as vias da urbe, como por exemplo: a Rua Volunt\u00e1rios da P\u00e1tria na zona norte, a Rua da Consola\u00e7\u00e3o e a Avenida Paulista.A placa que existe hoje \u00e9, na realidade, uma r\u00e9plica da primeira vers\u00e3o, que foi roubada por seu valor material e hist\u00f3rico. N\u00e3o existem registros do modelo original, por\u00e9m, ap\u00f3s o tombamento do marco zero e restaura\u00e7\u00e3o do patrim\u00f4nio, o material foi substitu\u00eddo por uma c\u00f3pia.<\/p>\n<h3>Hor\u00e1rio de Funcionamento Museu Aberto de Arte Urbana em Santana<\/h3>\n<ul>\n<li>24 horas<\/li>\n<\/ul>\n<h3>Endere\u00e7o e Telefone Museu Aberto de Arte Urbanaem Santana<\/h3>\n<ul>\n<li>R. Volunt\u00e1rios da P\u00e1tria &#8211; Santana &#8211; S\u00e3o Paulo &#8211; SP<\/li>\n<li>Telefone: n\u00e3o possui<\/li>\n<\/ul>\n<h4>Mapa de localiza\u00e7\u00e3o<\/h4>\n<a class=\"wp-colorbox-iframe\" href=\"https:\/\/www.google.com\/maps\/embed?pb=!1m14!1m8!1m3!1d14634.716887171702!2d-46.6252688!3d-23.5080609!3m2!1i1024!2i768!4f13.1!3m3!1m2!1s0x00x6468bbaef585f90!2sMuseuAbertodeArteUrbanadeSoPaulo!5e0!3m2!1spt-BR!2sbr!4v1627375735072!5m2!1spt-BR!2sbr\"><img decoding=\"async\" src=\"http:\/\/www.encontrasantana.com.br\/imgs\/maps-post.png\"><\/a>\n\n<div style=\"font-size: 0px; height: 0px; line-height: 0px; margin: 0; padding: 0; clear: both;\"><\/div>","protected":false},"excerpt":{"rendered":"<p>O Ponto Inicial Marco 0 Santana atual \u00e9 o \u00faltimo de quatro tentativas frustradas de marcar um marco zero na Cidade de S\u00e3o Paulo. A primeira tentativa foi em frente a primeira Igreja da S\u00e9, onde hoje encontra-se a Rua Venceslau Br\u00e1s. O segundo n\u00e3o foi marcado por um monumento espec\u00edfico, mas sim pela torre da segunda Igreja, depois foi criado um monumento ao lado da Igreja, com o intuito de retirar da Igreja a importante fun\u00e7\u00e3o de demarcar a centraliza\u00e7\u00e3o da cidade, e esse \u00e9 o terceiro, que possu\u00eda n\u00e3o s\u00f3 essa fun\u00e7\u00e3o, mas tamb\u00e9m a importante fun\u00e7\u00e3o tur\u00edstica <\/p>\n","protected":false},"author":1,"featured_media":44429,"comment_status":"open","ping_status":"closed","sticky":false,"template":"","format":"standard","meta":{"footnotes":""},"categories":[9654],"tags":[],"class_list":["post-44432","post","type-post","status-publish","format-standard","has-post-thumbnail","hentry","category-museus-santana","has_thumb"],"aioseo_notices":[],"_links":{"self":[{"href":"https:\/\/www.encontrasantana.com.br\/sobre\/wp-json\/wp\/v2\/posts\/44432"}],"collection":[{"href":"https:\/\/www.encontrasantana.com.br\/sobre\/wp-json\/wp\/v2\/posts"}],"about":[{"href":"https:\/\/www.encontrasantana.com.br\/sobre\/wp-json\/wp\/v2\/types\/post"}],"author":[{"embeddable":true,"href":"https:\/\/www.encontrasantana.com.br\/sobre\/wp-json\/wp\/v2\/users\/1"}],"replies":[{"embeddable":true,"href":"https:\/\/www.encontrasantana.com.br\/sobre\/wp-json\/wp\/v2\/comments?post=44432"}],"version-history":[{"count":0,"href":"https:\/\/www.encontrasantana.com.br\/sobre\/wp-json\/wp\/v2\/posts\/44432\/revisions"}],"wp:featuredmedia":[{"embeddable":true,"href":"https:\/\/www.encontrasantana.com.br\/sobre\/wp-json\/wp\/v2\/media\/44429"}],"wp:attachment":[{"href":"https:\/\/www.encontrasantana.com.br\/sobre\/wp-json\/wp\/v2\/media?parent=44432"}],"wp:term":[{"taxonomy":"category","embeddable":true,"href":"https:\/\/www.encontrasantana.com.br\/sobre\/wp-json\/wp\/v2\/categories?post=44432"},{"taxonomy":"post_tag","embeddable":true,"href":"https:\/\/www.encontrasantana.com.br\/sobre\/wp-json\/wp\/v2\/tags?post=44432"}],"curies":[{"name":"wp","href":"https:\/\/api.w.org\/{rel}","templated":true}]}}