{"id":44476,"date":"2025-10-24T09:26:00","date_gmt":"2025-10-24T12:26:00","guid":{"rendered":"https:\/\/www.encontrasantana.com.br\/sobre\/?p=44476"},"modified":"2025-11-13T16:42:45","modified_gmt":"2025-11-13T19:42:45","slug":"concurso-camara-santana-de-parnaiba-sp-2-vagas-cr","status":"publish","type":"post","link":"https:\/\/www.encontrasantana.com.br\/sobre\/concurso-camara-santana-de-parnaiba-sp-2-vagas-cr\/","title":{"rendered":"Concurso C\u00e2mara Santana de Parna\u00edba SP: 2 vagas + CR!"},"content":{"rendered":"<div class=\"1acf8468e559fd3cbeec5aee3a269a52\" data-index=\"1\" style=\"float: none; margin:0px;\">\n<!-- Anuncio display - global -->\r\n<ins class=\"adsbygoogle\"\r\n     style=\"display:block\"\r\n     data-ad-client=\"ca-pub-8585364105181520\"\r\n     data-ad-slot=\"8789329856\"\r\n     data-ad-format=\"auto\"\r\n     data-full-width-responsive=\"true\"><\/ins>\r\n<script>\r\n     (adsbygoogle = window.adsbygoogle || []).push({});\r\n<\/script>\n<\/div>\n<h2>O que \u00e9 o Concurso C\u00e2mara Santana de Parna\u00edba?<\/h2>\n<p>O <strong>Concurso C\u00e2mara Santana de Parna\u00edba<\/strong> \u00e9 um processo seletivo destinado a contratar profissionais para compor o quadro de servidores da C\u00e2mara Municipal dessa cidade localizada no Estado de S\u00e3o Paulo. Esse concurso \u00e9 uma oportunidade para quem busca uma carreira no servi\u00e7o p\u00fablico, com diversas vantagens e benef\u00edcios. \u00c9 importante lembrar que os concursos p\u00fablicos seguem uma s\u00e9rie de normas e regulamentos estabelecidos pela legisla\u00e7\u00e3o vigente, garantindo a transpar\u00eancia e a igualdade de oportunidades aos candidatos.<\/p>\n<h2>Vagas Dispon\u00edveis e Cargo Oferecido<\/h2>\n<p>No atual concurso, est\u00e3o dispon\u00edveis <strong>2 vagas<\/strong>, al\u00e9m de um <strong>Cadastro de Reserva<\/strong>. As vagas podem ser para diferentes \u00e1reas, como administrativa e legislativa, e o cargo oferecido varia de acordo com as necessidades da C\u00e2mara. \u00c9 essencial que os candidatos verifiquem no edital quais s\u00e3o as vagas e os respectivos cargos dispon\u00edveis.<\/p>\n<h2>Sal\u00e1rio e Benef\u00edcios para o Cargo<\/h2>\n<p>Os sal\u00e1rios para os cargos oferecidos no concurso da C\u00e2mara podem variar, mas normalmente est\u00e3o em um patamar que atrai muitos candidatos. Al\u00e9m do sal\u00e1rio, os profissionais contratados tamb\u00e9m t\u00eam direito a uma s\u00e9rie de <strong>benef\u00edcios<\/strong>, como:<\/p>\n<ul>\n<li><strong>Vale-alimenta\u00e7\u00e3o:<\/strong> Aux\u00edlio na alimenta\u00e7\u00e3o dos servidores.<\/li>\n<li><strong>Vale-transporte:<\/strong> Para custear o deslocamento at\u00e9 o trabalho.<\/li>\n<li><strong>Assist\u00eancia m\u00e9dica:<\/strong> Algumas c\u00e2maras oferecem planos de sa\u00fade para seus servidores.<\/li>\n<li><strong>F\u00e9rias remuneradas:<\/strong> Direito a f\u00e9rias ap\u00f3s per\u00edodo trabalhado.<\/li>\n<\/ul>\n<h2>Como se Inscrever no Concurso<\/h2>\n<p>A inscri\u00e7\u00e3o para o concurso da C\u00e2mara Santana de Parna\u00edba deve ser feita de forma online pelo site da organizadora do concurso. Os interessados devem preencher um formul\u00e1rio de inscri\u00e7\u00e3o e pagar a taxa correspondente. Alguns pontos importantes sobre a inscri\u00e7\u00e3o incluem:<\/p>\n<ul>\n<li><strong>Prazo:<\/strong> Fique atento ao per\u00edodo de inscri\u00e7\u00e3o, que \u00e9 limitado.<\/li>\n<li><strong>Formul\u00e1rio:<\/strong> \u00c9 necess\u00e1rio preencher corretamente todos os campos do formul\u00e1rio.<\/li>\n<li><strong>Comprovante de pagamento:<\/strong> Ap\u00f3s pagar a taxa, guarde o comprovante, pois ele ser\u00e1 necess\u00e1rio durante a sele\u00e7\u00e3o.<\/li>\n<\/ul>\n<h2>Requisitos Necess\u00e1rios para Participar<\/h2>\n<p>Para se candidatar \u00e0s vagas disponibilizadas no concurso, os postulantes devem atender a alguns requisitos. Geralmente, os requisitos incluem:<\/p>\n<ul>\n<li><strong>Idade:<\/strong> Ser maior de 18 anos.<\/li>\n<li><strong>Escolaridade:<\/strong> O n\u00edvel de escolaridade exigido varia de acordo com o cargo. Algumas vagas podem exigir Ensino M\u00e9dio, enquanto outras podem necessitar de Ensino Superior.<\/li>\n<li><strong>Regularidade com a Justi\u00e7a:<\/strong> N\u00e3o pode ter pend\u00eancias judiciais.<\/li>\n<li><strong>Compatibilidade:<\/strong> O candidato n\u00e3o pode ter sido exonerado de cargo p\u00fablico anteriormente.<\/li>\n<\/ul>\n<h2>Datas Importantes do Concurso<\/h2>\n<p>As datas do concurso s\u00e3o cruciais para o planejamento dos candidatos. Algumas datas importantes incluem:<\/p>\n<ul>\n<li><strong>Data de Abertura das Inscri\u00e7\u00f5es:<\/strong> Data em que come\u00e7am as inscri\u00e7\u00f5es.<\/li>\n<li><strong>Data de Fechamento das Inscri\u00e7\u00f5es:<\/strong> \u00daltimo dia para se inscrever.<\/li>\n<li><strong>Data da Prova:<\/strong> Dia em que as provas objetivas ser\u00e3o aplicadas.<\/li>\n<li><strong>Resultado:<\/strong> Data em que os resultados das provas s\u00e3o divulgados.<\/li>\n<\/ul>\n<h2>Estrutura da Prova Objetiva<\/h2>\n<p>A prova objetiva do concurso \u00e9 a fase em que os candidatos ser\u00e3o avaliados. A estrutura pode variar, mas em geral inclui:<\/p>\n<ul>\n<li><strong>Quantidade de Quest\u00f5es:<\/strong> A prova pode conter entre 30 e 60 quest\u00f5es, dependendo do cargo.<\/li>\n<li><strong>Conte\u00fados Abordados:<\/strong> Geralmente, as provas incluem quest\u00f5es de L\u00edngua Portuguesa, Matem\u00e1tica, Conhecimentos Gerais e conhecimentos espec\u00edficos da \u00e1rea desejada.<\/li>\n<li><strong>Dura\u00e7\u00e3o:<\/strong> O tempo dispon\u00edvel para realizar a prova costuma ser de 3 a 4 horas.<\/li>\n<\/ul>\n<h2>Dicas para se Preparar para o Concurso<\/h2>\n<p>A prepara\u00e7\u00e3o para o concurso \u00e9 fundamental para aumentar as chances de sucesso. Algumas dicas incluem:<\/p>\n<ul>\n<li><strong>Estudar o Edital:<\/strong> Leia o edital atentamente para saber todos os detalhes do concurso.<\/li>\n<li><strong>Organizar um Cronograma de Estudos:<\/strong> Montar um plano de estudo ajuda a administrar o tempo e a cobrir todos os t\u00f3picos necess\u00e1rios.<\/li>\n<li><strong>Realizar Simulados:<\/strong> A pr\u00e1tica de simulados possibilita familiariza\u00e7\u00e3o com o formato da prova.<\/li>\n<li><strong>Utilizar Materiais de Estudo Atualizados:<\/strong> Apostilas e cursos online podem ajudar na prepara\u00e7\u00e3o.<\/li>\n<\/ul>\n<h2>\u00daltimos Concursos da C\u00e2mara<\/h2>\n<p>Vale a pena pesquisar sobre os \u00faltimos concursos realizados pela C\u00e2mara de Santana de Parna\u00edba. Isso pode dar uma ideia do padr\u00e3o das provas e das mat\u00e9rias mais frequentemente cobradas. As \u00faltimas edi\u00e7\u00f5es geralmente possuem orienta\u00e7\u00f5es sobre:<\/p>\n<ul>\n<li><strong>Temas:<\/strong> Assuntos que costumam aparecer nas quest\u00f5es.<\/li>\n<li><strong>Estrutura das Provas:<\/strong> Como eram compostas as provas anteriores.<\/li>\n<li><strong>Taxas de Aprova\u00e7\u00e3o:<\/strong> Informa\u00e7\u00f5es sobre a concorr\u00eancia e a quantidade de candidatos por vaga.<\/li>\n<\/ul>\n<h2>Onde Encontrar Materiais de Estudo<\/h2>\n<p>Existem v\u00e1rias fontes para encontrar materiais de estudo para o concurso da C\u00e2mara. Algumas op\u00e7\u00f5es s\u00e3o:<\/p>\n<ul>\n<li><strong>Livros e Apostilas:<\/strong> Existem diversas publica\u00e7\u00f5es voltadas para concursos p\u00fablicos que podem ser encontradas em livrarias.<\/li>\n<li><strong>Cursos Preparat\u00f3rios:<\/strong> Muitas institui\u00e7\u00f5es oferecem cursos presenciais ou online focados em concursos p\u00fablicos.<\/li>\n<li><strong>Sites de Concursos:<\/strong> Sites especializados disponibilizam quest\u00f5es de provas anteriores e materiais gratuitos.<\/li>\n<li><strong>Grupos de Estudo:<\/strong> Participar de grupos em redes sociais pode ser uma boa forma de compartilhar materiais e dicas. <\/li>\n<\/ul>\n\n<div style=\"font-size: 0px; height: 0px; line-height: 0px; margin: 0; padding: 0; clear: both;\"><\/div>","protected":false},"excerpt":{"rendered":"<p>Concurso C\u00e2mara Santana de Parna\u00edba SP oferece 2 vagas e cadastro de reserva.<\/p>\n","protected":false},"author":1,"featured_media":44475,"comment_status":"open","ping_status":"closed","sticky":false,"template":"","format":"standard","meta":{"footnotes":""},"categories":[3],"tags":[],"class_list":["post-44476","post","type-post","status-publish","format-standard","has-post-thumbnail","hentry","category-noticias-em-santana","has_thumb"],"aioseo_notices":[],"aioseo_head":"\n\t\t<!-- All in One SEO 5.0.0.1 - aioseo.com -->\n\t<meta name=\"description\" content=\"Concurso C\u00e2mara Santana de Parna\u00edba SP oferece 2 vagas e cadastro de reserva.\" \/>\n\t<meta name=\"robots\" content=\"max-image-preview:large\" \/>\n\t<meta name=\"author\" content=\"Encontra Santana\"\/>\n\t<link rel=\"canonical\" href=\"https:\/\/www.encontrasantana.com.br\/sobre\/concurso-camara-santana-de-parnaiba-sp-2-vagas-cr\/\" \/>\n\t<meta name=\"generator\" content=\"All in One SEO (AIOSEO) 5.0.0.1\" \/>\n\t\t<meta property=\"og:locale\" content=\"pt_BR\" \/>\n\t\t<meta property=\"og:site_name\" content=\"Encontra Santana | Not\u00edcias, eventos, informa\u00e7\u00f5es e dicas no bairro de Santana e regi\u00e3o.\" \/>\n\t\t<meta property=\"og:type\" content=\"article\" \/>\n\t\t<meta property=\"og:title\" content=\"Concurso C\u00e2mara Santana de Parna\u00edba SP: 2 vagas + CR! \u00bb Encontra Santana\" \/>\n\t\t<meta property=\"og:description\" content=\"Concurso C\u00e2mara Santana de Parna\u00edba SP oferece 2 vagas e cadastro de reserva.\" \/>\n\t\t<meta property=\"og:url\" content=\"https:\/\/www.encontrasantana.com.br\/sobre\/concurso-camara-santana-de-parnaiba-sp-2-vagas-cr\/\" \/>\n\t\t<meta property=\"article:published_time\" content=\"2025-10-24T12:26:00+00:00\" \/>\n\t\t<meta property=\"article:modified_time\" content=\"2025-11-13T19:42:45+00:00\" \/>\n\t\t<meta name=\"twitter:card\" content=\"summary\" \/>\n\t\t<meta name=\"twitter:title\" content=\"Concurso C\u00e2mara Santana de Parna\u00edba SP: 2 vagas + CR! \u00bb Encontra Santana\" \/>\n\t\t<meta name=\"twitter:description\" content=\"Concurso C\u00e2mara Santana de Parna\u00edba SP oferece 2 vagas e cadastro de reserva.\" \/>\n\t\t<script type=\"application\/ld+json\" class=\"aioseo-schema\">\n\t\t\t{\"@context\":\"https:\\\/\\\/schema.org\",\"@graph\":[{\"@type\":\"Article\",\"@id\":\"https:\\\/\\\/www.encontrasantana.com.br\\\/sobre\\\/concurso-camara-santana-de-parnaiba-sp-2-vagas-cr\\\/#article\",\"name\":\"Concurso C\\u00e2mara Santana de Parna\\u00edba SP: 2 vagas + CR! \\u00bb Encontra Santana\",\"headline\":\"Concurso C\\u00e2mara Santana de Parna\\u00edba SP: 2 vagas + CR!\",\"author\":{\"@id\":\"https:\\\/\\\/www.encontrasantana.com.br\\\/sobre\\\/author\\\/esantana\\\/#author\"},\"publisher\":{\"@id\":\"https:\\\/\\\/www.encontrasantana.com.br\\\/sobre\\\/#organization\"},\"image\":{\"@type\":\"ImageObject\",\"url\":\"https:\\\/\\\/www.encontrasantana.com.br\\\/sobre\\\/wp-content\\\/uploads\\\/2025\\\/10\\\/concurso-camara-santana-de-parnaiba-sp-2-vagas-cr.webp\",\"width\":320,\"height\":280,\"caption\":\"Concurso C\\u00e2mara Santana de Parna\\u00edba SP\"},\"datePublished\":\"2025-10-24T09:26:00-03:00\",\"dateModified\":\"2025-11-13T16:42:45-03:00\",\"inLanguage\":\"pt-BR\",\"mainEntityOfPage\":{\"@id\":\"https:\\\/\\\/www.encontrasantana.com.br\\\/sobre\\\/concurso-camara-santana-de-parnaiba-sp-2-vagas-cr\\\/#webpage\"},\"isPartOf\":{\"@id\":\"https:\\\/\\\/www.encontrasantana.com.br\\\/sobre\\\/concurso-camara-santana-de-parnaiba-sp-2-vagas-cr\\\/#webpage\"},\"articleSection\":\"Not\\u00edcias Santana\"},{\"@type\":\"BreadcrumbList\",\"@id\":\"https:\\\/\\\/www.encontrasantana.com.br\\\/sobre\\\/concurso-camara-santana-de-parnaiba-sp-2-vagas-cr\\\/#breadcrumblist\",\"itemListElement\":[{\"@type\":\"ListItem\",\"@id\":\"https:\\\/\\\/www.encontrasantana.com.br\\\/sobre#listItem\",\"position\":1,\"name\":\"In\\u00edcio\",\"item\":\"https:\\\/\\\/www.encontrasantana.com.br\\\/sobre\",\"nextItem\":{\"@type\":\"ListItem\",\"@id\":\"https:\\\/\\\/www.encontrasantana.com.br\\\/sobre\\\/noticias-em-santana\\\/#listItem\",\"name\":\"Not\\u00edcias Santana\"}},{\"@type\":\"ListItem\",\"@id\":\"https:\\\/\\\/www.encontrasantana.com.br\\\/sobre\\\/noticias-em-santana\\\/#listItem\",\"position\":2,\"name\":\"Not\\u00edcias Santana\",\"item\":\"https:\\\/\\\/www.encontrasantana.com.br\\\/sobre\\\/noticias-em-santana\\\/\",\"nextItem\":{\"@type\":\"ListItem\",\"@id\":\"https:\\\/\\\/www.encontrasantana.com.br\\\/sobre\\\/concurso-camara-santana-de-parnaiba-sp-2-vagas-cr\\\/#listItem\",\"name\":\"Concurso C\\u00e2mara Santana de Parna\\u00edba SP: 2 vagas + CR!\"},\"previousItem\":{\"@type\":\"ListItem\",\"@id\":\"https:\\\/\\\/www.encontrasantana.com.br\\\/sobre#listItem\",\"name\":\"In\\u00edcio\"}},{\"@type\":\"ListItem\",\"@id\":\"https:\\\/\\\/www.encontrasantana.com.br\\\/sobre\\\/concurso-camara-santana-de-parnaiba-sp-2-vagas-cr\\\/#listItem\",\"position\":3,\"name\":\"Concurso C\\u00e2mara Santana de Parna\\u00edba SP: 2 vagas + CR!\",\"previousItem\":{\"@type\":\"ListItem\",\"@id\":\"https:\\\/\\\/www.encontrasantana.com.br\\\/sobre\\\/noticias-em-santana\\\/#listItem\",\"name\":\"Not\\u00edcias Santana\"}}]},{\"@type\":\"Organization\",\"@id\":\"https:\\\/\\\/www.encontrasantana.com.br\\\/sobre\\\/#organization\",\"name\":\"Encontra Santana\",\"description\":\"Not\\u00edcias, eventos, informa\\u00e7\\u00f5es e dicas no bairro de Santana e regi\\u00e3o.\",\"url\":\"https:\\\/\\\/www.encontrasantana.com.br\\\/sobre\\\/\"},{\"@type\":\"Person\",\"@id\":\"https:\\\/\\\/www.encontrasantana.com.br\\\/sobre\\\/author\\\/esantana\\\/#author\",\"url\":\"https:\\\/\\\/www.encontrasantana.com.br\\\/sobre\\\/author\\\/esantana\\\/\",\"name\":\"Encontra Santana\",\"image\":{\"@type\":\"ImageObject\",\"@id\":\"https:\\\/\\\/www.encontrasantana.com.br\\\/sobre\\\/concurso-camara-santana-de-parnaiba-sp-2-vagas-cr\\\/#authorImage\",\"url\":\"https:\\\/\\\/secure.gravatar.com\\\/avatar\\\/0fbed662e37531ae23e68f85f9517b2454e50c1dfebf80eb9b721449ac95e0b9?s=96&d=mm&r=g\",\"width\":96,\"height\":96,\"caption\":\"Encontra Santana\"}},{\"@type\":\"WebPage\",\"@id\":\"https:\\\/\\\/www.encontrasantana.com.br\\\/sobre\\\/concurso-camara-santana-de-parnaiba-sp-2-vagas-cr\\\/#webpage\",\"url\":\"https:\\\/\\\/www.encontrasantana.com.br\\\/sobre\\\/concurso-camara-santana-de-parnaiba-sp-2-vagas-cr\\\/\",\"name\":\"Concurso C\\u00e2mara Santana de Parna\\u00edba SP: 2 vagas + CR! \\u00bb Encontra Santana\",\"description\":\"Concurso C\\u00e2mara Santana de Parna\\u00edba SP oferece 2 vagas e cadastro de reserva.\",\"inLanguage\":\"pt-BR\",\"isPartOf\":{\"@id\":\"https:\\\/\\\/www.encontrasantana.com.br\\\/sobre\\\/#website\"},\"breadcrumb\":{\"@id\":\"https:\\\/\\\/www.encontrasantana.com.br\\\/sobre\\\/concurso-camara-santana-de-parnaiba-sp-2-vagas-cr\\\/#breadcrumblist\"},\"author\":{\"@id\":\"https:\\\/\\\/www.encontrasantana.com.br\\\/sobre\\\/author\\\/esantana\\\/#author\"},\"creator\":{\"@id\":\"https:\\\/\\\/www.encontrasantana.com.br\\\/sobre\\\/author\\\/esantana\\\/#author\"},\"image\":{\"@type\":\"ImageObject\",\"url\":\"https:\\\/\\\/www.encontrasantana.com.br\\\/sobre\\\/wp-content\\\/uploads\\\/2025\\\/10\\\/concurso-camara-santana-de-parnaiba-sp-2-vagas-cr.webp\",\"@id\":\"https:\\\/\\\/www.encontrasantana.com.br\\\/sobre\\\/concurso-camara-santana-de-parnaiba-sp-2-vagas-cr\\\/#mainImage\",\"width\":320,\"height\":280,\"caption\":\"Concurso C\\u00e2mara Santana de Parna\\u00edba SP\"},\"primaryImageOfPage\":{\"@id\":\"https:\\\/\\\/www.encontrasantana.com.br\\\/sobre\\\/concurso-camara-santana-de-parnaiba-sp-2-vagas-cr\\\/#mainImage\"},\"datePublished\":\"2025-10-24T09:26:00-03:00\",\"dateModified\":\"2025-11-13T16:42:45-03:00\"},{\"@type\":\"WebSite\",\"@id\":\"https:\\\/\\\/www.encontrasantana.com.br\\\/sobre\\\/#website\",\"url\":\"https:\\\/\\\/www.encontrasantana.com.br\\\/sobre\\\/\",\"name\":\"Encontra Santana\",\"description\":\"Not\\u00edcias, eventos, informa\\u00e7\\u00f5es e dicas no bairro de Santana e regi\\u00e3o.\",\"inLanguage\":\"pt-BR\",\"publisher\":{\"@id\":\"https:\\\/\\\/www.encontrasantana.com.br\\\/sobre\\\/#organization\"}}]}\n\t\t<\/script>\n\t\t<!-- All in One SEO -->\n\n","aioseo_head_json":{"title":"Concurso C\u00e2mara Santana de Parna\u00edba SP: 2 vagas + CR! \u00bb Encontra Santana","description":"Concurso C\u00e2mara Santana de Parna\u00edba SP oferece 2 vagas e cadastro de reserva.","canonical_url":"https:\/\/www.encontrasantana.com.br\/sobre\/concurso-camara-santana-de-parnaiba-sp-2-vagas-cr\/","robots":"max-image-preview:large","keywords":"","webmasterTools":{"miscellaneous":""},"schema":{"@context":"https:\/\/schema.org","@graph":[{"@type":"Article","@id":"https:\/\/www.encontrasantana.com.br\/sobre\/concurso-camara-santana-de-parnaiba-sp-2-vagas-cr\/#article","name":"Concurso C\u00e2mara Santana de Parna\u00edba SP: 2 vagas + CR! \u00bb Encontra Santana","headline":"Concurso C\u00e2mara Santana de Parna\u00edba SP: 2 vagas + CR!","author":{"@id":"https:\/\/www.encontrasantana.com.br\/sobre\/author\/esantana\/#author"},"publisher":{"@id":"https:\/\/www.encontrasantana.com.br\/sobre\/#organization"},"image":{"@type":"ImageObject","url":"https:\/\/www.encontrasantana.com.br\/sobre\/wp-content\/uploads\/2025\/10\/concurso-camara-santana-de-parnaiba-sp-2-vagas-cr.webp","width":320,"height":280,"caption":"Concurso C\u00e2mara Santana de Parna\u00edba SP"},"datePublished":"2025-10-24T09:26:00-03:00","dateModified":"2025-11-13T16:42:45-03:00","inLanguage":"pt-BR","mainEntityOfPage":{"@id":"https:\/\/www.encontrasantana.com.br\/sobre\/concurso-camara-santana-de-parnaiba-sp-2-vagas-cr\/#webpage"},"isPartOf":{"@id":"https:\/\/www.encontrasantana.com.br\/sobre\/concurso-camara-santana-de-parnaiba-sp-2-vagas-cr\/#webpage"},"articleSection":"Not\u00edcias Santana"},{"@type":"BreadcrumbList","@id":"https:\/\/www.encontrasantana.com.br\/sobre\/concurso-camara-santana-de-parnaiba-sp-2-vagas-cr\/#breadcrumblist","itemListElement":[{"@type":"ListItem","@id":"https:\/\/www.encontrasantana.com.br\/sobre#listItem","position":1,"name":"In\u00edcio","item":"https:\/\/www.encontrasantana.com.br\/sobre","nextItem":{"@type":"ListItem","@id":"https:\/\/www.encontrasantana.com.br\/sobre\/noticias-em-santana\/#listItem","name":"Not\u00edcias Santana"}},{"@type":"ListItem","@id":"https:\/\/www.encontrasantana.com.br\/sobre\/noticias-em-santana\/#listItem","position":2,"name":"Not\u00edcias Santana","item":"https:\/\/www.encontrasantana.com.br\/sobre\/noticias-em-santana\/","nextItem":{"@type":"ListItem","@id":"https:\/\/www.encontrasantana.com.br\/sobre\/concurso-camara-santana-de-parnaiba-sp-2-vagas-cr\/#listItem","name":"Concurso C\u00e2mara Santana de Parna\u00edba SP: 2 vagas + CR!"},"previousItem":{"@type":"ListItem","@id":"https:\/\/www.encontrasantana.com.br\/sobre#listItem","name":"In\u00edcio"}},{"@type":"ListItem","@id":"https:\/\/www.encontrasantana.com.br\/sobre\/concurso-camara-santana-de-parnaiba-sp-2-vagas-cr\/#listItem","position":3,"name":"Concurso C\u00e2mara Santana de Parna\u00edba SP: 2 vagas + CR!","previousItem":{"@type":"ListItem","@id":"https:\/\/www.encontrasantana.com.br\/sobre\/noticias-em-santana\/#listItem","name":"Not\u00edcias Santana"}}]},{"@type":"Organization","@id":"https:\/\/www.encontrasantana.com.br\/sobre\/#organization","name":"Encontra Santana","description":"Not\u00edcias, eventos, informa\u00e7\u00f5es e dicas no bairro de Santana e regi\u00e3o.","url":"https:\/\/www.encontrasantana.com.br\/sobre\/"},{"@type":"Person","@id":"https:\/\/www.encontrasantana.com.br\/sobre\/author\/esantana\/#author","url":"https:\/\/www.encontrasantana.com.br\/sobre\/author\/esantana\/","name":"Encontra Santana","image":{"@type":"ImageObject","@id":"https:\/\/www.encontrasantana.com.br\/sobre\/concurso-camara-santana-de-parnaiba-sp-2-vagas-cr\/#authorImage","url":"https:\/\/secure.gravatar.com\/avatar\/0fbed662e37531ae23e68f85f9517b2454e50c1dfebf80eb9b721449ac95e0b9?s=96&d=mm&r=g","width":96,"height":96,"caption":"Encontra Santana"}},{"@type":"WebPage","@id":"https:\/\/www.encontrasantana.com.br\/sobre\/concurso-camara-santana-de-parnaiba-sp-2-vagas-cr\/#webpage","url":"https:\/\/www.encontrasantana.com.br\/sobre\/concurso-camara-santana-de-parnaiba-sp-2-vagas-cr\/","name":"Concurso C\u00e2mara Santana de Parna\u00edba SP: 2 vagas + CR! \u00bb Encontra Santana","description":"Concurso C\u00e2mara Santana de Parna\u00edba SP oferece 2 vagas e cadastro de reserva.","inLanguage":"pt-BR","isPartOf":{"@id":"https:\/\/www.encontrasantana.com.br\/sobre\/#website"},"breadcrumb":{"@id":"https:\/\/www.encontrasantana.com.br\/sobre\/concurso-camara-santana-de-parnaiba-sp-2-vagas-cr\/#breadcrumblist"},"author":{"@id":"https:\/\/www.encontrasantana.com.br\/sobre\/author\/esantana\/#author"},"creator":{"@id":"https:\/\/www.encontrasantana.com.br\/sobre\/author\/esantana\/#author"},"image":{"@type":"ImageObject","url":"https:\/\/www.encontrasantana.com.br\/sobre\/wp-content\/uploads\/2025\/10\/concurso-camara-santana-de-parnaiba-sp-2-vagas-cr.webp","@id":"https:\/\/www.encontrasantana.com.br\/sobre\/concurso-camara-santana-de-parnaiba-sp-2-vagas-cr\/#mainImage","width":320,"height":280,"caption":"Concurso C\u00e2mara Santana de Parna\u00edba SP"},"primaryImageOfPage":{"@id":"https:\/\/www.encontrasantana.com.br\/sobre\/concurso-camara-santana-de-parnaiba-sp-2-vagas-cr\/#mainImage"},"datePublished":"2025-10-24T09:26:00-03:00","dateModified":"2025-11-13T16:42:45-03:00"},{"@type":"WebSite","@id":"https:\/\/www.encontrasantana.com.br\/sobre\/#website","url":"https:\/\/www.encontrasantana.com.br\/sobre\/","name":"Encontra Santana","description":"Not\u00edcias, eventos, informa\u00e7\u00f5es e dicas no bairro de Santana e regi\u00e3o.","inLanguage":"pt-BR","publisher":{"@id":"https:\/\/www.encontrasantana.com.br\/sobre\/#organization"}}]},"og:locale":"pt_BR","og:site_name":"Encontra Santana | Not\u00edcias, eventos, informa\u00e7\u00f5es e dicas no bairro de Santana e regi\u00e3o.","og:type":"article","og:title":"Concurso C\u00e2mara Santana de Parna\u00edba SP: 2 vagas + CR! \u00bb Encontra Santana","og:description":"Concurso C\u00e2mara Santana de Parna\u00edba SP oferece 2 vagas e cadastro de reserva.","og:url":"https:\/\/www.encontrasantana.com.br\/sobre\/concurso-camara-santana-de-parnaiba-sp-2-vagas-cr\/","article:published_time":"2025-10-24T12:26:00+00:00","article:modified_time":"2025-11-13T19:42:45+00:00","twitter:card":"summary","twitter:title":"Concurso C\u00e2mara Santana de Parna\u00edba SP: 2 vagas + CR! \u00bb Encontra Santana","twitter:description":"Concurso C\u00e2mara Santana de Parna\u00edba SP oferece 2 vagas e cadastro de reserva."},"aioseo_meta_data":{"post_id":"44476","title":null,"description":null,"keywords":null,"keyphrases":null,"primary_term":null,"canonical_url":null,"og_title":null,"og_description":null,"og_object_type":"default","og_image_type":"default","og_image_url":null,"og_image_width":null,"og_image_height":null,"og_image_custom_url":null,"og_image_custom_fields":null,"og_video":null,"og_custom_url":null,"og_article_section":null,"og_article_tags":null,"twitter_use_og":false,"twitter_card":"default","twitter_image_type":"default","twitter_image_url":null,"twitter_image_custom_url":null,"twitter_image_custom_fields":null,"twitter_title":null,"twitter_description":null,"schema":{"blockGraphs":[],"customGraphs":[],"default":{"data":{"Article":[],"Course":[],"Dataset":[],"FAQPage":[],"Movie":[],"Person":[],"Product":[],"ProductReview":[],"Car":[],"Recipe":[],"Service":[],"SoftwareApplication":[],"WebPage":[]},"graphName":"","isEnabled":true},"graphs":[]},"schema_type":"default","schema_type_options":null,"pillar_content":false,"robots_default":true,"robots_noindex":false,"robots_noarchive":false,"robots_nosnippet":false,"robots_nofollow":false,"robots_noimageindex":false,"robots_noodp":false,"robots_notranslate":false,"robots_max_snippet":null,"robots_max_videopreview":null,"robots_max_imagepreview":"large","priority":null,"frequency":null,"local_seo":null,"limit_modified_date":false,"created":"2025-11-13 20:29:43","updated":"2026-08-07 02:12:09","focus_keyword":null,"additional_keywords":null,"truseo_locale":null,"ai":null,"breadcrumb_settings":null,"seo_analyzer_scan_date":null},"aioseo_breadcrumb":"<div class=\"aioseo-breadcrumbs\"><span class=\"aioseo-breadcrumb\">\n\t\t\t<a href=\"https:\/\/www.encontrasantana.com.br\/sobre\" title=\"In\u00edcio\">In\u00edcio<\/a>\n\t\t<\/span><span class=\"aioseo-breadcrumb-separator\">&raquo;<\/span><span class=\"aioseo-breadcrumb\">\n\t\t\t<a href=\"https:\/\/www.encontrasantana.com.br\/sobre\/noticias-em-santana\/\" title=\"Not\u00edcias Santana\">Not\u00edcias Santana<\/a>\n\t\t<\/span><span class=\"aioseo-breadcrumb-separator\">&raquo;<\/span><span class=\"aioseo-breadcrumb\">\n\t\t\tConcurso C\u00e2mara Santana de Parna\u00edba SP: 2 vagas + CR!\n\t\t<\/span><\/div>","aioseo_breadcrumb_json":[{"label":"In\u00edcio","link":"https:\/\/www.encontrasantana.com.br\/sobre"},{"label":"Not\u00edcias Santana","link":"https:\/\/www.encontrasantana.com.br\/sobre\/noticias-em-santana\/"},{"label":"Concurso C\u00e2mara Santana de Parna\u00edba SP: 2 vagas + CR!","link":"https:\/\/www.encontrasantana.com.br\/sobre\/concurso-camara-santana-de-parnaiba-sp-2-vagas-cr\/"}],"_links":{"self":[{"href":"https:\/\/www.encontrasantana.com.br\/sobre\/wp-json\/wp\/v2\/posts\/44476","targetHints":{"allow":["GET"]}}],"collection":[{"href":"https:\/\/www.encontrasantana.com.br\/sobre\/wp-json\/wp\/v2\/posts"}],"about":[{"href":"https:\/\/www.encontrasantana.com.br\/sobre\/wp-json\/wp\/v2\/types\/post"}],"author":[{"embeddable":true,"href":"https:\/\/www.encontrasantana.com.br\/sobre\/wp-json\/wp\/v2\/users\/1"}],"replies":[{"embeddable":true,"href":"https:\/\/www.encontrasantana.com.br\/sobre\/wp-json\/wp\/v2\/comments?post=44476"}],"version-history":[{"count":0,"href":"https:\/\/www.encontrasantana.com.br\/sobre\/wp-json\/wp\/v2\/posts\/44476\/revisions"}],"wp:featuredmedia":[{"embeddable":true,"href":"https:\/\/www.encontrasantana.com.br\/sobre\/wp-json\/wp\/v2\/media\/44475"}],"wp:attachment":[{"href":"https:\/\/www.encontrasantana.com.br\/sobre\/wp-json\/wp\/v2\/media?parent=44476"}],"wp:term":[{"taxonomy":"category","embeddable":true,"href":"https:\/\/www.encontrasantana.com.br\/sobre\/wp-json\/wp\/v2\/categories?post=44476"},{"taxonomy":"post_tag","embeddable":true,"href":"https:\/\/www.encontrasantana.com.br\/sobre\/wp-json\/wp\/v2\/tags?post=44476"}],"curies":[{"name":"wp","href":"https:\/\/api.w.org\/{rel}","templated":true}]}}