{"id":44484,"date":"2025-10-26T12:37:00","date_gmt":"2025-10-26T15:37:00","guid":{"rendered":"https:\/\/www.encontrasantana.com.br\/sobre\/?p=44484"},"modified":"2025-11-13T16:42:45","modified_gmt":"2025-11-13T19:42:45","slug":"alencar-santana-quer-fim-do-mandato-home-office","status":"publish","type":"post","link":"https:\/\/www.encontrasantana.com.br\/sobre\/alencar-santana-quer-fim-do-mandato-home-office\/","title":{"rendered":"Alencar Santana quer fim do mandato &#8220;home office&#8221;"},"content":{"rendered":"<div class=\"1acf8468e559fd3cbeec5aee3a269a52\" data-index=\"1\" style=\"float: none; margin:0px;\">\n<!-- Anuncio display - global -->\r\n<ins class=\"adsbygoogle\"\r\n     style=\"display:block\"\r\n     data-ad-client=\"ca-pub-8585364105181520\"\r\n     data-ad-slot=\"8789329856\"\r\n     data-ad-format=\"auto\"\r\n     data-full-width-responsive=\"true\"><\/ins>\r\n<script>\r\n     (adsbygoogle = window.adsbygoogle || []).push({});\r\n<\/script>\n<\/div>\n<h2>A proposta de Alencar Santana<\/h2>\n<p>Recentemente, Alencar Santana, deputado federal, apresentou uma proposta pol\u00eamica que visa abolir o <strong>mandato home office<\/strong> para parlamentares. Essa iniciativa surgiu em meio ao debate sobre a efetividade da representa\u00e7\u00e3o pol\u00edtica e a necessidade de presen\u00e7a f\u00edsica na C\u00e2mara dos Deputados. A ideia \u00e9 que a trabalhadoreira na pol\u00edtica deve estar diretamente conectada ao espa\u00e7o onde as decis\u00f5es s\u00e3o tomadas, e n\u00e3o a milhares de quil\u00f4metros de dist\u00e2ncia.<\/p>\n<h2>O que \u00e9 o mandato home office?<\/h2>\n<p>O <strong>mandato home office<\/strong> \u00e9 uma modalidade que permite que alguns parlamentares exer\u00e7am suas atividades remotamente, em vez de estarem fisicamente presentes em Bras\u00edlia. Essa pr\u00e1tica foi especialmente adotada durante a pandemia de COVID-19, quando as medidas de distanciamento social se tornaram essenciais. O conceito \u00e9 que, mesmo longe, os deputados ainda podem participar das reuni\u00f5es, votar e participar de comiss\u00f5es atrav\u00e9s de plataformas digitais.<\/p>\n<h2>Implica\u00e7\u00f5es do projeto de resolu\u00e7\u00e3o<\/h2>\n<p>A proposta de Alencar Santana contempla v\u00e1rias implica\u00e7\u00f5es para a forma como os parlamentares exercem suas fun\u00e7\u00f5es. A principal levando em conta a necessidade de um ambiente de trabalho que favore\u00e7a a intera\u00e7\u00e3o e o di\u00e1logo entre os deputados. A proposta busca estabelecer que somente os parlamentares que realmente est\u00e3o na C\u00e2mara tenham voz ativa nas discuss\u00f5es e vota\u00e7\u00f5es.<\/p>\n<h2>Criticas ao uso de recursos p\u00fablicos<\/h2>\n<p>Um dos pontos levantados por cr\u00edticos da pr\u00e1tica do <strong>mandato home office<\/strong> \u00e9 o uso indevido de recursos p\u00fablicos. Muitos argumentam que a perman\u00eancia de parlamentares fora do local de trabalho pode ser vista como uma forma de m\u00e1 utiliza\u00e7\u00e3o do dinheiro do contribuinte. Com isso, a proposta de Alencar busca assegurar que cada voto representado seja realizado por algu\u00e9m que est\u00e1 realmente presente nas discuss\u00f5es e n\u00e3o apenas conectado por um computador.<\/p>\n<h2>A falta de representa\u00e7\u00e3o efetiva<\/h2>\n<p>A falta de representa\u00e7\u00e3o efetiva \u00e9 uma das preocupa\u00e7\u00f5es crescentes entre os eleitores. Um deputado que n\u00e3o est\u00e1 fisicamente presente pode n\u00e3o ter a mesma conex\u00e3o com a realidade de seus constituintes. Santana acredita que a presen\u00e7a f\u00edsica \u00e9 fundamental para que os parlamentares possam ouvir diretamente as reivindica\u00e7\u00f5es dos cidad\u00e3os e discutir os problemas que realmente impactam suas comunidades.<\/p>\n<h2>Custos elevados para a C\u00e2mara<\/h2>\n<p>De acordo com estimativas, manter um sistema de <strong>mandato home office<\/strong> pode levar a um aumento significativo nos custos operacionais da C\u00e2mara. O uso de tecnologia e plataformas digitais requer investimentos constantes em infraestrutura e seguran\u00e7a, que poderiam ser utilizados de forma mais eficiente se os parlamentares estivessem presentes nas sess\u00f5es. Al\u00e9m disso, pode-se argumentar que a presen\u00e7a f\u00edsica dos deputados poderia resultar em decis\u00f5es mais r\u00e1pidas e efetivas.<\/p>\n<h2>A experi\u00eancia durante a pandemia<\/h2>\n<p>A experi\u00eancia durante a pandemia mostrou que o trabalho remoto \u00e9 poss\u00edvel, mas n\u00e3o sem desafiadores. A vota\u00e7\u00e3o remota, por exemplo, foi uma realidade, mas levantou in\u00fameras quest\u00f5es sobre transpar\u00eancia e participa\u00e7\u00e3o. Os parlamentares estavam divididos em suas opini\u00f5es sobre se as decis\u00f5es tomadas nas c\u00e2maras virtuais eram t\u00e3o v\u00e1lidas quanto as feitas pessoalmente. Alencar defende que a experi\u00eancia mostrou a import\u00e2ncia da presen\u00e7a, pois o contato humano \u00e9 insubstitu\u00edvel.<\/p>\n<h2>Sem presen\u00e7a no pa\u00eds, sem direito a voto?<\/h2>\n<p>Uma das controv\u00e9rsias geradas pela proposta \u00e9 a quest\u00e3o do direito ao voto dos parlamentares que n\u00e3o est\u00e3o presencialmente no pa\u00eds. A ideia de que um deputado pode tomar decis\u00f5es importantes sem estar fisicamente presente levanta preocupa\u00e7\u00f5es sobre a legitimidade e a responsabilidade pol\u00edtica. Santana argumenta que se o deputado n\u00e3o est\u00e1 participando ativamente do processo legislativo, deveria haver restri\u00e7\u00f5es em seu poder de voto.<\/p>\n<h2>Repercuss\u00e3o entre os eleitores<\/h2>\n<p>A proposta teve uma recep\u00e7\u00e3o mista entre os eleitores. Alguns apoiam a ideia de que a presen\u00e7a f\u00edsica \u00e9 essencial para a representatividade, enquanto outros destacam que o trabalho remoto proporciona flexibilidade e efici\u00eancia. Entender como a popula\u00e7\u00e3o se sente em rela\u00e7\u00e3o a esta mudan\u00e7a ser\u00e1 crucial para a sua aceita\u00e7\u00e3o. A resposta dos cidad\u00e3os pode influenciar a forma como os parlamentares abordam a quest\u00e3o no futuro.<\/p>\n<h2>Pr\u00f3ximos passos na vota\u00e7\u00e3o<\/h2>\n<p>Com a proposta de fim do <strong>mandato home office<\/strong> j\u00e1 apresentada, o pr\u00f3ximo passo ser\u00e1 a discuss\u00e3o nas comiss\u00f5es pertinentes da C\u00e2mara. A vota\u00e7\u00e3o pode levar semanas, e \u00e9 prov\u00e1vel que os deputados sejam convocados a se manifestar sobre suas experi\u00eancias e opini\u00f5es a respeito do trabalho remoto. As press\u00f5es p\u00fablicas e os debates internos na C\u00e2mara provavelmente moldar\u00e3o o resultado da vota\u00e7\u00e3o.<\/p>\n\n<div style=\"font-size: 0px; height: 0px; line-height: 0px; margin: 0; padding: 0; clear: both;\"><\/div>","protected":false},"excerpt":{"rendered":"<p>Alencar Santana defende o fim do mandato home office para deputados. Veja os motivos e implica\u00e7\u00f5es.<\/p>\n","protected":false},"author":1,"featured_media":44483,"comment_status":"open","ping_status":"closed","sticky":false,"template":"","format":"standard","meta":{"footnotes":""},"categories":[3],"tags":[],"class_list":["post-44484","post","type-post","status-publish","format-standard","has-post-thumbnail","hentry","category-noticias-em-santana","has_thumb"],"aioseo_notices":[],"aioseo_head":"\n\t\t<!-- All in One SEO 5.0.0.1 - aioseo.com -->\n\t<meta name=\"description\" content=\"Alencar Santana defende o fim do mandato home office para deputados. Veja os motivos e implica\u00e7\u00f5es.\" \/>\n\t<meta name=\"robots\" content=\"max-image-preview:large\" \/>\n\t<meta name=\"author\" content=\"Encontra Santana\"\/>\n\t<link rel=\"canonical\" href=\"https:\/\/www.encontrasantana.com.br\/sobre\/alencar-santana-quer-fim-do-mandato-home-office\/\" \/>\n\t<meta name=\"generator\" content=\"All in One SEO (AIOSEO) 5.0.0.1\" \/>\n\t\t<meta property=\"og:locale\" content=\"pt_BR\" \/>\n\t\t<meta property=\"og:site_name\" content=\"Encontra Santana | Not\u00edcias, eventos, informa\u00e7\u00f5es e dicas no bairro de Santana e regi\u00e3o.\" \/>\n\t\t<meta property=\"og:type\" content=\"article\" \/>\n\t\t<meta property=\"og:title\" content=\"Alencar Santana quer fim do mandato \u201chome office\u201d \u00bb Encontra Santana\" \/>\n\t\t<meta property=\"og:description\" content=\"Alencar Santana defende o fim do mandato home office para deputados. Veja os motivos e implica\u00e7\u00f5es.\" \/>\n\t\t<meta property=\"og:url\" content=\"https:\/\/www.encontrasantana.com.br\/sobre\/alencar-santana-quer-fim-do-mandato-home-office\/\" \/>\n\t\t<meta property=\"article:published_time\" content=\"2025-10-26T15:37:00+00:00\" \/>\n\t\t<meta property=\"article:modified_time\" content=\"2025-11-13T19:42:45+00:00\" \/>\n\t\t<meta name=\"twitter:card\" content=\"summary\" \/>\n\t\t<meta name=\"twitter:title\" content=\"Alencar Santana quer fim do mandato \u201chome office\u201d \u00bb Encontra Santana\" \/>\n\t\t<meta name=\"twitter:description\" content=\"Alencar Santana defende o fim do mandato home office para deputados. Veja os motivos e implica\u00e7\u00f5es.\" \/>\n\t\t<script type=\"application\/ld+json\" class=\"aioseo-schema\">\n\t\t\t{\"@context\":\"https:\\\/\\\/schema.org\",\"@graph\":[{\"@type\":\"Article\",\"@id\":\"https:\\\/\\\/www.encontrasantana.com.br\\\/sobre\\\/alencar-santana-quer-fim-do-mandato-home-office\\\/#article\",\"name\":\"Alencar Santana quer fim do mandato \\u201chome office\\u201d \\u00bb Encontra Santana\",\"headline\":\"Alencar Santana quer fim do mandato &#8220;home office&#8221;\",\"author\":{\"@id\":\"https:\\\/\\\/www.encontrasantana.com.br\\\/sobre\\\/author\\\/esantana\\\/#author\"},\"publisher\":{\"@id\":\"https:\\\/\\\/www.encontrasantana.com.br\\\/sobre\\\/#organization\"},\"image\":{\"@type\":\"ImageObject\",\"url\":\"https:\\\/\\\/www.encontrasantana.com.br\\\/sobre\\\/wp-content\\\/uploads\\\/2025\\\/10\\\/alencar-santana-quer-fim-do-mandato-home-office.webp\",\"width\":320,\"height\":280,\"caption\":\"mandato home office\"},\"datePublished\":\"2025-10-26T12:37:00-03:00\",\"dateModified\":\"2025-11-13T16:42:45-03:00\",\"inLanguage\":\"pt-BR\",\"mainEntityOfPage\":{\"@id\":\"https:\\\/\\\/www.encontrasantana.com.br\\\/sobre\\\/alencar-santana-quer-fim-do-mandato-home-office\\\/#webpage\"},\"isPartOf\":{\"@id\":\"https:\\\/\\\/www.encontrasantana.com.br\\\/sobre\\\/alencar-santana-quer-fim-do-mandato-home-office\\\/#webpage\"},\"articleSection\":\"Not\\u00edcias Santana\"},{\"@type\":\"BreadcrumbList\",\"@id\":\"https:\\\/\\\/www.encontrasantana.com.br\\\/sobre\\\/alencar-santana-quer-fim-do-mandato-home-office\\\/#breadcrumblist\",\"itemListElement\":[{\"@type\":\"ListItem\",\"@id\":\"https:\\\/\\\/www.encontrasantana.com.br\\\/sobre#listItem\",\"position\":1,\"name\":\"In\\u00edcio\",\"item\":\"https:\\\/\\\/www.encontrasantana.com.br\\\/sobre\",\"nextItem\":{\"@type\":\"ListItem\",\"@id\":\"https:\\\/\\\/www.encontrasantana.com.br\\\/sobre\\\/noticias-em-santana\\\/#listItem\",\"name\":\"Not\\u00edcias Santana\"}},{\"@type\":\"ListItem\",\"@id\":\"https:\\\/\\\/www.encontrasantana.com.br\\\/sobre\\\/noticias-em-santana\\\/#listItem\",\"position\":2,\"name\":\"Not\\u00edcias Santana\",\"item\":\"https:\\\/\\\/www.encontrasantana.com.br\\\/sobre\\\/noticias-em-santana\\\/\",\"nextItem\":{\"@type\":\"ListItem\",\"@id\":\"https:\\\/\\\/www.encontrasantana.com.br\\\/sobre\\\/alencar-santana-quer-fim-do-mandato-home-office\\\/#listItem\",\"name\":\"Alencar Santana quer fim do mandato &#8220;home office&#8221;\"},\"previousItem\":{\"@type\":\"ListItem\",\"@id\":\"https:\\\/\\\/www.encontrasantana.com.br\\\/sobre#listItem\",\"name\":\"In\\u00edcio\"}},{\"@type\":\"ListItem\",\"@id\":\"https:\\\/\\\/www.encontrasantana.com.br\\\/sobre\\\/alencar-santana-quer-fim-do-mandato-home-office\\\/#listItem\",\"position\":3,\"name\":\"Alencar Santana quer fim do mandato &#8220;home office&#8221;\",\"previousItem\":{\"@type\":\"ListItem\",\"@id\":\"https:\\\/\\\/www.encontrasantana.com.br\\\/sobre\\\/noticias-em-santana\\\/#listItem\",\"name\":\"Not\\u00edcias Santana\"}}]},{\"@type\":\"Organization\",\"@id\":\"https:\\\/\\\/www.encontrasantana.com.br\\\/sobre\\\/#organization\",\"name\":\"Encontra Santana\",\"description\":\"Not\\u00edcias, eventos, informa\\u00e7\\u00f5es e dicas no bairro de Santana e regi\\u00e3o.\",\"url\":\"https:\\\/\\\/www.encontrasantana.com.br\\\/sobre\\\/\"},{\"@type\":\"Person\",\"@id\":\"https:\\\/\\\/www.encontrasantana.com.br\\\/sobre\\\/author\\\/esantana\\\/#author\",\"url\":\"https:\\\/\\\/www.encontrasantana.com.br\\\/sobre\\\/author\\\/esantana\\\/\",\"name\":\"Encontra Santana\",\"image\":{\"@type\":\"ImageObject\",\"@id\":\"https:\\\/\\\/www.encontrasantana.com.br\\\/sobre\\\/alencar-santana-quer-fim-do-mandato-home-office\\\/#authorImage\",\"url\":\"https:\\\/\\\/secure.gravatar.com\\\/avatar\\\/0fbed662e37531ae23e68f85f9517b2454e50c1dfebf80eb9b721449ac95e0b9?s=96&d=mm&r=g\",\"width\":96,\"height\":96,\"caption\":\"Encontra Santana\"}},{\"@type\":\"WebPage\",\"@id\":\"https:\\\/\\\/www.encontrasantana.com.br\\\/sobre\\\/alencar-santana-quer-fim-do-mandato-home-office\\\/#webpage\",\"url\":\"https:\\\/\\\/www.encontrasantana.com.br\\\/sobre\\\/alencar-santana-quer-fim-do-mandato-home-office\\\/\",\"name\":\"Alencar Santana quer fim do mandato \\u201chome office\\u201d \\u00bb Encontra Santana\",\"description\":\"Alencar Santana defende o fim do mandato home office para deputados. Veja os motivos e implica\\u00e7\\u00f5es.\",\"inLanguage\":\"pt-BR\",\"isPartOf\":{\"@id\":\"https:\\\/\\\/www.encontrasantana.com.br\\\/sobre\\\/#website\"},\"breadcrumb\":{\"@id\":\"https:\\\/\\\/www.encontrasantana.com.br\\\/sobre\\\/alencar-santana-quer-fim-do-mandato-home-office\\\/#breadcrumblist\"},\"author\":{\"@id\":\"https:\\\/\\\/www.encontrasantana.com.br\\\/sobre\\\/author\\\/esantana\\\/#author\"},\"creator\":{\"@id\":\"https:\\\/\\\/www.encontrasantana.com.br\\\/sobre\\\/author\\\/esantana\\\/#author\"},\"image\":{\"@type\":\"ImageObject\",\"url\":\"https:\\\/\\\/www.encontrasantana.com.br\\\/sobre\\\/wp-content\\\/uploads\\\/2025\\\/10\\\/alencar-santana-quer-fim-do-mandato-home-office.webp\",\"@id\":\"https:\\\/\\\/www.encontrasantana.com.br\\\/sobre\\\/alencar-santana-quer-fim-do-mandato-home-office\\\/#mainImage\",\"width\":320,\"height\":280,\"caption\":\"mandato home office\"},\"primaryImageOfPage\":{\"@id\":\"https:\\\/\\\/www.encontrasantana.com.br\\\/sobre\\\/alencar-santana-quer-fim-do-mandato-home-office\\\/#mainImage\"},\"datePublished\":\"2025-10-26T12:37:00-03:00\",\"dateModified\":\"2025-11-13T16:42:45-03:00\"},{\"@type\":\"WebSite\",\"@id\":\"https:\\\/\\\/www.encontrasantana.com.br\\\/sobre\\\/#website\",\"url\":\"https:\\\/\\\/www.encontrasantana.com.br\\\/sobre\\\/\",\"name\":\"Encontra Santana\",\"description\":\"Not\\u00edcias, eventos, informa\\u00e7\\u00f5es e dicas no bairro de Santana e regi\\u00e3o.\",\"inLanguage\":\"pt-BR\",\"publisher\":{\"@id\":\"https:\\\/\\\/www.encontrasantana.com.br\\\/sobre\\\/#organization\"}}]}\n\t\t<\/script>\n\t\t<!-- All in One SEO -->\n\n","aioseo_head_json":{"title":"Alencar Santana quer fim do mandato \u201chome office\u201d \u00bb Encontra Santana","description":"Alencar Santana defende o fim do mandato home office para deputados. Veja os motivos e implica\u00e7\u00f5es.","canonical_url":"https:\/\/www.encontrasantana.com.br\/sobre\/alencar-santana-quer-fim-do-mandato-home-office\/","robots":"max-image-preview:large","keywords":"","webmasterTools":{"miscellaneous":""},"schema":{"@context":"https:\/\/schema.org","@graph":[{"@type":"Article","@id":"https:\/\/www.encontrasantana.com.br\/sobre\/alencar-santana-quer-fim-do-mandato-home-office\/#article","name":"Alencar Santana quer fim do mandato \u201chome office\u201d \u00bb Encontra Santana","headline":"Alencar Santana quer fim do mandato &#8220;home office&#8221;","author":{"@id":"https:\/\/www.encontrasantana.com.br\/sobre\/author\/esantana\/#author"},"publisher":{"@id":"https:\/\/www.encontrasantana.com.br\/sobre\/#organization"},"image":{"@type":"ImageObject","url":"https:\/\/www.encontrasantana.com.br\/sobre\/wp-content\/uploads\/2025\/10\/alencar-santana-quer-fim-do-mandato-home-office.webp","width":320,"height":280,"caption":"mandato home office"},"datePublished":"2025-10-26T12:37:00-03:00","dateModified":"2025-11-13T16:42:45-03:00","inLanguage":"pt-BR","mainEntityOfPage":{"@id":"https:\/\/www.encontrasantana.com.br\/sobre\/alencar-santana-quer-fim-do-mandato-home-office\/#webpage"},"isPartOf":{"@id":"https:\/\/www.encontrasantana.com.br\/sobre\/alencar-santana-quer-fim-do-mandato-home-office\/#webpage"},"articleSection":"Not\u00edcias Santana"},{"@type":"BreadcrumbList","@id":"https:\/\/www.encontrasantana.com.br\/sobre\/alencar-santana-quer-fim-do-mandato-home-office\/#breadcrumblist","itemListElement":[{"@type":"ListItem","@id":"https:\/\/www.encontrasantana.com.br\/sobre#listItem","position":1,"name":"In\u00edcio","item":"https:\/\/www.encontrasantana.com.br\/sobre","nextItem":{"@type":"ListItem","@id":"https:\/\/www.encontrasantana.com.br\/sobre\/noticias-em-santana\/#listItem","name":"Not\u00edcias Santana"}},{"@type":"ListItem","@id":"https:\/\/www.encontrasantana.com.br\/sobre\/noticias-em-santana\/#listItem","position":2,"name":"Not\u00edcias Santana","item":"https:\/\/www.encontrasantana.com.br\/sobre\/noticias-em-santana\/","nextItem":{"@type":"ListItem","@id":"https:\/\/www.encontrasantana.com.br\/sobre\/alencar-santana-quer-fim-do-mandato-home-office\/#listItem","name":"Alencar Santana quer fim do mandato &#8220;home office&#8221;"},"previousItem":{"@type":"ListItem","@id":"https:\/\/www.encontrasantana.com.br\/sobre#listItem","name":"In\u00edcio"}},{"@type":"ListItem","@id":"https:\/\/www.encontrasantana.com.br\/sobre\/alencar-santana-quer-fim-do-mandato-home-office\/#listItem","position":3,"name":"Alencar Santana quer fim do mandato &#8220;home office&#8221;","previousItem":{"@type":"ListItem","@id":"https:\/\/www.encontrasantana.com.br\/sobre\/noticias-em-santana\/#listItem","name":"Not\u00edcias Santana"}}]},{"@type":"Organization","@id":"https:\/\/www.encontrasantana.com.br\/sobre\/#organization","name":"Encontra Santana","description":"Not\u00edcias, eventos, informa\u00e7\u00f5es e dicas no bairro de Santana e regi\u00e3o.","url":"https:\/\/www.encontrasantana.com.br\/sobre\/"},{"@type":"Person","@id":"https:\/\/www.encontrasantana.com.br\/sobre\/author\/esantana\/#author","url":"https:\/\/www.encontrasantana.com.br\/sobre\/author\/esantana\/","name":"Encontra Santana","image":{"@type":"ImageObject","@id":"https:\/\/www.encontrasantana.com.br\/sobre\/alencar-santana-quer-fim-do-mandato-home-office\/#authorImage","url":"https:\/\/secure.gravatar.com\/avatar\/0fbed662e37531ae23e68f85f9517b2454e50c1dfebf80eb9b721449ac95e0b9?s=96&d=mm&r=g","width":96,"height":96,"caption":"Encontra Santana"}},{"@type":"WebPage","@id":"https:\/\/www.encontrasantana.com.br\/sobre\/alencar-santana-quer-fim-do-mandato-home-office\/#webpage","url":"https:\/\/www.encontrasantana.com.br\/sobre\/alencar-santana-quer-fim-do-mandato-home-office\/","name":"Alencar Santana quer fim do mandato \u201chome office\u201d \u00bb Encontra Santana","description":"Alencar Santana defende o fim do mandato home office para deputados. Veja os motivos e implica\u00e7\u00f5es.","inLanguage":"pt-BR","isPartOf":{"@id":"https:\/\/www.encontrasantana.com.br\/sobre\/#website"},"breadcrumb":{"@id":"https:\/\/www.encontrasantana.com.br\/sobre\/alencar-santana-quer-fim-do-mandato-home-office\/#breadcrumblist"},"author":{"@id":"https:\/\/www.encontrasantana.com.br\/sobre\/author\/esantana\/#author"},"creator":{"@id":"https:\/\/www.encontrasantana.com.br\/sobre\/author\/esantana\/#author"},"image":{"@type":"ImageObject","url":"https:\/\/www.encontrasantana.com.br\/sobre\/wp-content\/uploads\/2025\/10\/alencar-santana-quer-fim-do-mandato-home-office.webp","@id":"https:\/\/www.encontrasantana.com.br\/sobre\/alencar-santana-quer-fim-do-mandato-home-office\/#mainImage","width":320,"height":280,"caption":"mandato home office"},"primaryImageOfPage":{"@id":"https:\/\/www.encontrasantana.com.br\/sobre\/alencar-santana-quer-fim-do-mandato-home-office\/#mainImage"},"datePublished":"2025-10-26T12:37:00-03:00","dateModified":"2025-11-13T16:42:45-03:00"},{"@type":"WebSite","@id":"https:\/\/www.encontrasantana.com.br\/sobre\/#website","url":"https:\/\/www.encontrasantana.com.br\/sobre\/","name":"Encontra Santana","description":"Not\u00edcias, eventos, informa\u00e7\u00f5es e dicas no bairro de Santana e regi\u00e3o.","inLanguage":"pt-BR","publisher":{"@id":"https:\/\/www.encontrasantana.com.br\/sobre\/#organization"}}]},"og:locale":"pt_BR","og:site_name":"Encontra Santana | Not\u00edcias, eventos, informa\u00e7\u00f5es e dicas no bairro de Santana e regi\u00e3o.","og:type":"article","og:title":"Alencar Santana quer fim do mandato \u201chome office\u201d \u00bb Encontra Santana","og:description":"Alencar Santana defende o fim do mandato home office para deputados. Veja os motivos e implica\u00e7\u00f5es.","og:url":"https:\/\/www.encontrasantana.com.br\/sobre\/alencar-santana-quer-fim-do-mandato-home-office\/","article:published_time":"2025-10-26T15:37:00+00:00","article:modified_time":"2025-11-13T19:42:45+00:00","twitter:card":"summary","twitter:title":"Alencar Santana quer fim do mandato \u201chome office\u201d \u00bb Encontra Santana","twitter:description":"Alencar Santana defende o fim do mandato home office para deputados. Veja os motivos e implica\u00e7\u00f5es."},"aioseo_meta_data":{"post_id":"44484","title":null,"description":null,"keywords":null,"keyphrases":null,"primary_term":null,"canonical_url":null,"og_title":null,"og_description":null,"og_object_type":"default","og_image_type":"default","og_image_url":null,"og_image_width":null,"og_image_height":null,"og_image_custom_url":null,"og_image_custom_fields":null,"og_video":null,"og_custom_url":null,"og_article_section":null,"og_article_tags":null,"twitter_use_og":false,"twitter_card":"default","twitter_image_type":"default","twitter_image_url":null,"twitter_image_custom_url":null,"twitter_image_custom_fields":null,"twitter_title":null,"twitter_description":null,"schema":{"blockGraphs":[],"customGraphs":[],"default":{"data":{"Article":[],"Course":[],"Dataset":[],"FAQPage":[],"Movie":[],"Person":[],"Product":[],"ProductReview":[],"Car":[],"Recipe":[],"Service":[],"SoftwareApplication":[],"WebPage":[]},"graphName":"","isEnabled":true},"graphs":[]},"schema_type":"default","schema_type_options":null,"pillar_content":false,"robots_default":true,"robots_noindex":false,"robots_noarchive":false,"robots_nosnippet":false,"robots_nofollow":false,"robots_noimageindex":false,"robots_noodp":false,"robots_notranslate":false,"robots_max_snippet":null,"robots_max_videopreview":null,"robots_max_imagepreview":"large","priority":null,"frequency":null,"local_seo":null,"limit_modified_date":false,"created":"2025-11-13 22:26:32","updated":"2026-08-07 02:12:09","focus_keyword":null,"additional_keywords":null,"truseo_locale":null,"ai":null,"breadcrumb_settings":null,"seo_analyzer_scan_date":null},"aioseo_breadcrumb":"<div class=\"aioseo-breadcrumbs\"><span class=\"aioseo-breadcrumb\">\n\t\t\t<a href=\"https:\/\/www.encontrasantana.com.br\/sobre\" title=\"In\u00edcio\">In\u00edcio<\/a>\n\t\t<\/span><span class=\"aioseo-breadcrumb-separator\">&raquo;<\/span><span class=\"aioseo-breadcrumb\">\n\t\t\t<a href=\"https:\/\/www.encontrasantana.com.br\/sobre\/noticias-em-santana\/\" title=\"Not\u00edcias Santana\">Not\u00edcias Santana<\/a>\n\t\t<\/span><span class=\"aioseo-breadcrumb-separator\">&raquo;<\/span><span class=\"aioseo-breadcrumb\">\n\t\t\tAlencar Santana quer fim do mandato \u201chome office\u201d\n\t\t<\/span><\/div>","aioseo_breadcrumb_json":[{"label":"In\u00edcio","link":"https:\/\/www.encontrasantana.com.br\/sobre"},{"label":"Not\u00edcias Santana","link":"https:\/\/www.encontrasantana.com.br\/sobre\/noticias-em-santana\/"},{"label":"Alencar Santana quer fim do mandato &#8220;home office&#8221;","link":"https:\/\/www.encontrasantana.com.br\/sobre\/alencar-santana-quer-fim-do-mandato-home-office\/"}],"_links":{"self":[{"href":"https:\/\/www.encontrasantana.com.br\/sobre\/wp-json\/wp\/v2\/posts\/44484","targetHints":{"allow":["GET"]}}],"collection":[{"href":"https:\/\/www.encontrasantana.com.br\/sobre\/wp-json\/wp\/v2\/posts"}],"about":[{"href":"https:\/\/www.encontrasantana.com.br\/sobre\/wp-json\/wp\/v2\/types\/post"}],"author":[{"embeddable":true,"href":"https:\/\/www.encontrasantana.com.br\/sobre\/wp-json\/wp\/v2\/users\/1"}],"replies":[{"embeddable":true,"href":"https:\/\/www.encontrasantana.com.br\/sobre\/wp-json\/wp\/v2\/comments?post=44484"}],"version-history":[{"count":0,"href":"https:\/\/www.encontrasantana.com.br\/sobre\/wp-json\/wp\/v2\/posts\/44484\/revisions"}],"wp:featuredmedia":[{"embeddable":true,"href":"https:\/\/www.encontrasantana.com.br\/sobre\/wp-json\/wp\/v2\/media\/44483"}],"wp:attachment":[{"href":"https:\/\/www.encontrasantana.com.br\/sobre\/wp-json\/wp\/v2\/media?parent=44484"}],"wp:term":[{"taxonomy":"category","embeddable":true,"href":"https:\/\/www.encontrasantana.com.br\/sobre\/wp-json\/wp\/v2\/categories?post=44484"},{"taxonomy":"post_tag","embeddable":true,"href":"https:\/\/www.encontrasantana.com.br\/sobre\/wp-json\/wp\/v2\/tags?post=44484"}],"curies":[{"name":"wp","href":"https:\/\/api.w.org\/{rel}","templated":true}]}}