{"id":44517,"date":"2025-11-03T06:05:00","date_gmt":"2025-11-03T09:05:00","guid":{"rendered":"https:\/\/www.encontrasantana.com.br\/sobre\/santana-de-parnaiba-se-consolida-como-referencia-em-gestao-publica-no-estado-aponta-tce\/"},"modified":"2025-11-13T16:42:43","modified_gmt":"2025-11-13T19:42:43","slug":"santana-de-parnaiba-se-consolida-como-referencia-em-gestao-publica-no-estado-aponta-tce","status":"publish","type":"post","link":"https:\/\/www.encontrasantana.com.br\/sobre\/santana-de-parnaiba-se-consolida-como-referencia-em-gestao-publica-no-estado-aponta-tce\/","title":{"rendered":"Santana de Parna\u00edba se consolida como refer\u00eancia em gest\u00e3o p\u00fablica no estado, aponta TCE"},"content":{"rendered":"<div class=\"1acf8468e559fd3cbeec5aee3a269a52\" data-index=\"1\" style=\"float: none; margin:0px;\">\n<!-- Anuncio display - global -->\r\n<ins class=\"adsbygoogle\"\r\n     style=\"display:block\"\r\n     data-ad-client=\"ca-pub-8585364105181520\"\r\n     data-ad-slot=\"8789329856\"\r\n     data-ad-format=\"auto\"\r\n     data-full-width-responsive=\"true\"><\/ins>\r\n<script>\r\n     (adsbygoogle = window.adsbygoogle || []).push({});\r\n<\/script>\n<\/div>\n<h2>O Reconhecimento do TCE-SP<\/h2>\n<p>A gest\u00e3o p\u00fablica em Santana de Parna\u00edba tem se destacado notavelmente, recebendo reconhecimento do <strong>Tribunal de Contas do Estado de S\u00e3o Paulo (TCE-SP)<\/strong>. Esse reconhecimento \u00e9 resultado de um trabalho \u00e1rduo que visa melhorar a efici\u00eancia e a transpar\u00eancia na administra\u00e7\u00e3o p\u00fablica. A cidade alcan\u00e7ou resultados expressivos nos \u00faltimos anos, refletindo um modelo de gest\u00e3o que busca constantemente a inova\u00e7\u00e3o e a participa\u00e7\u00e3o popular.<\/p>\n<h2>A Import\u00e2ncia do Trabalho Coletivo<\/h2>\n<p>Um dos pilares da gest\u00e3o p\u00fablica eficiente em Santana de Parna\u00edba \u00e9 <strong>o trabalho coletivo<\/strong>. O envolvimento de diferentes setores da sociedade, incluindo organiza\u00e7\u00f5es n\u00e3o governamentais, institui\u00e7\u00f5es educacionais e a comunidade local, \u00e9 fundamental para o sucesso das pol\u00edticas p\u00fablicas. As iniciativas comunit\u00e1rias promovem o di\u00e1logo e a coopera\u00e7\u00e3o, resultando em solu\u00e7\u00f5es que atendem \u00e0s necessidades reais da popula\u00e7\u00e3o.<\/p>\n<h2>O Que \u00e9 o \u00cdndice de Efetividade da Gest\u00e3o Municipal?<\/h2>\n<p>O <strong>\u00cdndice de Efetividade da Gest\u00e3o Municipal (IEGM)<\/strong> \u00e9 uma ferramenta criada pelo TCE-SP para avaliar a atua\u00e7\u00e3o dos munic\u00edpios em diversos aspectos. Esse \u00edndice considera crit\u00e9rios como a transpar\u00eancia, a gest\u00e3o fiscal, a educa\u00e7\u00e3o e a sa\u00fade. O IEGM fornece um panorama sobre a capacidade do munic\u00edpio em oferecer servi\u00e7os de qualidade \u00e0 popula\u00e7\u00e3o. O objetivo \u00e9 garantir que os recursos p\u00fablicos sejam utilizados de forma eficiente e respons\u00e1vel.<\/p>\n<h2>Como Santana de Parna\u00edba Atingiu a Nota B+<\/h2>\n<p>Para alcan\u00e7ar uma nota B+ no IEGM, Santana de Parna\u00edba adotou diversas estrat\u00e9gias focadas na <strong>efici\u00eancia e transpar\u00eancia<\/strong>. Entre as principais a\u00e7\u00f5es est\u00e3o:<\/p>\n<ul>\n<li><strong>Planejamento Estrat\u00e9gico:<\/strong> A administra\u00e7\u00e3o municipal elaborou um planejamento de longo prazo que orienta as a\u00e7\u00f5es governamentais.<\/li>\n<li><strong>Capacita\u00e7\u00e3o de Servidores:<\/strong> Investimentos na forma\u00e7\u00e3o e treinamento dos servidores p\u00fablicos garantiram uma equipe qualificada e comprometida.<\/li>\n<li><strong>Uso de Tecnologia:<\/strong> A implementa\u00e7\u00e3o de sistemas tecnol\u00f3gicos para gest\u00e3o e fiscaliza\u00e7\u00e3o melhorou a efici\u00eancia nos servi\u00e7os prestados.<\/li>\n<\/ul>\n<h2>\u00c1reas de Avalia\u00e7\u00e3o da Gest\u00e3o P\u00fablica<\/h2>\n<p>A gest\u00e3o p\u00fablica eficiente em Santana de Parna\u00edba \u00e9 avaliada em diversas \u00e1reas que s\u00e3o cruciais para o bem-estar da comunidade. As principais \u00e1reas incluem:<\/p>\n<ul>\n<li><strong>Educa\u00e7\u00e3o:<\/strong> Avalia\u00e7\u00e3o da qualidade do ensino, infraestrutura das escolas e resultado de avalia\u00e7\u00f5es oficiais.<\/li>\n<li><strong>Sa\u00fade:<\/strong> An\u00e1lise dos servi\u00e7os oferecidos, acesso a medicamentos e estrutura das unidades de sa\u00fade.<\/li>\n<li><strong>Seguran\u00e7a P\u00fablica:<\/strong> Medidas de preven\u00e7\u00e3o \u00e0 criminalidade e investimento em seguran\u00e7a.<\/li>\n<li><strong>Infraestrutura:<\/strong> Qualidade das vias urbanas, transporte p\u00fablico e saneamento b\u00e1sico.<\/li>\n<\/ul>\n<h2>O Papel do Prefeito Elvis Cezar<\/h2>\n<p>O <strong>Prefeito Elvis Cezar<\/strong> desempenhou um papel fundamental na transforma\u00e7\u00e3o da gest\u00e3o p\u00fablica na cidade. Com uma vis\u00e3o moderna, ele implementou pol\u00edticas que priorizam:<\/p>\n<ul>\n<li><strong>Transpar\u00eancia:<\/strong> Facilita\u00e7\u00e3o de acesso \u00e0 informa\u00e7\u00e3o p\u00fablica, garantindo que a popula\u00e7\u00e3o possa acompanhar as a\u00e7\u00f5es da administra\u00e7\u00e3o.<\/li>\n<li><strong>Inova\u00e7\u00e3o:<\/strong> Introdu\u00e7\u00e3o de novas tecnologias para melhorar os servi\u00e7os p\u00fablicos.<\/li>\n<li><strong>Participa\u00e7\u00e3o Popular:<\/strong> Incentivo ao envolvimento da popula\u00e7\u00e3o nas decis\u00f5es atrav\u00e9s de audi\u00eancias e consultas p\u00fablicas.<\/li>\n<\/ul>\n<h2>Transpar\u00eancia e Planejamento na Administra\u00e7\u00e3o<\/h2>\n<p>A <strong>transpar\u00eancia<\/strong> e o <strong>planejamento<\/strong> s\u00e3o fundamentais para uma gest\u00e3o p\u00fablica eficiente. A administra\u00e7\u00e3o de Santana de Parna\u00edba disponibiliza dados sobre gastos p\u00fablicos, resultados de programas e a\u00e7\u00f5es realizadas. Isso promove a confian\u00e7a do cidad\u00e3o na gest\u00e3o p\u00fablica.<\/p>\n<p>Al\u00e9m disso, o planejamento estrat\u00e9gico \u00e9 revisto anualmente, ajustando-se conforme as necessidades emergentes da cidade e da popula\u00e7\u00e3o. A participa\u00e7\u00e3o da sociedade nesse processo \u00e9 essencial para garantir que as a\u00e7\u00f5es realmente atendam \u00e0s demandas locais.<\/p>\n<h2>O Impacto na Vida do Cidad\u00e3o<\/h2>\n<p>As mudan\u00e7as na gest\u00e3o p\u00fablica refletem diretamente na <strong>vida do cidad\u00e3o<\/strong>. Com uma administra\u00e7\u00e3o mais eficiente e transparente, os moradores de Santana de Parna\u00edba t\u00eam acesso a servi\u00e7os de melhor qualidade, como:<\/p>\n<ul>\n<li><strong>Educa\u00e7\u00e3o de Qualidade:<\/strong> Escolas com infraestrutura adequada e professores capacitados, resultando em melhores \u00edndices de aprendizado.<\/li>\n<li><strong>Sa\u00fade Acess\u00edvel:<\/strong> Unidades de sa\u00fade bem estruturadas e com atendimento humanizado.<\/li>\n<li><strong>Saneamento B\u00e1sico:<\/strong> Investimentos em saneamento que garantem a sa\u00fade e qualidade de vida da popula\u00e7\u00e3o.<\/li>\n<\/ul>\n<h2>Pr\u00e1ticas de Boa Governan\u00e7a<\/h2>\n<p>A boa governan\u00e7a em Santana de Parna\u00edba \u00e9 promovida atrav\u00e9s de pr\u00e1ticas que visam a \u00e9tica, a transpar\u00eancia e a efici\u00eancia. Algumas dessas pr\u00e1ticas incluem:<\/p>\n<ul>\n<li><strong>Ouvidoria Municipal:<\/strong> Um canal aberto para que os cidad\u00e3os possam fazer reclama\u00e7\u00f5es, sugest\u00f5es e elogios.<\/li>\n<li><strong>Controle Interno:<\/strong> Mecanismos que garantem a fiscaliza\u00e7\u00e3o e a correta aplica\u00e7\u00e3o dos recursos p\u00fablicos.<\/li>\n<li><strong>Contratos P\u00fablicos:<\/strong> Licita\u00e7\u00f5es transparentes e que garantem a competitividade e a economia para o munic\u00edpio.<\/li>\n<\/ul>\n<h2>O Futuro da Gest\u00e3o P\u00fablica em Santana de Parna\u00edba<\/h2>\n<p>O futuro da gest\u00e3o p\u00fablica em Santana de Parna\u00edba parece promissor. A cidade est\u00e1 alinhada com as tend\u00eancias de <strong>inova\u00e7\u00e3o e sustentabilidade<\/strong>, desenvolvendo programas que visam a melhoria cont\u00ednua dos servi\u00e7os e a preserva\u00e7\u00e3o do meio ambiente. O envolvimento da popula\u00e7\u00e3o e a transpar\u00eancia nas a\u00e7\u00f5es s\u00e3o fundamentais para assegurar que a gest\u00e3o p\u00fablica continue a evoluir, respondendo \u00e0s necessidades da comunidade. A expectativa \u00e9 que novas tecnologias e metodologias de gest\u00e3o possam trazer ainda mais efici\u00eancia e satisfa\u00e7\u00e3o para os cidad\u00e3os.<\/p>\n\n<div style=\"font-size: 0px; height: 0px; line-height: 0px; margin: 0; padding: 0; clear: both;\"><\/div>","protected":false},"excerpt":{"rendered":"<p>Santana de Parna\u00edba se destaca como exemplo de gest\u00e3o p\u00fablica no estado.<\/p>\n","protected":false},"author":1,"featured_media":44516,"comment_status":"open","ping_status":"closed","sticky":false,"template":"","format":"standard","meta":{"footnotes":""},"categories":[3],"tags":[],"class_list":["post-44517","post","type-post","status-publish","format-standard","has-post-thumbnail","hentry","category-noticias-em-santana","has_thumb"],"aioseo_notices":[],"aioseo_head":"\n\t\t<!-- All in One SEO 5.0.0.1 - aioseo.com -->\n\t<meta name=\"description\" content=\"Santana de Parna\u00edba se destaca como exemplo de gest\u00e3o p\u00fablica no estado.\" \/>\n\t<meta name=\"robots\" content=\"max-image-preview:large\" \/>\n\t<meta name=\"author\" content=\"Encontra Santana\"\/>\n\t<link rel=\"canonical\" href=\"https:\/\/www.encontrasantana.com.br\/sobre\/santana-de-parnaiba-se-consolida-como-referencia-em-gestao-publica-no-estado-aponta-tce\/\" \/>\n\t<meta name=\"generator\" content=\"All in One SEO (AIOSEO) 5.0.0.1\" \/>\n\t\t<meta property=\"og:locale\" content=\"pt_BR\" \/>\n\t\t<meta property=\"og:site_name\" content=\"Encontra Santana | Not\u00edcias, eventos, informa\u00e7\u00f5es e dicas no bairro de Santana e regi\u00e3o.\" \/>\n\t\t<meta property=\"og:type\" content=\"article\" \/>\n\t\t<meta property=\"og:title\" content=\"Santana de Parna\u00edba se consolida como refer\u00eancia em gest\u00e3o p\u00fablica no estado, aponta TCE \u00bb Encontra Santana\" \/>\n\t\t<meta property=\"og:description\" content=\"Santana de Parna\u00edba se destaca como exemplo de gest\u00e3o p\u00fablica no estado.\" \/>\n\t\t<meta property=\"og:url\" content=\"https:\/\/www.encontrasantana.com.br\/sobre\/santana-de-parnaiba-se-consolida-como-referencia-em-gestao-publica-no-estado-aponta-tce\/\" \/>\n\t\t<meta property=\"article:published_time\" content=\"2025-11-03T09:05:00+00:00\" \/>\n\t\t<meta property=\"article:modified_time\" content=\"2025-11-13T19:42:43+00:00\" \/>\n\t\t<meta name=\"twitter:card\" content=\"summary\" \/>\n\t\t<meta name=\"twitter:title\" content=\"Santana de Parna\u00edba se consolida como refer\u00eancia em gest\u00e3o p\u00fablica no estado, aponta TCE \u00bb Encontra Santana\" \/>\n\t\t<meta name=\"twitter:description\" content=\"Santana de Parna\u00edba se destaca como exemplo de gest\u00e3o p\u00fablica no estado.\" \/>\n\t\t<script type=\"application\/ld+json\" class=\"aioseo-schema\">\n\t\t\t{\"@context\":\"https:\\\/\\\/schema.org\",\"@graph\":[{\"@type\":\"Article\",\"@id\":\"https:\\\/\\\/www.encontrasantana.com.br\\\/sobre\\\/santana-de-parnaiba-se-consolida-como-referencia-em-gestao-publica-no-estado-aponta-tce\\\/#article\",\"name\":\"Santana de Parna\\u00edba se consolida como refer\\u00eancia em gest\\u00e3o p\\u00fablica no estado, aponta TCE \\u00bb Encontra Santana\",\"headline\":\"Santana de Parna\\u00edba se consolida como refer\\u00eancia em gest\\u00e3o p\\u00fablica no estado, aponta TCE\",\"author\":{\"@id\":\"https:\\\/\\\/www.encontrasantana.com.br\\\/sobre\\\/author\\\/esantana\\\/#author\"},\"publisher\":{\"@id\":\"https:\\\/\\\/www.encontrasantana.com.br\\\/sobre\\\/#organization\"},\"image\":{\"@type\":\"ImageObject\",\"url\":\"https:\\\/\\\/www.encontrasantana.com.br\\\/sobre\\\/wp-content\\\/uploads\\\/2025\\\/11\\\/santana-de-parnaiba-se-consolida-como-referencia-em-gestao-publica-no-estado-aponta-tce.webp\",\"width\":320,\"height\":280,\"caption\":\"gest\\u00e3o p\\u00fablica\"},\"datePublished\":\"2025-11-03T06:05:00-03:00\",\"dateModified\":\"2025-11-13T16:42:43-03:00\",\"inLanguage\":\"pt-BR\",\"mainEntityOfPage\":{\"@id\":\"https:\\\/\\\/www.encontrasantana.com.br\\\/sobre\\\/santana-de-parnaiba-se-consolida-como-referencia-em-gestao-publica-no-estado-aponta-tce\\\/#webpage\"},\"isPartOf\":{\"@id\":\"https:\\\/\\\/www.encontrasantana.com.br\\\/sobre\\\/santana-de-parnaiba-se-consolida-como-referencia-em-gestao-publica-no-estado-aponta-tce\\\/#webpage\"},\"articleSection\":\"Not\\u00edcias Santana\"},{\"@type\":\"BreadcrumbList\",\"@id\":\"https:\\\/\\\/www.encontrasantana.com.br\\\/sobre\\\/santana-de-parnaiba-se-consolida-como-referencia-em-gestao-publica-no-estado-aponta-tce\\\/#breadcrumblist\",\"itemListElement\":[{\"@type\":\"ListItem\",\"@id\":\"https:\\\/\\\/www.encontrasantana.com.br\\\/sobre#listItem\",\"position\":1,\"name\":\"In\\u00edcio\",\"item\":\"https:\\\/\\\/www.encontrasantana.com.br\\\/sobre\",\"nextItem\":{\"@type\":\"ListItem\",\"@id\":\"https:\\\/\\\/www.encontrasantana.com.br\\\/sobre\\\/noticias-em-santana\\\/#listItem\",\"name\":\"Not\\u00edcias Santana\"}},{\"@type\":\"ListItem\",\"@id\":\"https:\\\/\\\/www.encontrasantana.com.br\\\/sobre\\\/noticias-em-santana\\\/#listItem\",\"position\":2,\"name\":\"Not\\u00edcias Santana\",\"item\":\"https:\\\/\\\/www.encontrasantana.com.br\\\/sobre\\\/noticias-em-santana\\\/\",\"nextItem\":{\"@type\":\"ListItem\",\"@id\":\"https:\\\/\\\/www.encontrasantana.com.br\\\/sobre\\\/santana-de-parnaiba-se-consolida-como-referencia-em-gestao-publica-no-estado-aponta-tce\\\/#listItem\",\"name\":\"Santana de Parna\\u00edba se consolida como refer\\u00eancia em gest\\u00e3o p\\u00fablica no estado, aponta TCE\"},\"previousItem\":{\"@type\":\"ListItem\",\"@id\":\"https:\\\/\\\/www.encontrasantana.com.br\\\/sobre#listItem\",\"name\":\"In\\u00edcio\"}},{\"@type\":\"ListItem\",\"@id\":\"https:\\\/\\\/www.encontrasantana.com.br\\\/sobre\\\/santana-de-parnaiba-se-consolida-como-referencia-em-gestao-publica-no-estado-aponta-tce\\\/#listItem\",\"position\":3,\"name\":\"Santana de Parna\\u00edba se consolida como refer\\u00eancia em gest\\u00e3o p\\u00fablica no estado, aponta TCE\",\"previousItem\":{\"@type\":\"ListItem\",\"@id\":\"https:\\\/\\\/www.encontrasantana.com.br\\\/sobre\\\/noticias-em-santana\\\/#listItem\",\"name\":\"Not\\u00edcias Santana\"}}]},{\"@type\":\"Organization\",\"@id\":\"https:\\\/\\\/www.encontrasantana.com.br\\\/sobre\\\/#organization\",\"name\":\"Encontra Santana\",\"description\":\"Not\\u00edcias, eventos, informa\\u00e7\\u00f5es e dicas no bairro de Santana e regi\\u00e3o.\",\"url\":\"https:\\\/\\\/www.encontrasantana.com.br\\\/sobre\\\/\"},{\"@type\":\"Person\",\"@id\":\"https:\\\/\\\/www.encontrasantana.com.br\\\/sobre\\\/author\\\/esantana\\\/#author\",\"url\":\"https:\\\/\\\/www.encontrasantana.com.br\\\/sobre\\\/author\\\/esantana\\\/\",\"name\":\"Encontra Santana\",\"image\":{\"@type\":\"ImageObject\",\"@id\":\"https:\\\/\\\/www.encontrasantana.com.br\\\/sobre\\\/santana-de-parnaiba-se-consolida-como-referencia-em-gestao-publica-no-estado-aponta-tce\\\/#authorImage\",\"url\":\"https:\\\/\\\/secure.gravatar.com\\\/avatar\\\/0fbed662e37531ae23e68f85f9517b2454e50c1dfebf80eb9b721449ac95e0b9?s=96&d=mm&r=g\",\"width\":96,\"height\":96,\"caption\":\"Encontra Santana\"}},{\"@type\":\"WebPage\",\"@id\":\"https:\\\/\\\/www.encontrasantana.com.br\\\/sobre\\\/santana-de-parnaiba-se-consolida-como-referencia-em-gestao-publica-no-estado-aponta-tce\\\/#webpage\",\"url\":\"https:\\\/\\\/www.encontrasantana.com.br\\\/sobre\\\/santana-de-parnaiba-se-consolida-como-referencia-em-gestao-publica-no-estado-aponta-tce\\\/\",\"name\":\"Santana de Parna\\u00edba se consolida como refer\\u00eancia em gest\\u00e3o p\\u00fablica no estado, aponta TCE \\u00bb Encontra Santana\",\"description\":\"Santana de Parna\\u00edba se destaca como exemplo de gest\\u00e3o p\\u00fablica no estado.\",\"inLanguage\":\"pt-BR\",\"isPartOf\":{\"@id\":\"https:\\\/\\\/www.encontrasantana.com.br\\\/sobre\\\/#website\"},\"breadcrumb\":{\"@id\":\"https:\\\/\\\/www.encontrasantana.com.br\\\/sobre\\\/santana-de-parnaiba-se-consolida-como-referencia-em-gestao-publica-no-estado-aponta-tce\\\/#breadcrumblist\"},\"author\":{\"@id\":\"https:\\\/\\\/www.encontrasantana.com.br\\\/sobre\\\/author\\\/esantana\\\/#author\"},\"creator\":{\"@id\":\"https:\\\/\\\/www.encontrasantana.com.br\\\/sobre\\\/author\\\/esantana\\\/#author\"},\"image\":{\"@type\":\"ImageObject\",\"url\":\"https:\\\/\\\/www.encontrasantana.com.br\\\/sobre\\\/wp-content\\\/uploads\\\/2025\\\/11\\\/santana-de-parnaiba-se-consolida-como-referencia-em-gestao-publica-no-estado-aponta-tce.webp\",\"@id\":\"https:\\\/\\\/www.encontrasantana.com.br\\\/sobre\\\/santana-de-parnaiba-se-consolida-como-referencia-em-gestao-publica-no-estado-aponta-tce\\\/#mainImage\",\"width\":320,\"height\":280,\"caption\":\"gest\\u00e3o p\\u00fablica\"},\"primaryImageOfPage\":{\"@id\":\"https:\\\/\\\/www.encontrasantana.com.br\\\/sobre\\\/santana-de-parnaiba-se-consolida-como-referencia-em-gestao-publica-no-estado-aponta-tce\\\/#mainImage\"},\"datePublished\":\"2025-11-03T06:05:00-03:00\",\"dateModified\":\"2025-11-13T16:42:43-03:00\"},{\"@type\":\"WebSite\",\"@id\":\"https:\\\/\\\/www.encontrasantana.com.br\\\/sobre\\\/#website\",\"url\":\"https:\\\/\\\/www.encontrasantana.com.br\\\/sobre\\\/\",\"name\":\"Encontra Santana\",\"description\":\"Not\\u00edcias, eventos, informa\\u00e7\\u00f5es e dicas no bairro de Santana e regi\\u00e3o.\",\"inLanguage\":\"pt-BR\",\"publisher\":{\"@id\":\"https:\\\/\\\/www.encontrasantana.com.br\\\/sobre\\\/#organization\"}}]}\n\t\t<\/script>\n\t\t<!-- All in One SEO -->\n\n","aioseo_head_json":{"title":"Santana de Parna\u00edba se consolida como refer\u00eancia em gest\u00e3o p\u00fablica no estado, aponta TCE \u00bb Encontra Santana","description":"Santana de Parna\u00edba se destaca como exemplo de gest\u00e3o p\u00fablica no estado.","canonical_url":"https:\/\/www.encontrasantana.com.br\/sobre\/santana-de-parnaiba-se-consolida-como-referencia-em-gestao-publica-no-estado-aponta-tce\/","robots":"max-image-preview:large","keywords":"","webmasterTools":{"miscellaneous":""},"schema":{"@context":"https:\/\/schema.org","@graph":[{"@type":"Article","@id":"https:\/\/www.encontrasantana.com.br\/sobre\/santana-de-parnaiba-se-consolida-como-referencia-em-gestao-publica-no-estado-aponta-tce\/#article","name":"Santana de Parna\u00edba se consolida como refer\u00eancia em gest\u00e3o p\u00fablica no estado, aponta TCE \u00bb Encontra Santana","headline":"Santana de Parna\u00edba se consolida como refer\u00eancia em gest\u00e3o p\u00fablica no estado, aponta TCE","author":{"@id":"https:\/\/www.encontrasantana.com.br\/sobre\/author\/esantana\/#author"},"publisher":{"@id":"https:\/\/www.encontrasantana.com.br\/sobre\/#organization"},"image":{"@type":"ImageObject","url":"https:\/\/www.encontrasantana.com.br\/sobre\/wp-content\/uploads\/2025\/11\/santana-de-parnaiba-se-consolida-como-referencia-em-gestao-publica-no-estado-aponta-tce.webp","width":320,"height":280,"caption":"gest\u00e3o p\u00fablica"},"datePublished":"2025-11-03T06:05:00-03:00","dateModified":"2025-11-13T16:42:43-03:00","inLanguage":"pt-BR","mainEntityOfPage":{"@id":"https:\/\/www.encontrasantana.com.br\/sobre\/santana-de-parnaiba-se-consolida-como-referencia-em-gestao-publica-no-estado-aponta-tce\/#webpage"},"isPartOf":{"@id":"https:\/\/www.encontrasantana.com.br\/sobre\/santana-de-parnaiba-se-consolida-como-referencia-em-gestao-publica-no-estado-aponta-tce\/#webpage"},"articleSection":"Not\u00edcias Santana"},{"@type":"BreadcrumbList","@id":"https:\/\/www.encontrasantana.com.br\/sobre\/santana-de-parnaiba-se-consolida-como-referencia-em-gestao-publica-no-estado-aponta-tce\/#breadcrumblist","itemListElement":[{"@type":"ListItem","@id":"https:\/\/www.encontrasantana.com.br\/sobre#listItem","position":1,"name":"In\u00edcio","item":"https:\/\/www.encontrasantana.com.br\/sobre","nextItem":{"@type":"ListItem","@id":"https:\/\/www.encontrasantana.com.br\/sobre\/noticias-em-santana\/#listItem","name":"Not\u00edcias Santana"}},{"@type":"ListItem","@id":"https:\/\/www.encontrasantana.com.br\/sobre\/noticias-em-santana\/#listItem","position":2,"name":"Not\u00edcias Santana","item":"https:\/\/www.encontrasantana.com.br\/sobre\/noticias-em-santana\/","nextItem":{"@type":"ListItem","@id":"https:\/\/www.encontrasantana.com.br\/sobre\/santana-de-parnaiba-se-consolida-como-referencia-em-gestao-publica-no-estado-aponta-tce\/#listItem","name":"Santana de Parna\u00edba se consolida como refer\u00eancia em gest\u00e3o p\u00fablica no estado, aponta TCE"},"previousItem":{"@type":"ListItem","@id":"https:\/\/www.encontrasantana.com.br\/sobre#listItem","name":"In\u00edcio"}},{"@type":"ListItem","@id":"https:\/\/www.encontrasantana.com.br\/sobre\/santana-de-parnaiba-se-consolida-como-referencia-em-gestao-publica-no-estado-aponta-tce\/#listItem","position":3,"name":"Santana de Parna\u00edba se consolida como refer\u00eancia em gest\u00e3o p\u00fablica no estado, aponta TCE","previousItem":{"@type":"ListItem","@id":"https:\/\/www.encontrasantana.com.br\/sobre\/noticias-em-santana\/#listItem","name":"Not\u00edcias Santana"}}]},{"@type":"Organization","@id":"https:\/\/www.encontrasantana.com.br\/sobre\/#organization","name":"Encontra Santana","description":"Not\u00edcias, eventos, informa\u00e7\u00f5es e dicas no bairro de Santana e regi\u00e3o.","url":"https:\/\/www.encontrasantana.com.br\/sobre\/"},{"@type":"Person","@id":"https:\/\/www.encontrasantana.com.br\/sobre\/author\/esantana\/#author","url":"https:\/\/www.encontrasantana.com.br\/sobre\/author\/esantana\/","name":"Encontra Santana","image":{"@type":"ImageObject","@id":"https:\/\/www.encontrasantana.com.br\/sobre\/santana-de-parnaiba-se-consolida-como-referencia-em-gestao-publica-no-estado-aponta-tce\/#authorImage","url":"https:\/\/secure.gravatar.com\/avatar\/0fbed662e37531ae23e68f85f9517b2454e50c1dfebf80eb9b721449ac95e0b9?s=96&d=mm&r=g","width":96,"height":96,"caption":"Encontra Santana"}},{"@type":"WebPage","@id":"https:\/\/www.encontrasantana.com.br\/sobre\/santana-de-parnaiba-se-consolida-como-referencia-em-gestao-publica-no-estado-aponta-tce\/#webpage","url":"https:\/\/www.encontrasantana.com.br\/sobre\/santana-de-parnaiba-se-consolida-como-referencia-em-gestao-publica-no-estado-aponta-tce\/","name":"Santana de Parna\u00edba se consolida como refer\u00eancia em gest\u00e3o p\u00fablica no estado, aponta TCE \u00bb Encontra Santana","description":"Santana de Parna\u00edba se destaca como exemplo de gest\u00e3o p\u00fablica no estado.","inLanguage":"pt-BR","isPartOf":{"@id":"https:\/\/www.encontrasantana.com.br\/sobre\/#website"},"breadcrumb":{"@id":"https:\/\/www.encontrasantana.com.br\/sobre\/santana-de-parnaiba-se-consolida-como-referencia-em-gestao-publica-no-estado-aponta-tce\/#breadcrumblist"},"author":{"@id":"https:\/\/www.encontrasantana.com.br\/sobre\/author\/esantana\/#author"},"creator":{"@id":"https:\/\/www.encontrasantana.com.br\/sobre\/author\/esantana\/#author"},"image":{"@type":"ImageObject","url":"https:\/\/www.encontrasantana.com.br\/sobre\/wp-content\/uploads\/2025\/11\/santana-de-parnaiba-se-consolida-como-referencia-em-gestao-publica-no-estado-aponta-tce.webp","@id":"https:\/\/www.encontrasantana.com.br\/sobre\/santana-de-parnaiba-se-consolida-como-referencia-em-gestao-publica-no-estado-aponta-tce\/#mainImage","width":320,"height":280,"caption":"gest\u00e3o p\u00fablica"},"primaryImageOfPage":{"@id":"https:\/\/www.encontrasantana.com.br\/sobre\/santana-de-parnaiba-se-consolida-como-referencia-em-gestao-publica-no-estado-aponta-tce\/#mainImage"},"datePublished":"2025-11-03T06:05:00-03:00","dateModified":"2025-11-13T16:42:43-03:00"},{"@type":"WebSite","@id":"https:\/\/www.encontrasantana.com.br\/sobre\/#website","url":"https:\/\/www.encontrasantana.com.br\/sobre\/","name":"Encontra Santana","description":"Not\u00edcias, eventos, informa\u00e7\u00f5es e dicas no bairro de Santana e regi\u00e3o.","inLanguage":"pt-BR","publisher":{"@id":"https:\/\/www.encontrasantana.com.br\/sobre\/#organization"}}]},"og:locale":"pt_BR","og:site_name":"Encontra Santana | Not\u00edcias, eventos, informa\u00e7\u00f5es e dicas no bairro de Santana e regi\u00e3o.","og:type":"article","og:title":"Santana de Parna\u00edba se consolida como refer\u00eancia em gest\u00e3o p\u00fablica no estado, aponta TCE \u00bb Encontra Santana","og:description":"Santana de Parna\u00edba se destaca como exemplo de gest\u00e3o p\u00fablica no estado.","og:url":"https:\/\/www.encontrasantana.com.br\/sobre\/santana-de-parnaiba-se-consolida-como-referencia-em-gestao-publica-no-estado-aponta-tce\/","article:published_time":"2025-11-03T09:05:00+00:00","article:modified_time":"2025-11-13T19:42:43+00:00","twitter:card":"summary","twitter:title":"Santana de Parna\u00edba se consolida como refer\u00eancia em gest\u00e3o p\u00fablica no estado, aponta TCE \u00bb Encontra Santana","twitter:description":"Santana de Parna\u00edba se destaca como exemplo de gest\u00e3o p\u00fablica no estado."},"aioseo_meta_data":{"post_id":"44517","title":null,"description":null,"keywords":null,"keyphrases":null,"primary_term":null,"canonical_url":null,"og_title":null,"og_description":null,"og_object_type":"default","og_image_type":"default","og_image_url":null,"og_image_width":null,"og_image_height":null,"og_image_custom_url":null,"og_image_custom_fields":null,"og_video":null,"og_custom_url":null,"og_article_section":null,"og_article_tags":null,"twitter_use_og":false,"twitter_card":"default","twitter_image_type":"default","twitter_image_url":null,"twitter_image_custom_url":null,"twitter_image_custom_fields":null,"twitter_title":null,"twitter_description":null,"schema":{"blockGraphs":[],"customGraphs":[],"default":{"data":{"Article":[],"Course":[],"Dataset":[],"FAQPage":[],"Movie":[],"Person":[],"Product":[],"ProductReview":[],"Car":[],"Recipe":[],"Service":[],"SoftwareApplication":[],"WebPage":[]},"graphName":"Article","isEnabled":true},"graphs":[]},"schema_type":"default","schema_type_options":null,"pillar_content":false,"robots_default":true,"robots_noindex":false,"robots_noarchive":false,"robots_nosnippet":false,"robots_nofollow":false,"robots_noimageindex":false,"robots_noodp":false,"robots_notranslate":false,"robots_max_snippet":null,"robots_max_videopreview":null,"robots_max_imagepreview":"large","priority":null,"frequency":null,"local_seo":null,"limit_modified_date":false,"created":"2025-11-04 11:31:01","updated":"2026-08-07 02:26:53","focus_keyword":null,"additional_keywords":null,"truseo_locale":null,"ai":null,"breadcrumb_settings":null,"seo_analyzer_scan_date":null},"aioseo_breadcrumb":"<div class=\"aioseo-breadcrumbs\"><span class=\"aioseo-breadcrumb\">\n\t\t\t<a href=\"https:\/\/www.encontrasantana.com.br\/sobre\" title=\"In\u00edcio\">In\u00edcio<\/a>\n\t\t<\/span><span class=\"aioseo-breadcrumb-separator\">&raquo;<\/span><span class=\"aioseo-breadcrumb\">\n\t\t\t<a href=\"https:\/\/www.encontrasantana.com.br\/sobre\/noticias-em-santana\/\" title=\"Not\u00edcias Santana\">Not\u00edcias Santana<\/a>\n\t\t<\/span><span class=\"aioseo-breadcrumb-separator\">&raquo;<\/span><span class=\"aioseo-breadcrumb\">\n\t\t\tSantana de Parna\u00edba se consolida como refer\u00eancia em gest\u00e3o p\u00fablica no estado, aponta TCE\n\t\t<\/span><\/div>","aioseo_breadcrumb_json":[{"label":"In\u00edcio","link":"https:\/\/www.encontrasantana.com.br\/sobre"},{"label":"Not\u00edcias Santana","link":"https:\/\/www.encontrasantana.com.br\/sobre\/noticias-em-santana\/"},{"label":"Santana de Parna\u00edba se consolida como refer\u00eancia em gest\u00e3o p\u00fablica no estado, aponta TCE","link":"https:\/\/www.encontrasantana.com.br\/sobre\/santana-de-parnaiba-se-consolida-como-referencia-em-gestao-publica-no-estado-aponta-tce\/"}],"_links":{"self":[{"href":"https:\/\/www.encontrasantana.com.br\/sobre\/wp-json\/wp\/v2\/posts\/44517","targetHints":{"allow":["GET"]}}],"collection":[{"href":"https:\/\/www.encontrasantana.com.br\/sobre\/wp-json\/wp\/v2\/posts"}],"about":[{"href":"https:\/\/www.encontrasantana.com.br\/sobre\/wp-json\/wp\/v2\/types\/post"}],"author":[{"embeddable":true,"href":"https:\/\/www.encontrasantana.com.br\/sobre\/wp-json\/wp\/v2\/users\/1"}],"replies":[{"embeddable":true,"href":"https:\/\/www.encontrasantana.com.br\/sobre\/wp-json\/wp\/v2\/comments?post=44517"}],"version-history":[{"count":0,"href":"https:\/\/www.encontrasantana.com.br\/sobre\/wp-json\/wp\/v2\/posts\/44517\/revisions"}],"wp:featuredmedia":[{"embeddable":true,"href":"https:\/\/www.encontrasantana.com.br\/sobre\/wp-json\/wp\/v2\/media\/44516"}],"wp:attachment":[{"href":"https:\/\/www.encontrasantana.com.br\/sobre\/wp-json\/wp\/v2\/media?parent=44517"}],"wp:term":[{"taxonomy":"category","embeddable":true,"href":"https:\/\/www.encontrasantana.com.br\/sobre\/wp-json\/wp\/v2\/categories?post=44517"},{"taxonomy":"post_tag","embeddable":true,"href":"https:\/\/www.encontrasantana.com.br\/sobre\/wp-json\/wp\/v2\/tags?post=44517"}],"curies":[{"name":"wp","href":"https:\/\/api.w.org\/{rel}","templated":true}]}}