{"id":44529,"date":"2025-11-05T11:03:00","date_gmt":"2025-11-05T14:03:00","guid":{"rendered":"https:\/\/www.encontrasantana.com.br\/sobre\/sao-silvestre-abre-nesta-quarta-inscricao-para-5-mil-vagas-extras-da-100a-edicao-da-corrida-em-sp\/"},"modified":"2025-11-13T16:42:42","modified_gmt":"2025-11-13T19:42:42","slug":"sao-silvestre-abre-nesta-quarta-inscricao-para-5-mil-vagas-extras-da-100a-edicao-da-corrida-em-sp","status":"publish","type":"post","link":"https:\/\/www.encontrasantana.com.br\/sobre\/sao-silvestre-abre-nesta-quarta-inscricao-para-5-mil-vagas-extras-da-100a-edicao-da-corrida-em-sp\/","title":{"rendered":"S\u00e3o Silvestre abre nesta quarta inscri\u00e7\u00e3o para 5 mil vagas extras da 100\u00aa edi\u00e7\u00e3o da corrida em SP"},"content":{"rendered":"<div class=\"1acf8468e559fd3cbeec5aee3a269a52\" data-index=\"1\" style=\"float: none; margin:0px;\">\n<!-- Anuncio display - global -->\r\n<ins class=\"adsbygoogle\"\r\n     style=\"display:block\"\r\n     data-ad-client=\"ca-pub-8585364105181520\"\r\n     data-ad-slot=\"8789329856\"\r\n     data-ad-format=\"auto\"\r\n     data-full-width-responsive=\"true\"><\/ins>\r\n<script>\r\n     (adsbygoogle = window.adsbygoogle || []).push({});\r\n<\/script>\n<\/div>\n<h2>O que \u00e9 a Corrida S\u00e3o Silvestre?<\/h2>\n<p>A <strong>Corrida S\u00e3o Silvestre<\/strong> \u00e9 uma das mais tradicionais corridas de rua do Brasil. Realizada anualmente em S\u00e3o Paulo, essa prova re\u00fane atletas profissionais e amadores em um percurso de 15 km, geralmente realizado no dia 31 de dezembro. O evento marca a despedida do ano e \u00e9 uma celebra\u00e7\u00e3o do esporte e da sa\u00fade.<\/p>\n<h2>Hist\u00f3ria da Corrida Internacional<\/h2>\n<p>A Corrida S\u00e3o Silvestre teve sua primeira edi\u00e7\u00e3o em 1925, em homenagem ao <strong>anivers\u00e1rio da cidade de S\u00e3o Paulo<\/strong>. Com o passar dos anos, o evento cresceu e se tornou internacional, atraindo corredores de diversas partes do mundo. O nome da corrida \u00e9 uma refer\u00eancia ao <em>Dia de S\u00e3o Silvestre<\/em>, celebrado no \u00faltimo dia do ano.<\/p>\n<h2>Detalhes da 100\u00aa Edi\u00e7\u00e3o<\/h2>\n<p>A 100\u00aa edi\u00e7\u00e3o da Corrida S\u00e3o Silvestre, realizada em 2024, promete ser um evento hist\u00f3rico. Os organizadores preveem a participa\u00e7\u00e3o de mais de <strong>30 mil corredores<\/strong>, incluindo atletas de elite. Com um percurso que homenageia a trajet\u00f3ria da corrida, essa edi\u00e7\u00e3o especial contar\u00e1 com atra\u00e7\u00f5es extras e uma ampla cobertura da m\u00eddia.<\/p>\n<h2>Como Funciona o Sorteio das Vagas<\/h2>\n<p>As inscri\u00e7\u00f5es para a Corrida S\u00e3o Silvestre acontecem atrav\u00e9s de um sorteio, que \u00e9 realizada anualmente. Os interessados devem se inscrever durante o per\u00edodo estipulado e aguardar o resultado. Isso garante um <strong>acesso democr\u00e1tico<\/strong> \u00e0 prova e evita superlota\u00e7\u00e3o. Em casos de desist\u00eancia, h\u00e1 ainda a possibilidade de vagas extras serem abertas para novos participantes.<\/p>\n<h2>Quando e Onde Ser\u00e1 a Corrida<\/h2>\n<p>A Corrida S\u00e3o Silvestre 2024 ocorrer\u00e1 no dia <strong>31 de dezembro<\/strong>, com largada na <strong>Avenida Paulista<\/strong>, um dos pontos mais ic\u00f4nicos de S\u00e3o Paulo. O percurso segue pelas ruas centrais da cidade, incluindo alguns dos mais tradicionais bairros.<\/p>\n<h2>Valores e Inscri\u00e7\u00e3o para a Corrida<\/h2>\n<p>Os valores para inscri\u00e7\u00e3o na Corrida S\u00e3o Silvestre podem variar a cada ano. Em 2024, a taxa de inscri\u00e7\u00e3o est\u00e1 prevista para ser de <strong>R$ 150,00<\/strong> para corredores amadores, enquanto os atletas elites podem ter isen\u00e7\u00e3o ou valores diferenciados. \u00c9 recomend\u00e1vel que os interessados se inscrevam o quanto antes, uma vez que as vagas s\u00e3o limitadas.<\/p>\n<h2>Expectativa para o Centen\u00e1rio<\/h2>\n<p>A expectativa para a edi\u00e7\u00e3o centen\u00e1ria da Corrida S\u00e3o Silvestre \u00e9 alta. Os organizadores preveem um grande evento, com diversas celebra\u00e7\u00f5es, homenagens a antigos campe\u00f5es e muitas surpresas para os participantes. O p\u00fablico tamb\u00e9m pode aguardar experi\u00eancias inovadoras, como transmiss\u00e3o ao vivo e intera\u00e7\u00f5es nas redes sociais.<\/p>\n<h2>Impacto da Corrida na Cidade de S\u00e3o Paulo<\/h2>\n<p>A Corrida S\u00e3o Silvestre tem um impacto significativo na cidade de S\u00e3o Paulo, estimulando o turismo e promovendo a pr\u00e1tica de atividades f\u00edsicas. O evento atrai pessoas de diversos estados e pa\u00edses, gerando um aumento no com\u00e9rcio local e na ocupa\u00e7\u00e3o hoteleira. Al\u00e9m disso, promove uma maior conscientiza\u00e7\u00e3o sobre a import\u00e2ncia de um estilo de vida saud\u00e1vel.<\/p>\n<h2>Dicas para Preparar-se para a Corrida<\/h2>\n<p>Para aqueles que se inscreverem na Corrida S\u00e3o Silvestre, aqui est\u00e3o algumas dicas:<\/p>\n<ul>\n<li><strong>Treinamento Regular:<\/strong> Comece a treinar com anteced\u00eancia, criando um plano de treinos estruturado.<\/li>\n<li><strong>Alimenta\u00e7\u00e3o Adequada:<\/strong> Mantenha uma dieta balanceada e adeque suas refei\u00e7\u00f5es para ter energia suficiente.<\/li>\n<li><strong>Descanso:<\/strong> N\u00e3o esque\u00e7a de dar ao seu corpo tempo para descansar e se recuperar.<\/li>\n<li><strong>Equipamento Certo:<\/strong> Utilize t\u00eanis adequados e confort\u00e1veis para correr!<\/li>\n<li><strong>Hidrata\u00e7\u00e3o:<\/strong> Beba bastante \u00e1gua, especialmente nos dias que antecedem a corrida.<\/li>\n<\/ul>\n<h2>Atra\u00e7\u00f5es e Eventos Durante a Corrida<\/h2>\n<p>Al\u00e9m da corrida em si, eventos paralelos costumam acontecer, como shows de m\u00fasica ao vivo, estandes de expositores relacionados a esportes e sa\u00fade, e atividades recreativas. A atmosfera festiva na cidade atrai milhares de pessoas e transforma o evento em uma verdadeira celebra\u00e7\u00e3o.<\/p>\n\n<div style=\"font-size: 0px; height: 0px; line-height: 0px; margin: 0; padding: 0; clear: both;\"><\/div>","protected":false},"excerpt":{"rendered":"<p>\u00daltima chance para garantir sua inscri\u00e7\u00e3o na corrida S\u00e3o Silvestre.<\/p>\n","protected":false},"author":1,"featured_media":44528,"comment_status":"open","ping_status":"closed","sticky":false,"template":"","format":"standard","meta":{"footnotes":""},"categories":[3],"tags":[],"class_list":["post-44529","post","type-post","status-publish","format-standard","has-post-thumbnail","hentry","category-noticias-em-santana","has_thumb"],"aioseo_notices":[],"aioseo_head":"\n\t\t<!-- All in One SEO 5.0.0.1 - aioseo.com -->\n\t<meta name=\"description\" content=\"\u00daltima chance para garantir sua inscri\u00e7\u00e3o na corrida S\u00e3o Silvestre.\" \/>\n\t<meta name=\"robots\" content=\"max-image-preview:large\" \/>\n\t<meta name=\"author\" content=\"Encontra Santana\"\/>\n\t<link rel=\"canonical\" href=\"https:\/\/www.encontrasantana.com.br\/sobre\/sao-silvestre-abre-nesta-quarta-inscricao-para-5-mil-vagas-extras-da-100a-edicao-da-corrida-em-sp\/\" \/>\n\t<meta name=\"generator\" content=\"All in One SEO (AIOSEO) 5.0.0.1\" \/>\n\t\t<meta property=\"og:locale\" content=\"pt_BR\" \/>\n\t\t<meta property=\"og:site_name\" content=\"Encontra Santana | Not\u00edcias, eventos, informa\u00e7\u00f5es e dicas no bairro de Santana e regi\u00e3o.\" \/>\n\t\t<meta property=\"og:type\" content=\"article\" \/>\n\t\t<meta property=\"og:title\" content=\"S\u00e3o Silvestre abre nesta quarta inscri\u00e7\u00e3o para 5 mil vagas extras da 100\u00aa edi\u00e7\u00e3o da corrida em SP \u00bb Encontra Santana\" \/>\n\t\t<meta property=\"og:description\" content=\"\u00daltima chance para garantir sua inscri\u00e7\u00e3o na corrida S\u00e3o Silvestre.\" \/>\n\t\t<meta property=\"og:url\" content=\"https:\/\/www.encontrasantana.com.br\/sobre\/sao-silvestre-abre-nesta-quarta-inscricao-para-5-mil-vagas-extras-da-100a-edicao-da-corrida-em-sp\/\" \/>\n\t\t<meta property=\"article:published_time\" content=\"2025-11-05T14:03:00+00:00\" \/>\n\t\t<meta property=\"article:modified_time\" content=\"2025-11-13T19:42:42+00:00\" \/>\n\t\t<meta name=\"twitter:card\" content=\"summary\" \/>\n\t\t<meta name=\"twitter:title\" content=\"S\u00e3o Silvestre abre nesta quarta inscri\u00e7\u00e3o para 5 mil vagas extras da 100\u00aa edi\u00e7\u00e3o da corrida em SP \u00bb Encontra Santana\" \/>\n\t\t<meta name=\"twitter:description\" content=\"\u00daltima chance para garantir sua inscri\u00e7\u00e3o na corrida S\u00e3o Silvestre.\" \/>\n\t\t<script type=\"application\/ld+json\" class=\"aioseo-schema\">\n\t\t\t{\"@context\":\"https:\\\/\\\/schema.org\",\"@graph\":[{\"@type\":\"Article\",\"@id\":\"https:\\\/\\\/www.encontrasantana.com.br\\\/sobre\\\/sao-silvestre-abre-nesta-quarta-inscricao-para-5-mil-vagas-extras-da-100a-edicao-da-corrida-em-sp\\\/#article\",\"name\":\"S\\u00e3o Silvestre abre nesta quarta inscri\\u00e7\\u00e3o para 5 mil vagas extras da 100\\u00aa edi\\u00e7\\u00e3o da corrida em SP \\u00bb Encontra Santana\",\"headline\":\"S\\u00e3o Silvestre abre nesta quarta inscri\\u00e7\\u00e3o para 5 mil vagas extras da 100\\u00aa edi\\u00e7\\u00e3o da corrida em SP\",\"author\":{\"@id\":\"https:\\\/\\\/www.encontrasantana.com.br\\\/sobre\\\/author\\\/esantana\\\/#author\"},\"publisher\":{\"@id\":\"https:\\\/\\\/www.encontrasantana.com.br\\\/sobre\\\/#organization\"},\"image\":{\"@type\":\"ImageObject\",\"url\":\"https:\\\/\\\/www.encontrasantana.com.br\\\/sobre\\\/wp-content\\\/uploads\\\/2025\\\/11\\\/sao-silvestre-abre-nesta-quarta-inscricao-para-5-mil-vagas-extras-da-100-edicao-da-corrida-em-sp.webp\",\"width\":320,\"height\":280,\"caption\":\"Corrida S\\u00e3o Silvestre\"},\"datePublished\":\"2025-11-05T11:03:00-03:00\",\"dateModified\":\"2025-11-13T16:42:42-03:00\",\"inLanguage\":\"pt-BR\",\"mainEntityOfPage\":{\"@id\":\"https:\\\/\\\/www.encontrasantana.com.br\\\/sobre\\\/sao-silvestre-abre-nesta-quarta-inscricao-para-5-mil-vagas-extras-da-100a-edicao-da-corrida-em-sp\\\/#webpage\"},\"isPartOf\":{\"@id\":\"https:\\\/\\\/www.encontrasantana.com.br\\\/sobre\\\/sao-silvestre-abre-nesta-quarta-inscricao-para-5-mil-vagas-extras-da-100a-edicao-da-corrida-em-sp\\\/#webpage\"},\"articleSection\":\"Not\\u00edcias Santana\"},{\"@type\":\"BreadcrumbList\",\"@id\":\"https:\\\/\\\/www.encontrasantana.com.br\\\/sobre\\\/sao-silvestre-abre-nesta-quarta-inscricao-para-5-mil-vagas-extras-da-100a-edicao-da-corrida-em-sp\\\/#breadcrumblist\",\"itemListElement\":[{\"@type\":\"ListItem\",\"@id\":\"https:\\\/\\\/www.encontrasantana.com.br\\\/sobre#listItem\",\"position\":1,\"name\":\"In\\u00edcio\",\"item\":\"https:\\\/\\\/www.encontrasantana.com.br\\\/sobre\",\"nextItem\":{\"@type\":\"ListItem\",\"@id\":\"https:\\\/\\\/www.encontrasantana.com.br\\\/sobre\\\/noticias-em-santana\\\/#listItem\",\"name\":\"Not\\u00edcias Santana\"}},{\"@type\":\"ListItem\",\"@id\":\"https:\\\/\\\/www.encontrasantana.com.br\\\/sobre\\\/noticias-em-santana\\\/#listItem\",\"position\":2,\"name\":\"Not\\u00edcias Santana\",\"item\":\"https:\\\/\\\/www.encontrasantana.com.br\\\/sobre\\\/noticias-em-santana\\\/\",\"nextItem\":{\"@type\":\"ListItem\",\"@id\":\"https:\\\/\\\/www.encontrasantana.com.br\\\/sobre\\\/sao-silvestre-abre-nesta-quarta-inscricao-para-5-mil-vagas-extras-da-100a-edicao-da-corrida-em-sp\\\/#listItem\",\"name\":\"S\\u00e3o Silvestre abre nesta quarta inscri\\u00e7\\u00e3o para 5 mil vagas extras da 100\\u00aa edi\\u00e7\\u00e3o da corrida em SP\"},\"previousItem\":{\"@type\":\"ListItem\",\"@id\":\"https:\\\/\\\/www.encontrasantana.com.br\\\/sobre#listItem\",\"name\":\"In\\u00edcio\"}},{\"@type\":\"ListItem\",\"@id\":\"https:\\\/\\\/www.encontrasantana.com.br\\\/sobre\\\/sao-silvestre-abre-nesta-quarta-inscricao-para-5-mil-vagas-extras-da-100a-edicao-da-corrida-em-sp\\\/#listItem\",\"position\":3,\"name\":\"S\\u00e3o Silvestre abre nesta quarta inscri\\u00e7\\u00e3o para 5 mil vagas extras da 100\\u00aa edi\\u00e7\\u00e3o da corrida em SP\",\"previousItem\":{\"@type\":\"ListItem\",\"@id\":\"https:\\\/\\\/www.encontrasantana.com.br\\\/sobre\\\/noticias-em-santana\\\/#listItem\",\"name\":\"Not\\u00edcias Santana\"}}]},{\"@type\":\"Organization\",\"@id\":\"https:\\\/\\\/www.encontrasantana.com.br\\\/sobre\\\/#organization\",\"name\":\"Encontra Santana\",\"description\":\"Not\\u00edcias, eventos, informa\\u00e7\\u00f5es e dicas no bairro de Santana e regi\\u00e3o.\",\"url\":\"https:\\\/\\\/www.encontrasantana.com.br\\\/sobre\\\/\"},{\"@type\":\"Person\",\"@id\":\"https:\\\/\\\/www.encontrasantana.com.br\\\/sobre\\\/author\\\/esantana\\\/#author\",\"url\":\"https:\\\/\\\/www.encontrasantana.com.br\\\/sobre\\\/author\\\/esantana\\\/\",\"name\":\"Encontra Santana\",\"image\":{\"@type\":\"ImageObject\",\"@id\":\"https:\\\/\\\/www.encontrasantana.com.br\\\/sobre\\\/sao-silvestre-abre-nesta-quarta-inscricao-para-5-mil-vagas-extras-da-100a-edicao-da-corrida-em-sp\\\/#authorImage\",\"url\":\"https:\\\/\\\/secure.gravatar.com\\\/avatar\\\/0fbed662e37531ae23e68f85f9517b2454e50c1dfebf80eb9b721449ac95e0b9?s=96&d=mm&r=g\",\"width\":96,\"height\":96,\"caption\":\"Encontra Santana\"}},{\"@type\":\"WebPage\",\"@id\":\"https:\\\/\\\/www.encontrasantana.com.br\\\/sobre\\\/sao-silvestre-abre-nesta-quarta-inscricao-para-5-mil-vagas-extras-da-100a-edicao-da-corrida-em-sp\\\/#webpage\",\"url\":\"https:\\\/\\\/www.encontrasantana.com.br\\\/sobre\\\/sao-silvestre-abre-nesta-quarta-inscricao-para-5-mil-vagas-extras-da-100a-edicao-da-corrida-em-sp\\\/\",\"name\":\"S\\u00e3o Silvestre abre nesta quarta inscri\\u00e7\\u00e3o para 5 mil vagas extras da 100\\u00aa edi\\u00e7\\u00e3o da corrida em SP \\u00bb Encontra Santana\",\"description\":\"\\u00daltima chance para garantir sua inscri\\u00e7\\u00e3o na corrida S\\u00e3o Silvestre.\",\"inLanguage\":\"pt-BR\",\"isPartOf\":{\"@id\":\"https:\\\/\\\/www.encontrasantana.com.br\\\/sobre\\\/#website\"},\"breadcrumb\":{\"@id\":\"https:\\\/\\\/www.encontrasantana.com.br\\\/sobre\\\/sao-silvestre-abre-nesta-quarta-inscricao-para-5-mil-vagas-extras-da-100a-edicao-da-corrida-em-sp\\\/#breadcrumblist\"},\"author\":{\"@id\":\"https:\\\/\\\/www.encontrasantana.com.br\\\/sobre\\\/author\\\/esantana\\\/#author\"},\"creator\":{\"@id\":\"https:\\\/\\\/www.encontrasantana.com.br\\\/sobre\\\/author\\\/esantana\\\/#author\"},\"image\":{\"@type\":\"ImageObject\",\"url\":\"https:\\\/\\\/www.encontrasantana.com.br\\\/sobre\\\/wp-content\\\/uploads\\\/2025\\\/11\\\/sao-silvestre-abre-nesta-quarta-inscricao-para-5-mil-vagas-extras-da-100-edicao-da-corrida-em-sp.webp\",\"@id\":\"https:\\\/\\\/www.encontrasantana.com.br\\\/sobre\\\/sao-silvestre-abre-nesta-quarta-inscricao-para-5-mil-vagas-extras-da-100a-edicao-da-corrida-em-sp\\\/#mainImage\",\"width\":320,\"height\":280,\"caption\":\"Corrida S\\u00e3o Silvestre\"},\"primaryImageOfPage\":{\"@id\":\"https:\\\/\\\/www.encontrasantana.com.br\\\/sobre\\\/sao-silvestre-abre-nesta-quarta-inscricao-para-5-mil-vagas-extras-da-100a-edicao-da-corrida-em-sp\\\/#mainImage\"},\"datePublished\":\"2025-11-05T11:03:00-03:00\",\"dateModified\":\"2025-11-13T16:42:42-03:00\"},{\"@type\":\"WebSite\",\"@id\":\"https:\\\/\\\/www.encontrasantana.com.br\\\/sobre\\\/#website\",\"url\":\"https:\\\/\\\/www.encontrasantana.com.br\\\/sobre\\\/\",\"name\":\"Encontra Santana\",\"description\":\"Not\\u00edcias, eventos, informa\\u00e7\\u00f5es e dicas no bairro de Santana e regi\\u00e3o.\",\"inLanguage\":\"pt-BR\",\"publisher\":{\"@id\":\"https:\\\/\\\/www.encontrasantana.com.br\\\/sobre\\\/#organization\"}}]}\n\t\t<\/script>\n\t\t<!-- All in One SEO -->\n\n","aioseo_head_json":{"title":"S\u00e3o Silvestre abre nesta quarta inscri\u00e7\u00e3o para 5 mil vagas extras da 100\u00aa edi\u00e7\u00e3o da corrida em SP \u00bb Encontra Santana","description":"\u00daltima chance para garantir sua inscri\u00e7\u00e3o na corrida S\u00e3o Silvestre.","canonical_url":"https:\/\/www.encontrasantana.com.br\/sobre\/sao-silvestre-abre-nesta-quarta-inscricao-para-5-mil-vagas-extras-da-100a-edicao-da-corrida-em-sp\/","robots":"max-image-preview:large","keywords":"","webmasterTools":{"miscellaneous":""},"schema":{"@context":"https:\/\/schema.org","@graph":[{"@type":"Article","@id":"https:\/\/www.encontrasantana.com.br\/sobre\/sao-silvestre-abre-nesta-quarta-inscricao-para-5-mil-vagas-extras-da-100a-edicao-da-corrida-em-sp\/#article","name":"S\u00e3o Silvestre abre nesta quarta inscri\u00e7\u00e3o para 5 mil vagas extras da 100\u00aa edi\u00e7\u00e3o da corrida em SP \u00bb Encontra Santana","headline":"S\u00e3o Silvestre abre nesta quarta inscri\u00e7\u00e3o para 5 mil vagas extras da 100\u00aa edi\u00e7\u00e3o da corrida em SP","author":{"@id":"https:\/\/www.encontrasantana.com.br\/sobre\/author\/esantana\/#author"},"publisher":{"@id":"https:\/\/www.encontrasantana.com.br\/sobre\/#organization"},"image":{"@type":"ImageObject","url":"https:\/\/www.encontrasantana.com.br\/sobre\/wp-content\/uploads\/2025\/11\/sao-silvestre-abre-nesta-quarta-inscricao-para-5-mil-vagas-extras-da-100-edicao-da-corrida-em-sp.webp","width":320,"height":280,"caption":"Corrida S\u00e3o Silvestre"},"datePublished":"2025-11-05T11:03:00-03:00","dateModified":"2025-11-13T16:42:42-03:00","inLanguage":"pt-BR","mainEntityOfPage":{"@id":"https:\/\/www.encontrasantana.com.br\/sobre\/sao-silvestre-abre-nesta-quarta-inscricao-para-5-mil-vagas-extras-da-100a-edicao-da-corrida-em-sp\/#webpage"},"isPartOf":{"@id":"https:\/\/www.encontrasantana.com.br\/sobre\/sao-silvestre-abre-nesta-quarta-inscricao-para-5-mil-vagas-extras-da-100a-edicao-da-corrida-em-sp\/#webpage"},"articleSection":"Not\u00edcias Santana"},{"@type":"BreadcrumbList","@id":"https:\/\/www.encontrasantana.com.br\/sobre\/sao-silvestre-abre-nesta-quarta-inscricao-para-5-mil-vagas-extras-da-100a-edicao-da-corrida-em-sp\/#breadcrumblist","itemListElement":[{"@type":"ListItem","@id":"https:\/\/www.encontrasantana.com.br\/sobre#listItem","position":1,"name":"In\u00edcio","item":"https:\/\/www.encontrasantana.com.br\/sobre","nextItem":{"@type":"ListItem","@id":"https:\/\/www.encontrasantana.com.br\/sobre\/noticias-em-santana\/#listItem","name":"Not\u00edcias Santana"}},{"@type":"ListItem","@id":"https:\/\/www.encontrasantana.com.br\/sobre\/noticias-em-santana\/#listItem","position":2,"name":"Not\u00edcias Santana","item":"https:\/\/www.encontrasantana.com.br\/sobre\/noticias-em-santana\/","nextItem":{"@type":"ListItem","@id":"https:\/\/www.encontrasantana.com.br\/sobre\/sao-silvestre-abre-nesta-quarta-inscricao-para-5-mil-vagas-extras-da-100a-edicao-da-corrida-em-sp\/#listItem","name":"S\u00e3o Silvestre abre nesta quarta inscri\u00e7\u00e3o para 5 mil vagas extras da 100\u00aa edi\u00e7\u00e3o da corrida em SP"},"previousItem":{"@type":"ListItem","@id":"https:\/\/www.encontrasantana.com.br\/sobre#listItem","name":"In\u00edcio"}},{"@type":"ListItem","@id":"https:\/\/www.encontrasantana.com.br\/sobre\/sao-silvestre-abre-nesta-quarta-inscricao-para-5-mil-vagas-extras-da-100a-edicao-da-corrida-em-sp\/#listItem","position":3,"name":"S\u00e3o Silvestre abre nesta quarta inscri\u00e7\u00e3o para 5 mil vagas extras da 100\u00aa edi\u00e7\u00e3o da corrida em SP","previousItem":{"@type":"ListItem","@id":"https:\/\/www.encontrasantana.com.br\/sobre\/noticias-em-santana\/#listItem","name":"Not\u00edcias Santana"}}]},{"@type":"Organization","@id":"https:\/\/www.encontrasantana.com.br\/sobre\/#organization","name":"Encontra Santana","description":"Not\u00edcias, eventos, informa\u00e7\u00f5es e dicas no bairro de Santana e regi\u00e3o.","url":"https:\/\/www.encontrasantana.com.br\/sobre\/"},{"@type":"Person","@id":"https:\/\/www.encontrasantana.com.br\/sobre\/author\/esantana\/#author","url":"https:\/\/www.encontrasantana.com.br\/sobre\/author\/esantana\/","name":"Encontra Santana","image":{"@type":"ImageObject","@id":"https:\/\/www.encontrasantana.com.br\/sobre\/sao-silvestre-abre-nesta-quarta-inscricao-para-5-mil-vagas-extras-da-100a-edicao-da-corrida-em-sp\/#authorImage","url":"https:\/\/secure.gravatar.com\/avatar\/0fbed662e37531ae23e68f85f9517b2454e50c1dfebf80eb9b721449ac95e0b9?s=96&d=mm&r=g","width":96,"height":96,"caption":"Encontra Santana"}},{"@type":"WebPage","@id":"https:\/\/www.encontrasantana.com.br\/sobre\/sao-silvestre-abre-nesta-quarta-inscricao-para-5-mil-vagas-extras-da-100a-edicao-da-corrida-em-sp\/#webpage","url":"https:\/\/www.encontrasantana.com.br\/sobre\/sao-silvestre-abre-nesta-quarta-inscricao-para-5-mil-vagas-extras-da-100a-edicao-da-corrida-em-sp\/","name":"S\u00e3o Silvestre abre nesta quarta inscri\u00e7\u00e3o para 5 mil vagas extras da 100\u00aa edi\u00e7\u00e3o da corrida em SP \u00bb Encontra Santana","description":"\u00daltima chance para garantir sua inscri\u00e7\u00e3o na corrida S\u00e3o Silvestre.","inLanguage":"pt-BR","isPartOf":{"@id":"https:\/\/www.encontrasantana.com.br\/sobre\/#website"},"breadcrumb":{"@id":"https:\/\/www.encontrasantana.com.br\/sobre\/sao-silvestre-abre-nesta-quarta-inscricao-para-5-mil-vagas-extras-da-100a-edicao-da-corrida-em-sp\/#breadcrumblist"},"author":{"@id":"https:\/\/www.encontrasantana.com.br\/sobre\/author\/esantana\/#author"},"creator":{"@id":"https:\/\/www.encontrasantana.com.br\/sobre\/author\/esantana\/#author"},"image":{"@type":"ImageObject","url":"https:\/\/www.encontrasantana.com.br\/sobre\/wp-content\/uploads\/2025\/11\/sao-silvestre-abre-nesta-quarta-inscricao-para-5-mil-vagas-extras-da-100-edicao-da-corrida-em-sp.webp","@id":"https:\/\/www.encontrasantana.com.br\/sobre\/sao-silvestre-abre-nesta-quarta-inscricao-para-5-mil-vagas-extras-da-100a-edicao-da-corrida-em-sp\/#mainImage","width":320,"height":280,"caption":"Corrida S\u00e3o Silvestre"},"primaryImageOfPage":{"@id":"https:\/\/www.encontrasantana.com.br\/sobre\/sao-silvestre-abre-nesta-quarta-inscricao-para-5-mil-vagas-extras-da-100a-edicao-da-corrida-em-sp\/#mainImage"},"datePublished":"2025-11-05T11:03:00-03:00","dateModified":"2025-11-13T16:42:42-03:00"},{"@type":"WebSite","@id":"https:\/\/www.encontrasantana.com.br\/sobre\/#website","url":"https:\/\/www.encontrasantana.com.br\/sobre\/","name":"Encontra Santana","description":"Not\u00edcias, eventos, informa\u00e7\u00f5es e dicas no bairro de Santana e regi\u00e3o.","inLanguage":"pt-BR","publisher":{"@id":"https:\/\/www.encontrasantana.com.br\/sobre\/#organization"}}]},"og:locale":"pt_BR","og:site_name":"Encontra Santana | Not\u00edcias, eventos, informa\u00e7\u00f5es e dicas no bairro de Santana e regi\u00e3o.","og:type":"article","og:title":"S\u00e3o Silvestre abre nesta quarta inscri\u00e7\u00e3o para 5 mil vagas extras da 100\u00aa edi\u00e7\u00e3o da corrida em SP \u00bb Encontra Santana","og:description":"\u00daltima chance para garantir sua inscri\u00e7\u00e3o na corrida S\u00e3o Silvestre.","og:url":"https:\/\/www.encontrasantana.com.br\/sobre\/sao-silvestre-abre-nesta-quarta-inscricao-para-5-mil-vagas-extras-da-100a-edicao-da-corrida-em-sp\/","article:published_time":"2025-11-05T14:03:00+00:00","article:modified_time":"2025-11-13T19:42:42+00:00","twitter:card":"summary","twitter:title":"S\u00e3o Silvestre abre nesta quarta inscri\u00e7\u00e3o para 5 mil vagas extras da 100\u00aa edi\u00e7\u00e3o da corrida em SP \u00bb Encontra Santana","twitter:description":"\u00daltima chance para garantir sua inscri\u00e7\u00e3o na corrida S\u00e3o Silvestre."},"aioseo_meta_data":{"post_id":"44529","title":null,"description":null,"keywords":null,"keyphrases":null,"primary_term":null,"canonical_url":null,"og_title":null,"og_description":null,"og_object_type":"default","og_image_type":"default","og_image_url":null,"og_image_width":null,"og_image_height":null,"og_image_custom_url":null,"og_image_custom_fields":null,"og_video":null,"og_custom_url":null,"og_article_section":null,"og_article_tags":null,"twitter_use_og":false,"twitter_card":"default","twitter_image_type":"default","twitter_image_url":null,"twitter_image_custom_url":null,"twitter_image_custom_fields":null,"twitter_title":null,"twitter_description":null,"schema":{"blockGraphs":[],"customGraphs":[],"default":{"data":{"Article":[],"Course":[],"Dataset":[],"FAQPage":[],"Movie":[],"Person":[],"Product":[],"ProductReview":[],"Car":[],"Recipe":[],"Service":[],"SoftwareApplication":[],"WebPage":[]},"graphName":"Article","isEnabled":true},"graphs":[]},"schema_type":"default","schema_type_options":null,"pillar_content":false,"robots_default":true,"robots_noindex":false,"robots_noarchive":false,"robots_nosnippet":false,"robots_nofollow":false,"robots_noimageindex":false,"robots_noodp":false,"robots_notranslate":false,"robots_max_snippet":null,"robots_max_videopreview":null,"robots_max_imagepreview":"large","priority":null,"frequency":null,"local_seo":null,"limit_modified_date":false,"created":"2025-11-06 11:34:25","updated":"2026-08-07 02:26:53","focus_keyword":null,"additional_keywords":null,"truseo_locale":null,"ai":null,"breadcrumb_settings":null,"seo_analyzer_scan_date":null},"aioseo_breadcrumb":"<div class=\"aioseo-breadcrumbs\"><span class=\"aioseo-breadcrumb\">\n\t\t\t<a href=\"https:\/\/www.encontrasantana.com.br\/sobre\" title=\"In\u00edcio\">In\u00edcio<\/a>\n\t\t<\/span><span class=\"aioseo-breadcrumb-separator\">&raquo;<\/span><span class=\"aioseo-breadcrumb\">\n\t\t\t<a href=\"https:\/\/www.encontrasantana.com.br\/sobre\/noticias-em-santana\/\" title=\"Not\u00edcias Santana\">Not\u00edcias Santana<\/a>\n\t\t<\/span><span class=\"aioseo-breadcrumb-separator\">&raquo;<\/span><span class=\"aioseo-breadcrumb\">\n\t\t\tS\u00e3o Silvestre abre nesta quarta inscri\u00e7\u00e3o para 5 mil vagas extras da 100\u00aa edi\u00e7\u00e3o da corrida em SP\n\t\t<\/span><\/div>","aioseo_breadcrumb_json":[{"label":"In\u00edcio","link":"https:\/\/www.encontrasantana.com.br\/sobre"},{"label":"Not\u00edcias Santana","link":"https:\/\/www.encontrasantana.com.br\/sobre\/noticias-em-santana\/"},{"label":"S\u00e3o Silvestre abre nesta quarta inscri\u00e7\u00e3o para 5 mil vagas extras da 100\u00aa edi\u00e7\u00e3o da corrida em SP","link":"https:\/\/www.encontrasantana.com.br\/sobre\/sao-silvestre-abre-nesta-quarta-inscricao-para-5-mil-vagas-extras-da-100a-edicao-da-corrida-em-sp\/"}],"_links":{"self":[{"href":"https:\/\/www.encontrasantana.com.br\/sobre\/wp-json\/wp\/v2\/posts\/44529","targetHints":{"allow":["GET"]}}],"collection":[{"href":"https:\/\/www.encontrasantana.com.br\/sobre\/wp-json\/wp\/v2\/posts"}],"about":[{"href":"https:\/\/www.encontrasantana.com.br\/sobre\/wp-json\/wp\/v2\/types\/post"}],"author":[{"embeddable":true,"href":"https:\/\/www.encontrasantana.com.br\/sobre\/wp-json\/wp\/v2\/users\/1"}],"replies":[{"embeddable":true,"href":"https:\/\/www.encontrasantana.com.br\/sobre\/wp-json\/wp\/v2\/comments?post=44529"}],"version-history":[{"count":0,"href":"https:\/\/www.encontrasantana.com.br\/sobre\/wp-json\/wp\/v2\/posts\/44529\/revisions"}],"wp:featuredmedia":[{"embeddable":true,"href":"https:\/\/www.encontrasantana.com.br\/sobre\/wp-json\/wp\/v2\/media\/44528"}],"wp:attachment":[{"href":"https:\/\/www.encontrasantana.com.br\/sobre\/wp-json\/wp\/v2\/media?parent=44529"}],"wp:term":[{"taxonomy":"category","embeddable":true,"href":"https:\/\/www.encontrasantana.com.br\/sobre\/wp-json\/wp\/v2\/categories?post=44529"},{"taxonomy":"post_tag","embeddable":true,"href":"https:\/\/www.encontrasantana.com.br\/sobre\/wp-json\/wp\/v2\/tags?post=44529"}],"curies":[{"name":"wp","href":"https:\/\/api.w.org\/{rel}","templated":true}]}}