{"id":44539,"date":"2025-11-07T10:13:00","date_gmt":"2025-11-07T13:13:00","guid":{"rendered":"https:\/\/www.encontrasantana.com.br\/sobre\/etec-de-santana-de-parnaiba\/"},"modified":"2025-11-13T16:42:42","modified_gmt":"2025-11-13T19:42:42","slug":"etec-de-santana-de-parnaiba","status":"publish","type":"post","link":"https:\/\/www.encontrasantana.com.br\/sobre\/etec-de-santana-de-parnaiba\/","title":{"rendered":"Etec de Santana de Parna\u00edba"},"content":{"rendered":"<div class=\"1acf8468e559fd3cbeec5aee3a269a52\" data-index=\"1\" style=\"float: none; margin:0px;\">\n<!-- Anuncio display - global -->\r\n<ins class=\"adsbygoogle\"\r\n     style=\"display:block\"\r\n     data-ad-client=\"ca-pub-8585364105181520\"\r\n     data-ad-slot=\"8789329856\"\r\n     data-ad-format=\"auto\"\r\n     data-full-width-responsive=\"true\"><\/ins>\r\n<script>\r\n     (adsbygoogle = window.adsbygoogle || []).push({});\r\n<\/script>\n<\/div>\n<h2>Pr\u00e9-requisitos para Candidatos<\/h2>\n<p>Para se candidatar \u00e0 vaga de <strong>Auxiliar de Docente em Inform\u00e1tica<\/strong> na Etec de Santana de Parna\u00edba, os interessados devem atender a alguns pr\u00e9-requisitos fundamentais:<\/p>\n<ul>\n<li><strong>Forma\u00e7\u00e3o:<\/strong> Os candidatos devem possuir, no m\u00ednimo, forma\u00e7\u00e3o t\u00e9cnica em Inform\u00e1tica ou \u00e1rea correlata.<\/li>\n<li><strong>Experi\u00eancia:<\/strong> \u00c9 desej\u00e1vel que o candidato tenha experi\u00eancia pr\u00e9via em atividades did\u00e1ticas ou em ambiente escolar.<\/li>\n<li><strong>Conhecimentos em TICs:<\/strong> Habilidade em tecnologias da informa\u00e7\u00e3o e comunica\u00e7\u00e3o \u00e9 essencial.<\/li>\n<li><strong>Comunica\u00e7\u00e3o:<\/strong> Boa capacidade de comunica\u00e7\u00e3o oral e escrita est\u00e1 entre as exig\u00eancias para a posi\u00e7\u00e3o.<\/li>\n<\/ul>\n<p>Essas qualifica\u00e7\u00f5es s\u00e3o essenciais para garantir que o candidato esteja apto a apoiar o docente de forma eficaz, contribuindo para um ambiente de aprendizado produtivo.<\/p>\n<h2>Detalhes sobre a Vaga<\/h2>\n<p>A vaga de <strong>Auxiliar de Docente em Inform\u00e1tica<\/strong> exige que o profissional atue em diversas frentes:<\/p>\n<ul>\n<li><strong>Assist\u00eancia em aulas:<\/strong> O auxiliar dever\u00e1 acompanhar as aulas de Inform\u00e1tica, ajudando os alunos a compreender em tempo real as atividades.<\/li>\n<li><strong>Prepara\u00e7\u00e3o de materiais:<\/strong> Auxiliar na elabora\u00e7\u00e3o e organiza\u00e7\u00e3o de materiais did\u00e1ticos que facilitem o aprendizado dos alunos.<\/li>\n<li><strong>Apoio administrativo:<\/strong> Este profissional poder\u00e1 ser respons\u00e1vel por tarefas administrativas, como organizar documentos e atender alunos.<\/li>\n<li><strong>Aux\u00edlio em projetos:<\/strong> Participa\u00e7\u00e3o em projetos pedag\u00f3gicos que envolvem o uso da tecnologia em sala de aula.<\/li>\n<\/ul>\n<p>Essas atividades s\u00e3o essenciais para que os alunos desenvolvam habilidades pr\u00e1ticas e te\u00f3ricas na \u00e1rea de inform\u00e1tica.<\/p>\n<h2>Processo de Inscri\u00e7\u00e3o<\/h2>\n<p>O processo de inscri\u00e7\u00e3o para a vaga de <strong>Auxiliar de Docente em Inform\u00e1tica<\/strong> na Etec de Santana de Parna\u00edba \u00e9 bastante simples e pode ser realizado de forma online. Os passos s\u00e3o:<\/p>\n<ul>\n<li><strong>Acesso ao site:<\/strong> Os candidatos devem visitar o site oficial da Etec para encontrar informa\u00e7\u00f5es sobre o edital.<\/li>\n<li><strong>Preenchimento do formul\u00e1rio:<\/strong> Um formul\u00e1rio de inscri\u00e7\u00e3o deve ser devidamente preenchido com dados pessoais e profissionais.<\/li>\n<li><strong>Envio de documentos:<\/strong> Os candidatos devem anexar documentos que comprovem a forma\u00e7\u00e3o e experi\u00eancia exigidas.<\/li>\n<li><strong>Prazos:<\/strong> \u00c9 fundamental respeitar os prazos estabelecidos no edital para garantir a participa\u00e7\u00e3o no processo seletivo.<\/li>\n<\/ul>\n<p>Os candidatos devem tomar cuidado para que todas as informa\u00e7\u00f5es sejam preenchidas corretamente no formul\u00e1rio.<\/p>\n<h2>Datas Importantes do Processo Seletivo<\/h2>\n<p>Durante o processo seletivo para <strong>Auxiliar de Docente em Inform\u00e1tica<\/strong>, algumas datas s\u00e3o essenciais e devem ser observadas:<\/p>\n<ul>\n<li><strong>Data de Abertura das Inscri\u00e7\u00f5es:<\/strong> A abertura das inscri\u00e7\u00f5es ocorrer\u00e1 no dia XX de m\u00eas de XXXX.<\/li>\n<li><strong>Data de Fechamento das Inscri\u00e7\u00f5es:<\/strong> As inscri\u00e7\u00f5es ser\u00e3o encerradas no dia XX de m\u00eas de XXXX.<\/li>\n<li><strong>Data da Prova:<\/strong> A prova ser\u00e1 realizada no dia XX de m\u00eas de XXXX.<\/li>\n<li><strong>Resultado Final:<\/strong> A divulga\u00e7\u00e3o do resultado final est\u00e1 prevista para o dia XX de m\u00eas de XXXX.<\/li>\n<\/ul>\n<p>Os candidatos devem ficar atentos a essas datas e garantir que cumpram todos os requisitos dentro do cronograma proposto.<\/p>\n<h2>Metodologia de Sele\u00e7\u00e3o dos Candidatos<\/h2>\n<p>A sele\u00e7\u00e3o dos candidatos para a vaga de <strong>Auxiliar de Docente em Inform\u00e1tica<\/strong> ser\u00e1 realizada atrav\u00e9s de:<\/p>\n<ul>\n<li><strong>Prova Escrita:<\/strong> Os candidatos passar\u00e3o por uma prova escrita que avaliar\u00e1 conhecimentos espec\u00edficos na \u00e1rea de Inform\u00e1tica.<\/li>\n<li><strong>Entrevista:<\/strong> Aqueles que obtiverem classifica\u00e7\u00e3o na prova escrita ser\u00e3o convocados para uma entrevista pessoal.<\/li>\n<li><strong>Avalia\u00e7\u00e3o de Curr\u00edculo:<\/strong> A experi\u00eancia anterior e a forma\u00e7\u00e3o acad\u00eamica ser\u00e3o criteriosamente avaliadas como parte do processo.<\/li>\n<\/ul>\n<p>Essa metodologia garante que os candidatos escolhidos possuam n\u00e3o apenas conhecimento te\u00f3rico, mas tamb\u00e9m habilidades pr\u00e1ticas e compatibilidade com o ambiente escolar.<\/p>\n<h2>Remunera\u00e7\u00e3o e Jornada de Trabalho<\/h2>\n<p>A remunera\u00e7\u00e3o para o cargo de <strong>Auxiliar de Docente em Inform\u00e1tica<\/strong> na Etec de Santana de Parna\u00edba \u00e9 competitiva. As condi\u00e7\u00f5es s\u00e3o:<\/p>\n<ul>\n<li><strong>Sal\u00e1rio:<\/strong> O sal\u00e1rio base ser\u00e1 de XXX (a ser definido conforme tabela salarial da Etec).<\/li>\n<li><strong>Jornada de Trabalho:<\/strong> A jornada de trabalho ser\u00e1 de XX horas semanais, distribu\u00eddas entre aulas e atividades administrativas.<\/li>\n<\/ul>\n<p>Os valores e condi\u00e7\u00f5es podem ser ajustados conforme as diretrizes da institui\u00e7\u00e3o e legisla\u00e7\u00e3o vigente.<\/p>\n<h2>Benef\u00edcios para os Contratados<\/h2>\n<p>Al\u00e9m da remunera\u00e7\u00e3o, os contratados para a vaga de <strong>Auxiliar de Docente em Inform\u00e1tica<\/strong> usufruir\u00e3o de diversos benef\u00edcios, se destacando:<\/p>\n<ul>\n<li><strong>Vale Transporte:<\/strong> Aux\u00edlio no transporte dos profissionais para o deslocamento at\u00e9 a escola.<\/li>\n<li><strong>Vale Alimenta\u00e7\u00e3o:<\/strong> Benef\u00edcio que contribuir\u00e1 para a alimenta\u00e7\u00e3o dos colaboradores durante a jornada de trabalho.<\/li>\n<li><strong>Capacita\u00e7\u00e3o:<\/strong> Oportunidades para treinamento e desenvolvimento profissional.<\/li>\n<li><strong>F\u00e9rias Remuneradas:<\/strong> Direito a f\u00e9rias pagas conforme legisla\u00e7\u00e3o.<\/li>\n<\/ul>\n<p>Estes benef\u00edcios s\u00e3o fundamentais para garantir uma melhor qualidade de vida e satisfa\u00e7\u00e3o no trabalho.<\/p>\n<h2>Informa\u00e7\u00f5es do Edital<\/h2>\n<p>O edital \u00e9 o documento oficial que cont\u00e9m todas as regras e informa\u00e7\u00f5es necess\u00e1rias sobre a sele\u00e7\u00e3o. Os interessados devem atentar para:<\/p>\n<ul>\n<li><strong>Conte\u00fado Program\u00e1tico:<\/strong> Detalhes sobre os t\u00f3picos que ser\u00e3o abordados na prova.<\/li>\n<li><strong>Crit\u00e9rios de Desempate:<\/strong> Normas que ser\u00e3o utilizadas em caso de empate entre candidatos.<\/li>\n<li><strong>Documenta\u00e7\u00e3o Necess\u00e1ria:<\/strong> Lista completa de documentos que devem ser anexados na inscri\u00e7\u00e3o.<\/li>\n<li><strong>Pontos de Contato:<\/strong> Informa\u00e7\u00f5es sobre onde e como enviar d\u00favidas sobre o processo.<\/li>\n<\/ul>\n<p>Consultar o edital \u00e9 essencial para n\u00e3o perder detalhes importantes que podem impactar a candidatura.<\/p>\n<h2>Dicas para a Inscri\u00e7\u00e3o<\/h2>\n<p>Algumas dicas podem ajudar os candidatos a se destacarem na inscri\u00e7\u00e3o para a vaga de <strong>Auxiliar de Docente em Inform\u00e1tica<\/strong>:<\/p>\n<ul>\n<li><strong>Estude o Conte\u00fado:<\/strong> Dedique-se \u00e0 revis\u00e3o do conte\u00fado program\u00e1tico mencionado no edital.<\/li>\n<li><strong>Cuide da Apresenta\u00e7\u00e3o:<\/strong> Um curr\u00edculo bem estruturado pode fazer a diferen\u00e7a. Certifique-se de que ele esteja claro e profissional.<\/li>\n<li><strong>Pratique para a Prova:<\/strong> Realize simula\u00e7\u00f5es ou busque provas anteriores para treinar.<\/li>\n<li><strong>Prepare-se para a Entrevista:<\/strong> Pense em respostas para perguntas comuns em entrevistas, destacando suas experi\u00eancias e habilidades.<\/li>\n<\/ul>\n<p>Essas dicas podem fazer com que voc\u00ea se destaque entre os outros candidatos.<\/p>\n<h2>Contato para D\u00favidas<\/h2>\n<p>Para esclarecer d\u00favidas sobre o processo seletivo, os candidatos podem entrar em contato atrav\u00e9s dos seguintes canais:<\/p>\n<ul>\n<li><strong>Telefone:<\/strong> (XX) XXXX-XXXX<\/li>\n<li><strong>E-mail:<\/strong> contato@etecsantana.com.br<\/li>\n<li><strong>Website:<\/strong> Acesse o site oficial da Etec para mais informa\u00e7\u00f5es.<\/li>\n<\/ul>\n<p>Buscar esclarecimentos \u00e9 essencial para garantir que a candidatura seja realizada da melhor forma poss\u00edvel.<\/p>\n\n<div style=\"font-size: 0px; height: 0px; line-height: 0px; margin: 0; padding: 0; clear: both;\"><\/div>","protected":false},"excerpt":{"rendered":"<p>Etec de Santana de Parna\u00edba abre inscri\u00e7\u00f5es online para Auxiliar de Docente em Inform\u00e1tica.<\/p>\n","protected":false},"author":1,"featured_media":0,"comment_status":"open","ping_status":"closed","sticky":false,"template":"","format":"standard","meta":{"footnotes":""},"categories":[9643],"tags":[],"class_list":["post-44539","post","type-post","status-publish","format-standard","hentry","category-educacao-em-santana"],"aioseo_notices":[],"_links":{"self":[{"href":"https:\/\/www.encontrasantana.com.br\/sobre\/wp-json\/wp\/v2\/posts\/44539"}],"collection":[{"href":"https:\/\/www.encontrasantana.com.br\/sobre\/wp-json\/wp\/v2\/posts"}],"about":[{"href":"https:\/\/www.encontrasantana.com.br\/sobre\/wp-json\/wp\/v2\/types\/post"}],"author":[{"embeddable":true,"href":"https:\/\/www.encontrasantana.com.br\/sobre\/wp-json\/wp\/v2\/users\/1"}],"replies":[{"embeddable":true,"href":"https:\/\/www.encontrasantana.com.br\/sobre\/wp-json\/wp\/v2\/comments?post=44539"}],"version-history":[{"count":0,"href":"https:\/\/www.encontrasantana.com.br\/sobre\/wp-json\/wp\/v2\/posts\/44539\/revisions"}],"wp:attachment":[{"href":"https:\/\/www.encontrasantana.com.br\/sobre\/wp-json\/wp\/v2\/media?parent=44539"}],"wp:term":[{"taxonomy":"category","embeddable":true,"href":"https:\/\/www.encontrasantana.com.br\/sobre\/wp-json\/wp\/v2\/categories?post=44539"},{"taxonomy":"post_tag","embeddable":true,"href":"https:\/\/www.encontrasantana.com.br\/sobre\/wp-json\/wp\/v2\/tags?post=44539"}],"curies":[{"name":"wp","href":"https:\/\/api.w.org\/{rel}","templated":true}]}}