{"id":44544,"date":"2025-11-08T10:21:00","date_gmt":"2025-11-08T13:21:00","guid":{"rendered":"https:\/\/www.encontrasantana.com.br\/sobre\/cuiaba-aciona-sao-paulo-por-divida-de-r-1-milhao-envolvendo-atleta-do-sub\/"},"modified":"2025-11-13T16:42:42","modified_gmt":"2025-11-13T19:42:42","slug":"cuiaba-aciona-sao-paulo-por-divida-de-r-1-milhao-envolvendo-atleta-do-sub","status":"publish","type":"post","link":"https:\/\/www.encontrasantana.com.br\/sobre\/cuiaba-aciona-sao-paulo-por-divida-de-r-1-milhao-envolvendo-atleta-do-sub\/","title":{"rendered":"Cuiab\u00e1 aciona S\u00e3o Paulo por d\u00edvida de R$ 1 milh\u00e3o envolvendo atleta do Sub"},"content":{"rendered":"<div class=\"1acf8468e559fd3cbeec5aee3a269a52\" data-index=\"1\" style=\"float: none; margin:0px;\">\n<!-- Anuncio display - global -->\r\n<ins class=\"adsbygoogle\"\r\n     style=\"display:block\"\r\n     data-ad-client=\"ca-pub-8585364105181520\"\r\n     data-ad-slot=\"8789329856\"\r\n     data-ad-format=\"auto\"\r\n     data-full-width-responsive=\"true\"><\/ins>\r\n<script>\r\n     (adsbygoogle = window.adsbygoogle || []).push({});\r\n<\/script>\n<\/div>\n<h2>Entenda a Pol\u00eamica da Escala\u00e7\u00e3o do Jogador<\/h2>\n<p>A recente pol\u00eamica envolvendo o Cuiab\u00e1 se originou na escala\u00e7\u00e3o de um jogador, que chamou a aten\u00e7\u00e3o da m\u00eddia e dos torcedores. O atleta, cuja contrata\u00e7\u00e3o foi celebrada inicialmente, come\u00e7ou a ser discutido em rela\u00e7\u00e3o a uma d\u00edvida que o clube acumula. As manchetes destacam como a situa\u00e7\u00e3o poderia ter consequ\u00eancias significativas tanto para o jogador quanto para o clube. A quest\u00e3o levanta d\u00favidas sobre a gest\u00e3o contratual e a legalidade da inclus\u00e3o do jogador nas partidas, considerando a d\u00edvida existente.<\/p>\n<p>A situa\u00e7\u00e3o ocorre em um contexto onde a transpar\u00eancia nas transa\u00e7\u00f5es \u00e9 vital. O Cuiab\u00e1, assim como qualquer clube, \u00e9 sens\u00edvel \u00e0 imagem p\u00fablica e \u00e0s quest\u00f5es legais que surgem a partir de tais decis\u00f5es. As redes sociais e os meios de comunica\u00e7\u00e3o n\u00e3o hesitaram em discutir os potenciais impactos desse epis\u00f3dio na performance do time.<\/p>\n<h2>O Que Diz o Contrato de Empr\u00e9stimo?<\/h2>\n<p>Os detalhes do contrato de empr\u00e9stimo do jogador s\u00e3o cruciais para entender a situa\u00e7\u00e3o do Cuiab\u00e1. Geralmente, nesses acordos, existem cl\u00e1usulas que tratam da regularidade de pagamentos e das obriga\u00e7\u00f5es do clube com rela\u00e7\u00e3o ao jogador. A d\u00edvida de R$ 1 milh\u00e3o est\u00e1 sendo relacionada a poss\u00edveis taxas de transfer\u00eancia n\u00e3o pagas e sal\u00e1rios em atraso, o que afeta diretamente a legalidade do empr\u00e9stimo.<\/p>\n<p>Se o clube n\u00e3o cumprir as obriga\u00e7\u00f5es contratuais, ele pode enfrentar san\u00e7\u00f5es, que v\u00e3o desde a proibi\u00e7\u00e3o de jogar at\u00e9 a necessidade de compensar financeiramente o jogador. Analisar o contrato \u00e9 essencial para entender n\u00e3o apenas o futuro do atleta, mas tamb\u00e9m as consequ\u00eancias para o Cuiab\u00e1 como um todo.<\/p>\n<h2>Consequ\u00eancias da D\u00edvida com o Cuiab\u00e1<\/h2>\n<p>A d\u00edvida de R$ 1 milh\u00e3o pode levar a v\u00e1rias consequ\u00eancias para o Cuiab\u00e1. Em primeiro lugar, a situa\u00e7\u00e3o pode resultar em a\u00e7\u00f5es judiciais. Os clubes t\u00eam se tornado cada vez mais vigilantes com quest\u00f5es financeiras e direitos trabalhistas. Portanto, deixar as d\u00edvidas em aberto pode resultar em perdas financeiras ainda maiores.<\/p>\n<p>Al\u00e9m disso, a reputa\u00e7\u00e3o do Cuiab\u00e1 pode sofrer um dano duradouro. A falta de pagamentos pode afetar as rela\u00e7\u00f5es do clube com patrocinadores e investidores. Um clube que n\u00e3o cumpre com suas obriga\u00e7\u00f5es financeiras pode ter dificuldades para atrair novos talentos e manter os contratos existentes com os atuais jogadores.<\/p>\n<h2>A Import\u00e2ncia da CNRD na Resolu\u00e7\u00e3o de Conflitos<\/h2>\n<p>A CNRD, Comiss\u00e3o Nacional de Resolu\u00e7\u00e3o de Disputas, tem um papel fundamental na resolu\u00e7\u00e3o de conflitos que envolvem clubes e atletas. Quando surgem disputas financeiras, a CNRD pode intervir para facilitar um acordo entre as partes envolvidas, evitando que o caso v\u00e1 para a justi\u00e7a comum.<\/p>\n<p>O envolvimento da CNRD pode ajudar a restaurar a confian\u00e7a entre o Cuiab\u00e1 e o jogador. Isso pode ser especialmente importante no cen\u00e1rio atual, onde manter o elenco coeso \u00e9 essencial para a performance esportiva. Resolu\u00e7\u00f5es amig\u00e1veis frequentemente resultam em acordos que beneficiam ambas as partes, evitando tumultos excessivos.<\/p>\n<h2>Impacto Financeiro nas Contas do Cuiab\u00e1<\/h2>\n<p>A d\u00edvida de R$ 1 milh\u00e3o n\u00e3o \u00e9 apenas um n\u00famero. Ela impacta diretamente as finan\u00e7as do Cuiab\u00e1. Um clube que enfrenta dificuldades financeiras pode ser obrigado a tomar decis\u00f5es dif\u00edceis, como vender jogadores ou cortar custos. O impacto pode ser sentido em todos os n\u00edveis, desde opera\u00e7\u00f5es di\u00e1rias at\u00e9 as contrata\u00e7\u00f5es futuras.<\/p>\n<p>Al\u00e9m disso, a inseguran\u00e7a financeira pode levar a uma administra\u00e7\u00e3o mais conservadora, limitando as op\u00e7\u00f5es do clube para competir em transfer\u00eancias ou melhorar o elenco. O equil\u00edbrio das contas \u00e9 crucial para a sa\u00fade a longo prazo de qualquer equipe, e as d\u00edvidas pendentes podem impedir o progresso desejado.<\/p>\n<h2>O Papel do Presidente do Cuiab\u00e1<\/h2>\n<p>O presidente do Cuiab\u00e1, como l\u00edder da institui\u00e7\u00e3o, tem a responsabilidade de administrar este tipo de crise. Suas decis\u00f5es podem determinar se o clube ser\u00e1 capaz de superar a situa\u00e7\u00e3o ou se afundar\u00e1 ainda mais na crise. O presidente precisa comunicar-se eficazmente com torcedores e parceiros para dar transpar\u00eancia \u00e0 situa\u00e7\u00e3o.<\/p>\n<p>Al\u00e9m disso, a lideran\u00e7a do presidente ter\u00e1 um impacto significativo nas rela\u00e7\u00f5es de trabalho dentro do clube. Ele deve garantir que sua equipe esteja unida em torno de solu\u00e7\u00f5es vi\u00e1veis. A habilidade de negocia\u00e7\u00e3o e a necessidade de resolver conflitos de maneira diplom\u00e1tica ser\u00e1 crucial para a estabiliza\u00e7\u00e3o das finan\u00e7as do Cuiab\u00e1.<\/p>\n<h2>Hist\u00f3rico de D\u00edvidas com Outros Clubes<\/h2>\n<p>N\u00e3o \u00e9 a primeira vez que o Cuiab\u00e1 se v\u00ea envolvido em quest\u00f5es financeiras. Analisando o hist\u00f3rico recente, o clube pode ter enfrentado outras d\u00edvidas com diferentes clubes, o que gera um padr\u00e3o preocupante. O n\u00e3o cumprimento de obriga\u00e7\u00f5es financeiras pode levar a um efeito domin\u00f3, tornando dif\u00edcil conseguir novos empr\u00e9stimos ou negociar contratos.<\/p>\n<p>A frequ\u00eancia com que essas d\u00edvidas aparecem \u00e9 um indicador de neglig\u00eancia na gest\u00e3o financeira. Um hist\u00f3rico de dificuldades pode desalentar investidores e parceiros comerciais, tornando ainda mais complicado para o Cuiab\u00e1 encontrar respaldo financeiro para suas opera\u00e7\u00f5es.<\/p>\n<h2>Observa\u00e7\u00f5es sobre o Campeonato Brasileiro Sub-20<\/h2>\n<p>O caso tem resson\u00e2ncia no Campeonato Brasileiro Sub-20, onde muitos atletas esperam uma oportunidade de brilhar. As not\u00edcias sobre a d\u00edvida do Cuiab\u00e1 podem influenciar a percep\u00e7\u00e3o de jovens jogadores. A imagem do clube pode ser manchada entre novos talentos, que podem reconsiderar suas op\u00e7\u00f5es se perceberem um ambiente inst\u00e1vel.<\/p>\n<p>Al\u00e9m disso, a falta de clareza em rela\u00e7\u00e3o \u00e0s finan\u00e7as pode impedir que os jovens jogadores e suas fam\u00edlias confiem no projeto do clube. Para um clube que deseja investir nas categorias de base, a estabilidade financeira \u00e9 simb\u00f3lica de um futuro promissor.<\/p>\n<h2>Expectativas para o Julgamento do Caso<\/h2>\n<p>As expectativas em torno do julgamento do caso s\u00e3o altas. Os torcedores e a administra\u00e7\u00e3o do Cuiab\u00e1 est\u00e3o em \u00e2nimo e tens\u00e3o, aguardando uma decis\u00e3o que poder\u00e1 impactar diretamente o futuro do clube. Espera-se que o tribunal escute todos os argumentos e leve em considera\u00e7\u00e3o o hist\u00f3rico financeiro do clube.<\/p>\n<p>Se o resultado for favor\u00e1vel ao Cuiab\u00e1, h\u00e1 esperan\u00e7a de que a d\u00edvida seja renegociada ou perd\u00e3o parcial concedido. Caso contr\u00e1rio, as consequ\u00eancias podem incluir s\u00e9rias limita\u00e7\u00f5es financeiras e poss\u00edveis san\u00e7\u00f5es esportivas. Torcedores e membros do clube reverberam as preocupa\u00e7\u00f5es sobre como essa decis\u00e3o moldar\u00e1 o futuro.<\/p>\n<h2>Como a Situa\u00e7\u00e3o Afeta o Futuro do Atacante<\/h2>\n<p>O atacante em quest\u00e3o, que envolve a d\u00edvida, est\u00e1 em uma situa\u00e7\u00e3o delicada. Dependendo da forma como a d\u00edvida for resolvida, sua carreira pode ser impactada. Se a situa\u00e7\u00e3o n\u00e3o for resolvida, ele pode ser obrigado a buscar novas oportunidades em outro clube, o que pode ser desvantajoso em sua busca por estabilidade profissional.<\/p>\n<p>Al\u00e9m disso, as incertezas em rela\u00e7\u00e3o ao futuro do Cuiab\u00e1 influenciam o moral do jogador. Se o clube n\u00e3o for capaz de garantir condi\u00e7\u00f5es de trabalho adequadas, o atacante poder\u00e1 sentir-se desmotivado, o que afetar\u00e1 seu desempenho em campo. Portanto, a situa\u00e7\u00e3o n\u00e3o se resume apenas ao Cuiab\u00e1, mas tamb\u00e9m envolve o bem-estar do jogador.<\/p>\n\n<div style=\"font-size: 0px; height: 0px; line-height: 0px; margin: 0; padding: 0; clear: both;\"><\/div>","protected":false},"excerpt":{"rendered":"<p>Cuiab\u00e1 cobra d\u00edvida de R$ 1 milh\u00e3o em um caso pol\u00eamico no futebol.<\/p>\n","protected":false},"author":1,"featured_media":44543,"comment_status":"open","ping_status":"closed","sticky":false,"template":"","format":"standard","meta":{"footnotes":""},"categories":[3],"tags":[],"class_list":["post-44544","post","type-post","status-publish","format-standard","has-post-thumbnail","hentry","category-noticias-em-santana","has_thumb"],"aioseo_notices":[],"aioseo_head":"\n\t\t<!-- All in One SEO 5.0.0.1 - aioseo.com -->\n\t<meta name=\"description\" content=\"Cuiab\u00e1 cobra d\u00edvida de R$ 1 milh\u00e3o em um caso pol\u00eamico no futebol.\" \/>\n\t<meta name=\"robots\" content=\"max-image-preview:large\" \/>\n\t<meta name=\"author\" content=\"Encontra Santana\"\/>\n\t<link rel=\"canonical\" href=\"https:\/\/www.encontrasantana.com.br\/sobre\/cuiaba-aciona-sao-paulo-por-divida-de-r-1-milhao-envolvendo-atleta-do-sub\/\" \/>\n\t<meta name=\"generator\" content=\"All in One SEO (AIOSEO) 5.0.0.1\" \/>\n\t\t<meta property=\"og:locale\" content=\"pt_BR\" \/>\n\t\t<meta property=\"og:site_name\" content=\"Encontra Santana | Not\u00edcias, eventos, informa\u00e7\u00f5es e dicas no bairro de Santana e regi\u00e3o.\" \/>\n\t\t<meta property=\"og:type\" content=\"article\" \/>\n\t\t<meta property=\"og:title\" content=\"Cuiab\u00e1 aciona S\u00e3o Paulo por d\u00edvida de R$ 1 milh\u00e3o envolvendo atleta do Sub \u00bb Encontra Santana\" \/>\n\t\t<meta property=\"og:description\" content=\"Cuiab\u00e1 cobra d\u00edvida de R$ 1 milh\u00e3o em um caso pol\u00eamico no futebol.\" \/>\n\t\t<meta property=\"og:url\" content=\"https:\/\/www.encontrasantana.com.br\/sobre\/cuiaba-aciona-sao-paulo-por-divida-de-r-1-milhao-envolvendo-atleta-do-sub\/\" \/>\n\t\t<meta property=\"article:published_time\" content=\"2025-11-08T13:21:00+00:00\" \/>\n\t\t<meta property=\"article:modified_time\" content=\"2025-11-13T19:42:42+00:00\" \/>\n\t\t<meta name=\"twitter:card\" content=\"summary\" \/>\n\t\t<meta name=\"twitter:title\" content=\"Cuiab\u00e1 aciona S\u00e3o Paulo por d\u00edvida de R$ 1 milh\u00e3o envolvendo atleta do Sub \u00bb Encontra Santana\" \/>\n\t\t<meta name=\"twitter:description\" content=\"Cuiab\u00e1 cobra d\u00edvida de R$ 1 milh\u00e3o em um caso pol\u00eamico no futebol.\" \/>\n\t\t<script type=\"application\/ld+json\" class=\"aioseo-schema\">\n\t\t\t{\"@context\":\"https:\\\/\\\/schema.org\",\"@graph\":[{\"@type\":\"Article\",\"@id\":\"https:\\\/\\\/www.encontrasantana.com.br\\\/sobre\\\/cuiaba-aciona-sao-paulo-por-divida-de-r-1-milhao-envolvendo-atleta-do-sub\\\/#article\",\"name\":\"Cuiab\\u00e1 aciona S\\u00e3o Paulo por d\\u00edvida de R$ 1 milh\\u00e3o envolvendo atleta do Sub \\u00bb Encontra Santana\",\"headline\":\"Cuiab\\u00e1 aciona S\\u00e3o Paulo por d\\u00edvida de R$ 1 milh\\u00e3o envolvendo atleta do Sub\",\"author\":{\"@id\":\"https:\\\/\\\/www.encontrasantana.com.br\\\/sobre\\\/author\\\/esantana\\\/#author\"},\"publisher\":{\"@id\":\"https:\\\/\\\/www.encontrasantana.com.br\\\/sobre\\\/#organization\"},\"image\":{\"@type\":\"ImageObject\",\"url\":\"https:\\\/\\\/www.encontrasantana.com.br\\\/sobre\\\/wp-content\\\/uploads\\\/2025\\\/11\\\/cuiaba-aciona-sao-paulo-por-divida-de-r-1-milhao-envolvendo-atleta-do-sub.webp\",\"width\":320,\"height\":280,\"caption\":\"Cuiab\\u00e1\"},\"datePublished\":\"2025-11-08T10:21:00-03:00\",\"dateModified\":\"2025-11-13T16:42:42-03:00\",\"inLanguage\":\"pt-BR\",\"mainEntityOfPage\":{\"@id\":\"https:\\\/\\\/www.encontrasantana.com.br\\\/sobre\\\/cuiaba-aciona-sao-paulo-por-divida-de-r-1-milhao-envolvendo-atleta-do-sub\\\/#webpage\"},\"isPartOf\":{\"@id\":\"https:\\\/\\\/www.encontrasantana.com.br\\\/sobre\\\/cuiaba-aciona-sao-paulo-por-divida-de-r-1-milhao-envolvendo-atleta-do-sub\\\/#webpage\"},\"articleSection\":\"Not\\u00edcias Santana\"},{\"@type\":\"BreadcrumbList\",\"@id\":\"https:\\\/\\\/www.encontrasantana.com.br\\\/sobre\\\/cuiaba-aciona-sao-paulo-por-divida-de-r-1-milhao-envolvendo-atleta-do-sub\\\/#breadcrumblist\",\"itemListElement\":[{\"@type\":\"ListItem\",\"@id\":\"https:\\\/\\\/www.encontrasantana.com.br\\\/sobre#listItem\",\"position\":1,\"name\":\"In\\u00edcio\",\"item\":\"https:\\\/\\\/www.encontrasantana.com.br\\\/sobre\",\"nextItem\":{\"@type\":\"ListItem\",\"@id\":\"https:\\\/\\\/www.encontrasantana.com.br\\\/sobre\\\/noticias-em-santana\\\/#listItem\",\"name\":\"Not\\u00edcias Santana\"}},{\"@type\":\"ListItem\",\"@id\":\"https:\\\/\\\/www.encontrasantana.com.br\\\/sobre\\\/noticias-em-santana\\\/#listItem\",\"position\":2,\"name\":\"Not\\u00edcias Santana\",\"item\":\"https:\\\/\\\/www.encontrasantana.com.br\\\/sobre\\\/noticias-em-santana\\\/\",\"nextItem\":{\"@type\":\"ListItem\",\"@id\":\"https:\\\/\\\/www.encontrasantana.com.br\\\/sobre\\\/cuiaba-aciona-sao-paulo-por-divida-de-r-1-milhao-envolvendo-atleta-do-sub\\\/#listItem\",\"name\":\"Cuiab\\u00e1 aciona S\\u00e3o Paulo por d\\u00edvida de R$ 1 milh\\u00e3o envolvendo atleta do Sub\"},\"previousItem\":{\"@type\":\"ListItem\",\"@id\":\"https:\\\/\\\/www.encontrasantana.com.br\\\/sobre#listItem\",\"name\":\"In\\u00edcio\"}},{\"@type\":\"ListItem\",\"@id\":\"https:\\\/\\\/www.encontrasantana.com.br\\\/sobre\\\/cuiaba-aciona-sao-paulo-por-divida-de-r-1-milhao-envolvendo-atleta-do-sub\\\/#listItem\",\"position\":3,\"name\":\"Cuiab\\u00e1 aciona S\\u00e3o Paulo por d\\u00edvida de R$ 1 milh\\u00e3o envolvendo atleta do Sub\",\"previousItem\":{\"@type\":\"ListItem\",\"@id\":\"https:\\\/\\\/www.encontrasantana.com.br\\\/sobre\\\/noticias-em-santana\\\/#listItem\",\"name\":\"Not\\u00edcias Santana\"}}]},{\"@type\":\"Organization\",\"@id\":\"https:\\\/\\\/www.encontrasantana.com.br\\\/sobre\\\/#organization\",\"name\":\"Encontra Santana\",\"description\":\"Not\\u00edcias, eventos, informa\\u00e7\\u00f5es e dicas no bairro de Santana e regi\\u00e3o.\",\"url\":\"https:\\\/\\\/www.encontrasantana.com.br\\\/sobre\\\/\"},{\"@type\":\"Person\",\"@id\":\"https:\\\/\\\/www.encontrasantana.com.br\\\/sobre\\\/author\\\/esantana\\\/#author\",\"url\":\"https:\\\/\\\/www.encontrasantana.com.br\\\/sobre\\\/author\\\/esantana\\\/\",\"name\":\"Encontra Santana\",\"image\":{\"@type\":\"ImageObject\",\"@id\":\"https:\\\/\\\/www.encontrasantana.com.br\\\/sobre\\\/cuiaba-aciona-sao-paulo-por-divida-de-r-1-milhao-envolvendo-atleta-do-sub\\\/#authorImage\",\"url\":\"https:\\\/\\\/secure.gravatar.com\\\/avatar\\\/0fbed662e37531ae23e68f85f9517b2454e50c1dfebf80eb9b721449ac95e0b9?s=96&d=mm&r=g\",\"width\":96,\"height\":96,\"caption\":\"Encontra Santana\"}},{\"@type\":\"WebPage\",\"@id\":\"https:\\\/\\\/www.encontrasantana.com.br\\\/sobre\\\/cuiaba-aciona-sao-paulo-por-divida-de-r-1-milhao-envolvendo-atleta-do-sub\\\/#webpage\",\"url\":\"https:\\\/\\\/www.encontrasantana.com.br\\\/sobre\\\/cuiaba-aciona-sao-paulo-por-divida-de-r-1-milhao-envolvendo-atleta-do-sub\\\/\",\"name\":\"Cuiab\\u00e1 aciona S\\u00e3o Paulo por d\\u00edvida de R$ 1 milh\\u00e3o envolvendo atleta do Sub \\u00bb Encontra Santana\",\"description\":\"Cuiab\\u00e1 cobra d\\u00edvida de R$ 1 milh\\u00e3o em um caso pol\\u00eamico no futebol.\",\"inLanguage\":\"pt-BR\",\"isPartOf\":{\"@id\":\"https:\\\/\\\/www.encontrasantana.com.br\\\/sobre\\\/#website\"},\"breadcrumb\":{\"@id\":\"https:\\\/\\\/www.encontrasantana.com.br\\\/sobre\\\/cuiaba-aciona-sao-paulo-por-divida-de-r-1-milhao-envolvendo-atleta-do-sub\\\/#breadcrumblist\"},\"author\":{\"@id\":\"https:\\\/\\\/www.encontrasantana.com.br\\\/sobre\\\/author\\\/esantana\\\/#author\"},\"creator\":{\"@id\":\"https:\\\/\\\/www.encontrasantana.com.br\\\/sobre\\\/author\\\/esantana\\\/#author\"},\"image\":{\"@type\":\"ImageObject\",\"url\":\"https:\\\/\\\/www.encontrasantana.com.br\\\/sobre\\\/wp-content\\\/uploads\\\/2025\\\/11\\\/cuiaba-aciona-sao-paulo-por-divida-de-r-1-milhao-envolvendo-atleta-do-sub.webp\",\"@id\":\"https:\\\/\\\/www.encontrasantana.com.br\\\/sobre\\\/cuiaba-aciona-sao-paulo-por-divida-de-r-1-milhao-envolvendo-atleta-do-sub\\\/#mainImage\",\"width\":320,\"height\":280,\"caption\":\"Cuiab\\u00e1\"},\"primaryImageOfPage\":{\"@id\":\"https:\\\/\\\/www.encontrasantana.com.br\\\/sobre\\\/cuiaba-aciona-sao-paulo-por-divida-de-r-1-milhao-envolvendo-atleta-do-sub\\\/#mainImage\"},\"datePublished\":\"2025-11-08T10:21:00-03:00\",\"dateModified\":\"2025-11-13T16:42:42-03:00\"},{\"@type\":\"WebSite\",\"@id\":\"https:\\\/\\\/www.encontrasantana.com.br\\\/sobre\\\/#website\",\"url\":\"https:\\\/\\\/www.encontrasantana.com.br\\\/sobre\\\/\",\"name\":\"Encontra Santana\",\"description\":\"Not\\u00edcias, eventos, informa\\u00e7\\u00f5es e dicas no bairro de Santana e regi\\u00e3o.\",\"inLanguage\":\"pt-BR\",\"publisher\":{\"@id\":\"https:\\\/\\\/www.encontrasantana.com.br\\\/sobre\\\/#organization\"}}]}\n\t\t<\/script>\n\t\t<!-- All in One SEO -->\n\n","aioseo_head_json":{"title":"Cuiab\u00e1 aciona S\u00e3o Paulo por d\u00edvida de R$ 1 milh\u00e3o envolvendo atleta do Sub \u00bb Encontra Santana","description":"Cuiab\u00e1 cobra d\u00edvida de R$ 1 milh\u00e3o em um caso pol\u00eamico no futebol.","canonical_url":"https:\/\/www.encontrasantana.com.br\/sobre\/cuiaba-aciona-sao-paulo-por-divida-de-r-1-milhao-envolvendo-atleta-do-sub\/","robots":"max-image-preview:large","keywords":"","webmasterTools":{"miscellaneous":""},"schema":{"@context":"https:\/\/schema.org","@graph":[{"@type":"Article","@id":"https:\/\/www.encontrasantana.com.br\/sobre\/cuiaba-aciona-sao-paulo-por-divida-de-r-1-milhao-envolvendo-atleta-do-sub\/#article","name":"Cuiab\u00e1 aciona S\u00e3o Paulo por d\u00edvida de R$ 1 milh\u00e3o envolvendo atleta do Sub \u00bb Encontra Santana","headline":"Cuiab\u00e1 aciona S\u00e3o Paulo por d\u00edvida de R$ 1 milh\u00e3o envolvendo atleta do Sub","author":{"@id":"https:\/\/www.encontrasantana.com.br\/sobre\/author\/esantana\/#author"},"publisher":{"@id":"https:\/\/www.encontrasantana.com.br\/sobre\/#organization"},"image":{"@type":"ImageObject","url":"https:\/\/www.encontrasantana.com.br\/sobre\/wp-content\/uploads\/2025\/11\/cuiaba-aciona-sao-paulo-por-divida-de-r-1-milhao-envolvendo-atleta-do-sub.webp","width":320,"height":280,"caption":"Cuiab\u00e1"},"datePublished":"2025-11-08T10:21:00-03:00","dateModified":"2025-11-13T16:42:42-03:00","inLanguage":"pt-BR","mainEntityOfPage":{"@id":"https:\/\/www.encontrasantana.com.br\/sobre\/cuiaba-aciona-sao-paulo-por-divida-de-r-1-milhao-envolvendo-atleta-do-sub\/#webpage"},"isPartOf":{"@id":"https:\/\/www.encontrasantana.com.br\/sobre\/cuiaba-aciona-sao-paulo-por-divida-de-r-1-milhao-envolvendo-atleta-do-sub\/#webpage"},"articleSection":"Not\u00edcias Santana"},{"@type":"BreadcrumbList","@id":"https:\/\/www.encontrasantana.com.br\/sobre\/cuiaba-aciona-sao-paulo-por-divida-de-r-1-milhao-envolvendo-atleta-do-sub\/#breadcrumblist","itemListElement":[{"@type":"ListItem","@id":"https:\/\/www.encontrasantana.com.br\/sobre#listItem","position":1,"name":"In\u00edcio","item":"https:\/\/www.encontrasantana.com.br\/sobre","nextItem":{"@type":"ListItem","@id":"https:\/\/www.encontrasantana.com.br\/sobre\/noticias-em-santana\/#listItem","name":"Not\u00edcias Santana"}},{"@type":"ListItem","@id":"https:\/\/www.encontrasantana.com.br\/sobre\/noticias-em-santana\/#listItem","position":2,"name":"Not\u00edcias Santana","item":"https:\/\/www.encontrasantana.com.br\/sobre\/noticias-em-santana\/","nextItem":{"@type":"ListItem","@id":"https:\/\/www.encontrasantana.com.br\/sobre\/cuiaba-aciona-sao-paulo-por-divida-de-r-1-milhao-envolvendo-atleta-do-sub\/#listItem","name":"Cuiab\u00e1 aciona S\u00e3o Paulo por d\u00edvida de R$ 1 milh\u00e3o envolvendo atleta do Sub"},"previousItem":{"@type":"ListItem","@id":"https:\/\/www.encontrasantana.com.br\/sobre#listItem","name":"In\u00edcio"}},{"@type":"ListItem","@id":"https:\/\/www.encontrasantana.com.br\/sobre\/cuiaba-aciona-sao-paulo-por-divida-de-r-1-milhao-envolvendo-atleta-do-sub\/#listItem","position":3,"name":"Cuiab\u00e1 aciona S\u00e3o Paulo por d\u00edvida de R$ 1 milh\u00e3o envolvendo atleta do Sub","previousItem":{"@type":"ListItem","@id":"https:\/\/www.encontrasantana.com.br\/sobre\/noticias-em-santana\/#listItem","name":"Not\u00edcias Santana"}}]},{"@type":"Organization","@id":"https:\/\/www.encontrasantana.com.br\/sobre\/#organization","name":"Encontra Santana","description":"Not\u00edcias, eventos, informa\u00e7\u00f5es e dicas no bairro de Santana e regi\u00e3o.","url":"https:\/\/www.encontrasantana.com.br\/sobre\/"},{"@type":"Person","@id":"https:\/\/www.encontrasantana.com.br\/sobre\/author\/esantana\/#author","url":"https:\/\/www.encontrasantana.com.br\/sobre\/author\/esantana\/","name":"Encontra Santana","image":{"@type":"ImageObject","@id":"https:\/\/www.encontrasantana.com.br\/sobre\/cuiaba-aciona-sao-paulo-por-divida-de-r-1-milhao-envolvendo-atleta-do-sub\/#authorImage","url":"https:\/\/secure.gravatar.com\/avatar\/0fbed662e37531ae23e68f85f9517b2454e50c1dfebf80eb9b721449ac95e0b9?s=96&d=mm&r=g","width":96,"height":96,"caption":"Encontra Santana"}},{"@type":"WebPage","@id":"https:\/\/www.encontrasantana.com.br\/sobre\/cuiaba-aciona-sao-paulo-por-divida-de-r-1-milhao-envolvendo-atleta-do-sub\/#webpage","url":"https:\/\/www.encontrasantana.com.br\/sobre\/cuiaba-aciona-sao-paulo-por-divida-de-r-1-milhao-envolvendo-atleta-do-sub\/","name":"Cuiab\u00e1 aciona S\u00e3o Paulo por d\u00edvida de R$ 1 milh\u00e3o envolvendo atleta do Sub \u00bb Encontra Santana","description":"Cuiab\u00e1 cobra d\u00edvida de R$ 1 milh\u00e3o em um caso pol\u00eamico no futebol.","inLanguage":"pt-BR","isPartOf":{"@id":"https:\/\/www.encontrasantana.com.br\/sobre\/#website"},"breadcrumb":{"@id":"https:\/\/www.encontrasantana.com.br\/sobre\/cuiaba-aciona-sao-paulo-por-divida-de-r-1-milhao-envolvendo-atleta-do-sub\/#breadcrumblist"},"author":{"@id":"https:\/\/www.encontrasantana.com.br\/sobre\/author\/esantana\/#author"},"creator":{"@id":"https:\/\/www.encontrasantana.com.br\/sobre\/author\/esantana\/#author"},"image":{"@type":"ImageObject","url":"https:\/\/www.encontrasantana.com.br\/sobre\/wp-content\/uploads\/2025\/11\/cuiaba-aciona-sao-paulo-por-divida-de-r-1-milhao-envolvendo-atleta-do-sub.webp","@id":"https:\/\/www.encontrasantana.com.br\/sobre\/cuiaba-aciona-sao-paulo-por-divida-de-r-1-milhao-envolvendo-atleta-do-sub\/#mainImage","width":320,"height":280,"caption":"Cuiab\u00e1"},"primaryImageOfPage":{"@id":"https:\/\/www.encontrasantana.com.br\/sobre\/cuiaba-aciona-sao-paulo-por-divida-de-r-1-milhao-envolvendo-atleta-do-sub\/#mainImage"},"datePublished":"2025-11-08T10:21:00-03:00","dateModified":"2025-11-13T16:42:42-03:00"},{"@type":"WebSite","@id":"https:\/\/www.encontrasantana.com.br\/sobre\/#website","url":"https:\/\/www.encontrasantana.com.br\/sobre\/","name":"Encontra Santana","description":"Not\u00edcias, eventos, informa\u00e7\u00f5es e dicas no bairro de Santana e regi\u00e3o.","inLanguage":"pt-BR","publisher":{"@id":"https:\/\/www.encontrasantana.com.br\/sobre\/#organization"}}]},"og:locale":"pt_BR","og:site_name":"Encontra Santana | Not\u00edcias, eventos, informa\u00e7\u00f5es e dicas no bairro de Santana e regi\u00e3o.","og:type":"article","og:title":"Cuiab\u00e1 aciona S\u00e3o Paulo por d\u00edvida de R$ 1 milh\u00e3o envolvendo atleta do Sub \u00bb Encontra Santana","og:description":"Cuiab\u00e1 cobra d\u00edvida de R$ 1 milh\u00e3o em um caso pol\u00eamico no futebol.","og:url":"https:\/\/www.encontrasantana.com.br\/sobre\/cuiaba-aciona-sao-paulo-por-divida-de-r-1-milhao-envolvendo-atleta-do-sub\/","article:published_time":"2025-11-08T13:21:00+00:00","article:modified_time":"2025-11-13T19:42:42+00:00","twitter:card":"summary","twitter:title":"Cuiab\u00e1 aciona S\u00e3o Paulo por d\u00edvida de R$ 1 milh\u00e3o envolvendo atleta do Sub \u00bb Encontra Santana","twitter:description":"Cuiab\u00e1 cobra d\u00edvida de R$ 1 milh\u00e3o em um caso pol\u00eamico no futebol."},"aioseo_meta_data":{"post_id":"44544","title":null,"description":null,"keywords":null,"keyphrases":null,"primary_term":null,"canonical_url":null,"og_title":null,"og_description":null,"og_object_type":"default","og_image_type":"default","og_image_url":null,"og_image_width":null,"og_image_height":null,"og_image_custom_url":null,"og_image_custom_fields":null,"og_video":null,"og_custom_url":null,"og_article_section":null,"og_article_tags":null,"twitter_use_og":false,"twitter_card":"default","twitter_image_type":"default","twitter_image_url":null,"twitter_image_custom_url":null,"twitter_image_custom_fields":null,"twitter_title":null,"twitter_description":null,"schema":{"blockGraphs":[],"customGraphs":[],"default":{"data":{"Article":[],"Course":[],"Dataset":[],"FAQPage":[],"Movie":[],"Person":[],"Product":[],"ProductReview":[],"Car":[],"Recipe":[],"Service":[],"SoftwareApplication":[],"WebPage":[]},"graphName":"Article","isEnabled":true},"graphs":[]},"schema_type":"default","schema_type_options":null,"pillar_content":false,"robots_default":true,"robots_noindex":false,"robots_noarchive":false,"robots_nosnippet":false,"robots_nofollow":false,"robots_noimageindex":false,"robots_noodp":false,"robots_notranslate":false,"robots_max_snippet":null,"robots_max_videopreview":null,"robots_max_imagepreview":"large","priority":null,"frequency":null,"local_seo":null,"limit_modified_date":false,"created":"2025-11-10 11:22:10","updated":"2026-08-07 02:28:23","focus_keyword":null,"additional_keywords":null,"truseo_locale":null,"ai":null,"breadcrumb_settings":null,"seo_analyzer_scan_date":null},"aioseo_breadcrumb":"<div class=\"aioseo-breadcrumbs\"><span class=\"aioseo-breadcrumb\">\n\t\t\t<a href=\"https:\/\/www.encontrasantana.com.br\/sobre\" title=\"In\u00edcio\">In\u00edcio<\/a>\n\t\t<\/span><span class=\"aioseo-breadcrumb-separator\">&raquo;<\/span><span class=\"aioseo-breadcrumb\">\n\t\t\t<a href=\"https:\/\/www.encontrasantana.com.br\/sobre\/noticias-em-santana\/\" title=\"Not\u00edcias Santana\">Not\u00edcias Santana<\/a>\n\t\t<\/span><span class=\"aioseo-breadcrumb-separator\">&raquo;<\/span><span class=\"aioseo-breadcrumb\">\n\t\t\tCuiab\u00e1 aciona S\u00e3o Paulo por d\u00edvida de R$ 1 milh\u00e3o envolvendo atleta do Sub\n\t\t<\/span><\/div>","aioseo_breadcrumb_json":[{"label":"In\u00edcio","link":"https:\/\/www.encontrasantana.com.br\/sobre"},{"label":"Not\u00edcias Santana","link":"https:\/\/www.encontrasantana.com.br\/sobre\/noticias-em-santana\/"},{"label":"Cuiab\u00e1 aciona S\u00e3o Paulo por d\u00edvida de R$ 1 milh\u00e3o envolvendo atleta do Sub","link":"https:\/\/www.encontrasantana.com.br\/sobre\/cuiaba-aciona-sao-paulo-por-divida-de-r-1-milhao-envolvendo-atleta-do-sub\/"}],"_links":{"self":[{"href":"https:\/\/www.encontrasantana.com.br\/sobre\/wp-json\/wp\/v2\/posts\/44544","targetHints":{"allow":["GET"]}}],"collection":[{"href":"https:\/\/www.encontrasantana.com.br\/sobre\/wp-json\/wp\/v2\/posts"}],"about":[{"href":"https:\/\/www.encontrasantana.com.br\/sobre\/wp-json\/wp\/v2\/types\/post"}],"author":[{"embeddable":true,"href":"https:\/\/www.encontrasantana.com.br\/sobre\/wp-json\/wp\/v2\/users\/1"}],"replies":[{"embeddable":true,"href":"https:\/\/www.encontrasantana.com.br\/sobre\/wp-json\/wp\/v2\/comments?post=44544"}],"version-history":[{"count":0,"href":"https:\/\/www.encontrasantana.com.br\/sobre\/wp-json\/wp\/v2\/posts\/44544\/revisions"}],"wp:featuredmedia":[{"embeddable":true,"href":"https:\/\/www.encontrasantana.com.br\/sobre\/wp-json\/wp\/v2\/media\/44543"}],"wp:attachment":[{"href":"https:\/\/www.encontrasantana.com.br\/sobre\/wp-json\/wp\/v2\/media?parent=44544"}],"wp:term":[{"taxonomy":"category","embeddable":true,"href":"https:\/\/www.encontrasantana.com.br\/sobre\/wp-json\/wp\/v2\/categories?post=44544"},{"taxonomy":"post_tag","embeddable":true,"href":"https:\/\/www.encontrasantana.com.br\/sobre\/wp-json\/wp\/v2\/tags?post=44544"}],"curies":[{"name":"wp","href":"https:\/\/api.w.org\/{rel}","templated":true}]}}