{"id":44642,"date":"2025-11-28T12:57:00","date_gmt":"2025-11-28T15:57:00","guid":{"rendered":"https:\/\/www.encontrasantana.com.br\/sobre\/espetaculos-para-ver-em-novembro-no-sesc\/"},"modified":"2025-11-28T12:57:00","modified_gmt":"2025-11-28T15:57:00","slug":"espetaculos-para-ver-em-novembro-no-sesc","status":"publish","type":"post","link":"https:\/\/www.encontrasantana.com.br\/sobre\/espetaculos-para-ver-em-novembro-no-sesc\/","title":{"rendered":"Espet\u00e1culos para ver em novembro no Sesc"},"content":{"rendered":"<div class=\"1acf8468e559fd3cbeec5aee3a269a52\" data-index=\"1\" style=\"float: none; margin:0px;\">\n<!-- Anuncio display - global -->\r\n<ins class=\"adsbygoogle\"\r\n     style=\"display:block\"\r\n     data-ad-client=\"ca-pub-8585364105181520\"\r\n     data-ad-slot=\"8789329856\"\r\n     data-ad-format=\"auto\"\r\n     data-full-width-responsive=\"true\"><\/ins>\r\n<script>\r\n     (adsbygoogle = window.adsbygoogle || []).push({});\r\n<\/script>\n<\/div>\n<h2>Super Farm: Uma Experi\u00eancia Interativa<\/h2>\n<p>O espet\u00e1culo <strong>Super Farm<\/strong>, realizado no Sesc Consola\u00e7\u00e3o, traz uma proposta inovadora ao unir teatro e interatividade de uma maneira que cativa principalmente o p\u00fablico infantil. Desenvolvido pelo artista japon\u00eas Saeborg, esta pe\u00e7a \u00e9 uma viagem por um mundo encantado onde animais de borracha, coloridos e ador\u00e1veis, habitam uma fazenda m\u00e1gica.<\/p>\n<p>Nos dias 15 e 16 de novembro, bem como nos dias 18 e 19, o Sesc Consola\u00e7\u00e3o se transforma em um espa\u00e7o de aprendizado e divers\u00e3o. Durante essas apresenta\u00e7\u00f5es, as crian\u00e7as s\u00e3o convidadas a n\u00e3o apenas assistir, mas tamb\u00e9m a se envolver ativamente na narrativa. Essa intera\u00e7\u00e3o \u00e9 crucial, pois estimula a criatividade e a imagina\u00e7\u00e3o, ingredientes essenciais no desenvolvimento infantil.<\/p>\n<p>A experi\u00eancia proposta por <strong>Super Farm<\/strong> se destaca n\u00e3o apenas pelo seu apelo visual, mas tamb\u00e9m pela forma como aborda temas como a amizade e a solidariedade. A possibilidade de se comunicar com os habitantes da fazenda em uma \u2018idioma\u2019 pr\u00f3prio enriquece ainda mais essa viv\u00eancia m\u00edstica. Este espet\u00e1culo \u00e9 uma oportunidade imperd\u00edvel para que pais e filhos compartilhem momentos de alegria e aprendizado.<\/p>\n<p><img decoding=\"async\" src=\"https:\/\/www.encontrasantana.com.br\/sobre\/wp-content\/uploads\/2025\/11\/espetaculos-para-ver-em-novembro-no-sesc.webp\" alt=\"espet\u00e1culos novembro Sesc S\u00e3o Paulo\" loading=\"lazy\" \/><\/p>\n<h2>As Armas Milagrosas: Um Confronto Teatral<\/h2>\n<p>Outra produ\u00e7\u00e3o que merece destaque na programa\u00e7\u00e3o do Sesc em novembro \u00e9 <strong>As Armas Milagrosas<\/strong>, que apresenta um jogo de provocar reflex\u00f5es e questionamentos sobre a ess\u00eancia do lugar do ser humano na sociedade. Este espet\u00e1culo, com dire\u00e7\u00e3o de Anderson Negreiro e Daniela Manrique, \u00e9 uma reinterpreta\u00e7\u00e3o da cl\u00e1ssica obra <em>Seis Personagens \u00e0 Procura de Autor<\/em>, de Luigi Pirandello, misturado com elementos contempor\u00e2neos que revelam a luta pela narrativa e reconhecimento dos que est\u00e3o em cena.<\/p>\n<p>Realizado at\u00e9 7 de dezembro, o espet\u00e1culo tem sess\u00f5es de quinta a s\u00e1bado, \u00e0s 20h, e aos domingos \u00e0s 18h. Os di\u00e1logos provocativos e a encena\u00e7\u00e3o envolvente fazem com que a audi\u00eancia se sinta parte do conflito apresentado. A pe\u00e7a se destaca por seu poder de instigar o p\u00fablico a refletir sobre a condi\u00e7\u00e3o humana e as dificuldades enfrentadas na busca por voz e espa\u00e7o.<\/p>\n<p>O confronto simb\u00f3lico que ocorre no palco reflete quest\u00f5es como a presen\u00e7a e a import\u00e2ncia dos profissionais que, muitas vezes invisibilizados, sustentam a estrutura do teatro. A proposta \u00e9 criar um espa\u00e7o de palco inclusive para aqueles que s\u00e3o silenciados. Com este enfoque, <strong>As Armas Milagrosas<\/strong> se transforma em um chamado \u00e0 transforma\u00e7\u00e3o social.<\/p>\n<h2>VINTE!: Mem\u00f3ria dos Movimentos Art\u00edsticos<\/h2>\n<p>O Sesc tamb\u00e9m traz a pe\u00e7a <strong>VINTE!<\/strong>, que lembra e reverencia os movimentos art\u00edsticos negros brasileiros da d\u00e9cada de 1920. Com uma afiada cr\u00edtica \u00e0 obra <em>Tudo Preto<\/em>, de 1926, <strong>VINTE!<\/strong>, abordando o legado hist\u00f3rico e cultural por meio do olhar de artistas contempor\u00e2neos. Dirigida por Maur\u00edcio Lima, esta pe\u00e7a acontece entre os dias 14 de novembro e 14 de dezembro, com apresenta\u00e7\u00f5es \u00e0 noite aos finais de semana e sess\u00f5es extras programadas.<\/p>\n<p>A utiliza\u00e7\u00e3o de uma est\u00e9tica afro contempor\u00e2nea enriquece a narrativa, fazendo dessa pe\u00e7a n\u00e3o apenas um espet\u00e1culo, mas tamb\u00e9m um ato de resist\u00eancia e celebra\u00e7\u00e3o da cultura negra. O elenco bem preparado traz \u00e0 vida personagens que se tornam portadores de uma hist\u00f3ria rica, cheia de nuances e texturas que dialogam diretamente com o Brasil de hoje.<\/p>\n<p>VINTE! procura trazer \u00e0 cena as vozes que historicamente foram apagadas e, ao mesmo tempo, celebrar as conquistas e a resist\u00eancia cultural que forjaram a identidade negra no Brasil. Isso n\u00e3o apenas contribui para a educa\u00e7\u00e3o e conscientiza\u00e7\u00e3o do p\u00fablico, mas tamb\u00e9m cria uma conex\u00e3o emocional profunda, fazendo com que os espectadores se sintam parte dessa rica tape\u00e7aria cultural.<\/p>\n<h2>Tr\u00eas Luzes: Um Drama Emocionante<\/h2>\n<p><strong>Tr\u00eas Luzes<\/strong> \u00e9 uma obra que toca nas feridas mais profundas da condi\u00e7\u00e3o humana. Ao retratar uma mulher presa em um elevador, o espet\u00e1culo explora a claustrofobia n\u00e3o apenas f\u00edsica, mas tamb\u00e9m emocional. A protagonista, uma atriz, enfrenta o turbilh\u00e3o de seus pensamentos enquanto aguarda a luz que trar\u00e1 esperan\u00e7a.<\/p>\n<p>A trama, que ser\u00e1 apresentada at\u00e9 o dia 5 de dezembro no Sesc Pompeia, \u00e9 intensa e proporciona um espa\u00e7o para a reflex\u00e3o sobre perdas e reencontros. A performance \u00e9 repleta de nuances e provoca\u00e7\u00f5es, criando um ambiente quase sufocante que reflete as ang\u00fastias existenciais de cada um de n\u00f3s. O p\u00fablico pode se ver na hist\u00f3ria contada, sentindo suas pr\u00f3prias dores e fragilidades diante de tal situa\u00e7\u00e3o.<\/p>\n<p>Com sess\u00f5es \u00e0s quartas e quintas-feiras, a pe\u00e7a se torna uma verdadeira jornada emocional, onde os espectadores s\u00e3o confrontados com suas inseguran\u00e7as e medos. Ao final, <strong>Tr\u00eas Luzes<\/strong> deixa uma mensagem potente sobre a supera\u00e7\u00e3o e a import\u00e2ncia de nunca desistir, mesmo quando tudo parece perdido.<\/p>\n<h2>Ruth &#038; L\u00e9a: Retratos do Teatro Brasileiro<\/h2>\n<p>A obra <strong>Ruth &#038; L\u00e9a<\/strong> \u00e9 uma viagem pela hist\u00f3ria do teatro e do audiovisual brasileiro, composta pela trajet\u00f3ria de duas figuras fundamentais: Ruth de Souza e L\u00e9a Garcia. O espet\u00e1culo apresenta o encontro de duas atrizes que est\u00e3o buscando seus pr\u00f3prios caminhos no meio art\u00edstico, dando voz a temas recorrentes como a resist\u00eancia e o legado cultural afro-brasileiro.<\/p>\n<p>Realizada at\u00e9 o dia 30 de novembro no Sesc Pompeia, esta pe\u00e7a n\u00e3o apenas homenageia Ruth e L\u00e9a, mas tamb\u00e9m oferece um espa\u00e7o para a discuss\u00e3o sobre o papel das mulheres negras nas artes. As performances carregadas de emo\u00e7\u00e3o e pot\u00eancia s\u00e3o um retrato fiel da realidade enfrentada por essas atrizes ao longo de suas carreiras, que s\u00e3o repletas de desafios e conquistas.<\/p>\n<p>As sess\u00f5es extra nos dias 21 e 28 de novembro incentivam o p\u00fablico a vivenciar essa jornada, promovendo uma conex\u00e3o ainda maior com a rica hist\u00f3ria que moldou e continua a moldar o nosso cen\u00e1rio cultural. <strong>Ruth &#038; L\u00e9a<\/strong> \u00e9, portanto, mais do que um espet\u00e1culo; \u00e9 um convite ao reconhecimento e valoriza\u00e7\u00e3o das trajet\u00f3rias que muitas vezes permanecem invis\u00edveis.<\/p>\n<h2>1 Pe\u00e7a Cansada: Reflex\u00f5es e Emo\u00e7\u00f5es<\/h2>\n<p><strong>1 Pe\u00e7a Cansada<\/strong> oferece uma perspectiva \u00fanica sobre a experi\u00eancia do cansa\u00e7o em suas m\u00faltiplas dimens\u00f5es. A obra \u00e9 centrada na ideia de listar cansa\u00e7os como forma de gerar la\u00e7os coletivos, onde a repeti\u00e7\u00e3o e a po\u00e9tica do limite s\u00e3o exploradas de maneira profunda. Dirigida por Natasha Corbelino, a pe\u00e7a apresenta uma reflex\u00e3o intr\u00ednseca sobre a condi\u00e7\u00e3o humana contempor\u00e2nea.<\/p>\n<p>Apresentada at\u00e9 7 de dezembro no Sesc Avenida Paulista, o espet\u00e1culo \u00e9 um convite \u00e0 contempla\u00e7\u00e3o. O espectador se v\u00ea imerso em um universo onde o cansa\u00e7o n\u00e3o \u00e9 apenas f\u00edsico, mas tamb\u00e9m mental e emocional. A repeti\u00e7\u00e3o das cenas, a visceralidade da atua\u00e7\u00e3o e a profundidade dos di\u00e1logos trazem \u00e0 tona a reflex\u00e3o sobre a viv\u00eancia di\u00e1ria e a necessidade de desacelerar.<\/p>\n<p>As sess\u00f5es, que ocorrem de quintas a domingos, permitem que o p\u00fablico encontre espa\u00e7o para as pr\u00f3prias emo\u00e7\u00f5es, enquanto compartilham resignadamente a experi\u00eancia de estar sobrecarregado. <strong>1 Pe\u00e7a Cansada<\/strong> \u00e9 um grito contra a normaliza\u00e7\u00e3o da fadiga que invade nossas vidas cotidianas, e a atua\u00e7\u00e3o do elenco se destaca por sua capacidade de tocar os cora\u00e7\u00f5es dos espectadores.<\/p>\n<h2>Jeca \u2013 Um Povo Ainda h\u00e1 de Vingar: Uma Homenagem<\/h2>\n<p><strong>Jeca \u2013 Um Povo Ainda h\u00e1 de Vingar<\/strong> \u00e9 uma homenagem \u00e0 obra de Gilberto Gil, com uma abordagem vibrante e inovadora. Inspirado no disco <em>Refazenda<\/em>, que completa 50 anos, o espet\u00e1culo retrata os personagens, paisagens e situa\u00e7\u00f5es das letras das m\u00fasicas de Gil em uma experi\u00eancia teatral rica e emotiva.<\/p>\n<p>Com sess\u00f5es at\u00e9 o dia 23 de novembro no Sesc Consola\u00e7\u00e3o, a pe\u00e7a traz uma reflex\u00e3o sobre o papel da m\u00fasica na forma\u00e7\u00e3o cultural e social do Brasil. Encena as composi\u00e7\u00f5es de Gilberto Gil de uma forma que evoca mem\u00f3rias e emo\u00e7\u00f5es, fazendo uma judiaria em prol da valoriza\u00e7\u00e3o do repert\u00f3rio popular brasileiro diante das quest\u00f5es contempor\u00e2neas.<\/p>\n<p>O Grupo 59 de Teatro traz \u00e0s cenas uma nova luz diante das can\u00e7\u00f5es que s\u00e3o verdadeiros hinos de resist\u00eancia cultural. Ao oferecer ao p\u00fablico uma vis\u00e3o \u00fanica e po\u00e9tica dos temas abordados, <strong>Jeca<\/strong> mostra a for\u00e7a e a relev\u00e2ncia da obra de Gil para as novas gera\u00e7\u00f5es, criando um la\u00e7o forte entre passado e presente.<\/p>\n<h2>Alices: Encontros e Identidades<\/h2>\n<p>Uma das pe\u00e7as que mais promete emocionar neste m\u00eas \u00e9 <strong>Alices<\/strong>, que apresenta um encontro cativante entre duas mulheres que compartilham o mesmo nome. Neste espa\u00e7o indefinido, as protagonistas revelam suas hist\u00f3rias, explorando temas de identidade e pertencimento em um di\u00e1logo \u00edntimo e profundo.<\/p>\n<p>Com apresenta\u00e7\u00f5es at\u00e9 13 de dezembro no Sesc Pinheiros, a pe\u00e7a oferece um espa\u00e7o para que o p\u00fablico se conecte com quest\u00f5es universais sobre a busca pela identidade em meio \u00e0s complexidades da vida moderna. As atua\u00e7\u00f5es de Fabia Mirassos e Nicole Cordery, sob a dire\u00e7\u00e3o de Joana D\u00f3ria, s\u00e3o marcantes e possuem uma conex\u00e3o intensa, que transborda para a plateia.<\/p>\n<p>Os encontros das Alices s\u00e3o uma representa\u00e7\u00e3o da diversidade que permeia a exist\u00eancia humana, retratando como pequenas conex\u00f5es podem se transformar em grandes transforma\u00e7\u00f5es. As sess\u00f5es aos feriados, assim como a sess\u00e3o extra no dia 28 de novembro, s\u00e3o \u00f3timas oportunidades para que mais pessoas possam vivenciar esta experi\u00eancia emocionante e introspectiva.<\/p>\n<h2>Os Vencedores: Conflitos Familiares<\/h2>\n<p><strong>Os Vencedores<\/strong> traz \u00e0 tona as tens\u00f5es familiares em um jantar comemorativo de 20 anos de casamento. Aqui, quest\u00f5es de lealdade, poder e interesses se entrela\u00e7am em uma trama que provoca o espectador a refletir sobre as din\u00e2micas complexas que envolvem os relacionamentos. Ao longo das apresenta\u00e7\u00f5es, que v\u00e3o de 14 de novembro a 14 de dezembro no Sesc Ipiranga, o p\u00fablico \u00e9 convidado a se questionar sobre suas pr\u00f3prias fam\u00edlias.<\/p>\n<p>Com uma narrativa intrigante e personagens bem desenvolvidos, a pe\u00e7a revela como sentimentos de trai\u00e7\u00e3o, amor e desilus\u00e3o podem surgir em momentos que deveriam ser de celebra\u00e7\u00e3o. A intera\u00e7\u00e3o entre os personagens proporciona um espet\u00e1culo envolvente que estabelece um di\u00e1logo direto com os espectadores, fazendo com que cada um se veja refletido nas hist\u00f3rias apresentadas.<\/p>\n<p>As quest\u00f5es levantadas em <strong>Os Vencedores<\/strong> s\u00e3o relevantes e essenciais, j\u00e1 que levantam questionamentos sobre o que significa vencer em um ambiente onde as rela\u00e7\u00f5es est\u00e3o repletas de complexidade. As apresenta\u00e7\u00f5es oferecem uma oportunidade \u00fanica para refletir sobre a fragilidade das rela\u00e7\u00f5es humanas e a busca por conex\u00e3o.<\/p>\n<h2>(Um) Ensaio sobre a Cegueira: Uma Reflex\u00e3o Profunda<\/h2>\n<p>Por fim, <strong>(Um) Ensaio sobre a Cegueira<\/strong> traz o renomado Grupo Galp\u00e3o ao Sesc, onde a adapta\u00e7\u00e3o da obra-prima de Jos\u00e9 Saramago ganha forma de forma vibrante e provocativa. Com sess\u00f5es de 20 de novembro a 14 de dezembro, a produ\u00e7\u00e3o se prop\u00f5e a ser uma reflex\u00e3o profunda sobre a condi\u00e7\u00e3o humana e a cegueira da sociedade diante das dificuldades sociais.<\/p>\n<p>A companhia utiliza uma est\u00e9tica \u00fanica para contar a hist\u00f3ria de um mundo que se torna gradativamente cego, um efeito adaptado que expande a dramaturgia do autor em uma profundidade visceral. O p\u00fablico \u00e9 levado a refletir sobre suas pr\u00f3prias percep\u00e7\u00f5es e a forma como se relaciona com o outro, especialmente em um mundo em constante mudan\u00e7a.<\/p>\n<p>As reflex\u00f5es provocadas pela pe\u00e7a s\u00e3o relevantes e atemporais, oferecendo um espa\u00e7o de cr\u00edtica e autoconhecimento. O engajamento do p\u00fablico e a for\u00e7a da atua\u00e7\u00e3o dos artistas fazem da experi\u00eancia um marco no cen\u00e1rio teatral brasileiro.<\/p>\n\n<div style=\"font-size: 0px; height: 0px; line-height: 0px; margin: 0; padding: 0; clear: both;\"><\/div>","protected":false},"excerpt":{"rendered":"<p>Espet\u00e1culos incr\u00edveis aguardam por voc\u00ea em novembro no Sesc S\u00e3o Paulo!<\/p>\n","protected":false},"author":1,"featured_media":44641,"comment_status":"open","ping_status":"closed","sticky":false,"template":"","format":"standard","meta":{"footnotes":""},"categories":[3],"tags":[],"class_list":["post-44642","post","type-post","status-publish","format-standard","has-post-thumbnail","hentry","category-noticias-em-santana","has_thumb"],"aioseo_notices":[],"_links":{"self":[{"href":"https:\/\/www.encontrasantana.com.br\/sobre\/wp-json\/wp\/v2\/posts\/44642"}],"collection":[{"href":"https:\/\/www.encontrasantana.com.br\/sobre\/wp-json\/wp\/v2\/posts"}],"about":[{"href":"https:\/\/www.encontrasantana.com.br\/sobre\/wp-json\/wp\/v2\/types\/post"}],"author":[{"embeddable":true,"href":"https:\/\/www.encontrasantana.com.br\/sobre\/wp-json\/wp\/v2\/users\/1"}],"replies":[{"embeddable":true,"href":"https:\/\/www.encontrasantana.com.br\/sobre\/wp-json\/wp\/v2\/comments?post=44642"}],"version-history":[{"count":0,"href":"https:\/\/www.encontrasantana.com.br\/sobre\/wp-json\/wp\/v2\/posts\/44642\/revisions"}],"wp:featuredmedia":[{"embeddable":true,"href":"https:\/\/www.encontrasantana.com.br\/sobre\/wp-json\/wp\/v2\/media\/44641"}],"wp:attachment":[{"href":"https:\/\/www.encontrasantana.com.br\/sobre\/wp-json\/wp\/v2\/media?parent=44642"}],"wp:term":[{"taxonomy":"category","embeddable":true,"href":"https:\/\/www.encontrasantana.com.br\/sobre\/wp-json\/wp\/v2\/categories?post=44642"},{"taxonomy":"post_tag","embeddable":true,"href":"https:\/\/www.encontrasantana.com.br\/sobre\/wp-json\/wp\/v2\/tags?post=44642"}],"curies":[{"name":"wp","href":"https:\/\/api.w.org\/{rel}","templated":true}]}}