{"id":44665,"date":"2025-12-02T07:49:00","date_gmt":"2025-12-02T10:49:00","guid":{"rendered":"https:\/\/www.encontrasantana.com.br\/sobre\/fatec-santana-de-parnaiba-abre-selecao-para-professor-de-ciencia-de-dados\/"},"modified":"2025-12-02T07:49:00","modified_gmt":"2025-12-02T10:49:00","slug":"fatec-santana-de-parnaiba-abre-selecao-para-professor-de-ciencia-de-dados","status":"publish","type":"post","link":"https:\/\/www.encontrasantana.com.br\/sobre\/fatec-santana-de-parnaiba-abre-selecao-para-professor-de-ciencia-de-dados\/","title":{"rendered":"Fatec Santana de Parna\u00edba abre sele\u00e7\u00e3o para professor de Ci\u00eancia de Dados"},"content":{"rendered":"<div class=\"1acf8468e559fd3cbeec5aee3a269a52\" data-index=\"1\" style=\"float: none; margin:0px;\">\n<!-- Anuncio display - global -->\r\n<ins class=\"adsbygoogle\"\r\n     style=\"display:block\"\r\n     data-ad-client=\"ca-pub-8585364105181520\"\r\n     data-ad-slot=\"8789329856\"\r\n     data-ad-format=\"auto\"\r\n     data-full-width-responsive=\"true\"><\/ins>\r\n<script>\r\n     (adsbygoogle = window.adsbygoogle || []).push({});\r\n<\/script>\n<\/div>\n<h2>Detalhes da Sele\u00e7\u00e3o para Professor de Ci\u00eancia de Dados<\/h2>\n<p>A Faculdade de Tecnologia (Fatec) de Santana de Parna\u00edba, integrada ao Centro Paula Souza, acaba de anunciar a abertura de um processo seletivo destinado \u00e0 contrata\u00e7\u00e3o tempor\u00e1ria de um professor para a disciplina Projeto Integrador I do curso de Ci\u00eancia de Dados. As inscri\u00e7\u00f5es ocorrer\u00e3o exclusivamente online, entre os dias 3 e 17 de dezembro de 2025. Este \u00e9 um momento significativo tanto para profissionais da \u00e1rea quanto para o desenvolvimento acad\u00eamico e tecnol\u00f3gico da regi\u00e3o.<\/p>\n<p>O professor selecionado ser\u00e1 contratado sob regime CLT de forma tempor\u00e1ria por at\u00e9 um ano, com a possibilidade de prorroga\u00e7\u00e3o por igual per\u00edodo. A carga hor\u00e1ria est\u00e1 prevista para 4 horas-aula semanais e a remunera\u00e7\u00e3o estipulada \u00e9 de R$ 37,99 por hora-aula. Essa oportunidade n\u00e3o apenas valoriza o docente, mas tamb\u00e9m contribui para a forma\u00e7\u00e3o de novos profissionais no campo de Ci\u00eancia de Dados, uma das \u00e1reas mais promissoras atualmente.<\/p>\n<p>Al\u00e9m da remunera\u00e7\u00e3o e dos benef\u00edcios associados a um emprego p\u00fablico, a posi\u00e7\u00e3o oferece ao professor a chance de se engajar com um corpo discente ansioso por conhecimento e preparado para enfrentar os desafios do mercado de trabalho. O papel do educador ser\u00e1 de vital import\u00e2ncia, ao orientar e preparar os alunos para a aplica\u00e7\u00e3o de conceitos te\u00f3ricos no desenvolvimento de projetos pr\u00e1ticos dentro da disciplina.<\/p>\n<p><img decoding=\"async\" src=\"https:\/\/www.encontrasantana.com.br\/sobre\/wp-content\/uploads\/2025\/12\/fatec-santana-de-parnaiba-abre-selecao-para-professor-de-ciencia-de-dados.webp\" alt=\"Fatec Santana de Parna\u00edba professor Ci\u00eancia de Dados\" loading=\"lazy\" \/><\/p>\n<h2>Requisitos para Candidatura ao Cargo<\/h2>\n<p>Os interessados em se inscrever para a posi\u00e7\u00e3o de professor de Ci\u00eancia de Dados devem atender a determinados requisitos, conforme estabelecido no edital do processo seletivo. Os candidatos devem possuir uma forma\u00e7\u00e3o acad\u00eamica robusta, que pode incluir:<\/p>\n<ul>\n<li>Gradua\u00e7\u00e3o acompanhado de t\u00edtulo de mestrado ou doutorado em \u00e1reas pertinentes, como Ci\u00eancia da Computa\u00e7\u00e3o ou Engenharia de Computa\u00e7\u00e3o, com pelo menos tr\u00eas anos de experi\u00eancia ap\u00f3s a titula\u00e7\u00e3o;<\/li>\n<li>Gradua\u00e7\u00e3o acompanhada de especializa\u00e7\u00e3o lato sensu, com pelo menos cinco anos de experi\u00eancia ap\u00f3s a conclus\u00e3o do curso.<\/li>\n<\/ul>\n<p>Os candidatos dever\u00e3o apresentar no ato da inscri\u00e7\u00e3o toda a documenta\u00e7\u00e3o necess\u00e1ria, incluindo comprovantes de titula\u00e7\u00e3o e experi\u00eancia al\u00e9m de um memorial circunstanciado que descreva suas compet\u00eancias e experi\u00eancias v\u00e1lidas para o cargo. Tal requisito garante que a sele\u00e7\u00e3o seja feita de acordo com crit\u00e9rios rigorosos e que os professores selecionados tenham a forma\u00e7\u00e3o e a experi\u00eancia necess\u00e1rias para proporcionar uma educa\u00e7\u00e3o de qualidade aos alunos.<\/p>\n<h2>Como Realizar a Inscri\u00e7\u00e3o Online<\/h2>\n<p>A inscri\u00e7\u00e3o para o processo seletivo deve ser realizada exclusivamente por meio do Sistema de Processos Seletivos de Docentes do CEETEPS, em uma sequ\u00eancia espec\u00edfica. Os passos para efetivar a inscri\u00e7\u00e3o s\u00e3o os seguintes:<\/p>\n<ol>\n<li>Acesse o sistema atrav\u00e9s do link fornecido pelo Centro Paula Souza;<\/li>\n<li>Localize a sele\u00e7\u00e3o para professor de Projeto Integrador I no curso de Ci\u00eancia de Dados;<\/li>\n<li>Preencha todos os campos da ficha de inscri\u00e7\u00e3o com as informa\u00e7\u00f5es necess\u00e1rias;<\/li>\n<li>Anexe o memorial circunstanciado e os documentos que comprovem sua forma\u00e7\u00e3o e experi\u00eancia de forma digital e leg\u00edvel;<\/li>\n<li>Finalize o envio da sua inscri\u00e7\u00e3o e guarde o comprovante de que ela foi realizada.<\/li>\n<\/ol>\n<p>\u00c9 fundamental que os candidatos se atentem aos prazos para a inscri\u00e7\u00e3o, uma vez que n\u00e3o haver\u00e1 prorroga\u00e7\u00e3o. Al\u00e9m disso, todas as comunica\u00e7\u00f5es referentes ao processo seletivo, como resultados e homologa\u00e7\u00f5es, ser\u00e3o publicadas no Di\u00e1rio Oficial do Estado de S\u00e3o Paulo, al\u00e9m dos canais oficiais do CEETEPS, o que requer que os candidatos mantenham acompanhamento frequente dessas plataformas.<\/p>\n<h2>Crit\u00e9rios de Sele\u00e7\u00e3o e Avalia\u00e7\u00e3o<\/h2>\n<p>A sele\u00e7\u00e3o para o cargo de professor de Ci\u00eancia de Dados na Fatec ser\u00e1 realizada por meio da an\u00e1lise do memorial circunstanciado dos candidatos, que possui car\u00e1ter classificat\u00f3rio. Essa an\u00e1lise considerar\u00e1 diversos aspectos que demonstram a qualifica\u00e7\u00e3o do candidato, entre os quais se destacam:<\/p>\n<ul>\n<li>Forma\u00e7\u00e3o Acad\u00eamica: inclus\u00e3o de gradua\u00e7\u00e3o, especializa\u00e7\u00f5es e titula\u00e7\u00f5es superiores;<\/li>\n<li>Forma\u00e7\u00e3o Complementar: extens\u00e3o universit\u00e1ria, cursos correlatos e capacita\u00e7\u00f5es adicionais;<\/li>\n<li>Produ\u00e7\u00e3o Intelectual: incluindo livros, artigos, publica\u00e7\u00f5es e contribui\u00e7\u00f5es para a \u00e1rea;<\/li>\n<li>Experi\u00eancia Profissional: experi\u00eancias em doc\u00eancia, atua\u00e7\u00e3o t\u00e9cnica, projetos de pesquisa e orienta\u00e7\u00e3o de alunos;<\/li>\n<li>Inova\u00e7\u00e3o e Pr\u00eamios: se contrata\u00e7\u00f5es t\u00eam conquistado distin\u00e7\u00f5es como patentes ou pr\u00eamios na \u00e1rea de Ci\u00eancia de Dados.<\/li>\n<\/ul>\n<p>A pontua\u00e7\u00e3o total para os candidatos pode atingir at\u00e9 mil pontos. Esse sistema de avalia\u00e7\u00e3o n\u00e3o apenas assegura que os profissionais acometidos a vaga sejam competentes, mas tamb\u00e9m valoriza a diversidade e assegura a inclus\u00e3o de pessoas autodeclaradas negras, pardas ou ind\u00edgenas, que poder\u00e3o optar por pontua\u00e7\u00e3o diferenciada, com o intuito de promover a igualdade de oportunidades.<\/p>\n<h2>Documentos Necess\u00e1rios para a Inscri\u00e7\u00e3o<\/h2>\n<p>Os candidatos devem estar preparados para apresentar um conjunto espec\u00edfico de documentos no momento da inscri\u00e7\u00e3o. Os documentos exigidos s\u00e3o:<\/p>\n<ul>\n<li>Comprovantes de titula\u00e7\u00e3o acad\u00eamica, como diplomas e certificados de cursos;<\/li>\n<li>Documenta\u00e7\u00e3o que demonstre a experi\u00eancia profissional na \u00e1rea;<\/li>\n<li>Curr\u00edculo atualizado no formato do Lattes;<\/li>\n<li>O memorial circunstanciado, que fornecer\u00e1 uma vis\u00e3o detalhada sobre as compet\u00eancias e experi\u00eancias do candidato.<\/li>\n<\/ul>\n<p>Al\u00e9m desses documentos, pessoas com defici\u00eancia tamb\u00e9m podem se inscrever, desde que apresentem laudos m\u00e9dicos que comprovem que a defici\u00eancia \u00e9 compat\u00edvel com as atribui\u00e7\u00f5es do cargo. Isso assegura que a sele\u00e7\u00e3o se manter\u00e1 aberta e inclusiva, permitindo a diversidade no ambiente de ensino.<\/p>\n<h2>O Que Ensina a Disciplina de Projeto Integrador I<\/h2>\n<p>O Projeto Integrador I \u00e9 um componente curricular essencial para o curso de Ci\u00eancia de Dados, pois pretende articular os diversos conte\u00fados disponibilizados ao longo do semestre na solu\u00e7\u00e3o de problemas reais e pr\u00e1ticos. Ao longo da disciplina, o professor ter\u00e1 como incumb\u00eancia principal orientar as equipes de alunos quanto \u00e0 defini\u00e7\u00e3o de seus problemas de pesquisa, bem como ajud\u00e1-los na coleta e tratamento de dados relevantes para a execu\u00e7\u00e3o de seus projetos.<\/p>\n<p>Em um mundo onde os dados t\u00eam se tornado cada vez mais importantes, cabe ao docente supervisionar a aplica\u00e7\u00e3o de t\u00e9cnicas introdut\u00f3rias de estat\u00edstica e machine learning, sempre estimulando a pr\u00e1tica de boas pr\u00e1ticas de visualiza\u00e7\u00e3o e \u00e9tica em dados. Al\u00e9m disso, promover o uso de metodologias \u00e1geis e colaborativas \u00e9 crucial para que os alunos se familiarizem com a din\u00e2mica de trabalho em equipe e saibam como aplicar o conhecimento de forma coerente e pr\u00e1tica.<\/p>\n<p>A experi\u00eancia do professor nesta disciplina ser\u00e1 igualmente enriquecedora, pois ele estar\u00e1 contribuindo diretamente para o desenvolvimento de habilidades pr\u00e1ticas em seus alunos, capacit\u00e1-los para enfrentar um mercado de trabalho din\u00e2mico e em constante evolu\u00e7\u00e3o, onde a an\u00e1lise de dados \u00e9 cada vez mais valorizada.<\/p>\n<h2>Benef\u00edcios de Trabalhar na Fatec<\/h2>\n<p>Trabalhar como professor na Fatec Santana de Parna\u00edba n\u00e3o \u00e9 apenas uma oportunidade profissional, mas tamb\u00e9m uma chance significativa de contribuir para a forma\u00e7\u00e3o de futuros especialistas em Ci\u00eancia de Dados. Os benef\u00edcios incluem:<\/p>\n<ul>\n<li>Experi\u00eancia Acad\u00eamica Valiosa: O professor ter\u00e1 a chance de atuar em um ambiente educacional de alta qualidade, reconhecido por suas inova\u00e7\u00f5es e compromisso com a forma\u00e7\u00e3o profissional.<\/li>\n<li>Impacto Direto na Forma\u00e7\u00e3o de Alunos: O docente poder\u00e1 impactar positivamente a vida de v\u00e1rios alunos ao transmitir conhecimento e preparar profissionais para o mercado de trabalho.<\/li>\n<li>Networking e Conex\u00f5es Profissionais: Trabalhar na Fatec oferece a oportunidade de se conectar com outros profissionais da \u00e1rea e com institui\u00e7\u00f5es de ensino, participantes de eventos e projetos que fomentam a troca de experi\u00eancias e conhecimento.<\/li>\n<li>Desenvolvimento de Projetos de Pesquisa: Profissionais da educa\u00e7\u00e3o em n\u00edvel superior t\u00eam a possibilidade de desenvolver e coordenar projetos de pesquisa que contribuam para a melhoria da pr\u00e1tica docente e para a produ\u00e7\u00e3o de conhecimentos inovadores na \u00e1rea.<\/li>\n<li>Valoriza\u00e7\u00e3o e Est\u00edmulo \u00e0 Pr\u00e1tica: O tempo dedicado ao ensino \u00e9 reconhecido como um setor essencial para a forma\u00e7\u00e3o da sociedade e, por isso, \u00e9 valorizado por pr\u00eamios e reconhecimento dentro da institui\u00e7\u00e3o.<\/li>\n<\/ul>\n<h2>Perfil da Fatec Santana de Parna\u00edba<\/h2>\n<p>A Fatec Santana de Parna\u00edba integra a respeit\u00e1vel rede do Centro Paula Souza, que \u00e9 amplamente reconhecida pela excel\u00eancia em seus cursos tecnol\u00f3gicos e pela taxa de empregabilidade de seus formandos. A faculdade oferece um ambiente acad\u00eamico prop\u00edcio ao desenvolvimento de habilidades pr\u00e1ticas e te\u00f3ricas, com infraestrutura adequada e atuais recursos tecnol\u00f3gicos. O campus est\u00e1 inserido em uma regi\u00e3o metropolitana de grande dinamismo econ\u00f4mico, o que favorece o interc\u00e2mbio de ideias e a participa\u00e7\u00e3o em projetos que atendem \u00e0 demanda do mercado local.<\/p>\n<p>Al\u00e9m dos cursos de tecnologia, a Fatec \u00e9 uma porta de entrada para transforma\u00e7\u00e3o social e profissional, oferecendo educa\u00e7\u00e3o de qualidade, com professores qualificados que s\u00e3o refer\u00eancia em suas \u00e1reas de atua\u00e7\u00e3o. Com uma comunidade estudantil diversa e engajada, a Fatec busca sempre alinhar seus cursos \u00e0s exig\u00eancias do mercado, priorizando sempre a forma\u00e7\u00e3o de cidad\u00e3os cr\u00edticos e reflexivos.<\/p>\n<h2>Import\u00e2ncia da Educa\u00e7\u00e3o em Ci\u00eancia de Dados<\/h2>\n<p>A educa\u00e7\u00e3o em Ci\u00eancia de Dados \u00e9 de suma import\u00e2ncia em um cen\u00e1rio mundial onde os dados s\u00e3o um dos principais ativos para as organiza\u00e7\u00f5es. A forma\u00e7\u00e3o nessa \u00e1rea capacita os alunos a entenderem, interpretarem e transformarem dados em informa\u00e7\u00f5es valiosas. Em pesquisas de mercado, a demanda por profissionais capazes de lidar com grandes volumes de informa\u00e7\u00f5es sempre tem crescido \u2013 e essa tend\u00eancia tende a se intensificar nos pr\u00f3ximos anos.<\/p>\n<p>Em ambientes corporativos, a capacidade de analisar dados de forma estrat\u00e9gica permite que as organiza\u00e7\u00f5es tomem decis\u00f5es mais embasadas, mapeando tend\u00eancias de comportamento de mercado e identificando oportunidades de inova\u00e7\u00e3o. Portanto, um professor que atuar\u00e1 em um curso de Ci\u00eancia de Dados tem um papel essencial na forma\u00e7\u00e3o de profissionais que estar\u00e3o na vanguarda desse processo, prontos para contribuir ativamente com solu\u00e7\u00f5es baseadas em dados.<\/p>\n<p>Al\u00e9m do campo corporativo, a educa\u00e7\u00e3o em ci\u00eancia de dados tamb\u00e9m \u00e9 essencial para a sociedade como um todo. \u00c0 medida que se torna cada vez mais interconectada, a capacidade de entender e interpretar dados ajuda na constru\u00e7\u00e3o de uma participa\u00e7\u00e3o cidad\u00e3 mais ativa, permitindo que indiv\u00edduos fa\u00e7am escolhas informadas e conscientes em diversos aspectos de suas vidas.<\/p>\n<h2>Pr\u00f3ximos Passos ap\u00f3s a Sele\u00e7\u00e3o<\/h2>\n<p>Uma vez realizada a sele\u00e7\u00e3o e caso o candidato seja convocado para a posi\u00e7\u00e3o, haver\u00e1 uma s\u00e9rie de etapas seguintes que devem ser respeitadas para a efetiva\u00e7\u00e3o do contrato. Ap\u00f3s a convoca\u00e7\u00e3o, o professor dever\u00e1 apresentar uma documenta\u00e7\u00e3o que comprove sua forma\u00e7\u00e3o e experi\u00eancia, al\u00e9m de documentos pessoais como RG, CPF, PIS\/PASEP e comprovantes de regularidade eleitoral e militar, se aplic\u00e1vel.<\/p>\n<p>Os contratados estar\u00e3o sujeitos a uma agenda que dever\u00e1 ser respeitada, sempre com a preocupa\u00e7\u00e3o de que possam atender \u00e0s demandas acad\u00eamicas e administrativas da institui\u00e7\u00e3o. Para o professor, \u00e9 essencial planejar suas aulas, desenvolver conte\u00fados e estar sempre atualizado com as \u00faltimas tend\u00eancias e tecnologias na \u00e1rea de Ci\u00eancia de Dados, garantindo assim que a forma\u00e7\u00e3o dos alunos esteja alinhada com as necessidades atuais do mercado.<\/p>\n<p>O trabalho em equipe com outros docentes e a constante busca por inova\u00e7\u00e3o s\u00e3o aspectos que devem ser priorizados, j\u00e1 que a educa\u00e7\u00e3o \u00e9 um campo em evolu\u00e7\u00e3o cont\u00ednua. O impacto de um professor bem preparado e motivado ser\u00e1 refletido n\u00e3o apenas na qualidade do ensino, mas tamb\u00e9m na forma\u00e7\u00e3o de profissionais competentes e prontos para os desafios do mercado de trabalho.<\/p>\n\n<div style=\"font-size: 0px; height: 0px; line-height: 0px; margin: 0; padding: 0; clear: both;\"><\/div>","protected":false},"excerpt":{"rendered":"<p>Fatec Santana de Parna\u00edba abre sele\u00e7\u00e3o para professor de Ci\u00eancia de Dados com inscri\u00e7\u00f5es de 3 a 17 de dezembro de 2025.<\/p>\n","protected":false},"author":1,"featured_media":44664,"comment_status":"open","ping_status":"closed","sticky":false,"template":"","format":"standard","meta":{"footnotes":""},"categories":[3],"tags":[],"class_list":["post-44665","post","type-post","status-publish","format-standard","has-post-thumbnail","hentry","category-noticias-em-santana","has_thumb"],"aioseo_notices":[],"_links":{"self":[{"href":"https:\/\/www.encontrasantana.com.br\/sobre\/wp-json\/wp\/v2\/posts\/44665"}],"collection":[{"href":"https:\/\/www.encontrasantana.com.br\/sobre\/wp-json\/wp\/v2\/posts"}],"about":[{"href":"https:\/\/www.encontrasantana.com.br\/sobre\/wp-json\/wp\/v2\/types\/post"}],"author":[{"embeddable":true,"href":"https:\/\/www.encontrasantana.com.br\/sobre\/wp-json\/wp\/v2\/users\/1"}],"replies":[{"embeddable":true,"href":"https:\/\/www.encontrasantana.com.br\/sobre\/wp-json\/wp\/v2\/comments?post=44665"}],"version-history":[{"count":0,"href":"https:\/\/www.encontrasantana.com.br\/sobre\/wp-json\/wp\/v2\/posts\/44665\/revisions"}],"wp:featuredmedia":[{"embeddable":true,"href":"https:\/\/www.encontrasantana.com.br\/sobre\/wp-json\/wp\/v2\/media\/44664"}],"wp:attachment":[{"href":"https:\/\/www.encontrasantana.com.br\/sobre\/wp-json\/wp\/v2\/media?parent=44665"}],"wp:term":[{"taxonomy":"category","embeddable":true,"href":"https:\/\/www.encontrasantana.com.br\/sobre\/wp-json\/wp\/v2\/categories?post=44665"},{"taxonomy":"post_tag","embeddable":true,"href":"https:\/\/www.encontrasantana.com.br\/sobre\/wp-json\/wp\/v2\/tags?post=44665"}],"curies":[{"name":"wp","href":"https:\/\/api.w.org\/{rel}","templated":true}]}}