{"id":44684,"date":"2025-12-06T10:08:00","date_gmt":"2025-12-06T13:08:00","guid":{"rendered":"https:\/\/www.encontrasantana.com.br\/sobre\/confira-a-programacao-da-55a-emapa-maior-festa-de-portoes-abertos-do-pais\/"},"modified":"2025-12-06T10:08:00","modified_gmt":"2025-12-06T13:08:00","slug":"confira-a-programacao-da-55a-emapa-maior-festa-de-portoes-abertos-do-pais","status":"publish","type":"post","link":"https:\/\/www.encontrasantana.com.br\/sobre\/confira-a-programacao-da-55a-emapa-maior-festa-de-portoes-abertos-do-pais\/","title":{"rendered":"Confira a programa\u00e7\u00e3o da 55\u00aa EMAPA, maior festa de port\u00f5es abertos do pa\u00eds"},"content":{"rendered":"<div class=\"1acf8468e559fd3cbeec5aee3a269a52\" data-index=\"1\" style=\"float: none; margin:0px;\">\n<!-- Anuncio display - global -->\r\n<ins class=\"adsbygoogle\"\r\n     style=\"display:block\"\r\n     data-ad-client=\"ca-pub-8585364105181520\"\r\n     data-ad-slot=\"8789329856\"\r\n     data-ad-format=\"auto\"\r\n     data-full-width-responsive=\"true\"><\/ins>\r\n<script>\r\n     (adsbygoogle = window.adsbygoogle || []).push({});\r\n<\/script>\n<\/div>\n<h2>O que \u00e9 a EMAPA?<\/h2>\n<p>A Exposi\u00e7\u00e3o Municipal Agropecu\u00e1ria de Avar\u00e9, mais conhecida como EMAPA, \u00e9 um dos principais eventos do calend\u00e1rio da cidade de Avar\u00e9, localizado no estado de S\u00e3o Paulo. Esta exposi\u00e7\u00e3o acontece uma vez por ano e tem como objetivo promover a cultura agr\u00edcola, a pecu\u00e1ria e os costumes locais. Durante a EMAPA, a cidade se transforma em um ponto de encontro para os amantes do agroneg\u00f3cio, oferecendo uma programa\u00e7\u00e3o variada que inclui exposi\u00e7\u00f5es de animais, competi\u00e7\u00f5es de pr\u00e1ticas rurais, apresenta\u00e7\u00f5es musicais e uma rica pra\u00e7a de alimenta\u00e7\u00e3o com del\u00edcias da culin\u00e1ria local.<\/p>\n<p>A EMAPA \u00e9 considerada a maior festa de &#8220;port\u00f5es abertos&#8221; do Brasil, o que significa que a entrada \u00e9 gratuita para o p\u00fablico em geral, permitindo que toda a comunidade participe sem restri\u00e7\u00f5es financeiras. O evento \u00e9 uma oportunidade de vivenciar a tradi\u00e7\u00e3o rural, celebrar a agricultura e a pecu\u00e1ria, al\u00e9m de fortalecer a identidade cultural da regi\u00e3o. Desde sua primeira edi\u00e7\u00e3o, a EMAPA cresceu em tamanho e import\u00e2ncia, atraindo visitantes de todas as partes do estado e al\u00e9m.<\/p>\n<h2>Onde e Quando Acontece?<\/h2>\n<p>A EMAPA acontece anualmente no Recinto de Exposi\u00e7\u00f5es Dr. Fernando Cruz Pimentel, localizado em Avar\u00e9, S\u00e3o Paulo. Este espa\u00e7o \u00e9 conhecido por sua infraestrutura adequada para grandes eventos, oferecendo seguran\u00e7a, estacionamento, \u00e1reas para alimenta\u00e7\u00e3o e divers\u00e3o, al\u00e9m de instala\u00e7\u00f5es para exposi\u00e7\u00f5es e competi\u00e7\u00f5es. A 55\u00aa edi\u00e7\u00e3o da EMAPA ocorreu de 5 a 14 de dezembro de 2025, marcada por uma programa\u00e7\u00e3o rica e variada.<\/p>\n<p>Durante estes dias, os visitantes puderam desfrutar de diversas atra\u00e7\u00f5es, como rodeios, shows musicais e apresenta\u00e7\u00f5es culturais. Al\u00e9m das atividades recreativas e de entretenimento, a EMAPA tamb\u00e9m proporciona um espa\u00e7o para a troca de ideias e conhecimentos entre produtores e profissionais do agroneg\u00f3cio, o que contribui para o desenvolvimento do setor.<\/p>\n<h2>Atra\u00e7\u00f5es Imperd\u00edveis<\/h2>\n<p>A EMAPA \u00e9 repleta de atra\u00e7\u00f5es que encantam todos os p\u00fablicos. Entre as atividades mais esperadas est\u00e3o os rodeios, que apresentam competidores renomados em uma competi\u00e7\u00e3o de destreza e habilidade que agrada os amantes de esportes equestres. Os rodeios s\u00e3o sempre uma grande atra\u00e7\u00e3o, reunindo uma multid\u00e3o que vibra com cada momento.<\/p>\n<p>Outra atra\u00e7\u00e3o muito esperada \u00e9 a <strong>Queima do Alho<\/strong>, um evento gastron\u00f4mico que apresenta algumas das melhores del\u00edcias da culin\u00e1ria caipira, reunindo chefs de cozinha amadores e profissionais em uma competi\u00e7\u00e3o amistosa. Os visitantes tamb\u00e9m t\u00eam a oportunidade de ver de perto uma variedade de ra\u00e7as de bois, cavalos e outros animais, que s\u00e3o exibidos em estandes ao longo do recinto.<\/p>\n<p>Al\u00e9m disso, h\u00e1 uma ampla pra\u00e7a de alimenta\u00e7\u00e3o que oferece pratos t\u00edpicos da regi\u00e3o, garantindo que os visitantes possam conhecer um pouco mais sobre a culin\u00e1ria local e sua diversidade. A EMAPA \u00e9 realmente um evento que tem algo para todos, desde crian\u00e7as at\u00e9 adultos, proporcionando uma experi\u00eancia divers\u00e3o e aprendizado \u00fanica.<\/p>\n<h2>Grandes Nomes da M\u00fasica<\/h2>\n<p>Um dos principais atrativos da EMAPA \u00e9 a sua programa\u00e7\u00e3o musical, que sempre traz grandes nomes da m\u00fasica brasileira. Na edi\u00e7\u00e3o de 2025, a abertura do evento foi marcada pela apresenta\u00e7\u00e3o do famoso cantor sertanejo Luan Santana, que atraiu uma multid\u00e3o e deu o tom festivo ao in\u00edcio da feira. Ao longo da semana, outros artistas de renome como o cantor Daniel e as duplas Z\u00e9 Neto &#038; Cristiano, e Maiara &#038; Maraisa se apresentaram, garantindo um espet\u00e1culo diversificado que agradou a todos os gostos.<\/p>\n<p>A EMAPA tamb\u00e9m se preocupa em incluir novos talentos, proporcionando espa\u00e7o para a apresenta\u00e7\u00e3o de artistas locais, como a jovem cantora Lorenah, que vem se destacando na cena musical. Essa mistura de grandes estrelas com novos talentos mostra o compromisso do evento em fomentar a cultura musical local e oferecer uma plataforma para artistas emergentes.<\/p>\n<p>O evento musical \u00e9 complementado por uma estrutura bem planejada, proporcionando um ambiente confort\u00e1vel para que todos possam desfrutar dos shows com seguran\u00e7a e divers\u00e3o. O palco central sempre traz uma ilumina\u00e7\u00e3o impressionante e uma ac\u00fastica de qualidade, garantindo que o p\u00fablico tenha uma excelente experi\u00eancia durante as apresenta\u00e7\u00f5es.<\/p>\n<h2>Estrutura e Seguran\u00e7a do Evento<\/h2>\n<p>A seguran\u00e7a \u00e9 uma prioridade na EMAPA. Com um grande n\u00famero de visitantes esperados durante os dias do evento, a organiza\u00e7\u00e3o trabalha com um plano robusto para garantir a prote\u00e7\u00e3o de todos. Isso inclui a presen\u00e7a de equipes de seguran\u00e7a treinadas, pontos de atendimento m\u00e9dico para emerg\u00eancias e uma infraestrutura bem planejada para controlar o fluxo de pessoas.<\/p>\n<p>Al\u00e9m disso, o recinto conta com \u00e1reas exclusivas para estacionamento, banheiros acess\u00edveis e espa\u00e7os adequados para a alimenta\u00e7\u00e3o, o que contribui para que o evento seja uma grande festa familiar. O ambiente \u00e9 limpo e bem mantido, refletindo o compromisso da Prefeitura de Avar\u00e9 em proporcionar um evento de qualidade.<\/p>\n<p>As regras para a entrada de menores na EMAPA tamb\u00e9m s\u00e3o rigorosamente aplicadas, garantindo que crian\u00e7as e adolescentes estejam sempre acompanhados por um respons\u00e1vel, o que contribui ainda mais para a seguran\u00e7a geral do evento. A organiza\u00e7\u00e3o se esfor\u00e7a para criar um ambiente seguro e agrad\u00e1vel, onde todos possam desfrutar da festa sem preocupa\u00e7\u00f5es.<\/p>\n<h2>Como Participar da Queima do Alho<\/h2>\n<p>A <strong>Queima do Alho<\/strong> \u00e9 uma das tradi\u00e7\u00f5es mais adoradas da EMAPA. Este evento gastron\u00f4mico re\u00fane competidores que preparam pratos t\u00edpicos da culin\u00e1ria caipira, de maneira competitiva e animada. Participar da Queima do Alho \u00e9 uma experi\u00eancia \u00fanica, tanto para os cozinheiros quanto para os apreciadores da boa comida.<\/p>\n<p>Os interessados em disputar devem se inscrever previamente, normalmente por meio de contatos disponibilizados pela organiza\u00e7\u00e3o do evento. As inscri\u00e7\u00f5es costumam ocorrer meses antes do in\u00edcio da EMAPA, e as equipes se preparam com entusiasmo para a competi\u00e7\u00e3o. O evento n\u00e3o apenas proporciona uma plataforma para a troca de receitas e tradi\u00e7\u00f5es, mas tamb\u00e9m arrecada fundos para causas sociais, contribuindo para a comunidade local.<\/p>\n<p>Durante a Queima do Alho, os visitantes podem comprar pulseras que d\u00e3o acesso a degusta\u00e7\u00f5es dos pratos preparados, permitindo que todos participem desse momento de uni\u00e3o e confraterniza\u00e7\u00e3o ao redor da comida e da cultura local. As equipes competidoras se desafiam para conquistar pr\u00eamios e o t\u00edtulo de campe\u00e3, proporcionando uma atmosfera animada e cheia de sabor.<\/p>\n<h2>Regras para Menores de Idade<\/h2>\n<p>Para garantir a seguran\u00e7a e o bem-estar de todos os participantes, a EMAPA possui regras espec\u00edficas para a entrada de menores de idade. Menores de 14 anos devem estar obrigatoriamente acompanhados por um pai, m\u00e3e ou respons\u00e1vel legal. Al\u00e9m disso, \u00e9 necess\u00e1rio apresentar documenta\u00e7\u00e3o que comprove a idade na entrada do evento, uma medida que visa proteger as crian\u00e7as e adolescentes durante a festividade.<\/p>\n<p>Menores a partir de 14 anos podem entrar sozinhos, mas tamb\u00e9m precisam estar munidos de documentos de identifica\u00e7\u00e3o. As regras foram estabelecidas pelo Poder Judici\u00e1rio para assegurar um ambiente familiar seguro, onde os pais possam desfrutar do evento com tranquilidade, sabendo que suas crian\u00e7as est\u00e3o em um ambiente controlado e com supervis\u00e3o adequada.<\/p>\n<p>Essas normas refor\u00e7am a responsabilidade da organiza\u00e7\u00e3o em manter a ordem e a seguran\u00e7a, proporcionando um ambiente acolhedor e amig\u00e1vel para todas as fam\u00edlias que visitam a EMAPA.<\/p>\n<h2>Ingressos para a \u00c1rea Vip<\/h2>\n<p>Embora a entrada para a EMAPA seja gratuita, existe a op\u00e7\u00e3o de adquirir ingressos para \u00e1reas VIP e camarotes, proporcionando uma experi\u00eancia ainda mais confort\u00e1vel e exclusiva durante o evento. O acesso \u00e0 \u00c1rea VIP oferece benef\u00edcios adicionais, como visualiza\u00e7\u00e3o privilegiada dos shows, servi\u00e7o de atendimento diferenciado e op\u00e7\u00f5es de alimenta\u00e7\u00e3o e bebida de alta qualidade.<\/p>\n<p>Os ingressos podem ser adquiridos online, atrav\u00e9s de plataformas espec\u00edficas disponibilizadas pela Prefeitura de Avar\u00e9 e a organiza\u00e7\u00e3o do evento. \u00c9 importante ficar atento \u00e0s informa\u00e7\u00f5es divulgadas nas redes sociais e no site oficial da EMAPA, onde detalhes sobre a compra de ingressos, pre\u00e7os e disponibilidades s\u00e3o frequentemente atualizados.<\/p>\n<p>Participar da EMAPA em uma \u00e1rea VIP \u00e9 uma excelente op\u00e7\u00e3o para aqueles que buscam uma experi\u00eancia diferenciada e n\u00e3o querem perder nenhum momento das atra\u00e7\u00f5es e shows, garantido conforto e uma aten\u00e7\u00e3o especial durante toda a programa\u00e7\u00e3o.<\/p>\n<h2>Programa\u00e7\u00e3o Completa dos Shows<\/h2>\n<p>Durante a EMAPA, a programa\u00e7\u00e3o musical \u00e9 uma das principais atra\u00e7\u00f5es e varia a cada dia, trazendo artistas de diferentes estilos e origens. A edi\u00e7\u00e3o de 2025 trouxe uma programa\u00e7\u00e3o recheada. A abertura foi realizada por Luan Santana, que colocou o p\u00fablico para cantar e dan\u00e7ar desde o primeiro momento.<\/p>\n<p>Ao longo dos dias, outros artistas se apresentaram, como o cantor Daniel e as duplas Z\u00e9 Neto &#038; Cristiano e Maiara &#038; Maraisa, que garantiram performances inesquec\u00edveis. Al\u00e9m disso, a proposta de uma &#8220;Noite Avareense&#8221; trouxe artistas locais para o palco principal, celebrando a m\u00fasica da cidade e proporcionando visibilidade para talentos da regi\u00e3o.<\/p>\n<p>Uma das caracter\u00edsticas marcantes da programa\u00e7\u00e3o da EMAPA \u00e9 a diversidade de g\u00eaneros musicais, que vai desde o sertanejo, o forr\u00f3 at\u00e9 a m\u00fasica gospel, agradando assim um p\u00fablico variado. Essa inclus\u00e3o \u00e9 fundamental para que todos se sintam representados e possam desfrutar do evento. A programa\u00e7\u00e3o \u00e9 cuidadosamente planejada para garantir que cada dia traga algo especial e \u00fanico, mantendo os visitantes engajados e animados at\u00e9 o \u00faltimo dia da festa.<\/p>\n<h2>Expectativas para a 55\u00aa EMAPA<\/h2>\n<p>As expectativas para a 55\u00aa edi\u00e7\u00e3o da EMAPA foram extremamente altas, especialmente com a inclus\u00e3o de grandes nomes da m\u00fasica sertaneja e a tradi\u00e7\u00e3o de oferecer atividades para todas as idades. O evento buscou seguir a tend\u00eancia das edi\u00e7\u00f5es anteriores, trazendo inova\u00e7\u00e3o sem perder suas ra\u00edzes culturais. As mudan\u00e7as e atualiza\u00e7\u00f5es nas Programa\u00e7\u00f5es sempre visam melhorar a experi\u00eancia do p\u00fablico, atraindo novas gera\u00e7\u00f5es enquanto honra as tradi\u00e7\u00f5es existentes.<\/p>\n<p>Al\u00e9m disso, a promo\u00e7\u00e3o do interc\u00e2mbio entre produtores rurais e a comunidade \u00e9 uma expectativa importante, fortalecendo la\u00e7os entre os setores urbanos e rurais. A EMAPA se empenha em ser mais do que um evento festivo; procura ser um espa\u00e7o de aprendizado e troca de experi\u00eancias que beneficiem todos os participantes, colaborando para o crescimento econ\u00f4mico e social da regi\u00e3o.<\/p>\n<p>Com um crescente interesse na cultura rural e no agroneg\u00f3cio, a expectativa \u00e9 que a EMAPA de 2025 represente n\u00e3o apenas um marco na tradi\u00e7\u00e3o festiva de Avar\u00e9, mas tamb\u00e9m um sinal de otimismo para o futuro do setor agropecu\u00e1rio, contribuindo para o desenvolvimento sustent\u00e1vel e a valoriza\u00e7\u00e3o da identidade cultural regional.<\/p>\n\n<div style=\"font-size: 0px; height: 0px; line-height: 0px; margin: 0; padding: 0; clear: both;\"><\/div>","protected":false},"excerpt":{"rendered":"<p>55\u00aa EMAPA traz grandes shows, rodeio e divers\u00e3o para toda a fam\u00edlia.<\/p>\n","protected":false},"author":1,"featured_media":0,"comment_status":"open","ping_status":"closed","sticky":false,"template":"","format":"standard","meta":{"footnotes":""},"categories":[8],"tags":[],"class_list":["post-44684","post","type-post","status-publish","format-standard","hentry","category-shows-em-santana"],"aioseo_notices":[],"_links":{"self":[{"href":"https:\/\/www.encontrasantana.com.br\/sobre\/wp-json\/wp\/v2\/posts\/44684"}],"collection":[{"href":"https:\/\/www.encontrasantana.com.br\/sobre\/wp-json\/wp\/v2\/posts"}],"about":[{"href":"https:\/\/www.encontrasantana.com.br\/sobre\/wp-json\/wp\/v2\/types\/post"}],"author":[{"embeddable":true,"href":"https:\/\/www.encontrasantana.com.br\/sobre\/wp-json\/wp\/v2\/users\/1"}],"replies":[{"embeddable":true,"href":"https:\/\/www.encontrasantana.com.br\/sobre\/wp-json\/wp\/v2\/comments?post=44684"}],"version-history":[{"count":0,"href":"https:\/\/www.encontrasantana.com.br\/sobre\/wp-json\/wp\/v2\/posts\/44684\/revisions"}],"wp:attachment":[{"href":"https:\/\/www.encontrasantana.com.br\/sobre\/wp-json\/wp\/v2\/media?parent=44684"}],"wp:term":[{"taxonomy":"category","embeddable":true,"href":"https:\/\/www.encontrasantana.com.br\/sobre\/wp-json\/wp\/v2\/categories?post=44684"},{"taxonomy":"post_tag","embeddable":true,"href":"https:\/\/www.encontrasantana.com.br\/sobre\/wp-json\/wp\/v2\/tags?post=44684"}],"curies":[{"name":"wp","href":"https:\/\/api.w.org\/{rel}","templated":true}]}}