{"id":44732,"date":"2025-12-15T06:55:00","date_gmt":"2025-12-15T09:55:00","guid":{"rendered":"https:\/\/www.encontrasantana.com.br\/sobre\/reuniao-com-representante-da-casa-civil\/"},"modified":"2025-12-15T06:55:00","modified_gmt":"2025-12-15T09:55:00","slug":"reuniao-com-representante-da-casa-civil","status":"publish","type":"post","link":"https:\/\/www.encontrasantana.com.br\/sobre\/reuniao-com-representante-da-casa-civil\/","title":{"rendered":"Reuni\u00e3o com Representante da Casa Civil"},"content":{"rendered":"<div class=\"1acf8468e559fd3cbeec5aee3a269a52\" data-index=\"1\" style=\"float: none; margin:0px;\">\n<!-- Anuncio display - global -->\r\n<ins class=\"adsbygoogle\"\r\n     style=\"display:block\"\r\n     data-ad-client=\"ca-pub-8585364105181520\"\r\n     data-ad-slot=\"8789329856\"\r\n     data-ad-format=\"auto\"\r\n     data-full-width-responsive=\"true\"><\/ins>\r\n<script>\r\n     (adsbygoogle = window.adsbygoogle || []).push({});\r\n<\/script>\n<\/div>\n<h2>Data e Local da Reuni\u00e3o<\/h2>\n<p>A reuni\u00e3o entre representantes da Subprefeitura de Santana Tucuruvi e a Casa Civil ocorreu no dia 2 de dezembro de 2025. O encontro foi realizado no Gabinete da Subprefeitura, localizado na Avenida Tucuruvi, 808, S\u00e3o Paulo, SP. Este local \u00e9 estrat\u00e9gico, facilitando a articula\u00e7\u00e3o entre as v\u00e1rias \u00e1reas da administra\u00e7\u00e3o p\u00fablica e a entrada dos cidad\u00e3os na gest\u00e3o dos servi\u00e7os p\u00fablicos. O hor\u00e1rio estipulado para o in\u00edcio da reuni\u00e3o foi \u00e0s 15h40, permitindo um tempo adequado para a discuss\u00e3o das demandas locais.<\/p>\n<h2>Objetivos da Reuni\u00e3o<\/h2>\n<p>Os principais objetivos da reuni\u00e3o foram alinhas as demandas da regi\u00e3o de Santana Tucuruvi e estabelecer tratativas conjuntas entre a Subprefeitura e a Casa Civil. Este tipo de articula\u00e7\u00e3o \u00e9 essencial para garantir que as necessidades dos cidad\u00e3os sejam consideradas nas pol\u00edticas p\u00fablicas e projetos do governo. Ao trazer as demandas locais para a mesa de discuss\u00e3o, busca-se resolver problemas de forma mais \u00e1gil e eficiente, promovendo a qualidade de vida na comunidade.<\/p>\n<h2>Participantes do Encontro<\/h2>\n<p>O encontro contou com a participa\u00e7\u00e3o de diversos representantes importantes. A figura central foi a Marcely Santos, representante da Casa Civil, que trouxe a vis\u00e3o do estado para a discuss\u00e3o das demandas locais. Al\u00e9m disso, diretores e t\u00e9cnicos da Subprefeitura de Santana Tucuruvi tamb\u00e9m estiveram presentes, oferecendo um comp\u00eandio de informa\u00e7\u00f5es relacionadas ao andamento dos projetos na regi\u00e3o. Tais reuni\u00f5es s\u00e3o fundamentais para criar um di\u00e1logo efetivo entre governo e popula\u00e7\u00e3o, permitindo que as vozes dos cidad\u00e3os ecoem nas decis\u00f5es governamentais.<\/p>\n<p><img decoding=\"async\" src=\"https:\/\/www.encontrasantana.com.br\/sobre\/wp-content\/uploads\/2025\/12\/reuniao-com-representante-da-casa-civil.webp\" alt=\"reuni\u00e3o com representante da casa civil\" loading=\"lazy\" \/><\/p>\n<h2>Pauta em Discuss\u00e3o<\/h2>\n<p>A pauta da reuni\u00e3o abordou temas essenciais para o desenvolvimento da regi\u00e3o de Santana Tucuruvi. Dentre os pontos discutidos, destacaram-se:<\/p>\n<ul>\n<li><strong>Infraestrutura:<\/strong> A melhoria das estradas, ilumina\u00e7\u00e3o p\u00fablica e a manuten\u00e7\u00e3o das \u00e1reas verdes foram temas relevantes, apontando para a necessidade de uma infraestrutura mais eficiente e sustent\u00e1vel.<\/li>\n<li><strong>Seguran\u00e7a Alimentar:<\/strong> O programa de seguran\u00e7a alimentar, reconhecido pela Guinness World Records como o maior programa municipal do mundo, foi um dos t\u00f3picos em evid\u00eancia, demostrando o compromisso da administra\u00e7\u00e3o com o bem-estar da popula\u00e7\u00e3o.<\/li>\n<li><strong>Transporte:<\/strong> A mobilidade urbana e a oferta de transporte p\u00fablico adequado \u00e0 demanda da popula\u00e7\u00e3o foram quest\u00f5es abordadas para garantir acessibilidade a todos os cidad\u00e3os.<\/li>\n<li><strong>Sa\u00fade:<\/strong> A situa\u00e7\u00e3o das unidades de sa\u00fade na regi\u00e3o tamb\u00e9m foi discutida, com foco em melhorias e na amplia\u00e7\u00e3o dos servi\u00e7os oferecidos \u00e0 popula\u00e7\u00e3o.<\/li>\n<\/ul>\n<h2>Impacto nas Comunidades Locais<\/h2>\n<p>As decis\u00f5es tomadas nas reuni\u00f5es entre a Subprefeitura e a Casa Civil t\u00eam um impacto direto nas comunidades de Santana Tucuruvi. Quando as demandas locais s\u00e3o ouvidas e atendidas de forma eficaz, a qualidade de vida da popula\u00e7\u00e3o aumenta. Melhorias em infraestrutura, como cal\u00e7adas adequadas, ilumina\u00e7\u00e3o p\u00fablica eficiente e a conserva\u00e7\u00e3o de parques, contribuem para a seguran\u00e7a e o bem-estar dos moradores. Al\u00e9m disso, iniciativas voltadas \u00e0 sa\u00fade e seguran\u00e7a alimentar promovem uma comunidade mais saud\u00e1vel e segura, reduzindo desigualdades sociais.<\/p>\n<h2>A Import\u00e2ncia da Transpar\u00eancia<\/h2>\n<p>A transpar\u00eancia \u00e9 fundamental em qualquer administra\u00e7\u00e3o p\u00fablica, e as reuni\u00f5es entre representantes da prefeitura e da Casa Civil devem ser conduzidas com essa premissa. A popula\u00e7\u00e3o deve ter acesso \u00e0s informa\u00e7\u00f5es discutidas, compreendendo como suas necessidades est\u00e3o sendo tratadas. Isso n\u00e3o apenas aumenta a confian\u00e7a nas institui\u00e7\u00f5es, mas tamb\u00e9m incentiva a participa\u00e7\u00e3o cidad\u00e3. O acesso \u00e0 informa\u00e7\u00e3o pode ser facilitado por meio de sites oficiais, publica\u00e7\u00f5es em redes sociais e reuni\u00f5es abertas ao p\u00fablico. A Ouvidoria e o canal 156 s\u00e3o alguns dos caminhos para que a popula\u00e7\u00e3o contribua com suas sugest\u00f5es e reclama\u00e7\u00f5es, estabelecendo um ciclo de feedback importante.<\/p>\n<h2>A\u00e7\u00f5es Futuras Previstas<\/h2>\n<p>Ap\u00f3s a reuni\u00e3o, diversas a\u00e7\u00f5es foram tra\u00e7adas para garantir a implementa\u00e7\u00e3o das decis\u00f5es tomadas. Isso inclui:<\/p>\n<ul>\n<li><strong>Elabora\u00e7\u00e3o de um cronograma:<\/strong> Ser\u00e1 montado um plano de a\u00e7\u00e3o com prazos espec\u00edficos para que as melhorias discutidas sejam implementadas.<\/li>\n<li><strong>Cria\u00e7\u00e3o de comit\u00eas:<\/strong> Grupos de trabalho ser\u00e3o formados para monitorar as demandas apresentadas e verificar a execu\u00e7\u00e3o dos projetos.<\/li>\n<li><strong>Avalia\u00e7\u00f5es peri\u00f3dicas:<\/strong> Para garantir que os objetivos est\u00e3o sendo cumpridos, avalia\u00e7\u00f5es regulares ser\u00e3o feitas com a participa\u00e7\u00e3o da comunidade, permitindo que ajuste sejam feitos quando necess\u00e1rio.<\/li>\n<\/ul>\n<h2>Como a Popula\u00e7\u00e3o Pode Contribuir<\/h2>\n<p>A participa\u00e7\u00e3o ativa da popula\u00e7\u00e3o \u00e9 fundamental para que as a\u00e7\u00f5es da Subprefeitura e da Casa Civil sejam efetivas. Os cidad\u00e3os podem contribuir de v\u00e1rias formas, como:<\/p>\n<ul>\n<li><strong>Participa\u00e7\u00e3o em audi\u00eancias p\u00fablicas:<\/strong> Essas reuni\u00f5es s\u00e3o oportunidades para que a popula\u00e7\u00e3o exponha suas necessidades diretamente aos representantes.<\/li>\n<li><strong>Canal 156:<\/strong> Utilizar este canal para reportar problemas em \u00e1reas como seguran\u00e7a, sa\u00fade e infraestrutura.<\/li>\n<li><strong>Realiza\u00e7\u00e3o de mutir\u00f5es:<\/strong> Integrar-se a a\u00e7\u00f5es comunit\u00e1rias que busquem melhorar a apar\u00eancia e a funcionalidade da regi\u00e3o.<\/li>\n<li><strong>Educa\u00e7\u00e3o e conscientiza\u00e7\u00e3o:<\/strong> Informar-se e auxiliar na divulga\u00e7\u00e3o das a\u00e7\u00f5es realizadas, promovendo a participa\u00e7\u00e3o de mais cidad\u00e3os.<\/li>\n<\/ul>\n<h2>Hist\u00f3rico de Reuni\u00f5es Anteriores<\/h2>\n<p>As reuni\u00f5es entre a Subprefeitura e a Casa Civil s\u00e3o parte de uma estrat\u00e9gia de gest\u00e3o mais ampla que visa integrar as pol\u00edticas p\u00fablicas \u00e0 realidade de cada regi\u00e3o. Historicamente, encontros anteriores trataram de temas como o acesso \u00e0 sa\u00fade, melhorias no transporte p\u00fablico e o desenvolvimento de programas sociais. A continuidade dessas reuni\u00f5es \u00e9 essencial para garantir que os compromissos assumidos anteriormente sejam revisados e, se necess\u00e1rio, ajustados conforme a evolu\u00e7\u00e3o das necessidades da comunidade.<\/p>\n<h2>Pr\u00f3ximos Passos<\/h2>\n<p>Ap\u00f3s a reuni\u00e3o realizada, os pr\u00f3ximos passos envolvem a implementa\u00e7\u00e3o das decis\u00f5es j\u00e1 discutidas. A comunica\u00e7\u00e3o entre a Subprefeitura e a Casa Civil dever\u00e1 ser estreitada, e relat\u00f3rios sobre o progresso das a\u00e7\u00f5es devem ser elaborados e apresentados \u00e0 popula\u00e7\u00e3o. Estabelecer parcerias com outras institui\u00e7\u00f5es, como ONGs e empresas privadas, pode ser uma estrat\u00e9gia eficaz para viabilizar projetos de impacto social.<\/p>\n<p>Al\u00e9m disso, o acompanhamento e a avalia\u00e7\u00e3o das pol\u00edticas implementadas permitir\u00e3o ajustes e melhorias cont\u00ednuas, garantindo que as necessidades da popula\u00e7\u00e3o estejam sempre em primeiro plano. A participa\u00e7\u00e3o cidad\u00e3 n\u00e3o deve ser uma a\u00e7\u00e3o pontual, mas sim uma pr\u00e1tica cont\u00ednua que fortalece a democracia e enriquece o di\u00e1logo entre governo e sociedade.<\/p>\n<p>Por meio do conhecimento, da transpar\u00eancia e da participa\u00e7\u00e3o ativa, as comunidades de Santana Tucuruvi t\u00eam o potencial de se desenvolver, superando desafios e construindo um futuro mais promissor e sustent\u00e1vel.<\/p>\n\n<div style=\"font-size: 0px; height: 0px; line-height: 0px; margin: 0; padding: 0; clear: both;\"><\/div>","protected":false},"excerpt":{"rendered":"<p>Reuni\u00e3o com a Casa Civil aborda demandas importantes para a regi\u00e3o de Santana Tucuruvi.<\/p>\n","protected":false},"author":1,"featured_media":44731,"comment_status":"open","ping_status":"closed","sticky":false,"template":"","format":"standard","meta":{"footnotes":""},"categories":[3],"tags":[],"class_list":["post-44732","post","type-post","status-publish","format-standard","has-post-thumbnail","hentry","category-noticias-em-santana","has_thumb"],"aioseo_notices":[],"aioseo_head":"\n\t\t<!-- All in One SEO 5.0.0.1 - aioseo.com -->\n\t<meta name=\"description\" content=\"Reuni\u00e3o com a Casa Civil aborda demandas importantes para a regi\u00e3o de Santana Tucuruvi.\" \/>\n\t<meta name=\"robots\" content=\"max-image-preview:large\" \/>\n\t<meta name=\"author\" content=\"Encontra Santana\"\/>\n\t<link rel=\"canonical\" href=\"https:\/\/www.encontrasantana.com.br\/sobre\/reuniao-com-representante-da-casa-civil\/\" \/>\n\t<meta name=\"generator\" content=\"All in One SEO (AIOSEO) 5.0.0.1\" \/>\n\t\t<meta property=\"og:locale\" content=\"pt_BR\" \/>\n\t\t<meta property=\"og:site_name\" content=\"Encontra Santana | Not\u00edcias, eventos, informa\u00e7\u00f5es e dicas no bairro de Santana e regi\u00e3o.\" \/>\n\t\t<meta property=\"og:type\" content=\"article\" \/>\n\t\t<meta property=\"og:title\" content=\"Reuni\u00e3o com Representante da Casa Civil \u00bb Encontra Santana\" \/>\n\t\t<meta property=\"og:description\" content=\"Reuni\u00e3o com a Casa Civil aborda demandas importantes para a regi\u00e3o de Santana Tucuruvi.\" \/>\n\t\t<meta property=\"og:url\" content=\"https:\/\/www.encontrasantana.com.br\/sobre\/reuniao-com-representante-da-casa-civil\/\" \/>\n\t\t<meta property=\"article:published_time\" content=\"2025-12-15T09:55:00+00:00\" \/>\n\t\t<meta property=\"article:modified_time\" content=\"2025-12-15T09:55:00+00:00\" \/>\n\t\t<meta name=\"twitter:card\" content=\"summary\" \/>\n\t\t<meta name=\"twitter:title\" content=\"Reuni\u00e3o com Representante da Casa Civil \u00bb Encontra Santana\" \/>\n\t\t<meta name=\"twitter:description\" content=\"Reuni\u00e3o com a Casa Civil aborda demandas importantes para a regi\u00e3o de Santana Tucuruvi.\" \/>\n\t\t<script type=\"application\/ld+json\" class=\"aioseo-schema\">\n\t\t\t{\"@context\":\"https:\\\/\\\/schema.org\",\"@graph\":[{\"@type\":\"Article\",\"@id\":\"https:\\\/\\\/www.encontrasantana.com.br\\\/sobre\\\/reuniao-com-representante-da-casa-civil\\\/#article\",\"name\":\"Reuni\\u00e3o com Representante da Casa Civil \\u00bb Encontra Santana\",\"headline\":\"Reuni\\u00e3o com Representante da Casa Civil\",\"author\":{\"@id\":\"https:\\\/\\\/www.encontrasantana.com.br\\\/sobre\\\/author\\\/esantana\\\/#author\"},\"publisher\":{\"@id\":\"https:\\\/\\\/www.encontrasantana.com.br\\\/sobre\\\/#organization\"},\"image\":{\"@type\":\"ImageObject\",\"url\":\"https:\\\/\\\/www.encontrasantana.com.br\\\/sobre\\\/wp-content\\\/uploads\\\/2025\\\/12\\\/reuniao-com-representante-da-casa-civil.webp\",\"width\":320,\"height\":280,\"caption\":\"reuni\\u00e3o com representante da casa civil\"},\"datePublished\":\"2025-12-15T06:55:00-03:00\",\"dateModified\":\"2025-12-15T06:55:00-03:00\",\"inLanguage\":\"pt-BR\",\"mainEntityOfPage\":{\"@id\":\"https:\\\/\\\/www.encontrasantana.com.br\\\/sobre\\\/reuniao-com-representante-da-casa-civil\\\/#webpage\"},\"isPartOf\":{\"@id\":\"https:\\\/\\\/www.encontrasantana.com.br\\\/sobre\\\/reuniao-com-representante-da-casa-civil\\\/#webpage\"},\"articleSection\":\"Not\\u00edcias Santana\"},{\"@type\":\"BreadcrumbList\",\"@id\":\"https:\\\/\\\/www.encontrasantana.com.br\\\/sobre\\\/reuniao-com-representante-da-casa-civil\\\/#breadcrumblist\",\"itemListElement\":[{\"@type\":\"ListItem\",\"@id\":\"https:\\\/\\\/www.encontrasantana.com.br\\\/sobre#listItem\",\"position\":1,\"name\":\"In\\u00edcio\",\"item\":\"https:\\\/\\\/www.encontrasantana.com.br\\\/sobre\",\"nextItem\":{\"@type\":\"ListItem\",\"@id\":\"https:\\\/\\\/www.encontrasantana.com.br\\\/sobre\\\/noticias-em-santana\\\/#listItem\",\"name\":\"Not\\u00edcias Santana\"}},{\"@type\":\"ListItem\",\"@id\":\"https:\\\/\\\/www.encontrasantana.com.br\\\/sobre\\\/noticias-em-santana\\\/#listItem\",\"position\":2,\"name\":\"Not\\u00edcias Santana\",\"item\":\"https:\\\/\\\/www.encontrasantana.com.br\\\/sobre\\\/noticias-em-santana\\\/\",\"nextItem\":{\"@type\":\"ListItem\",\"@id\":\"https:\\\/\\\/www.encontrasantana.com.br\\\/sobre\\\/reuniao-com-representante-da-casa-civil\\\/#listItem\",\"name\":\"Reuni\\u00e3o com Representante da Casa Civil\"},\"previousItem\":{\"@type\":\"ListItem\",\"@id\":\"https:\\\/\\\/www.encontrasantana.com.br\\\/sobre#listItem\",\"name\":\"In\\u00edcio\"}},{\"@type\":\"ListItem\",\"@id\":\"https:\\\/\\\/www.encontrasantana.com.br\\\/sobre\\\/reuniao-com-representante-da-casa-civil\\\/#listItem\",\"position\":3,\"name\":\"Reuni\\u00e3o com Representante da Casa Civil\",\"previousItem\":{\"@type\":\"ListItem\",\"@id\":\"https:\\\/\\\/www.encontrasantana.com.br\\\/sobre\\\/noticias-em-santana\\\/#listItem\",\"name\":\"Not\\u00edcias Santana\"}}]},{\"@type\":\"Organization\",\"@id\":\"https:\\\/\\\/www.encontrasantana.com.br\\\/sobre\\\/#organization\",\"name\":\"Encontra Santana\",\"description\":\"Not\\u00edcias, eventos, informa\\u00e7\\u00f5es e dicas no bairro de Santana e regi\\u00e3o.\",\"url\":\"https:\\\/\\\/www.encontrasantana.com.br\\\/sobre\\\/\"},{\"@type\":\"Person\",\"@id\":\"https:\\\/\\\/www.encontrasantana.com.br\\\/sobre\\\/author\\\/esantana\\\/#author\",\"url\":\"https:\\\/\\\/www.encontrasantana.com.br\\\/sobre\\\/author\\\/esantana\\\/\",\"name\":\"Encontra Santana\",\"image\":{\"@type\":\"ImageObject\",\"@id\":\"https:\\\/\\\/www.encontrasantana.com.br\\\/sobre\\\/reuniao-com-representante-da-casa-civil\\\/#authorImage\",\"url\":\"https:\\\/\\\/secure.gravatar.com\\\/avatar\\\/0fbed662e37531ae23e68f85f9517b2454e50c1dfebf80eb9b721449ac95e0b9?s=96&d=mm&r=g\",\"width\":96,\"height\":96,\"caption\":\"Encontra Santana\"}},{\"@type\":\"WebPage\",\"@id\":\"https:\\\/\\\/www.encontrasantana.com.br\\\/sobre\\\/reuniao-com-representante-da-casa-civil\\\/#webpage\",\"url\":\"https:\\\/\\\/www.encontrasantana.com.br\\\/sobre\\\/reuniao-com-representante-da-casa-civil\\\/\",\"name\":\"Reuni\\u00e3o com Representante da Casa Civil \\u00bb Encontra Santana\",\"description\":\"Reuni\\u00e3o com a Casa Civil aborda demandas importantes para a regi\\u00e3o de Santana Tucuruvi.\",\"inLanguage\":\"pt-BR\",\"isPartOf\":{\"@id\":\"https:\\\/\\\/www.encontrasantana.com.br\\\/sobre\\\/#website\"},\"breadcrumb\":{\"@id\":\"https:\\\/\\\/www.encontrasantana.com.br\\\/sobre\\\/reuniao-com-representante-da-casa-civil\\\/#breadcrumblist\"},\"author\":{\"@id\":\"https:\\\/\\\/www.encontrasantana.com.br\\\/sobre\\\/author\\\/esantana\\\/#author\"},\"creator\":{\"@id\":\"https:\\\/\\\/www.encontrasantana.com.br\\\/sobre\\\/author\\\/esantana\\\/#author\"},\"image\":{\"@type\":\"ImageObject\",\"url\":\"https:\\\/\\\/www.encontrasantana.com.br\\\/sobre\\\/wp-content\\\/uploads\\\/2025\\\/12\\\/reuniao-com-representante-da-casa-civil.webp\",\"@id\":\"https:\\\/\\\/www.encontrasantana.com.br\\\/sobre\\\/reuniao-com-representante-da-casa-civil\\\/#mainImage\",\"width\":320,\"height\":280,\"caption\":\"reuni\\u00e3o com representante da casa civil\"},\"primaryImageOfPage\":{\"@id\":\"https:\\\/\\\/www.encontrasantana.com.br\\\/sobre\\\/reuniao-com-representante-da-casa-civil\\\/#mainImage\"},\"datePublished\":\"2025-12-15T06:55:00-03:00\",\"dateModified\":\"2025-12-15T06:55:00-03:00\"},{\"@type\":\"WebSite\",\"@id\":\"https:\\\/\\\/www.encontrasantana.com.br\\\/sobre\\\/#website\",\"url\":\"https:\\\/\\\/www.encontrasantana.com.br\\\/sobre\\\/\",\"name\":\"Encontra Santana\",\"description\":\"Not\\u00edcias, eventos, informa\\u00e7\\u00f5es e dicas no bairro de Santana e regi\\u00e3o.\",\"inLanguage\":\"pt-BR\",\"publisher\":{\"@id\":\"https:\\\/\\\/www.encontrasantana.com.br\\\/sobre\\\/#organization\"}}]}\n\t\t<\/script>\n\t\t<!-- All in One SEO -->\n\n","aioseo_head_json":{"title":"Reuni\u00e3o com Representante da Casa Civil \u00bb Encontra Santana","description":"Reuni\u00e3o com a Casa Civil aborda demandas importantes para a regi\u00e3o de Santana Tucuruvi.","canonical_url":"https:\/\/www.encontrasantana.com.br\/sobre\/reuniao-com-representante-da-casa-civil\/","robots":"max-image-preview:large","keywords":"","webmasterTools":{"miscellaneous":""},"schema":{"@context":"https:\/\/schema.org","@graph":[{"@type":"Article","@id":"https:\/\/www.encontrasantana.com.br\/sobre\/reuniao-com-representante-da-casa-civil\/#article","name":"Reuni\u00e3o com Representante da Casa Civil \u00bb Encontra Santana","headline":"Reuni\u00e3o com Representante da Casa Civil","author":{"@id":"https:\/\/www.encontrasantana.com.br\/sobre\/author\/esantana\/#author"},"publisher":{"@id":"https:\/\/www.encontrasantana.com.br\/sobre\/#organization"},"image":{"@type":"ImageObject","url":"https:\/\/www.encontrasantana.com.br\/sobre\/wp-content\/uploads\/2025\/12\/reuniao-com-representante-da-casa-civil.webp","width":320,"height":280,"caption":"reuni\u00e3o com representante da casa civil"},"datePublished":"2025-12-15T06:55:00-03:00","dateModified":"2025-12-15T06:55:00-03:00","inLanguage":"pt-BR","mainEntityOfPage":{"@id":"https:\/\/www.encontrasantana.com.br\/sobre\/reuniao-com-representante-da-casa-civil\/#webpage"},"isPartOf":{"@id":"https:\/\/www.encontrasantana.com.br\/sobre\/reuniao-com-representante-da-casa-civil\/#webpage"},"articleSection":"Not\u00edcias Santana"},{"@type":"BreadcrumbList","@id":"https:\/\/www.encontrasantana.com.br\/sobre\/reuniao-com-representante-da-casa-civil\/#breadcrumblist","itemListElement":[{"@type":"ListItem","@id":"https:\/\/www.encontrasantana.com.br\/sobre#listItem","position":1,"name":"In\u00edcio","item":"https:\/\/www.encontrasantana.com.br\/sobre","nextItem":{"@type":"ListItem","@id":"https:\/\/www.encontrasantana.com.br\/sobre\/noticias-em-santana\/#listItem","name":"Not\u00edcias Santana"}},{"@type":"ListItem","@id":"https:\/\/www.encontrasantana.com.br\/sobre\/noticias-em-santana\/#listItem","position":2,"name":"Not\u00edcias Santana","item":"https:\/\/www.encontrasantana.com.br\/sobre\/noticias-em-santana\/","nextItem":{"@type":"ListItem","@id":"https:\/\/www.encontrasantana.com.br\/sobre\/reuniao-com-representante-da-casa-civil\/#listItem","name":"Reuni\u00e3o com Representante da Casa Civil"},"previousItem":{"@type":"ListItem","@id":"https:\/\/www.encontrasantana.com.br\/sobre#listItem","name":"In\u00edcio"}},{"@type":"ListItem","@id":"https:\/\/www.encontrasantana.com.br\/sobre\/reuniao-com-representante-da-casa-civil\/#listItem","position":3,"name":"Reuni\u00e3o com Representante da Casa Civil","previousItem":{"@type":"ListItem","@id":"https:\/\/www.encontrasantana.com.br\/sobre\/noticias-em-santana\/#listItem","name":"Not\u00edcias Santana"}}]},{"@type":"Organization","@id":"https:\/\/www.encontrasantana.com.br\/sobre\/#organization","name":"Encontra Santana","description":"Not\u00edcias, eventos, informa\u00e7\u00f5es e dicas no bairro de Santana e regi\u00e3o.","url":"https:\/\/www.encontrasantana.com.br\/sobre\/"},{"@type":"Person","@id":"https:\/\/www.encontrasantana.com.br\/sobre\/author\/esantana\/#author","url":"https:\/\/www.encontrasantana.com.br\/sobre\/author\/esantana\/","name":"Encontra Santana","image":{"@type":"ImageObject","@id":"https:\/\/www.encontrasantana.com.br\/sobre\/reuniao-com-representante-da-casa-civil\/#authorImage","url":"https:\/\/secure.gravatar.com\/avatar\/0fbed662e37531ae23e68f85f9517b2454e50c1dfebf80eb9b721449ac95e0b9?s=96&d=mm&r=g","width":96,"height":96,"caption":"Encontra Santana"}},{"@type":"WebPage","@id":"https:\/\/www.encontrasantana.com.br\/sobre\/reuniao-com-representante-da-casa-civil\/#webpage","url":"https:\/\/www.encontrasantana.com.br\/sobre\/reuniao-com-representante-da-casa-civil\/","name":"Reuni\u00e3o com Representante da Casa Civil \u00bb Encontra Santana","description":"Reuni\u00e3o com a Casa Civil aborda demandas importantes para a regi\u00e3o de Santana Tucuruvi.","inLanguage":"pt-BR","isPartOf":{"@id":"https:\/\/www.encontrasantana.com.br\/sobre\/#website"},"breadcrumb":{"@id":"https:\/\/www.encontrasantana.com.br\/sobre\/reuniao-com-representante-da-casa-civil\/#breadcrumblist"},"author":{"@id":"https:\/\/www.encontrasantana.com.br\/sobre\/author\/esantana\/#author"},"creator":{"@id":"https:\/\/www.encontrasantana.com.br\/sobre\/author\/esantana\/#author"},"image":{"@type":"ImageObject","url":"https:\/\/www.encontrasantana.com.br\/sobre\/wp-content\/uploads\/2025\/12\/reuniao-com-representante-da-casa-civil.webp","@id":"https:\/\/www.encontrasantana.com.br\/sobre\/reuniao-com-representante-da-casa-civil\/#mainImage","width":320,"height":280,"caption":"reuni\u00e3o com representante da casa civil"},"primaryImageOfPage":{"@id":"https:\/\/www.encontrasantana.com.br\/sobre\/reuniao-com-representante-da-casa-civil\/#mainImage"},"datePublished":"2025-12-15T06:55:00-03:00","dateModified":"2025-12-15T06:55:00-03:00"},{"@type":"WebSite","@id":"https:\/\/www.encontrasantana.com.br\/sobre\/#website","url":"https:\/\/www.encontrasantana.com.br\/sobre\/","name":"Encontra Santana","description":"Not\u00edcias, eventos, informa\u00e7\u00f5es e dicas no bairro de Santana e regi\u00e3o.","inLanguage":"pt-BR","publisher":{"@id":"https:\/\/www.encontrasantana.com.br\/sobre\/#organization"}}]},"og:locale":"pt_BR","og:site_name":"Encontra Santana | Not\u00edcias, eventos, informa\u00e7\u00f5es e dicas no bairro de Santana e regi\u00e3o.","og:type":"article","og:title":"Reuni\u00e3o com Representante da Casa Civil \u00bb Encontra Santana","og:description":"Reuni\u00e3o com a Casa Civil aborda demandas importantes para a regi\u00e3o de Santana Tucuruvi.","og:url":"https:\/\/www.encontrasantana.com.br\/sobre\/reuniao-com-representante-da-casa-civil\/","article:published_time":"2025-12-15T09:55:00+00:00","article:modified_time":"2025-12-15T09:55:00+00:00","twitter:card":"summary","twitter:title":"Reuni\u00e3o com Representante da Casa Civil \u00bb Encontra Santana","twitter:description":"Reuni\u00e3o com a Casa Civil aborda demandas importantes para a regi\u00e3o de Santana Tucuruvi."},"aioseo_meta_data":{"post_id":"44732","title":null,"description":null,"keywords":null,"keyphrases":null,"primary_term":null,"canonical_url":null,"og_title":null,"og_description":null,"og_object_type":"default","og_image_type":"default","og_image_url":null,"og_image_width":null,"og_image_height":null,"og_image_custom_url":null,"og_image_custom_fields":null,"og_video":null,"og_custom_url":null,"og_article_section":null,"og_article_tags":null,"twitter_use_og":false,"twitter_card":"default","twitter_image_type":"default","twitter_image_url":null,"twitter_image_custom_url":null,"twitter_image_custom_fields":null,"twitter_title":null,"twitter_description":null,"schema":{"blockGraphs":[],"customGraphs":[],"default":{"data":{"Article":[],"Course":[],"Dataset":[],"FAQPage":[],"Movie":[],"Person":[],"Product":[],"ProductReview":[],"Car":[],"Recipe":[],"Service":[],"SoftwareApplication":[],"WebPage":[]},"graphName":"Article","isEnabled":true},"graphs":[]},"schema_type":"default","schema_type_options":null,"pillar_content":false,"robots_default":true,"robots_noindex":false,"robots_noarchive":false,"robots_nosnippet":false,"robots_nofollow":false,"robots_noimageindex":false,"robots_noodp":false,"robots_notranslate":false,"robots_max_snippet":null,"robots_max_videopreview":null,"robots_max_imagepreview":"large","priority":null,"frequency":null,"local_seo":null,"limit_modified_date":false,"created":"2025-12-18 20:06:45","updated":"2026-08-06 21:46:25","focus_keyword":null,"additional_keywords":null,"truseo_locale":null,"ai":null,"breadcrumb_settings":null,"seo_analyzer_scan_date":null},"aioseo_breadcrumb":"<div class=\"aioseo-breadcrumbs\"><span class=\"aioseo-breadcrumb\">\n\t\t\t<a href=\"https:\/\/www.encontrasantana.com.br\/sobre\" title=\"In\u00edcio\">In\u00edcio<\/a>\n\t\t<\/span><span class=\"aioseo-breadcrumb-separator\">&raquo;<\/span><span class=\"aioseo-breadcrumb\">\n\t\t\t<a href=\"https:\/\/www.encontrasantana.com.br\/sobre\/noticias-em-santana\/\" title=\"Not\u00edcias Santana\">Not\u00edcias Santana<\/a>\n\t\t<\/span><span class=\"aioseo-breadcrumb-separator\">&raquo;<\/span><span class=\"aioseo-breadcrumb\">\n\t\t\tReuni\u00e3o com Representante da Casa Civil\n\t\t<\/span><\/div>","aioseo_breadcrumb_json":[{"label":"In\u00edcio","link":"https:\/\/www.encontrasantana.com.br\/sobre"},{"label":"Not\u00edcias Santana","link":"https:\/\/www.encontrasantana.com.br\/sobre\/noticias-em-santana\/"},{"label":"Reuni\u00e3o com Representante da Casa Civil","link":"https:\/\/www.encontrasantana.com.br\/sobre\/reuniao-com-representante-da-casa-civil\/"}],"_links":{"self":[{"href":"https:\/\/www.encontrasantana.com.br\/sobre\/wp-json\/wp\/v2\/posts\/44732","targetHints":{"allow":["GET"]}}],"collection":[{"href":"https:\/\/www.encontrasantana.com.br\/sobre\/wp-json\/wp\/v2\/posts"}],"about":[{"href":"https:\/\/www.encontrasantana.com.br\/sobre\/wp-json\/wp\/v2\/types\/post"}],"author":[{"embeddable":true,"href":"https:\/\/www.encontrasantana.com.br\/sobre\/wp-json\/wp\/v2\/users\/1"}],"replies":[{"embeddable":true,"href":"https:\/\/www.encontrasantana.com.br\/sobre\/wp-json\/wp\/v2\/comments?post=44732"}],"version-history":[{"count":0,"href":"https:\/\/www.encontrasantana.com.br\/sobre\/wp-json\/wp\/v2\/posts\/44732\/revisions"}],"wp:featuredmedia":[{"embeddable":true,"href":"https:\/\/www.encontrasantana.com.br\/sobre\/wp-json\/wp\/v2\/media\/44731"}],"wp:attachment":[{"href":"https:\/\/www.encontrasantana.com.br\/sobre\/wp-json\/wp\/v2\/media?parent=44732"}],"wp:term":[{"taxonomy":"category","embeddable":true,"href":"https:\/\/www.encontrasantana.com.br\/sobre\/wp-json\/wp\/v2\/categories?post=44732"},{"taxonomy":"post_tag","embeddable":true,"href":"https:\/\/www.encontrasantana.com.br\/sobre\/wp-json\/wp\/v2\/tags?post=44732"}],"curies":[{"name":"wp","href":"https:\/\/api.w.org\/{rel}","templated":true}]}}