{"id":44773,"date":"2026-01-11T03:09:13","date_gmt":"2026-01-11T06:09:13","guid":{"rendered":"https:\/\/www.encontrasantana.com.br\/sobre\/policia-investiga-sumico-de-pm-apos-discussao-com-traficante-em-comunidade-de-sp-carro-dele-e-achado-carbonizado-em-mata\/"},"modified":"2026-01-11T03:09:13","modified_gmt":"2026-01-11T06:09:13","slug":"policia-investiga-sumico-de-pm-apos-discussao-com-traficante-em-comunidade-de-sp-carro-dele-e-achado-carbonizado-em-mata","status":"publish","type":"post","link":"https:\/\/www.encontrasantana.com.br\/sobre\/policia-investiga-sumico-de-pm-apos-discussao-com-traficante-em-comunidade-de-sp-carro-dele-e-achado-carbonizado-em-mata\/","title":{"rendered":"Pol\u00edcia investiga sumi\u00e7o de PM ap\u00f3s discuss\u00e3o com traficante em comunidade de SP; carro dele \u00e9 achado carbonizado em mata"},"content":{"rendered":"<div class=\"1acf8468e559fd3cbeec5aee3a269a52\" data-index=\"1\" style=\"float: none; margin:0px;\">\n<!-- Anuncio display - global -->\r\n<ins class=\"adsbygoogle\"\r\n     style=\"display:block\"\r\n     data-ad-client=\"ca-pub-8585364105181520\"\r\n     data-ad-slot=\"8789329856\"\r\n     data-ad-format=\"auto\"\r\n     data-full-width-responsive=\"true\"><\/ins>\r\n<script>\r\n     (adsbygoogle = window.adsbygoogle || []).push({});\r\n<\/script>\n<\/div>\n<h2>Desaparecimento do Cabo Fabr\u00edcio<\/h2>\n<p>O caso do desaparecimento do cabo da Pol\u00edcia Militar Fabr\u00edcio Gomes de Santana, de 40 anos, \u00e9 um exemplo angustiante de como a viol\u00eancia e a criminalidade podem cruzar os caminhos da seguran\u00e7a p\u00fablica. Fabr\u00edcio desapareceu em S\u00e3o Paulo, na noite de quarta-feira, ap\u00f3s visitar familiares na comunidade Jardim Horizonte Azul, na Zona Sul da cidade. As circunst\u00e2ncias de seu desaparecimento s\u00e3o preocupantes, especialmente considerando que ele relatou uma discuss\u00e3o com um traficante local \u00e0 sua fam\u00edlia antes de sumir. Este incidente n\u00e3o \u00e9 apenas um caso isolado, mas um reflexo de um problema mais profundo na rela\u00e7\u00e3o entre a pol\u00edcia e as comunidades afetadas pela viol\u00eancia do tr\u00e1fico de drogas.<\/p>\n<h2>Hist\u00f3rico do Cabo e Suas F\u00e9rias<\/h2>\n<p>Fabr\u00edcio estava de f\u00e9rias, algo que deveria ser um tempo para relaxamento e conv\u00edvio familiar. De acordo com as informa\u00e7\u00f5es obtidas, Fabr\u00edcio era conhecido na comunidade como um policial dedicado. Ele havia decidido visitar seu pai e filho, que residem na comunidade, sem saber que essa visita teria um final t\u00e3o tr\u00e1gico. A combina\u00e7\u00e3o de seu papel como policial e sua presen\u00e7a em um local marcado pela criminalidade criou um cen\u00e1rio potencialmente perigoso. \u00c9 essencial entendermos que os membros da pol\u00edcia n\u00e3o s\u00e3o apenas agentes de seguran\u00e7a; eles tamb\u00e9m s\u00e3o parte de suas comunidades, vivendo e enfrentando os mesmos desafios que os cidad\u00e3os comuns.<\/p>\n<h2>Discuss\u00e3o com o Traficante<\/h2>\n<p>A discuss\u00e3o que precedeu o desaparecimento de Fabr\u00edcio gera v\u00e1rias quest\u00f5es sobre o relacionamento tenso entre policiais e traficantes. Segundo relatos, Fabr\u00edcio teve um desentendimento com um traficante local, que amea\u00e7ou expor sua atividade policial para os moradores. Essa situa\u00e7\u00e3o levou Fabr\u00edcio a procurar o traficante para resolver a situa\u00e7\u00e3o. Infelizmente, essa tentativa de manter a paz resultou na sua aus\u00eancia. O fato de um policial se sentir amea\u00e7ado em sua pr\u00f3pria comunidade ilustra o quanto a viol\u00eancia do tr\u00e1fico pode desestabilizar o tecido social das \u00e1reas afetadas. Mesmo dentro de suas f\u00e9rias, os agentes da lei se veem envolvidos em situa\u00e7\u00f5es que desafiam n\u00e3o apenas suas fun\u00e7\u00f5es, mas tamb\u00e9m sua seguran\u00e7a pessoal e a de suas fam\u00edlias.<\/p>\n<h2>O Carro Queimado: Ind\u00edcios de Criminosidade<\/h2>\n<p>O carro de Fabr\u00edcio foi encontrado carbonizado em uma \u00e1rea de mata em Itapecerica da Serra, o que levantou s\u00e9rias preocupa\u00e7\u00f5es sobre o que realmente aconteceu. O estado do ve\u00edculo sugere fortemente um ato criminoso intencional, possivelmente para eliminar qualquer evid\u00eancia que pudesse ser usada em uma investiga\u00e7\u00e3o. O inc\u00eandio levantou muitas quest\u00f5es sobre como a viol\u00eancia se infiltra nas atividades cotidianas, n\u00e3o apenas dos cidad\u00e3os, mas tamb\u00e9m dos membros das for\u00e7as de seguran\u00e7a. O descarte do ve\u00edculo em um local isolado e sua destrui\u00e7\u00e3o s\u00e3o sinais tang\u00edveis da brutalidade que permeia a vida em v\u00e1rias comunidades, onde as disputas de poder podem ter consequ\u00eancias letais.<\/p>\n<h2>Pris\u00e3o de Suspeitos e Avan\u00e7os na Investiga\u00e7\u00e3o<\/h2>\n<p>A pol\u00edcia civil rapidamente mobilizou recursos para investigar o desaparecimento de Fabr\u00edcio. Tr\u00eas suspeitos foram detidos, incluindo um homem que discutiu com o PM, outro que foi visto em imagens de seguran\u00e7a seguindo o carro de Fabr\u00edcio e um amigo dele. Essa a\u00e7\u00e3o \u00e9 um passo importante para responder \u00e0 sociedade e para a pr\u00f3pria corpora\u00e7\u00e3o policial, que se v\u00ea refletida em cada a\u00e7\u00e3o perpetrada contra um de seus membros. As pris\u00f5es n\u00e3o apenas trazem alguma esperan\u00e7a para a fam\u00edlia e comunidade que esperam por respostas, mas tamb\u00e9m servem como um aviso de que as autoridades est\u00e3o determinadas a enfrentar violentamente aqueles que amea\u00e7am a seguran\u00e7a e o bem-estar p\u00fablico.<\/p>\n<h2>Depoimentos e Relatos de Testemunhas<\/h2>\n<p>Os depoimentos das testemunhas s\u00e3o cruciais neste caso. A pol\u00edcia ouviu familiares e moradores da comunidade, buscando entender o que aconteceu nas horas que precederam o desaparecimento de Fabr\u00edcio. A colabora\u00e7\u00e3o da comunidade \u00e9 fundamental em situa\u00e7\u00f5es como essa, em que o medo do tr\u00e1fico pode sufocar a vontade das pessoas de falar. No entanto, \u00e9 vital que a pol\u00edcia estabele\u00e7a um relacionamento de confian\u00e7a com os cidad\u00e3os. O medo da repress\u00e3o ou retalia\u00e7\u00e3o por parte de traficantes pode silenciar muitos, mas para resolver crimes como esses, \u00e9 essencial que as vozes e relatos sejam ouvidos e levados a s\u00e9rio.<\/p>\n<h2>A Comunidade e a Rea\u00e7\u00e3o ao Caso<\/h2>\n<p>A presen\u00e7a de um policial em uma comunidade marcada pela viol\u00eancia \u00e9 um fator que complexifica a din\u00e2mica social. Quando um membro da pol\u00edcia desaparece nessas circunst\u00e2ncias, a rea\u00e7\u00e3o da comunidade pode variar. Muitos cidad\u00e3os podem ser solid\u00e1rios e querer ajudar nas investiga\u00e7\u00f5es, enquanto outros podem se sentir intimidados pela presen\u00e7a policial, temendo poss\u00edveis repres\u00e1lias. A rea\u00e7\u00e3o inicial da comunidade ao desaparecimento de Fabr\u00edcio foi de apoio, com muitos familiares e amigos fazendo apelos nas redes sociais para que qualquer informa\u00e7\u00e3o sobre seu paradeiro fosse compartilhada. Isso ressalta a necessidade de construir uma rela\u00e7\u00e3o de respeito m\u00fatuo entre a pol\u00edcia e a popula\u00e7\u00e3o.<\/p>\n<h2>A Import\u00e2ncia da Seguran\u00e7a P\u00fablica<\/h2>\n<p>Os eventos que cercam o desaparecimento de Fabr\u00edcio colocam em evid\u00eancia a import\u00e2ncia da seguran\u00e7a p\u00fablica em um n\u00edvel mais amplo. Quando um policial desaparece em circunst\u00e2ncias t\u00e3o suspeitas, levanta-se a quest\u00e3o sobre a seguran\u00e7a dos pr\u00f3prios membros da pol\u00edcia. A rela\u00e7\u00e3o entre a for\u00e7a policial e as comunidades que servem deve ser um di\u00e1logo aberto e cont\u00ednuo. \u00c9 essencial que as autoridades tomem medidas para n\u00e3o apenas proteger seus membros, mas tamb\u00e9m para garantir a seguran\u00e7a das comunidades que confiam neles. A seguran\u00e7a p\u00fablica vai muito al\u00e9m da presen\u00e7a de patrulhas; envolve a constru\u00e7\u00e3o de um ambiente em que a confian\u00e7a e o respeito possam florescer entre policiais e cidad\u00e3os.<\/p>\n<h2>Medidas Tomadas pela Pol\u00edcia Civil<\/h2>\n<p>A resposta da Pol\u00edcia Civil a este caso foi r\u00e1pida e direta, mostrando um empenho em resolver o caso de Fabr\u00edcio. Com o uso de recursos de busca, incluindo c\u00e3es do Canil da corpora\u00e7\u00e3o, a pol\u00edcia se comprometeu a encontrar Fabr\u00edcio, demonstrando que cada vida \u00e9 importante, especialmente a de um agente de seguran\u00e7a. Os esfor\u00e7os incluem a an\u00e1lise de imagens de c\u00e2meras de seguran\u00e7a e batidas em \u00e1reas onde ele poderia ser mantido. Essa mobiliza\u00e7\u00e3o \u00e9 um sinal de que a seguran\u00e7a e a vida dos que trabalham para proteger a sociedade est\u00e3o sendo levadas a s\u00e9rio. Al\u00e9m disso, a defer\u00eancia a uma busca exaustiva reflete a determina\u00e7\u00e3o das autoridades em se engajar ativamente no enfrentamento da criminalidade que perpassa a todos, incluindo os pr\u00f3prios policiais.<\/p>\n<h2>O Impacto na Fam\u00edlia e na Sociedade<\/h2>\n<p>O desaparecimento de um policial como Fabr\u00edcio tem um impacto profundo na sua fam\u00edlia e na comunidade que ele representa. Para sua noiva, que estava prestes a se casar, o desaparecimento gera ang\u00fastia e incerteza. Essa situa\u00e7\u00e3o vai al\u00e9m do sofrimento pessoal; toca em quest\u00f5es mais amplas sobre seguran\u00e7a e confian\u00e7a dentro da comunidade. A dor que sua fam\u00edlia est\u00e1 enfrentando \u00e9 tamb\u00e9m uma reflex\u00e3o sobre o ambiente em que vivem tantas pessoas, cujas vidas s\u00e3o constantemente afetadas pela viol\u00eancia. Este caso torna-se um s\u00edmbolo da luta di\u00e1ria contra a viol\u00eancia e a criminalidade, empurrando as fam\u00edlias a experimentar um misto de esperan\u00e7a e desespero, enquanto esperam por not\u00edcias e resolu\u00e7\u00e3o.<\/p>\n\n<div style=\"font-size: 0px; height: 0px; line-height: 0px; margin: 0; padding: 0; clear: both;\"><\/div>","protected":false},"excerpt":{"rendered":"<p>Sumi\u00e7o de PM em S\u00e3o Paulo ap\u00f3s discuss\u00e3o com traficante preocupa autoridades.<\/p>\n","protected":false},"author":1,"featured_media":0,"comment_status":"open","ping_status":"closed","sticky":false,"template":"","format":"standard","meta":{"footnotes":""},"categories":[3],"tags":[],"class_list":["post-44773","post","type-post","status-publish","format-standard","hentry","category-noticias-em-santana"],"aioseo_notices":[],"_links":{"self":[{"href":"https:\/\/www.encontrasantana.com.br\/sobre\/wp-json\/wp\/v2\/posts\/44773"}],"collection":[{"href":"https:\/\/www.encontrasantana.com.br\/sobre\/wp-json\/wp\/v2\/posts"}],"about":[{"href":"https:\/\/www.encontrasantana.com.br\/sobre\/wp-json\/wp\/v2\/types\/post"}],"author":[{"embeddable":true,"href":"https:\/\/www.encontrasantana.com.br\/sobre\/wp-json\/wp\/v2\/users\/1"}],"replies":[{"embeddable":true,"href":"https:\/\/www.encontrasantana.com.br\/sobre\/wp-json\/wp\/v2\/comments?post=44773"}],"version-history":[{"count":0,"href":"https:\/\/www.encontrasantana.com.br\/sobre\/wp-json\/wp\/v2\/posts\/44773\/revisions"}],"wp:attachment":[{"href":"https:\/\/www.encontrasantana.com.br\/sobre\/wp-json\/wp\/v2\/media?parent=44773"}],"wp:term":[{"taxonomy":"category","embeddable":true,"href":"https:\/\/www.encontrasantana.com.br\/sobre\/wp-json\/wp\/v2\/categories?post=44773"},{"taxonomy":"post_tag","embeddable":true,"href":"https:\/\/www.encontrasantana.com.br\/sobre\/wp-json\/wp\/v2\/tags?post=44773"}],"curies":[{"name":"wp","href":"https:\/\/api.w.org\/{rel}","templated":true}]}}