{"id":44813,"date":"2026-01-20T04:20:30","date_gmt":"2026-01-20T07:20:30","guid":{"rendered":"https:\/\/www.encontrasantana.com.br\/sobre\/associados-solicitam-e-apcef-abre-manifestacao-de-interesse-para-venda-do-flat-santana\/"},"modified":"2026-01-20T04:20:30","modified_gmt":"2026-01-20T07:20:30","slug":"associados-solicitam-e-apcef-abre-manifestacao-de-interesse-para-venda-do-flat-santana","status":"publish","type":"post","link":"https:\/\/www.encontrasantana.com.br\/sobre\/associados-solicitam-e-apcef-abre-manifestacao-de-interesse-para-venda-do-flat-santana\/","title":{"rendered":"Associados solicitam, e APCEF abre manifesta\u00e7\u00e3o de interesse para venda do Flat Santana"},"content":{"rendered":"<div class=\"1acf8468e559fd3cbeec5aee3a269a52\" data-index=\"1\" style=\"float: none; margin:0px;\">\n<!-- Anuncio display - global -->\r\n<ins class=\"adsbygoogle\"\r\n     style=\"display:block\"\r\n     data-ad-client=\"ca-pub-8585364105181520\"\r\n     data-ad-slot=\"8789329856\"\r\n     data-ad-format=\"auto\"\r\n     data-full-width-responsive=\"true\"><\/ins>\r\n<script>\r\n     (adsbygoogle = window.adsbygoogle || []).push({});\r\n<\/script>\n<\/div>\n<h2>Localiza\u00e7\u00e3o Privilegiada do Flat Santana<\/h2>\n<p>O Flat Santana est\u00e1 situado em uma localiza\u00e7\u00e3o estrat\u00e9gica, que combina conforto e conveni\u00eancia para seus moradores e visitantes. Localizado no bairro de Santana, em S\u00e3o Paulo, esse empreendimento \u00e9 rodeado por um ambiente urbano vibrante, com f\u00e1cil acesso a uma variedade de servi\u00e7os e infraestruturas essenciais.<\/p>\n<p>A regi\u00e3o \u00e9 conhecida por sua acessibilidade, com linhas de transporte p\u00fablico que permitem que os residentes se desloquem com facilidade para outras \u00e1reas da cidade. Al\u00e9m disso, a proximidade com estabelecimentos comerciais, escolas, hospitais e op\u00e7\u00f5es de lazer tornam o Flat Santana uma escolha atrativa para fam\u00edlias e profissionais que buscam um lugar para viver ou investir.<\/p>\n<p>Outro ponto a ser destacado \u00e9 a infraestrutura dispon\u00edvel na \u00e1rea. O Flat Santana \u00e9 facilmente acess\u00edvel por diversas vias, o que facilita o tr\u00e2nsito, mesmo em hor\u00e1rios de pico. Adicionalmente, h\u00e1 v\u00e1rias op\u00e7\u00f5es de restaurantes, supermercados e centros comerciais nas proximidades, que oferecem comodidade e praticidade no dia a dia dos moradores.<\/p>\n<p><img decoding=\"async\" src=\"https:\/\/www.encontrasantana.com.br\/sobre\/wp-content\/uploads\/2026\/01\/associados-solicitam-e-apcef-abre-manifestacao-de-interesse-para-venda-do-flat-santana.webp\" alt=\"Flat Santana\" loading=\"lazy\" \/><\/p>\n<p>Com um ambiente seguro e bem iluminado, a vizinhan\u00e7a se destaca como um lugar acolhedor. A regi\u00e3o tamb\u00e9m \u00e9 conhecida por sua oferta de parques e \u00e1reas verdes, proporcionando um espa\u00e7o para atividades f\u00edsicas e momentos de lazer ao ar livre.<\/p>\n<h2>Processo de Venda Transparente e Justo<\/h2>\n<p>A administra\u00e7\u00e3o do Flat Santana se compromete a garantir que todo o processo de venda seja conduzido de forma transparente e justa. Este aspecto \u00e9 fundamental para que os associados e potenciais compradores sintam-se seguros quanto \u00e0s transa\u00e7\u00f5es realizadas.<\/p>\n<p>Ap\u00f3s solicita\u00e7\u00e3o por parte dos associados, a APCEF\/SP abriu um per\u00edodo espec\u00edfico para a apresenta\u00e7\u00e3o de propostas de aquisi\u00e7\u00e3o do im\u00f3vel. Para esta venda, foi estipulado um valor m\u00ednimo de R$ 185 mil l\u00edquidos, alinhado \u00e0s condi\u00e7\u00f5es de mercado e ao valor de unidades semelhantes no mesmo condom\u00ednio. Essa abordagem garante que todos os envolvidos na compra e venda tenham informa\u00e7\u00f5es claras e acess\u00edveis sobre as condi\u00e7\u00f5es da transa\u00e7\u00e3o.<\/p>\n<p>A APCEF\/SP se compromete a seguir rigorosamente os crit\u00e9rios definidos por sua administra\u00e7\u00e3o para an\u00e1lise e sele\u00e7\u00e3o das propostas. Todos os interessados t\u00eam a oportunidade de submeter suas propostas, respeitando o \u00e2mbito do artigo 20 do Estatuto da entidade, o que promove um processo inclusivo e democr\u00e1tico.<\/p>\n<p>Al\u00e9m disso, a transpar\u00eancia \u00e9 refor\u00e7ada por meio da comunica\u00e7\u00e3o constante com os associados, que s\u00e3o mantidos informados sobre cada etapa do processo. Essa abertura para di\u00e1logo \u00e9 essencial para o fortalecimento da confian\u00e7a e da credibilidade da associa\u00e7\u00e3o entre seus membros.<\/p>\n<h2>Condi\u00e7\u00f5es e Valor M\u00ednimo da Proposta<\/h2>\n<p>O valor m\u00ednimo para a proposta de aquisi\u00e7\u00e3o do Flat Santana foi estabelecido em R$ 185 mil l\u00edquidos. Este pre\u00e7o reflete um valor que considera o mercado atual, al\u00e9m de respeitar um equil\u00edbrio entre o interesse dos compradores e os objetivos da APCEF\/SP.<\/p>\n<p>Esse pre\u00e7o \u00e9 considerado adequado para o im\u00f3vel em quest\u00e3o, levando em conta a localiza\u00e7\u00e3o privativa e as ofertas semelhantes dispon\u00edveis na \u00e1rea. A defini\u00e7\u00e3o deste valor m\u00ednimo foi fruto de uma an\u00e1lise criteriosa do mercado imobili\u00e1rio, garantindo que a proposta seja justa tanto para a APCEF\/SP quanto para potenciais compradores.<\/p>\n<p>Os interessados devem compreender que a apresenta\u00e7\u00e3o de propostas deve seguir rigorosamente as condi\u00e7\u00f5es estipuladas pela APCEF\/SP. Esse cuidado assegura que o processo seja equitativo e organizado, permitindo que cada proposta seja avaliada de forma justa e objetiva.<\/p>\n<h2>Como Enviar Sua Proposta de Aquisi\u00e7\u00e3o<\/h2>\n<p>Para os associados e interessados que desejam participar do processo de compra do Flat Santana, \u00e9 fundamental seguir as orienta\u00e7\u00f5es estabelecidas pela APCEF\/SP. As propostas de aquisi\u00e7\u00e3o devem ser enviadas por meio do canal oficial da associa\u00e7\u00e3o, utilizando o e-mail <strong>faleconosco@apcefsp.org.br<\/strong>.<\/p>\n<p>A APCEF\/SP estabeleceu um intervalo de tempo espec\u00edfico para a recep\u00e7\u00e3o das propostas, come\u00e7ando em 19 de janeiro e se encerrando em 26 de janeiro de 2026. Durante este per\u00edodo, \u00e9 crucial que os interessados preparem suas propostas de acordo com os requisitos definidos, garantindo que todas as informa\u00e7\u00f5es necess\u00e1rias sejam inclu\u00eddas.<\/p>\n<p>Al\u00e9m disso, recomenda-se que os interessados expressem claramente suas inten\u00e7\u00f5es e condi\u00e7\u00f5es ao envio da proposta, a fim de facilitar a an\u00e1lise e a tomada de decis\u00e3o por parte da APCEF\/SP. Esse processo de envio n\u00e3o s\u00f3 demonstra seriedade, mas tamb\u00e9m orienta a associa\u00e7\u00e3o para que possa atender a todos os proponentes de forma adequada e eficiente.<\/p>\n<h2>Per\u00edodo para Apresenta\u00e7\u00e3o de Propostas<\/h2>\n<p>O per\u00edodo estipulado para a apresenta\u00e7\u00e3o de propostas para a aquisi\u00e7\u00e3o do Flat Santana \u00e9 uma fase importante e deve ser respeitado por todos os interessados. De 19 a 26 de janeiro de 2026, os associados t\u00eam a oportunidade de enviar suas propostas e garantir suas chances de participa\u00e7\u00e3o neste processo.<\/p>\n<p>\u00c9 crucial que os interessados fiquem atentos a esse prazo, pois ap\u00f3s o t\u00e9rmino do per\u00edodo, n\u00e3o ser\u00e1 poss\u00edvel mais a apresenta\u00e7\u00e3o de novas propostas. Esta janela de tempo foi pensada para oferecer a todos os associados a chance de participar, respeitando a din\u00e2mica da assembleia que autorizou a venda.<\/p>\n<p>Os associados devem se preparar para apresentar propostas claras e diretas, com todos os dados necess\u00e1rios para que a an\u00e1lise seja feita sem complica\u00e7\u00f5es. Essa organiza\u00e7\u00e3o ajudar\u00e1 n\u00e3o apenas na avalia\u00e7\u00e3o, mas tamb\u00e9m na escolha mais informada de potenciais compradores pelo Flat Santana.<\/p>\n<h2>An\u00e1lise das Propostas: O Que Esperar?<\/h2>\n<p>A an\u00e1lise das propostas apresentadas para a aquisi\u00e7\u00e3o do Flat Santana ser\u00e1 conduzida de forma minuciosa e criteriosa, conforme os crit\u00e9rios estabelecidos pela APCEF\/SP. Todos os interessados devem estar cientes de que essa fase \u00e9 crucial para garantir a equidade e a transpar\u00eancia em todo o processo.<\/p>\n<p>Os crit\u00e9rios para avalia\u00e7\u00e3o normalmente incluem o valor da proposta, a condi\u00e7\u00e3o de pagamento, e a solidez das inten\u00e7\u00f5es apresentadas pelos compradores. A APCEF\/SP se compromete a avaliar cada proposta de forma justa, considerando n\u00e3o apenas o aspecto financeiro, mas tamb\u00e9m a conformidade em rela\u00e7\u00e3o \u00e0s normas da entidade.<\/p>\n<p>Al\u00e9m disso, \u00e9 importante que os interessados estejam preparados para poss\u00edveis esclarecimentos ou solicita\u00e7\u00f5es adicionais de informa\u00e7\u00f5es durante o processo de an\u00e1lise. A comunica\u00e7\u00e3o entre a APCEF\/SP e os proponentes ser\u00e1 fundamental para garantir a fluidez na avalia\u00e7\u00e3o das propostas.<\/p>\n<h2>Import\u00e2ncia da Assembleia Geral para Decis\u00f5es<\/h2>\n<p>A Assembleia Geral desempenha um papel fundamental nas decis\u00f5es da APCEF\/SP e, no caso da venda do Flat Santana, foi nesta reuni\u00e3o que a autoriza\u00e7\u00e3o para o processo foi aprovada. Esse aspecto ressalta o comprometimento da associa\u00e7\u00e3o com a democracia interna e a participa\u00e7\u00e3o dos associados nas decis\u00f5es que afetam a entidade.<\/p>\n<p>Os associados t\u00eam a oportunidade de expressar suas opini\u00f5es e votar sobre quest\u00f5es relevantes, garantindo que a gest\u00e3o da APCEF\/SP atue sempre em conson\u00e2ncia com os interesses de seus membros. Essa pr\u00e1tica fortalece a unidade dos associados e promove um ambiente de confian\u00e7a e transpar\u00eancia.<\/p>\n<p>Al\u00e9m disso, a Assembleia Geral \u00e9 um espa\u00e7o onde informa\u00e7\u00f5es podem ser discutidas abertamente, permitindo que a administra\u00e7\u00e3o forne\u00e7a detalhes sobre o processo de venda, esclarecendo d\u00favidas e ajustando expectativas dos associados em rela\u00e7\u00e3o ao futuro do Flat Santana.<\/p>\n<h2>Transpar\u00eancia e Normas no Processo de Venda<\/h2>\n<p>A APCEF\/SP est\u00e1 comprometida em garantir que todo o processo de venda do Flat Santana seja conduzido com rigor e respeito \u00e0s normas estabelecidas. A transpar\u00eancia \u00e9 um valor fundamental que orienta todas as a\u00e7\u00f5es da associa\u00e7\u00e3o e deve ser priorizado em cada etapa do processo de venda.<\/p>\n<p>As normas estabelecidas pelo Estatuto da APCEF\/SP garantem que n\u00e3o haja favoritismo e que todas as propostas sejam analisadas de forma imparcial. Isso n\u00e3o s\u00f3 respalda a integridade do processo, mas tamb\u00e9m assegura que os associados sintam-se confiantes nas decis\u00f5es que est\u00e3o sendo tomadas.<\/p>\n<p>O compromisso da APCEF\/SP com a transpar\u00eancia tamb\u00e9m se reflete na comunica\u00e7\u00e3o aberta, onde os associados s\u00e3o mantidos informados sobre o progresso do processo de venda, permitindo um acompanhamento adequado e participa\u00e7\u00e3o ativa se assim desejarem.<\/p>\n<h2>Hist\u00f3rico de Interesse dos Associados pelo Im\u00f3vel<\/h2>\n<p>O Flat Santana atraiu um hist\u00f3rico de interesse significativo entre os associados da APCEF\/SP, um aspecto que motivou a administra\u00e7\u00e3o da entidade a abrir o processo de venda. Esse interesse \u00e9 reflexo da localiza\u00e7\u00e3o privilegiada do im\u00f3vel, suas caracter\u00edsticas e do valor que os associados veem em adquirir uma unidade nesse empreendimento.<\/p>\n<p>Os associados que manifestaram interesse representam uma diversidade de perfis, incluindo aqueles que buscam um novo lar ou um investimento no setor imobili\u00e1rio. Essa demanda torna o processo de venda ainda mais relevante, pois alinha os interesses da associa\u00e7\u00e3o com os dos associados.<\/p>\n<p>Esse panorama mostra que o Flat Santana n\u00e3o \u00e9 apenas um bem imobili\u00e1rio, mas sim um espa\u00e7o valorizado entre a comunidade da APCEF\/SP. O envolvimento e o entusiasmo dos associados em rela\u00e7\u00e3o a essa venda s\u00e3o fundamentais para garantir um processo exitoso e satisfat\u00f3rio.<\/p>\n<h2>Pr\u00f3ximos Passos Ap\u00f3s a Aceita\u00e7\u00e3o da Proposta<\/h2>\n<p>Uma vez que uma proposta para a aquisi\u00e7\u00e3o do Flat Santana seja aceita pela APCEF\/SP, os pr\u00f3ximos passos envolvem a formaliza\u00e7\u00e3o da transa\u00e7\u00e3o, que ir\u00e1 incluir a elabora\u00e7\u00e3o de contratos e a defini\u00e7\u00e3o dos termos de pagamento. Este processo \u00e9 de extrema import\u00e2ncia para assegurar que todas as partes envolvidas estejam alinhadas e cientes de suas responsabilidades.<\/p>\n<p>Ap\u00f3s a aceita\u00e7\u00e3o, ser\u00e1 agendada uma reuni\u00e3o entre o comprador e a administra\u00e7\u00e3o da APCEF\/SP, onde detalhes finais ser\u00e3o discutidos e qualquer documenta\u00e7\u00e3o necess\u00e1ria ser\u00e1 revisada. Isso garantir\u00e1 que o processo de transfer\u00eancia de propriedade ocorra de maneira suave, respeitando as normas e regulamenta\u00e7\u00f5es aplic\u00e1veis.<\/p>\n<p>Os novos propriet\u00e1rios tamb\u00e9m ser\u00e3o orientados sobre aspectos pr\u00e1ticos de sua nova aquisi\u00e7\u00e3o, como acesso a servi\u00e7os e responsabilidades ligadas \u00e0 propriedade. Essa etapa \u00e9 crucial para integrar satisfatoriamente o novo propriet\u00e1rio \u00e0 comunidade do Flat Santana, promovendo um ambiente harmonioso.<\/p>\n\n<div style=\"font-size: 0px; height: 0px; line-height: 0px; margin: 0; padding: 0; clear: both;\"><\/div>","protected":false},"excerpt":{"rendered":"<p>Flat Santana: conhe\u00e7a a oportunidade \u00fanica de compra direcionada aos associados da APCEF\/SP.<\/p>\n","protected":false},"author":1,"featured_media":44812,"comment_status":"open","ping_status":"closed","sticky":false,"template":"","format":"standard","meta":{"footnotes":""},"categories":[3],"tags":[],"class_list":["post-44813","post","type-post","status-publish","format-standard","has-post-thumbnail","hentry","category-noticias-em-santana","has_thumb"],"aioseo_notices":[],"_links":{"self":[{"href":"https:\/\/www.encontrasantana.com.br\/sobre\/wp-json\/wp\/v2\/posts\/44813"}],"collection":[{"href":"https:\/\/www.encontrasantana.com.br\/sobre\/wp-json\/wp\/v2\/posts"}],"about":[{"href":"https:\/\/www.encontrasantana.com.br\/sobre\/wp-json\/wp\/v2\/types\/post"}],"author":[{"embeddable":true,"href":"https:\/\/www.encontrasantana.com.br\/sobre\/wp-json\/wp\/v2\/users\/1"}],"replies":[{"embeddable":true,"href":"https:\/\/www.encontrasantana.com.br\/sobre\/wp-json\/wp\/v2\/comments?post=44813"}],"version-history":[{"count":0,"href":"https:\/\/www.encontrasantana.com.br\/sobre\/wp-json\/wp\/v2\/posts\/44813\/revisions"}],"wp:featuredmedia":[{"embeddable":true,"href":"https:\/\/www.encontrasantana.com.br\/sobre\/wp-json\/wp\/v2\/media\/44812"}],"wp:attachment":[{"href":"https:\/\/www.encontrasantana.com.br\/sobre\/wp-json\/wp\/v2\/media?parent=44813"}],"wp:term":[{"taxonomy":"category","embeddable":true,"href":"https:\/\/www.encontrasantana.com.br\/sobre\/wp-json\/wp\/v2\/categories?post=44813"},{"taxonomy":"post_tag","embeddable":true,"href":"https:\/\/www.encontrasantana.com.br\/sobre\/wp-json\/wp\/v2\/tags?post=44813"}],"curies":[{"name":"wp","href":"https:\/\/api.w.org\/{rel}","templated":true}]}}