{"id":44827,"date":"2026-01-23T04:16:18","date_gmt":"2026-01-23T07:16:18","guid":{"rendered":"https:\/\/www.encontrasantana.com.br\/sobre\/carro-de-pm-desaparecido-foi-encontrado-carbonizado-em-itapecerica-da-serra\/"},"modified":"2026-01-23T04:16:18","modified_gmt":"2026-01-23T07:16:18","slug":"carro-de-pm-desaparecido-foi-encontrado-carbonizado-em-itapecerica-da-serra","status":"publish","type":"post","link":"https:\/\/www.encontrasantana.com.br\/sobre\/carro-de-pm-desaparecido-foi-encontrado-carbonizado-em-itapecerica-da-serra\/","title":{"rendered":"Carro de PM desaparecido foi encontrado carbonizado em Itapecerica da Serra"},"content":{"rendered":"<div class=\"1acf8468e559fd3cbeec5aee3a269a52\" data-index=\"1\" style=\"float: none; margin:0px;\">\n<!-- Anuncio display - global -->\r\n<ins class=\"adsbygoogle\"\r\n     style=\"display:block\"\r\n     data-ad-client=\"ca-pub-8585364105181520\"\r\n     data-ad-slot=\"8789329856\"\r\n     data-ad-format=\"auto\"\r\n     data-full-width-responsive=\"true\"><\/ins>\r\n<script>\r\n     (adsbygoogle = window.adsbygoogle || []).push({});\r\n<\/script>\n<\/div>\n<h2>O desaparecimento de Fabr\u00edcio Gomes de Santana<\/h2>\n<p>O caso do policial militar Fabr\u00edcio Gomes de Santana, de 40 anos, gerou grande como\u00e7\u00e3o e preocupa\u00e7\u00e3o em S\u00e3o Paulo ap\u00f3s seu desaparecimento na tarde de quarta-feira (7). Fabr\u00edcio foi visto pela \u00faltima vez ap\u00f3s um desentendimento com um suspeito de tr\u00e1fico de drogas. O incidente ocorreu na Avenida dos Funcion\u00e1rios P\u00fablicos, na zona sul da cidade, onde uma discuss\u00e3o acalorada estourou entre os dois homens.<\/p>\n<p>Relatos indicam que durante a discuss\u00e3o, o suspeito lan\u00e7ou amea\u00e7as a Fabr\u00edcio, alegando que poderia expor sua identidade e posi\u00e7\u00e3o como policial na comunidade local. Ap\u00f3s essa troca de palavras, Fabr\u00edcio entrou em contato com seu irm\u00e3o informando sobre a confus\u00e3o e mencionou que tomaria medidas para resolver a situa\u00e7\u00e3o, partindo de carro do local.<\/p>\n<p>Infelizmente, o policial n\u00e3o foi mais visto. Sua aus\u00eancia come\u00e7ou a levantar suspeitas e preocupa\u00e7\u00f5es entre familiares e colegas, culminando em uma busca intensa por informa\u00e7\u00f5es sobre seu paradeiro.<\/p>\n<p><img decoding=\"async\" src=\"https:\/\/www.encontrasantana.com.br\/sobre\/wp-content\/uploads\/2026\/01\/carro-de-pm-desaparecido-foi-encontrado-carbonizado-em-itapecerica-da-serra.webp\" alt=\"carro de PM desaparecido\" loading=\"lazy\" \/><\/p>\n<h2>Como o carro carbonizado foi encontrado<\/h2>\n<p>No dia seguinte ao seu desaparecimento, o ve\u00edculo de Fabr\u00edcio, um Ford Ka, foi localizado totalmente carbonizado em uma \u00e1rea de mata em Itapecerica da Serra, na regi\u00e3o metropolitana de S\u00e3o Paulo. A inc\u00eandio do ve\u00edculo levantou quest\u00f5es severas sobre os fatos que cercavam o desaparecimento do policial. Imagens do carro em chamas foram divulgadas, evidenciando a gravidade da situa\u00e7\u00e3o.<\/p>\n<p>As equipes da Pol\u00edcia Militar que encontraram o carro confirmaram que Fabr\u00edcio n\u00e3o estava presente no local. Isso aumentou a urg\u00eancia nas buscas e na investiga\u00e7\u00e3o sobre o seu desaparecimento. O estado em que o carro foi encontrado n\u00e3o apenas indica uma potencial liga\u00e7\u00e3o com o crime, mas tamb\u00e9m produz um clima de incerteza e medo em rela\u00e7\u00e3o \u00e0 seguran\u00e7a p\u00fablica na \u00e1rea.<\/p>\n<h2>Motiva\u00e7\u00f5es por tr\u00e1s da discuss\u00e3o com traficante<\/h2>\n<p>A discuss\u00e3o que antecedeu o desaparecimento de Fabr\u00edcio \u00e9 crucial para entender o que pode ter acontecido. O envolvimento de indiv\u00edduos ligados ao tr\u00e1fico de drogas sugere que Fabr\u00edcio pode ter se encontrado em uma situa\u00e7\u00e3o perigosa, possivelmente como resultado de sua profiss\u00e3o. A men\u00e7\u00e3o de que o homem com quem Fabr\u00edcio discutiu estava associado ao tr\u00e1fico de drogas levanta o questionamento sobre at\u00e9 que ponto essa conversa poderia ter escalado para um conflito mais s\u00e9rio.<\/p>\n<p>Al\u00e9m do fator surpresa, as amea\u00e7as feitas pelo traficante podem ter sido um movimento estrat\u00e9gico para intimidar o policial e dificultar sua atua\u00e7\u00e3o profissional. Essa situa\u00e7\u00e3o levanta um problema maior sobre como policiais podem ser alvo de criminosos no exerc\u00edcio de suas fun\u00e7\u00f5es, o que pode comprometer a seguran\u00e7a deles e de suas fam\u00edlias.<\/p>\n<h2>Implica\u00e7\u00f5es para a seguran\u00e7a p\u00fablica em S\u00e3o Paulo<\/h2>\n<p>O caso de Fabr\u00edcio Gomes de Santana exp\u00f5e um tema sens\u00edvel relacionado \u00e0 seguran\u00e7a p\u00fablica e \u00e0 prote\u00e7\u00e3o dos policiais em S\u00e3o Paulo. Quando um oficial da lei \u00e9 amea\u00e7ado e acaba desaparecendo, isso revela fragilidades na seguran\u00e7a dos pr\u00f3prios agentes que deveriam garantir a prote\u00e7\u00e3o da popula\u00e7\u00e3o. A atmosfera de medo entre os policiais pode impactar a efic\u00e1cia de suas a\u00e7\u00f5es e decis\u00f5es no combate ao crime.<\/p>\n<p>A sociedade deve refletir sobre a necessidade de um suporte mais robusto para profissionais de seguran\u00e7a, considerando n\u00e3o apenas a sua prote\u00e7\u00e3o f\u00edsica, mas tamb\u00e9m apoio psicol\u00f3gico para lidar com as tens\u00f5es do trabalho em \u00e1reas afetadas por crime organizado.<\/p>\n<h2>Investiga\u00e7\u00e3o da pol\u00edcia sobre o desaparecimento<\/h2>\n<p>A Pol\u00edcia Civil assumiu a investiga\u00e7\u00e3o do desaparecimento do Cabo Fabr\u00edcio e rapidamente iniciou v\u00e1rias linhas de apura\u00e7\u00e3o. Relatos indicam que tr\u00eas indiv\u00edduos agora s\u00e3o considerados suspeitos e foram detidos na sequ\u00eancia das investiga\u00e7\u00f5es. O foco das autoridades se concentrou em investigar quaisquer conex\u00f5es com o tr\u00e1fico de drogas, especialmente considerando o contexto do desentendimento que levou ao desaparecimento do policial.<\/p>\n<p>Al\u00e9m disso, um segundo ve\u00edculo, aparentemente vinculado ao caso, tamb\u00e9m foi encontrado na \u00e1rea. Dentro dele foram localizados gal\u00f5es com um forte odor de gasolina, o que levou a equipe de per\u00edcia a ser chamada ao local para uma investiga\u00e7\u00e3o mais aprofundada.<\/p>\n<h2>Testemunhas e os \u00faltimos momentos de Fabr\u00edcio<\/h2>\n<p>Testemunhas tamb\u00e9m desempenham um papel fundamental nesta investiga\u00e7\u00e3o. H\u00e1 informa\u00e7\u00f5es de que Fabr\u00edcio esteve em uma adega na noite de seu desaparecimento e pode ter tido outra discuss\u00e3o com o mesmo homem com quem teve o desentendimento anterior. Os relatos de pessoas que viram Fabr\u00edcio, bem como os dados coletados de c\u00e2meras de seguran\u00e7a, s\u00e3o vitais para garantir uma reconstru\u00e7\u00e3o precisa dos eventos que culminaram em seu desaparecimento.<\/p>\n<p>As autoridades est\u00e3o empenhadas em coletar dados que possam fornecer ind\u00edcios do que aconteceu nas \u00faltimas horas de Fabr\u00edcio. O interrogat\u00f3rio de v\u00e1rias pessoas que estiveram pr\u00f3ximas a ele nos dias anteriores ao seu desaparecimento \u00e9 uma parte essencial do processo de obten\u00e7\u00e3o de pistas que possam lev\u00e1-los a encontr\u00e1-lo.<\/p>\n<h2>Poss\u00edveis liga\u00e7\u00f5es com o tr\u00e1fico de drogas<\/h2>\n<p>A liga\u00e7\u00e3o entre o desaparecimento de Fabr\u00edcio e o tr\u00e1fico de drogas n\u00e3o pode ser ignorada. A din\u00e2mica do crime organizado muitas vezes envolve amea\u00e7as diretas a membros das for\u00e7as de seguran\u00e7a, o que pode resultar em situa\u00e7\u00f5es extremas como o desaparecimento do policial. O fato de Fabr\u00edcio ter se envolvido em uma discuss\u00e3o com algu\u00e9m presumivelmente ligado ao tr\u00e1fico sugere que ele pode ter sido alvo de uma a\u00e7\u00e3o coordenada para silenci\u00e1-lo.<\/p>\n<p>Esse tipo de crime n\u00e3o apenas afeta o policial diretamente envolvido, mas ecoa por toda a comunit\u00e1ria, criando um clima de medo e incerteza. A maneira como a sociedade lida com a situa\u00e7\u00e3o e a resposta das autoridades s\u00e3o cruciais para reverter essa narrativa negativa.<\/p>\n<h2>A resposta da comunidade ao desaparecimento<\/h2>\n<p>A comunidade local reagiu com preocupa\u00e7\u00e3o e solidariedade ao desaparecimento do Cabo Fabr\u00edcio. Muitas pessoas expressaram suas preocupa\u00e7\u00f5es nas redes sociais e em reuni\u00f5es comunit\u00e1rias, clamando por respostas e pela seguran\u00e7a de seus policiais. Um evento de solidariedade foi organizado para chamar a aten\u00e7\u00e3o das autoridades sobre a necessidade de solu\u00e7\u00f5es eficientes para a problem\u00e1tica da seguran\u00e7a p\u00fablica.<\/p>\n<p>Esse tipo de mobiliza\u00e7\u00e3o \u00e9 essencial para mostrar que a comunidade est\u00e1 consciente e disposta a apoiar as for\u00e7as de seguran\u00e7a. Ao mesmo tempo, a resposta da comunidade pode pressionar as autoridades a tomar atitudes mais en\u00e9rgicas nas investiga\u00e7\u00f5es e a garantir a seguran\u00e7a de todos os envolvidos.<\/p>\n<h2>Desenvolvimentos recentes na investiga\u00e7\u00e3o<\/h2>\n<p>Com o desenrolar da investiga\u00e7\u00e3o, as autoridades encaixaram novas pe\u00e7as no quebra-cabe\u00e7a que envolve o caso do desaparecimento de Fabr\u00edcio. Os tr\u00eas suspeitos detidos est\u00e3o sendo interrogados e a Pol\u00edcia Civil busca provas que possam solidificar as acusa\u00e7\u00f5es contra eles. Foi solicitado \u00e0 Justi\u00e7a a pris\u00e3o de tais indiv\u00edduos, evidenciando a gravidade da situa\u00e7\u00e3o e a urg\u00eancia de um progresso nas apura\u00e7\u00f5es.<\/p>\n<p>Al\u00e9m disso, a per\u00edcia realizada no segundo ve\u00edculo encontrado ajudar\u00e1 a determinar se h\u00e1 mais evid\u00eancias que comprovem o envolvimento dos suspeitos na poss\u00edvel pr\u00e1tica de crimes relacionados ao desaparecimento do policial militar.<\/p>\n<h2>O papel da m\u00eddia na cobertura do caso<\/h2>\n<p>A m\u00eddia desempenha um papel relevante na cobertura do desaparecimento de Fabr\u00edcio, ajudando a amplificar a situa\u00e7\u00e3o enquanto mant\u00e9m a quest\u00e3o da seguran\u00e7a p\u00fablica no foco das discuss\u00f5es locais. A exposi\u00e7\u00e3o do caso favorece n\u00e3o apenas a visibilidade, mas tamb\u00e9m a press\u00e3o sobre as autoridades para que ajam de maneira mais eficaz.<\/p>\n<p>Al\u00e9m disso, a forma como a m\u00eddia aborda o tema pode influenciar a percep\u00e7\u00e3o p\u00fablica sobre o fen\u00f4meno da viol\u00eancia contra policiais e o papel das for\u00e7as de seguran\u00e7a na prote\u00e7\u00e3o da sociedade. \u00c9 essencial que a cobertura seja respons\u00e1vel e busque trazer informa\u00e7\u00f5es precisas, sem alimentar especula\u00e7\u00f5es que possam prejudicar o andamento das investiga\u00e7\u00f5es.<\/p>\n\n<div style=\"font-size: 0px; height: 0px; line-height: 0px; margin: 0; padding: 0; clear: both;\"><\/div>","protected":false},"excerpt":{"rendered":"<p>Carro de PM desaparecido encontrado carbonizado em Itapecerica, gerando mist\u00e9rio e perplexidade.<\/p>\n","protected":false},"author":1,"featured_media":44826,"comment_status":"open","ping_status":"closed","sticky":false,"template":"","format":"standard","meta":{"footnotes":""},"categories":[3],"tags":[],"class_list":["post-44827","post","type-post","status-publish","format-standard","has-post-thumbnail","hentry","category-noticias-em-santana","has_thumb"],"aioseo_notices":[],"aioseo_head":"\n\t\t<!-- All in One SEO 5.0.0.1 - aioseo.com -->\n\t<meta name=\"description\" content=\"Carro de PM desaparecido encontrado carbonizado em Itapecerica, gerando mist\u00e9rio e perplexidade.\" \/>\n\t<meta name=\"robots\" content=\"max-image-preview:large\" \/>\n\t<meta name=\"author\" content=\"Encontra Santana\"\/>\n\t<link rel=\"canonical\" href=\"https:\/\/www.encontrasantana.com.br\/sobre\/carro-de-pm-desaparecido-foi-encontrado-carbonizado-em-itapecerica-da-serra\/\" \/>\n\t<meta name=\"generator\" content=\"All in One SEO (AIOSEO) 5.0.0.1\" \/>\n\t\t<meta property=\"og:locale\" content=\"pt_BR\" \/>\n\t\t<meta property=\"og:site_name\" content=\"Encontra Santana | Not\u00edcias, eventos, informa\u00e7\u00f5es e dicas no bairro de Santana e regi\u00e3o.\" \/>\n\t\t<meta property=\"og:type\" content=\"article\" \/>\n\t\t<meta property=\"og:title\" content=\"Carro de PM desaparecido foi encontrado carbonizado em Itapecerica da Serra \u00bb Encontra Santana\" \/>\n\t\t<meta property=\"og:description\" content=\"Carro de PM desaparecido encontrado carbonizado em Itapecerica, gerando mist\u00e9rio e perplexidade.\" \/>\n\t\t<meta property=\"og:url\" content=\"https:\/\/www.encontrasantana.com.br\/sobre\/carro-de-pm-desaparecido-foi-encontrado-carbonizado-em-itapecerica-da-serra\/\" \/>\n\t\t<meta property=\"article:published_time\" content=\"2026-01-23T07:16:18+00:00\" \/>\n\t\t<meta property=\"article:modified_time\" content=\"2026-01-23T07:16:18+00:00\" \/>\n\t\t<meta name=\"twitter:card\" content=\"summary\" \/>\n\t\t<meta name=\"twitter:title\" content=\"Carro de PM desaparecido foi encontrado carbonizado em Itapecerica da Serra \u00bb Encontra Santana\" \/>\n\t\t<meta name=\"twitter:description\" content=\"Carro de PM desaparecido encontrado carbonizado em Itapecerica, gerando mist\u00e9rio e perplexidade.\" \/>\n\t\t<script type=\"application\/ld+json\" class=\"aioseo-schema\">\n\t\t\t{\"@context\":\"https:\\\/\\\/schema.org\",\"@graph\":[{\"@type\":\"Article\",\"@id\":\"https:\\\/\\\/www.encontrasantana.com.br\\\/sobre\\\/carro-de-pm-desaparecido-foi-encontrado-carbonizado-em-itapecerica-da-serra\\\/#article\",\"name\":\"Carro de PM desaparecido foi encontrado carbonizado em Itapecerica da Serra \\u00bb Encontra Santana\",\"headline\":\"Carro de PM desaparecido foi encontrado carbonizado em Itapecerica da Serra\",\"author\":{\"@id\":\"https:\\\/\\\/www.encontrasantana.com.br\\\/sobre\\\/author\\\/esantana\\\/#author\"},\"publisher\":{\"@id\":\"https:\\\/\\\/www.encontrasantana.com.br\\\/sobre\\\/#organization\"},\"image\":{\"@type\":\"ImageObject\",\"url\":\"https:\\\/\\\/www.encontrasantana.com.br\\\/sobre\\\/wp-content\\\/uploads\\\/2026\\\/01\\\/carro-de-pm-desaparecido-foi-encontrado-carbonizado-em-itapecerica-da-serra.webp\",\"width\":280,\"height\":280,\"caption\":\"carro de PM desaparecido\"},\"datePublished\":\"2026-01-23T04:16:18-03:00\",\"dateModified\":\"2026-01-23T04:16:18-03:00\",\"inLanguage\":\"pt-BR\",\"mainEntityOfPage\":{\"@id\":\"https:\\\/\\\/www.encontrasantana.com.br\\\/sobre\\\/carro-de-pm-desaparecido-foi-encontrado-carbonizado-em-itapecerica-da-serra\\\/#webpage\"},\"isPartOf\":{\"@id\":\"https:\\\/\\\/www.encontrasantana.com.br\\\/sobre\\\/carro-de-pm-desaparecido-foi-encontrado-carbonizado-em-itapecerica-da-serra\\\/#webpage\"},\"articleSection\":\"Not\\u00edcias Santana\"},{\"@type\":\"BreadcrumbList\",\"@id\":\"https:\\\/\\\/www.encontrasantana.com.br\\\/sobre\\\/carro-de-pm-desaparecido-foi-encontrado-carbonizado-em-itapecerica-da-serra\\\/#breadcrumblist\",\"itemListElement\":[{\"@type\":\"ListItem\",\"@id\":\"https:\\\/\\\/www.encontrasantana.com.br\\\/sobre#listItem\",\"position\":1,\"name\":\"In\\u00edcio\",\"item\":\"https:\\\/\\\/www.encontrasantana.com.br\\\/sobre\",\"nextItem\":{\"@type\":\"ListItem\",\"@id\":\"https:\\\/\\\/www.encontrasantana.com.br\\\/sobre\\\/noticias-em-santana\\\/#listItem\",\"name\":\"Not\\u00edcias Santana\"}},{\"@type\":\"ListItem\",\"@id\":\"https:\\\/\\\/www.encontrasantana.com.br\\\/sobre\\\/noticias-em-santana\\\/#listItem\",\"position\":2,\"name\":\"Not\\u00edcias Santana\",\"item\":\"https:\\\/\\\/www.encontrasantana.com.br\\\/sobre\\\/noticias-em-santana\\\/\",\"nextItem\":{\"@type\":\"ListItem\",\"@id\":\"https:\\\/\\\/www.encontrasantana.com.br\\\/sobre\\\/carro-de-pm-desaparecido-foi-encontrado-carbonizado-em-itapecerica-da-serra\\\/#listItem\",\"name\":\"Carro de PM desaparecido foi encontrado carbonizado em Itapecerica da Serra\"},\"previousItem\":{\"@type\":\"ListItem\",\"@id\":\"https:\\\/\\\/www.encontrasantana.com.br\\\/sobre#listItem\",\"name\":\"In\\u00edcio\"}},{\"@type\":\"ListItem\",\"@id\":\"https:\\\/\\\/www.encontrasantana.com.br\\\/sobre\\\/carro-de-pm-desaparecido-foi-encontrado-carbonizado-em-itapecerica-da-serra\\\/#listItem\",\"position\":3,\"name\":\"Carro de PM desaparecido foi encontrado carbonizado em Itapecerica da Serra\",\"previousItem\":{\"@type\":\"ListItem\",\"@id\":\"https:\\\/\\\/www.encontrasantana.com.br\\\/sobre\\\/noticias-em-santana\\\/#listItem\",\"name\":\"Not\\u00edcias Santana\"}}]},{\"@type\":\"Organization\",\"@id\":\"https:\\\/\\\/www.encontrasantana.com.br\\\/sobre\\\/#organization\",\"name\":\"Encontra Santana\",\"description\":\"Not\\u00edcias, eventos, informa\\u00e7\\u00f5es e dicas no bairro de Santana e regi\\u00e3o.\",\"url\":\"https:\\\/\\\/www.encontrasantana.com.br\\\/sobre\\\/\"},{\"@type\":\"Person\",\"@id\":\"https:\\\/\\\/www.encontrasantana.com.br\\\/sobre\\\/author\\\/esantana\\\/#author\",\"url\":\"https:\\\/\\\/www.encontrasantana.com.br\\\/sobre\\\/author\\\/esantana\\\/\",\"name\":\"Encontra Santana\",\"image\":{\"@type\":\"ImageObject\",\"@id\":\"https:\\\/\\\/www.encontrasantana.com.br\\\/sobre\\\/carro-de-pm-desaparecido-foi-encontrado-carbonizado-em-itapecerica-da-serra\\\/#authorImage\",\"url\":\"https:\\\/\\\/secure.gravatar.com\\\/avatar\\\/0fbed662e37531ae23e68f85f9517b2454e50c1dfebf80eb9b721449ac95e0b9?s=96&d=mm&r=g\",\"width\":96,\"height\":96,\"caption\":\"Encontra Santana\"}},{\"@type\":\"WebPage\",\"@id\":\"https:\\\/\\\/www.encontrasantana.com.br\\\/sobre\\\/carro-de-pm-desaparecido-foi-encontrado-carbonizado-em-itapecerica-da-serra\\\/#webpage\",\"url\":\"https:\\\/\\\/www.encontrasantana.com.br\\\/sobre\\\/carro-de-pm-desaparecido-foi-encontrado-carbonizado-em-itapecerica-da-serra\\\/\",\"name\":\"Carro de PM desaparecido foi encontrado carbonizado em Itapecerica da Serra \\u00bb Encontra Santana\",\"description\":\"Carro de PM desaparecido encontrado carbonizado em Itapecerica, gerando mist\\u00e9rio e perplexidade.\",\"inLanguage\":\"pt-BR\",\"isPartOf\":{\"@id\":\"https:\\\/\\\/www.encontrasantana.com.br\\\/sobre\\\/#website\"},\"breadcrumb\":{\"@id\":\"https:\\\/\\\/www.encontrasantana.com.br\\\/sobre\\\/carro-de-pm-desaparecido-foi-encontrado-carbonizado-em-itapecerica-da-serra\\\/#breadcrumblist\"},\"author\":{\"@id\":\"https:\\\/\\\/www.encontrasantana.com.br\\\/sobre\\\/author\\\/esantana\\\/#author\"},\"creator\":{\"@id\":\"https:\\\/\\\/www.encontrasantana.com.br\\\/sobre\\\/author\\\/esantana\\\/#author\"},\"image\":{\"@type\":\"ImageObject\",\"url\":\"https:\\\/\\\/www.encontrasantana.com.br\\\/sobre\\\/wp-content\\\/uploads\\\/2026\\\/01\\\/carro-de-pm-desaparecido-foi-encontrado-carbonizado-em-itapecerica-da-serra.webp\",\"@id\":\"https:\\\/\\\/www.encontrasantana.com.br\\\/sobre\\\/carro-de-pm-desaparecido-foi-encontrado-carbonizado-em-itapecerica-da-serra\\\/#mainImage\",\"width\":280,\"height\":280,\"caption\":\"carro de PM desaparecido\"},\"primaryImageOfPage\":{\"@id\":\"https:\\\/\\\/www.encontrasantana.com.br\\\/sobre\\\/carro-de-pm-desaparecido-foi-encontrado-carbonizado-em-itapecerica-da-serra\\\/#mainImage\"},\"datePublished\":\"2026-01-23T04:16:18-03:00\",\"dateModified\":\"2026-01-23T04:16:18-03:00\"},{\"@type\":\"WebSite\",\"@id\":\"https:\\\/\\\/www.encontrasantana.com.br\\\/sobre\\\/#website\",\"url\":\"https:\\\/\\\/www.encontrasantana.com.br\\\/sobre\\\/\",\"name\":\"Encontra Santana\",\"description\":\"Not\\u00edcias, eventos, informa\\u00e7\\u00f5es e dicas no bairro de Santana e regi\\u00e3o.\",\"inLanguage\":\"pt-BR\",\"publisher\":{\"@id\":\"https:\\\/\\\/www.encontrasantana.com.br\\\/sobre\\\/#organization\"}}]}\n\t\t<\/script>\n\t\t<!-- All in One SEO -->\n\n","aioseo_head_json":{"title":"Carro de PM desaparecido foi encontrado carbonizado em Itapecerica da Serra \u00bb Encontra Santana","description":"Carro de PM desaparecido encontrado carbonizado em Itapecerica, gerando mist\u00e9rio e perplexidade.","canonical_url":"https:\/\/www.encontrasantana.com.br\/sobre\/carro-de-pm-desaparecido-foi-encontrado-carbonizado-em-itapecerica-da-serra\/","robots":"max-image-preview:large","keywords":"","webmasterTools":{"miscellaneous":""},"schema":{"@context":"https:\/\/schema.org","@graph":[{"@type":"Article","@id":"https:\/\/www.encontrasantana.com.br\/sobre\/carro-de-pm-desaparecido-foi-encontrado-carbonizado-em-itapecerica-da-serra\/#article","name":"Carro de PM desaparecido foi encontrado carbonizado em Itapecerica da Serra \u00bb Encontra Santana","headline":"Carro de PM desaparecido foi encontrado carbonizado em Itapecerica da Serra","author":{"@id":"https:\/\/www.encontrasantana.com.br\/sobre\/author\/esantana\/#author"},"publisher":{"@id":"https:\/\/www.encontrasantana.com.br\/sobre\/#organization"},"image":{"@type":"ImageObject","url":"https:\/\/www.encontrasantana.com.br\/sobre\/wp-content\/uploads\/2026\/01\/carro-de-pm-desaparecido-foi-encontrado-carbonizado-em-itapecerica-da-serra.webp","width":280,"height":280,"caption":"carro de PM desaparecido"},"datePublished":"2026-01-23T04:16:18-03:00","dateModified":"2026-01-23T04:16:18-03:00","inLanguage":"pt-BR","mainEntityOfPage":{"@id":"https:\/\/www.encontrasantana.com.br\/sobre\/carro-de-pm-desaparecido-foi-encontrado-carbonizado-em-itapecerica-da-serra\/#webpage"},"isPartOf":{"@id":"https:\/\/www.encontrasantana.com.br\/sobre\/carro-de-pm-desaparecido-foi-encontrado-carbonizado-em-itapecerica-da-serra\/#webpage"},"articleSection":"Not\u00edcias Santana"},{"@type":"BreadcrumbList","@id":"https:\/\/www.encontrasantana.com.br\/sobre\/carro-de-pm-desaparecido-foi-encontrado-carbonizado-em-itapecerica-da-serra\/#breadcrumblist","itemListElement":[{"@type":"ListItem","@id":"https:\/\/www.encontrasantana.com.br\/sobre#listItem","position":1,"name":"In\u00edcio","item":"https:\/\/www.encontrasantana.com.br\/sobre","nextItem":{"@type":"ListItem","@id":"https:\/\/www.encontrasantana.com.br\/sobre\/noticias-em-santana\/#listItem","name":"Not\u00edcias Santana"}},{"@type":"ListItem","@id":"https:\/\/www.encontrasantana.com.br\/sobre\/noticias-em-santana\/#listItem","position":2,"name":"Not\u00edcias Santana","item":"https:\/\/www.encontrasantana.com.br\/sobre\/noticias-em-santana\/","nextItem":{"@type":"ListItem","@id":"https:\/\/www.encontrasantana.com.br\/sobre\/carro-de-pm-desaparecido-foi-encontrado-carbonizado-em-itapecerica-da-serra\/#listItem","name":"Carro de PM desaparecido foi encontrado carbonizado em Itapecerica da Serra"},"previousItem":{"@type":"ListItem","@id":"https:\/\/www.encontrasantana.com.br\/sobre#listItem","name":"In\u00edcio"}},{"@type":"ListItem","@id":"https:\/\/www.encontrasantana.com.br\/sobre\/carro-de-pm-desaparecido-foi-encontrado-carbonizado-em-itapecerica-da-serra\/#listItem","position":3,"name":"Carro de PM desaparecido foi encontrado carbonizado em Itapecerica da Serra","previousItem":{"@type":"ListItem","@id":"https:\/\/www.encontrasantana.com.br\/sobre\/noticias-em-santana\/#listItem","name":"Not\u00edcias Santana"}}]},{"@type":"Organization","@id":"https:\/\/www.encontrasantana.com.br\/sobre\/#organization","name":"Encontra Santana","description":"Not\u00edcias, eventos, informa\u00e7\u00f5es e dicas no bairro de Santana e regi\u00e3o.","url":"https:\/\/www.encontrasantana.com.br\/sobre\/"},{"@type":"Person","@id":"https:\/\/www.encontrasantana.com.br\/sobre\/author\/esantana\/#author","url":"https:\/\/www.encontrasantana.com.br\/sobre\/author\/esantana\/","name":"Encontra Santana","image":{"@type":"ImageObject","@id":"https:\/\/www.encontrasantana.com.br\/sobre\/carro-de-pm-desaparecido-foi-encontrado-carbonizado-em-itapecerica-da-serra\/#authorImage","url":"https:\/\/secure.gravatar.com\/avatar\/0fbed662e37531ae23e68f85f9517b2454e50c1dfebf80eb9b721449ac95e0b9?s=96&d=mm&r=g","width":96,"height":96,"caption":"Encontra Santana"}},{"@type":"WebPage","@id":"https:\/\/www.encontrasantana.com.br\/sobre\/carro-de-pm-desaparecido-foi-encontrado-carbonizado-em-itapecerica-da-serra\/#webpage","url":"https:\/\/www.encontrasantana.com.br\/sobre\/carro-de-pm-desaparecido-foi-encontrado-carbonizado-em-itapecerica-da-serra\/","name":"Carro de PM desaparecido foi encontrado carbonizado em Itapecerica da Serra \u00bb Encontra Santana","description":"Carro de PM desaparecido encontrado carbonizado em Itapecerica, gerando mist\u00e9rio e perplexidade.","inLanguage":"pt-BR","isPartOf":{"@id":"https:\/\/www.encontrasantana.com.br\/sobre\/#website"},"breadcrumb":{"@id":"https:\/\/www.encontrasantana.com.br\/sobre\/carro-de-pm-desaparecido-foi-encontrado-carbonizado-em-itapecerica-da-serra\/#breadcrumblist"},"author":{"@id":"https:\/\/www.encontrasantana.com.br\/sobre\/author\/esantana\/#author"},"creator":{"@id":"https:\/\/www.encontrasantana.com.br\/sobre\/author\/esantana\/#author"},"image":{"@type":"ImageObject","url":"https:\/\/www.encontrasantana.com.br\/sobre\/wp-content\/uploads\/2026\/01\/carro-de-pm-desaparecido-foi-encontrado-carbonizado-em-itapecerica-da-serra.webp","@id":"https:\/\/www.encontrasantana.com.br\/sobre\/carro-de-pm-desaparecido-foi-encontrado-carbonizado-em-itapecerica-da-serra\/#mainImage","width":280,"height":280,"caption":"carro de PM desaparecido"},"primaryImageOfPage":{"@id":"https:\/\/www.encontrasantana.com.br\/sobre\/carro-de-pm-desaparecido-foi-encontrado-carbonizado-em-itapecerica-da-serra\/#mainImage"},"datePublished":"2026-01-23T04:16:18-03:00","dateModified":"2026-01-23T04:16:18-03:00"},{"@type":"WebSite","@id":"https:\/\/www.encontrasantana.com.br\/sobre\/#website","url":"https:\/\/www.encontrasantana.com.br\/sobre\/","name":"Encontra Santana","description":"Not\u00edcias, eventos, informa\u00e7\u00f5es e dicas no bairro de Santana e regi\u00e3o.","inLanguage":"pt-BR","publisher":{"@id":"https:\/\/www.encontrasantana.com.br\/sobre\/#organization"}}]},"og:locale":"pt_BR","og:site_name":"Encontra Santana | Not\u00edcias, eventos, informa\u00e7\u00f5es e dicas no bairro de Santana e regi\u00e3o.","og:type":"article","og:title":"Carro de PM desaparecido foi encontrado carbonizado em Itapecerica da Serra \u00bb Encontra Santana","og:description":"Carro de PM desaparecido encontrado carbonizado em Itapecerica, gerando mist\u00e9rio e perplexidade.","og:url":"https:\/\/www.encontrasantana.com.br\/sobre\/carro-de-pm-desaparecido-foi-encontrado-carbonizado-em-itapecerica-da-serra\/","article:published_time":"2026-01-23T07:16:18+00:00","article:modified_time":"2026-01-23T07:16:18+00:00","twitter:card":"summary","twitter:title":"Carro de PM desaparecido foi encontrado carbonizado em Itapecerica da Serra \u00bb Encontra Santana","twitter:description":"Carro de PM desaparecido encontrado carbonizado em Itapecerica, gerando mist\u00e9rio e perplexidade."},"aioseo_meta_data":{"post_id":"44827","title":null,"description":null,"keywords":null,"keyphrases":null,"primary_term":null,"canonical_url":null,"og_title":null,"og_description":null,"og_object_type":"default","og_image_type":"default","og_image_url":null,"og_image_width":null,"og_image_height":null,"og_image_custom_url":null,"og_image_custom_fields":null,"og_video":null,"og_custom_url":null,"og_article_section":null,"og_article_tags":null,"twitter_use_og":false,"twitter_card":"default","twitter_image_type":"default","twitter_image_url":null,"twitter_image_custom_url":null,"twitter_image_custom_fields":null,"twitter_title":null,"twitter_description":null,"schema":{"blockGraphs":[],"customGraphs":[],"default":{"data":{"Article":[],"Course":[],"Dataset":[],"FAQPage":[],"Movie":[],"Person":[],"Product":[],"ProductReview":[],"Car":[],"Recipe":[],"Service":[],"SoftwareApplication":[],"WebPage":[]},"graphName":"Article","isEnabled":true},"graphs":[]},"schema_type":"default","schema_type_options":null,"pillar_content":false,"robots_default":true,"robots_noindex":false,"robots_noarchive":false,"robots_nosnippet":false,"robots_nofollow":false,"robots_noimageindex":false,"robots_noodp":false,"robots_notranslate":false,"robots_max_snippet":null,"robots_max_videopreview":null,"robots_max_imagepreview":"large","priority":null,"frequency":null,"local_seo":null,"limit_modified_date":false,"created":"2026-01-23 07:16:23","updated":"2026-08-06 22:58:31","focus_keyword":null,"additional_keywords":null,"truseo_locale":null,"ai":null,"breadcrumb_settings":null,"seo_analyzer_scan_date":null},"aioseo_breadcrumb":"<div class=\"aioseo-breadcrumbs\"><span class=\"aioseo-breadcrumb\">\n\t\t\t<a href=\"https:\/\/www.encontrasantana.com.br\/sobre\" title=\"In\u00edcio\">In\u00edcio<\/a>\n\t\t<\/span><span class=\"aioseo-breadcrumb-separator\">&raquo;<\/span><span class=\"aioseo-breadcrumb\">\n\t\t\t<a href=\"https:\/\/www.encontrasantana.com.br\/sobre\/noticias-em-santana\/\" title=\"Not\u00edcias Santana\">Not\u00edcias Santana<\/a>\n\t\t<\/span><span class=\"aioseo-breadcrumb-separator\">&raquo;<\/span><span class=\"aioseo-breadcrumb\">\n\t\t\tCarro de PM desaparecido foi encontrado carbonizado em Itapecerica da Serra\n\t\t<\/span><\/div>","aioseo_breadcrumb_json":[{"label":"In\u00edcio","link":"https:\/\/www.encontrasantana.com.br\/sobre"},{"label":"Not\u00edcias Santana","link":"https:\/\/www.encontrasantana.com.br\/sobre\/noticias-em-santana\/"},{"label":"Carro de PM desaparecido foi encontrado carbonizado em Itapecerica da Serra","link":"https:\/\/www.encontrasantana.com.br\/sobre\/carro-de-pm-desaparecido-foi-encontrado-carbonizado-em-itapecerica-da-serra\/"}],"_links":{"self":[{"href":"https:\/\/www.encontrasantana.com.br\/sobre\/wp-json\/wp\/v2\/posts\/44827","targetHints":{"allow":["GET"]}}],"collection":[{"href":"https:\/\/www.encontrasantana.com.br\/sobre\/wp-json\/wp\/v2\/posts"}],"about":[{"href":"https:\/\/www.encontrasantana.com.br\/sobre\/wp-json\/wp\/v2\/types\/post"}],"author":[{"embeddable":true,"href":"https:\/\/www.encontrasantana.com.br\/sobre\/wp-json\/wp\/v2\/users\/1"}],"replies":[{"embeddable":true,"href":"https:\/\/www.encontrasantana.com.br\/sobre\/wp-json\/wp\/v2\/comments?post=44827"}],"version-history":[{"count":0,"href":"https:\/\/www.encontrasantana.com.br\/sobre\/wp-json\/wp\/v2\/posts\/44827\/revisions"}],"wp:featuredmedia":[{"embeddable":true,"href":"https:\/\/www.encontrasantana.com.br\/sobre\/wp-json\/wp\/v2\/media\/44826"}],"wp:attachment":[{"href":"https:\/\/www.encontrasantana.com.br\/sobre\/wp-json\/wp\/v2\/media?parent=44827"}],"wp:term":[{"taxonomy":"category","embeddable":true,"href":"https:\/\/www.encontrasantana.com.br\/sobre\/wp-json\/wp\/v2\/categories?post=44827"},{"taxonomy":"post_tag","embeddable":true,"href":"https:\/\/www.encontrasantana.com.br\/sobre\/wp-json\/wp\/v2\/tags?post=44827"}],"curies":[{"name":"wp","href":"https:\/\/api.w.org\/{rel}","templated":true}]}}