{"id":44847,"date":"2026-01-26T04:18:46","date_gmt":"2026-01-26T07:18:46","guid":{"rendered":"https:\/\/www.encontrasantana.com.br\/sobre\/entrevista-haddad-nao-pode-se-dar-ao-luxo-de-tomar-uma-decisao-individual-afirma-camilo-santana-sobre-disputa-em-sp\/"},"modified":"2026-01-26T04:18:46","modified_gmt":"2026-01-26T07:18:46","slug":"entrevista-haddad-nao-pode-se-dar-ao-luxo-de-tomar-uma-decisao-individual-afirma-camilo-santana-sobre-disputa-em-sp","status":"publish","type":"post","link":"https:\/\/www.encontrasantana.com.br\/sobre\/entrevista-haddad-nao-pode-se-dar-ao-luxo-de-tomar-uma-decisao-individual-afirma-camilo-santana-sobre-disputa-em-sp\/","title":{"rendered":"Entrevista: &#8216;Haddad n\u00e3o pode se dar ao luxo de tomar uma decis\u00e3o individual&#8217;, afirma Camilo Santana sobre disputa em SP"},"content":{"rendered":"<div class=\"1acf8468e559fd3cbeec5aee3a269a52\" data-index=\"1\" style=\"float: none; margin:0px;\">\n<!-- Anuncio display - global -->\r\n<ins class=\"adsbygoogle\"\r\n     style=\"display:block\"\r\n     data-ad-client=\"ca-pub-8585364105181520\"\r\n     data-ad-slot=\"8789329856\"\r\n     data-ad-format=\"auto\"\r\n     data-full-width-responsive=\"true\"><\/ins>\r\n<script>\r\n     (adsbygoogle = window.adsbygoogle || []).push({});\r\n<\/script>\n<\/div>\n<h2>Decis\u00f5es Coletivas no PT<\/h2>\n<p>O Ministro da Educa\u00e7\u00e3o, Camilo Santana, reafirma a import\u00e2ncia de que decis\u00f5es dentro do Partido dos Trabalhadores (PT) devem ser tomadas em conjunto, considerando o impacto coletivo que essas escolhas t\u00eam sobre o futuro do partido e suas alian\u00e7as. Ele enfatiza que n\u00e3o se pode agir de maneira individualista em momentos cruciais, como a disputa eleitoral de 2026, onde a unidade \u00e9 essencial para a vit\u00f3ria e o fortalecimento do projeto pol\u00edtico proposto por Lula.<\/p>\n<h2>A Import\u00e2ncia da Candidatura de Haddad<\/h2>\n<p>Camilo Santana salienta que a candidatura de Fernando Haddad em S\u00e3o Paulo \u00e9 crucial para consolidar a presen\u00e7a do PT no estado. Haddad representa uma continuidade da pol\u00edtica desenvolvida por Lula e \u00e9 visto como um s\u00edmbolo de resist\u00eancia frente \u00e0 oposi\u00e7\u00e3o. Santana acredita que a disparidade na decis\u00e3o de Haddad de n\u00e3o concorrer deve ser reconsiderada em prol do projeto nacional que visa fortalecer o PT e suas propostas, destacando que mais do que uma candidatura, \u00e9 uma miss\u00e3o a ser cumprida.<\/p>\n<h2>Haddad e Alckmin: Principais Nomes no Estado<\/h2>\n<p>Para Camilo Santana, os nomes de Fernando Haddad e Geraldo Alckmin s\u00e3o fundamentais no cen\u00e1rio pol\u00edtico de S\u00e3o Paulo. Ambos t\u00eam o potencial de atrair votos e garantir a viabilidade de uma chapa competitiva na elei\u00e7\u00e3o. O ministro destaca que as decis\u00f5es n\u00e3o podem ser tomadas de forma unilateral e que \u00e9 necess\u00e1rio discutir com todas as partes envolvidas, respeitando as individuais, mas sempre visando o bem maior da coletividade.<\/p>\n<p><img decoding=\"async\" src=\"https:\/\/www.encontrasantana.com.br\/sobre\/wp-content\/uploads\/2026\/01\/entrevista-haddad-nao-pode-se-dar-ao-luxo-de-tomar-uma-decisao-individual-afirma-camilo-santana-sobr.webp\" alt=\"Haddad e Camilo Santana sobre disputa em SP\" loading=\"lazy\" \/><\/p>\n<h2>A Quest\u00e3o da Miss\u00e3o Coletiva<\/h2>\n<p>Segundo Camilo Santana, a candidatura deve ser encarada como uma &#8220;quest\u00e3o de miss\u00e3o&#8221;. Isso implica que, independentemente das prefer\u00eancias pessoais de Haddad, ele deve considerar o seu papel dentro do projeto mais amplo que \u00e9 proposto pelo PT. Santana acredita que a disposi\u00e7\u00e3o de se sacrificar por um objetivo maior \u00e9 fundamental para a sa\u00fade pol\u00edtica da sigla e para que eles possam enfrentar com dignidade a oposi\u00e7\u00e3o.<\/p>\n<h2>Discurso Firme em Seguran\u00e7a P\u00fablica<\/h2>\n<p>Um dos pontos centrais mencionados por Santana \u00e9 a necessidade de um discurso mais firme em rela\u00e7\u00e3o \u00e0 seguran\u00e7a p\u00fablica. Ele acredita que a oposi\u00e7\u00e3o usar\u00e1 esse tema para atacar o governo e, portanto, o PT deve estar preparado para responder com a\u00e7\u00f5es e pol\u00edticas concretas. Essa abordagem n\u00e3o s\u00f3 defender\u00e1 as pol\u00edticas do partido, mas tamb\u00e9m reafirmar\u00e1 seu compromisso com a seguran\u00e7a e bem-estar da popula\u00e7\u00e3o.<\/p>\n<h2>A Desafiante Elei\u00e7\u00e3o de 2026<\/h2>\n<p>A elei\u00e7\u00e3o de 2026 se apresenta como um grande desafio, principalmente em um momento de polariza\u00e7\u00e3o pol\u00edtica intensa. O envolvimento de Santana e Haddad \u00e9 estrat\u00e9gico, pois eles precisam trabalhar em conjunto para construir um discurso que ressoe com o eleitorado, especialmente em tempos de incertezas. Santana refor\u00e7a que a busca por alian\u00e7as ser\u00e1 essencial para ampliar as possibilidades de vit\u00f3ria na disputa.<\/p>\n<h2>O Papel de Camilo Santana<\/h2>\n<p>Camilo Santana entende que seu papel como Ministro da Educa\u00e7\u00e3o n\u00e3o se limita a liderar a pasta, mas tamb\u00e9m envolve contribuir para a estrat\u00e9gia pol\u00edtica do PT no Nordeste e no Sudeste. Ele se v\u00ea como um articulador crucial que pode ajudar a formar alian\u00e7as e fortalecer a base do partido, tanto no cen\u00e1rio regional quanto nacional, especialmente buscando a reelei\u00e7\u00e3o de Elmano Freitas no Cear\u00e1.<\/p>\n<h2>Perspectivas para o PT no Nordeste<\/h2>\n<p>A for\u00e7a do PT no Nordeste \u00e9 um ponto de preocupa\u00e7\u00e3o e tamb\u00e9m de esperan\u00e7a para Santana. Ele menciona que, embora exista uma rivalidade crescente, a avalia\u00e7\u00e3o do partido na regi\u00e3o permanece positiva. Ele acredita que o PT tem o potencial de seguir forte nas pr\u00f3ximas elei\u00e7\u00f5es, desde que se mantenha atualizado e alinhado com as demandas da popula\u00e7\u00e3o.<\/p>\n<h2>Alian\u00e7as Necess\u00e1rias para o Sucesso<\/h2>\n<p>Formar alian\u00e7as \u00e9 crucial, segundo Santana. A constru\u00e7\u00e3o de um governo robusto e a possibilidade de reelei\u00e7\u00e3o de Lula dependem de como o PT consegue se unir a outras for\u00e7as que compartilhem ideais semelhantes. Portanto, localiza\u00e7\u00f5es estrat\u00e9gicas onde parcerias podem ser formadas s\u00e3o essenciais para que o partido mantenha sua relev\u00e2ncia e for\u00e7a.<\/p>\n<h2>Prepara\u00e7\u00f5es para a Disputa em S\u00e3o Paulo<\/h2>\n<p>Em rela\u00e7\u00e3o a S\u00e3o Paulo, Camilo Santana enfatiza a import\u00e2ncia de n\u00e3o apenas escolher candidatos, mas tamb\u00e9m de estruturar uma campanha que se baseie em propostas concretas que enderecem as quest\u00f5es que mais preocupam os eleitores. H\u00e1 necessidade de se estabelecer um time de campanha que trabalhe em un\u00edssono, garantindo que cada aspecto da elei\u00e7\u00e3o seja coberto, desde a mobiliza\u00e7\u00e3o at\u00e9 a comunica\u00e7\u00e3o.<\/p>\n<p>Camilo Santana, ao refletir sobre os desafios que o PT enfrentar\u00e1 em 2026, sob a lideran\u00e7a de Lula, exprime otimismo, mas tamb\u00e9m um claro reconhecimento da seriedade da situa\u00e7\u00e3o. O PT deve se adaptar e inovar, e ele acredita que, se feito de forma eficaz, eles podem n\u00e3o apenas sobreviver, mas prosperar nas pr\u00f3ximas elei\u00e7\u00f5es.<\/p>\n\n<div style=\"font-size: 0px; height: 0px; line-height: 0px; margin: 0; padding: 0; clear: both;\"><\/div>","protected":false},"excerpt":{"rendered":"<p>Haddad deve priorizar decis\u00f5es em conjunto para o PT, afirma Santana.<\/p>\n","protected":false},"author":1,"featured_media":44846,"comment_status":"open","ping_status":"closed","sticky":false,"template":"","format":"standard","meta":{"footnotes":""},"categories":[3],"tags":[],"class_list":["post-44847","post","type-post","status-publish","format-standard","has-post-thumbnail","hentry","category-noticias-em-santana","has_thumb"],"aioseo_notices":[],"_links":{"self":[{"href":"https:\/\/www.encontrasantana.com.br\/sobre\/wp-json\/wp\/v2\/posts\/44847"}],"collection":[{"href":"https:\/\/www.encontrasantana.com.br\/sobre\/wp-json\/wp\/v2\/posts"}],"about":[{"href":"https:\/\/www.encontrasantana.com.br\/sobre\/wp-json\/wp\/v2\/types\/post"}],"author":[{"embeddable":true,"href":"https:\/\/www.encontrasantana.com.br\/sobre\/wp-json\/wp\/v2\/users\/1"}],"replies":[{"embeddable":true,"href":"https:\/\/www.encontrasantana.com.br\/sobre\/wp-json\/wp\/v2\/comments?post=44847"}],"version-history":[{"count":0,"href":"https:\/\/www.encontrasantana.com.br\/sobre\/wp-json\/wp\/v2\/posts\/44847\/revisions"}],"wp:featuredmedia":[{"embeddable":true,"href":"https:\/\/www.encontrasantana.com.br\/sobre\/wp-json\/wp\/v2\/media\/44846"}],"wp:attachment":[{"href":"https:\/\/www.encontrasantana.com.br\/sobre\/wp-json\/wp\/v2\/media?parent=44847"}],"wp:term":[{"taxonomy":"category","embeddable":true,"href":"https:\/\/www.encontrasantana.com.br\/sobre\/wp-json\/wp\/v2\/categories?post=44847"},{"taxonomy":"post_tag","embeddable":true,"href":"https:\/\/www.encontrasantana.com.br\/sobre\/wp-json\/wp\/v2\/tags?post=44847"}],"curies":[{"name":"wp","href":"https:\/\/api.w.org\/{rel}","templated":true}]}}