{"id":44852,"date":"2026-01-27T04:17:31","date_gmt":"2026-01-27T07:17:31","guid":{"rendered":"https:\/\/www.encontrasantana.com.br\/sobre\/leo-santana-comanda-bloco-no-carnaval-de-sp\/"},"modified":"2026-01-27T04:17:31","modified_gmt":"2026-01-27T07:17:31","slug":"leo-santana-comanda-bloco-no-carnaval-de-sp","status":"publish","type":"post","link":"https:\/\/www.encontrasantana.com.br\/sobre\/leo-santana-comanda-bloco-no-carnaval-de-sp\/","title":{"rendered":"L\u00e9o Santana comanda bloco no Carnaval de SP"},"content":{"rendered":"<div class=\"1acf8468e559fd3cbeec5aee3a269a52\" data-index=\"1\" style=\"float: none; margin:0px;\">\n<!-- Anuncio display - global -->\r\n<ins class=\"adsbygoogle\"\r\n     style=\"display:block\"\r\n     data-ad-client=\"ca-pub-8585364105181520\"\r\n     data-ad-slot=\"8789329856\"\r\n     data-ad-format=\"auto\"\r\n     data-full-width-responsive=\"true\"><\/ins>\r\n<script>\r\n     (adsbygoogle = window.adsbygoogle || []).push({});\r\n<\/script>\n<\/div>\n<h2>O que esperar do Vem com o Gigante<\/h2>\n<p>O bloco <strong>Vem com o Gigante<\/strong>, liderado por <strong>L\u00e9o Santana<\/strong>, promete ser uma das principais atra\u00e7\u00f5es do Carnaval de rua em S\u00e3o Paulo em 2026. Com uma mistura \u00fanica de ax\u00e9 e o vibrante esp\u00edrito da festa paulistana, o evento acontecer\u00e1 no dia 22 de fevereiro, domingo. A concentra\u00e7\u00e3o do p\u00fablico est\u00e1 marcada para as 9h, e o desfile vai encerrar um per\u00edodo de mais de dez dias de intensa programa\u00e7\u00e3o de carnaval na capital j\u00e1 aclamada pelo seu carnaval de rua.<\/p>\n<h2>Repert\u00f3rio Promissor para o Carnaval<\/h2>\n<p>O artista trouxe um repert\u00f3rio diversificado e de sucesso, com m\u00fasicas que v\u00e3o desde os cl\u00e1ssicos que marcaram sua carreira at\u00e9 novas faixas que prometem embalar os foli\u00f5es. Entre as can\u00e7\u00f5es que far\u00e3o parte do setlist, destacam-se <strong>Marquinha de Fitinha<\/strong> e <strong>Desliza<\/strong>, as quais s\u00e3o esperadas para se tornarem verdadeiros sucessos, acompanhadas de hits como:<strong>Zona de Perigo<\/strong>, <strong>Perna Bamba<\/strong>, <strong>Golzinho Vermelho<\/strong>, entre outras.<\/p>\n<h2>Atra\u00e7\u00f5es e Surpresas na Apresenta\u00e7\u00e3o<\/h2>\n<p>Al\u00e9m das m\u00fasicas de sucesso, o bloco tamb\u00e9m ser\u00e1 conhecido por suas surpresas. L\u00e9o Santana est\u00e1 preparando uma apresenta\u00e7\u00e3o visualmente impactante, incluindo dan\u00e7arinos e elementos de palco que prometem transformar a \u00e1rea ao redor do <strong>Parque Ibirapuera<\/strong> em um verdadeiro espet\u00e1culo.<\/p>\n<p><img decoding=\"async\" src=\"https:\/\/www.encontrasantana.com.br\/sobre\/wp-content\/uploads\/2026\/01\/leo-santana-comanda-bloco-no-carnaval-de-sp.webp\" alt=\"L\u00e9o Santana Carnaval SP\" loading=\"lazy\" \/><\/p>\n<h2>O Impacto de L\u00e9o Santana no Carnaval<\/h2>\n<p>Muito al\u00e9m do seu talento musical, L\u00e9o Santana se destaca no cen\u00e1rio cultural e se tornou um dos \u00edcones do carnaval. Ele \u00e9 um dos poucos artistas baianos que t\u00eam duas m\u00fasicas concorrendo ao t\u00edtulo de <strong>m\u00fasica do Carnaval de 2026<\/strong>. Esse reconhecimento solidifica sua posi\u00e7\u00e3o na m\u00fasica popular brasileira, atraindo tanto f\u00e3s do ax\u00e9 quanto novos p\u00fablicos.<\/p>\n<h2>Expectativa de P\u00fablico para 2026<\/h2>\n<p>A expectativa \u00e9 de que o bloco atraia milhares de pessoas, assim como ocorreu no ano passado. Em 2025, o evento j\u00e1 havia reunido foli\u00f5es de diversas regi\u00f5es do Brasil e at\u00e9 turistas internacionais, criando um ambiente de celebra\u00e7\u00e3o e inclus\u00e3o que representa bem a diversidade do Carnaval de rua paulistano.<\/p>\n<h2>A Hist\u00f3ria do Megabloco em S\u00e3o Paulo<\/h2>\n<p>O Vem com o Gigante se consolidou como um dos megablocos mais importantes do Carnaval de S\u00e3o Paulo. Nos \u00faltimos anos, o evento cresceu n\u00e3o apenas em n\u00famero de participantes, mas tamb\u00e9m em relev\u00e2ncia cultural, destacando a import\u00e2ncia do carnaval como manifesta\u00e7\u00e3o popular.<\/p>\n<h2>Como o Carnaval de Rua Evoluiu na Capital<\/h2>\n<p>O Carnaval de rua em S\u00e3o Paulo passou por uma transforma\u00e7\u00e3o significativa nas \u00faltimas d\u00e9cadas. De pequenos blocos a grandes megablocos como o <strong>Vem com o Gigante<\/strong>, a evolu\u00e7\u00e3o reflete uma mudan\u00e7a no perfil dos foli\u00f5es e nas pr\u00e1ticas culturais. Hoje, o Carnaval se tornou uma plataforma onde diferentes ritmos se encontram, e onde artistas de v\u00e1rias vertentes musicais t\u00eam espa\u00e7o.<\/p>\n<h2>Dicas para Aproveitar o Evento ao M\u00e1ximo<\/h2>\n<p>Para garantir uma experi\u00eancia incr\u00edvel no <strong>Vem com o Gigante<\/strong>, aqui v\u00e3o algumas dicas:<\/p>\n<ul>\n<li><strong>Chegue cedo:<\/strong> A concentra\u00e7\u00e3o come\u00e7a \u00e0s 9h, e chegar cedo garante um bom lugar e a possibilidade de aproveitar toda a festa.<\/li>\n<li><strong>Use roupas leves:<\/strong> Com a folia intensa, o ideal \u00e9 optar por roupas frescas e confort\u00e1veis.<\/li>\n<li><strong>Hidrate-se:<\/strong> A \u00e1gua \u00e9 essencial, especialmente se voc\u00ea pretende dan\u00e7ar e pular durante horas. N\u00e3o se esque\u00e7a de se hidratar!<\/li>\n<li><strong>Protetor solar:<\/strong> Proteja-se do sol para evitar queimaduras e garantir que a divers\u00e3o n\u00e3o acabe cedo.<\/li>\n<\/ul>\n<h2>Conectando Foli\u00f5es de Todas as Idades<\/h2>\n<p>Um dos pontos altos do <strong>Vem com o Gigante<\/strong> \u00e9 sua capacidade de unir pessoas de todas as idades. O acesso gratuito e o repert\u00f3rio diversificado permitem que fam\u00edlias, jovens e adultos desfrutem de um dia de folia, celebrando juntos a cultura brasileira.<\/p>\n<h2>O Papel de L\u00e9o Santana na M\u00fasica Brasileira<\/h2>\n<p>L\u00e9o Santana \u00e9 um dos artistas mais influentes do Brasil. Sua carreira n\u00e3o s\u00f3 destaca o ax\u00e9, mas tamb\u00e9m promove uma nova energia no cen\u00e1rio da m\u00fasica pop brasileira. Com milh\u00f5es de ouvintes e uma forte presen\u00e7a digital, ele se tornou um \u00edcone que continua a inovar e a conquistar novos p\u00fablicos, evidenciando sua import\u00e2ncia na m\u00fasica contempor\u00e2nea.<\/p>\n\n<div style=\"font-size: 0px; height: 0px; line-height: 0px; margin: 0; padding: 0; clear: both;\"><\/div>","protected":false},"excerpt":{"rendered":"<p>L\u00e9o Santana \u00e9 o destaque do Carnaval de SP com o megabloco Vem com o Gigante.<\/p>\n","protected":false},"author":1,"featured_media":44851,"comment_status":"open","ping_status":"closed","sticky":false,"template":"","format":"standard","meta":{"footnotes":""},"categories":[3],"tags":[],"class_list":["post-44852","post","type-post","status-publish","format-standard","has-post-thumbnail","hentry","category-noticias-em-santana","has_thumb"],"aioseo_notices":[],"_links":{"self":[{"href":"https:\/\/www.encontrasantana.com.br\/sobre\/wp-json\/wp\/v2\/posts\/44852"}],"collection":[{"href":"https:\/\/www.encontrasantana.com.br\/sobre\/wp-json\/wp\/v2\/posts"}],"about":[{"href":"https:\/\/www.encontrasantana.com.br\/sobre\/wp-json\/wp\/v2\/types\/post"}],"author":[{"embeddable":true,"href":"https:\/\/www.encontrasantana.com.br\/sobre\/wp-json\/wp\/v2\/users\/1"}],"replies":[{"embeddable":true,"href":"https:\/\/www.encontrasantana.com.br\/sobre\/wp-json\/wp\/v2\/comments?post=44852"}],"version-history":[{"count":0,"href":"https:\/\/www.encontrasantana.com.br\/sobre\/wp-json\/wp\/v2\/posts\/44852\/revisions"}],"wp:featuredmedia":[{"embeddable":true,"href":"https:\/\/www.encontrasantana.com.br\/sobre\/wp-json\/wp\/v2\/media\/44851"}],"wp:attachment":[{"href":"https:\/\/www.encontrasantana.com.br\/sobre\/wp-json\/wp\/v2\/media?parent=44852"}],"wp:term":[{"taxonomy":"category","embeddable":true,"href":"https:\/\/www.encontrasantana.com.br\/sobre\/wp-json\/wp\/v2\/categories?post=44852"},{"taxonomy":"post_tag","embeddable":true,"href":"https:\/\/www.encontrasantana.com.br\/sobre\/wp-json\/wp\/v2\/tags?post=44852"}],"curies":[{"name":"wp","href":"https:\/\/api.w.org\/{rel}","templated":true}]}}