{"id":44879,"date":"2026-02-02T04:15:37","date_gmt":"2026-02-02T07:15:37","guid":{"rendered":"https:\/\/www.encontrasantana.com.br\/sobre\/leo-santana-desfila-com-bloco-vem-com-o-gigante-no-carnaval-de-sao-paulo\/"},"modified":"2026-02-02T04:15:37","modified_gmt":"2026-02-02T07:15:37","slug":"leo-santana-desfila-com-bloco-vem-com-o-gigante-no-carnaval-de-sao-paulo","status":"publish","type":"post","link":"https:\/\/www.encontrasantana.com.br\/sobre\/leo-santana-desfila-com-bloco-vem-com-o-gigante-no-carnaval-de-sao-paulo\/","title":{"rendered":"L\u00e9o Santana desfila com Bloco Vem Com o Gigante no Carnaval de S\u00e3o Paulo"},"content":{"rendered":"<div class=\"1acf8468e559fd3cbeec5aee3a269a52\" data-index=\"1\" style=\"float: none; margin:0px;\">\n<!-- Anuncio display - global -->\r\n<ins class=\"adsbygoogle\"\r\n     style=\"display:block\"\r\n     data-ad-client=\"ca-pub-8585364105181520\"\r\n     data-ad-slot=\"8789329856\"\r\n     data-ad-format=\"auto\"\r\n     data-full-width-responsive=\"true\"><\/ins>\r\n<script>\r\n     (adsbygoogle = window.adsbygoogle || []).push({});\r\n<\/script>\n<\/div>\n<h2>O que Esperar do Bloco Vem Com o Gigante<\/h2>\n<p>O Bloco &#8220;Vem Com o Gigante&#8221; de L\u00e9o Santana promete mais uma vez fazer vibrar S\u00e3o Paulo durante o Carnaval. Com previs\u00e3o de desfile no dia 22 de fevereiro, o evento convida todos a participarem de uma celebra\u00e7\u00e3o repleta de m\u00fasica e alegria. O circuito escolhido \u00e9 o famoso Ibirapuera, conhecido por sua energia contagiante e pelo calor humano que abra\u00e7a os foli\u00f5es. Neste ano, espera-se uma multid\u00e3o no tradicional desfile, que \u00e9 gratuito e aberto ao p\u00fablico.<\/p>\n<h2>Data e Local do Desfile<\/h2>\n<p>A festa carnavalesca com L\u00e9o Santana e seu bloco acontecer\u00e1 no dia 22 de fevereiro de 2026. A concentra\u00e7\u00e3o est\u00e1 programada para come\u00e7ar \u00e0s 9 horas da manh\u00e3. O local \u00e9 o Circuito Ibirapuera, na Rua Ab\u00edlio Soares, pr\u00f3ximo ao Obelisco Ibirapuera. Este espa\u00e7o emblem\u00e1tico em S\u00e3o Paulo \u00e9 ideal para grandes eventos, oferecendo uma infraestrutura adequada para acomodar o p\u00fablico.<\/p>\n<h2>Repert\u00f3rio Imperd\u00edvel de L\u00e9o Santana<\/h2>\n<p>Os f\u00e3s de L\u00e9o Santana podem esperar um repert\u00f3rio cuidadosamente selecionado, que inclui alguns de seus maiores sucessos. Entre os hits que agitar\u00e3o as ruas est\u00e3o:<\/p>\n<p><img decoding=\"async\" src=\"https:\/\/www.encontrasantana.com.br\/sobre\/wp-content\/uploads\/2026\/02\/leo-santana-desfila-com-bloco-vem-com-o-gigante-no-carnaval-de-sao-paulo.webp\" alt=\"L\u00e9o Santana desfila com Bloco Vem Com o Gigante no Carnaval de S\u00e3o Paulo\" loading=\"lazy\" \/><\/p>\n<ul>\n<li>Marquinha de Fitinha<\/li>\n<li>Desliza<\/li>\n<li>Contatinho<\/li>\n<li>Perna Bamba<\/li>\n<li>Santinha<\/li>\n<li>Zona de Perigo<\/li>\n<li>Posturado e Calmo<\/li>\n<li>Golzinho Vermelho<\/li>\n<li>Cama Repetida<\/li>\n<li>Surra se Toma<\/li>\n<li>\u00cata Novinha<\/li>\n<\/ul>\n<p>Essas m\u00fasicas foram grandes sucessos nas plataformas de streaming, e h\u00e1 uma expectativa enorme para que elas fa\u00e7am parte da trilha sonora do carnaval na capital paulista.<\/p>\n<h2>Atra\u00e7\u00f5es e Surpresas do Evento<\/h2>\n<p>Al\u00e9m das m\u00fasicas animadas que L\u00e9o Santana trar\u00e1, o evento tamb\u00e9m \u00e9 conhecido por suas surpresas. O cantor costuma interagir bastante com o p\u00fablico, e h\u00e1 sempre a expectativa de convidados especiais, que podem fazer suas apari\u00e7\u00f5es no desfile, tornando a festa ainda mais rica e divertida. A promessa \u00e9 que todos que comparecerem tenham uma experi\u00eancia \u00fanica e memor\u00e1vel.<\/p>\n<h2>A Hist\u00f3ria do Bloco Vem Com o Gigante<\/h2>\n<p>O Bloco &#8220;Vem Com o Gigante&#8221; surgiu da vontade de L\u00e9o Santana de levar a sua m\u00fasica para as ruas e proporcionar um carnaval inclusivo e animado. Este ser\u00e1 o segundo ano consecutivo do bloco desfilando em S\u00e3o Paulo, e a repercuss\u00e3o do evento anterior foi extremamente positiva. A ideia \u00e9 sempre celebrar a uni\u00e3o e a alegria, promovendo um espa\u00e7o onde todos possam se divertir e celebrar a cultura brasileira.<\/p>\n<h2>Expectativas para o Carnaval 2026<\/h2>\n<p>As expectativas para o carnaval de 2026 s\u00e3o altas, com muitos foli\u00f5es ansiosos para participar do desfile. Especialmente ap\u00f3s o sucesso do ano passado, a presen\u00e7a de pessoas de v\u00e1rias partes do Brasil e at\u00e9 do mundo \u00e9 aguardada. L\u00e9o Santana declarou sua gratid\u00e3o e entusiasmo, prometendo uma festa linda e cheia de energia. Expectativa \u00e9 de que as ruas estejam lotadas, e a divers\u00e3o seja garantida.<\/p>\n<h2>Como Participar do Bloco<\/h2>\n<p>A participa\u00e7\u00e3o no Bloco &#8220;Vem Com o Gigante&#8221; \u00e9 bem simples. A entrada \u00e9 gratuita e n\u00e3o h\u00e1 necessidade de inscri\u00e7\u00e3o pr\u00e9via. Tudo que se requer \u00e9 chegar cedo no ponto de concentra\u00e7\u00e3o, levar muita disposi\u00e7\u00e3o e energia para aproveitar cada momento. Os foli\u00f5es devem estar preparados para dan\u00e7ar, cantar e se envolver na divers\u00e3o, que \u00e9 a ess\u00eancia do carnaval.<\/p>\n<h2>Dicas para Aproveitar o Carnaval<\/h2>\n<p>Para aproveitar ao m\u00e1ximo a experi\u00eancia, aqui est\u00e3o algumas dicas:<\/p>\n<ul>\n<li><strong>Chegue Cedo:<\/strong> Aumenta suas chances de encontrar um bom lugar e garantir uma vis\u00e3o privilegiada.<\/li>\n<li><strong>Use Roupas Confort\u00e1veis:<\/strong> Escolha roupas leves e confort\u00e1veis que te permitam dan\u00e7ar livremente.<\/li>\n<li><strong>Leve \u00c1gua:<\/strong> Manter-se hidratado \u00e9 fundamental, especialmente em dias quentes.<\/li>\n<li><strong>Prote\u00e7\u00e3o Solar:<\/strong> N\u00e3o esque\u00e7a de usar protetor solar para proteger a pele.<\/li>\n<li><strong>Divirta-se:<\/strong> A atitude positiva \u00e9 a chave para aproveitar melhor o carnaval.<\/li>\n<\/ul>\n<h2>Impacto Cultural do Carnaval em SP<\/h2>\n<p>O carnaval \u00e9 uma das festas mais importantes da cultura brasileira e em S\u00e3o Paulo n\u00e3o \u00e9 diferente. O evento atrai turistas e locais, promovendo a diversidade e a alegria entre diferentes culturas. Al\u00e9m de gerar impactos econ\u00f4micos para a cidade, o carnaval ocupa um espa\u00e7o de celebra\u00e7\u00e3o da m\u00fasica, da dan\u00e7a e da criatividade. \u00c9 um momento em que todos se unem, independente de classe social ou origem, para celebrar a vida.<\/p>\n<h2>A Import\u00e2ncia da M\u00fasica na Festa<\/h2>\n<p>A m\u00fasica desempenha um papel fundamental no carnaval e, particularmente, no desfile do Bloco &#8220;Vem Com o Gigante&#8221;. As can\u00e7\u00f5es selecionadas n\u00e3o s\u00f3 animam o p\u00fablico, mas tamb\u00e9m conectam as pessoas de diferentes origens. Atrav\u00e9s da m\u00fasica, as hist\u00f3rias e emo\u00e7\u00f5es s\u00e3o compartilhadas, criando uma atmosfera de uni\u00e3o e festa. L\u00e9o Santana, com seu estilo vibrante, \u00e9 um dos principais respons\u00e1veis por essa energia, tornando a festa imperd\u00edvel para todos os amantes do carnaval.<\/p>\n\n<div style=\"font-size: 0px; height: 0px; line-height: 0px; margin: 0; padding: 0; clear: both;\"><\/div>","protected":false},"excerpt":{"rendered":"<p>L\u00e9o Santana traz o Bloco Vem Com o Gigante para arrasar no Carnaval de S\u00e3o Paulo!<\/p>\n","protected":false},"author":1,"featured_media":44878,"comment_status":"open","ping_status":"closed","sticky":false,"template":"","format":"standard","meta":{"footnotes":""},"categories":[3],"tags":[],"class_list":["post-44879","post","type-post","status-publish","format-standard","has-post-thumbnail","hentry","category-noticias-em-santana","has_thumb"],"aioseo_notices":[],"aioseo_head":"\n\t\t<!-- All in One SEO 5.0.0.1 - aioseo.com -->\n\t<meta name=\"description\" content=\"L\u00e9o Santana traz o Bloco Vem Com o Gigante para arrasar no Carnaval de S\u00e3o Paulo!\" \/>\n\t<meta name=\"robots\" content=\"max-image-preview:large\" \/>\n\t<meta name=\"author\" content=\"Encontra Santana\"\/>\n\t<link rel=\"canonical\" href=\"https:\/\/www.encontrasantana.com.br\/sobre\/leo-santana-desfila-com-bloco-vem-com-o-gigante-no-carnaval-de-sao-paulo\/\" \/>\n\t<meta name=\"generator\" content=\"All in One SEO (AIOSEO) 5.0.0.1\" \/>\n\t\t<meta property=\"og:locale\" content=\"pt_BR\" \/>\n\t\t<meta property=\"og:site_name\" content=\"Encontra Santana | Not\u00edcias, eventos, informa\u00e7\u00f5es e dicas no bairro de Santana e regi\u00e3o.\" \/>\n\t\t<meta property=\"og:type\" content=\"article\" \/>\n\t\t<meta property=\"og:title\" content=\"L\u00e9o Santana desfila com Bloco Vem Com o Gigante no Carnaval de S\u00e3o Paulo \u00bb Encontra Santana\" \/>\n\t\t<meta property=\"og:description\" content=\"L\u00e9o Santana traz o Bloco Vem Com o Gigante para arrasar no Carnaval de S\u00e3o Paulo!\" \/>\n\t\t<meta property=\"og:url\" content=\"https:\/\/www.encontrasantana.com.br\/sobre\/leo-santana-desfila-com-bloco-vem-com-o-gigante-no-carnaval-de-sao-paulo\/\" \/>\n\t\t<meta property=\"article:published_time\" content=\"2026-02-02T07:15:37+00:00\" \/>\n\t\t<meta property=\"article:modified_time\" content=\"2026-02-02T07:15:37+00:00\" \/>\n\t\t<meta name=\"twitter:card\" content=\"summary\" \/>\n\t\t<meta name=\"twitter:title\" content=\"L\u00e9o Santana desfila com Bloco Vem Com o Gigante no Carnaval de S\u00e3o Paulo \u00bb Encontra Santana\" \/>\n\t\t<meta name=\"twitter:description\" content=\"L\u00e9o Santana traz o Bloco Vem Com o Gigante para arrasar no Carnaval de S\u00e3o Paulo!\" \/>\n\t\t<script type=\"application\/ld+json\" class=\"aioseo-schema\">\n\t\t\t{\"@context\":\"https:\\\/\\\/schema.org\",\"@graph\":[{\"@type\":\"Article\",\"@id\":\"https:\\\/\\\/www.encontrasantana.com.br\\\/sobre\\\/leo-santana-desfila-com-bloco-vem-com-o-gigante-no-carnaval-de-sao-paulo\\\/#article\",\"name\":\"L\\u00e9o Santana desfila com Bloco Vem Com o Gigante no Carnaval de S\\u00e3o Paulo \\u00bb Encontra Santana\",\"headline\":\"L\\u00e9o Santana desfila com Bloco Vem Com o Gigante no Carnaval de S\\u00e3o Paulo\",\"author\":{\"@id\":\"https:\\\/\\\/www.encontrasantana.com.br\\\/sobre\\\/author\\\/esantana\\\/#author\"},\"publisher\":{\"@id\":\"https:\\\/\\\/www.encontrasantana.com.br\\\/sobre\\\/#organization\"},\"image\":{\"@type\":\"ImageObject\",\"url\":\"https:\\\/\\\/www.encontrasantana.com.br\\\/sobre\\\/wp-content\\\/uploads\\\/2026\\\/02\\\/leo-santana-desfila-com-bloco-vem-com-o-gigante-no-carnaval-de-sao-paulo.webp\",\"width\":280,\"height\":280,\"caption\":\"L\\u00e9o Santana desfila com Bloco Vem Com o Gigante no Carnaval de S\\u00e3o Paulo\"},\"datePublished\":\"2026-02-02T04:15:37-03:00\",\"dateModified\":\"2026-02-02T04:15:37-03:00\",\"inLanguage\":\"pt-BR\",\"mainEntityOfPage\":{\"@id\":\"https:\\\/\\\/www.encontrasantana.com.br\\\/sobre\\\/leo-santana-desfila-com-bloco-vem-com-o-gigante-no-carnaval-de-sao-paulo\\\/#webpage\"},\"isPartOf\":{\"@id\":\"https:\\\/\\\/www.encontrasantana.com.br\\\/sobre\\\/leo-santana-desfila-com-bloco-vem-com-o-gigante-no-carnaval-de-sao-paulo\\\/#webpage\"},\"articleSection\":\"Not\\u00edcias Santana\"},{\"@type\":\"BreadcrumbList\",\"@id\":\"https:\\\/\\\/www.encontrasantana.com.br\\\/sobre\\\/leo-santana-desfila-com-bloco-vem-com-o-gigante-no-carnaval-de-sao-paulo\\\/#breadcrumblist\",\"itemListElement\":[{\"@type\":\"ListItem\",\"@id\":\"https:\\\/\\\/www.encontrasantana.com.br\\\/sobre#listItem\",\"position\":1,\"name\":\"In\\u00edcio\",\"item\":\"https:\\\/\\\/www.encontrasantana.com.br\\\/sobre\",\"nextItem\":{\"@type\":\"ListItem\",\"@id\":\"https:\\\/\\\/www.encontrasantana.com.br\\\/sobre\\\/noticias-em-santana\\\/#listItem\",\"name\":\"Not\\u00edcias Santana\"}},{\"@type\":\"ListItem\",\"@id\":\"https:\\\/\\\/www.encontrasantana.com.br\\\/sobre\\\/noticias-em-santana\\\/#listItem\",\"position\":2,\"name\":\"Not\\u00edcias Santana\",\"item\":\"https:\\\/\\\/www.encontrasantana.com.br\\\/sobre\\\/noticias-em-santana\\\/\",\"nextItem\":{\"@type\":\"ListItem\",\"@id\":\"https:\\\/\\\/www.encontrasantana.com.br\\\/sobre\\\/leo-santana-desfila-com-bloco-vem-com-o-gigante-no-carnaval-de-sao-paulo\\\/#listItem\",\"name\":\"L\\u00e9o Santana desfila com Bloco Vem Com o Gigante no Carnaval de S\\u00e3o Paulo\"},\"previousItem\":{\"@type\":\"ListItem\",\"@id\":\"https:\\\/\\\/www.encontrasantana.com.br\\\/sobre#listItem\",\"name\":\"In\\u00edcio\"}},{\"@type\":\"ListItem\",\"@id\":\"https:\\\/\\\/www.encontrasantana.com.br\\\/sobre\\\/leo-santana-desfila-com-bloco-vem-com-o-gigante-no-carnaval-de-sao-paulo\\\/#listItem\",\"position\":3,\"name\":\"L\\u00e9o Santana desfila com Bloco Vem Com o Gigante no Carnaval de S\\u00e3o Paulo\",\"previousItem\":{\"@type\":\"ListItem\",\"@id\":\"https:\\\/\\\/www.encontrasantana.com.br\\\/sobre\\\/noticias-em-santana\\\/#listItem\",\"name\":\"Not\\u00edcias Santana\"}}]},{\"@type\":\"Organization\",\"@id\":\"https:\\\/\\\/www.encontrasantana.com.br\\\/sobre\\\/#organization\",\"name\":\"Encontra Santana\",\"description\":\"Not\\u00edcias, eventos, informa\\u00e7\\u00f5es e dicas no bairro de Santana e regi\\u00e3o.\",\"url\":\"https:\\\/\\\/www.encontrasantana.com.br\\\/sobre\\\/\"},{\"@type\":\"Person\",\"@id\":\"https:\\\/\\\/www.encontrasantana.com.br\\\/sobre\\\/author\\\/esantana\\\/#author\",\"url\":\"https:\\\/\\\/www.encontrasantana.com.br\\\/sobre\\\/author\\\/esantana\\\/\",\"name\":\"Encontra Santana\",\"image\":{\"@type\":\"ImageObject\",\"@id\":\"https:\\\/\\\/www.encontrasantana.com.br\\\/sobre\\\/leo-santana-desfila-com-bloco-vem-com-o-gigante-no-carnaval-de-sao-paulo\\\/#authorImage\",\"url\":\"https:\\\/\\\/secure.gravatar.com\\\/avatar\\\/0fbed662e37531ae23e68f85f9517b2454e50c1dfebf80eb9b721449ac95e0b9?s=96&d=mm&r=g\",\"width\":96,\"height\":96,\"caption\":\"Encontra Santana\"}},{\"@type\":\"WebPage\",\"@id\":\"https:\\\/\\\/www.encontrasantana.com.br\\\/sobre\\\/leo-santana-desfila-com-bloco-vem-com-o-gigante-no-carnaval-de-sao-paulo\\\/#webpage\",\"url\":\"https:\\\/\\\/www.encontrasantana.com.br\\\/sobre\\\/leo-santana-desfila-com-bloco-vem-com-o-gigante-no-carnaval-de-sao-paulo\\\/\",\"name\":\"L\\u00e9o Santana desfila com Bloco Vem Com o Gigante no Carnaval de S\\u00e3o Paulo \\u00bb Encontra Santana\",\"description\":\"L\\u00e9o Santana traz o Bloco Vem Com o Gigante para arrasar no Carnaval de S\\u00e3o Paulo!\",\"inLanguage\":\"pt-BR\",\"isPartOf\":{\"@id\":\"https:\\\/\\\/www.encontrasantana.com.br\\\/sobre\\\/#website\"},\"breadcrumb\":{\"@id\":\"https:\\\/\\\/www.encontrasantana.com.br\\\/sobre\\\/leo-santana-desfila-com-bloco-vem-com-o-gigante-no-carnaval-de-sao-paulo\\\/#breadcrumblist\"},\"author\":{\"@id\":\"https:\\\/\\\/www.encontrasantana.com.br\\\/sobre\\\/author\\\/esantana\\\/#author\"},\"creator\":{\"@id\":\"https:\\\/\\\/www.encontrasantana.com.br\\\/sobre\\\/author\\\/esantana\\\/#author\"},\"image\":{\"@type\":\"ImageObject\",\"url\":\"https:\\\/\\\/www.encontrasantana.com.br\\\/sobre\\\/wp-content\\\/uploads\\\/2026\\\/02\\\/leo-santana-desfila-com-bloco-vem-com-o-gigante-no-carnaval-de-sao-paulo.webp\",\"@id\":\"https:\\\/\\\/www.encontrasantana.com.br\\\/sobre\\\/leo-santana-desfila-com-bloco-vem-com-o-gigante-no-carnaval-de-sao-paulo\\\/#mainImage\",\"width\":280,\"height\":280,\"caption\":\"L\\u00e9o Santana desfila com Bloco Vem Com o Gigante no Carnaval de S\\u00e3o Paulo\"},\"primaryImageOfPage\":{\"@id\":\"https:\\\/\\\/www.encontrasantana.com.br\\\/sobre\\\/leo-santana-desfila-com-bloco-vem-com-o-gigante-no-carnaval-de-sao-paulo\\\/#mainImage\"},\"datePublished\":\"2026-02-02T04:15:37-03:00\",\"dateModified\":\"2026-02-02T04:15:37-03:00\"},{\"@type\":\"WebSite\",\"@id\":\"https:\\\/\\\/www.encontrasantana.com.br\\\/sobre\\\/#website\",\"url\":\"https:\\\/\\\/www.encontrasantana.com.br\\\/sobre\\\/\",\"name\":\"Encontra Santana\",\"description\":\"Not\\u00edcias, eventos, informa\\u00e7\\u00f5es e dicas no bairro de Santana e regi\\u00e3o.\",\"inLanguage\":\"pt-BR\",\"publisher\":{\"@id\":\"https:\\\/\\\/www.encontrasantana.com.br\\\/sobre\\\/#organization\"}}]}\n\t\t<\/script>\n\t\t<!-- All in One SEO -->\n\n","aioseo_head_json":{"title":"L\u00e9o Santana desfila com Bloco Vem Com o Gigante no Carnaval de S\u00e3o Paulo \u00bb Encontra Santana","description":"L\u00e9o Santana traz o Bloco Vem Com o Gigante para arrasar no Carnaval de S\u00e3o Paulo!","canonical_url":"https:\/\/www.encontrasantana.com.br\/sobre\/leo-santana-desfila-com-bloco-vem-com-o-gigante-no-carnaval-de-sao-paulo\/","robots":"max-image-preview:large","keywords":"","webmasterTools":{"miscellaneous":""},"schema":{"@context":"https:\/\/schema.org","@graph":[{"@type":"Article","@id":"https:\/\/www.encontrasantana.com.br\/sobre\/leo-santana-desfila-com-bloco-vem-com-o-gigante-no-carnaval-de-sao-paulo\/#article","name":"L\u00e9o Santana desfila com Bloco Vem Com o Gigante no Carnaval de S\u00e3o Paulo \u00bb Encontra Santana","headline":"L\u00e9o Santana desfila com Bloco Vem Com o Gigante no Carnaval de S\u00e3o Paulo","author":{"@id":"https:\/\/www.encontrasantana.com.br\/sobre\/author\/esantana\/#author"},"publisher":{"@id":"https:\/\/www.encontrasantana.com.br\/sobre\/#organization"},"image":{"@type":"ImageObject","url":"https:\/\/www.encontrasantana.com.br\/sobre\/wp-content\/uploads\/2026\/02\/leo-santana-desfila-com-bloco-vem-com-o-gigante-no-carnaval-de-sao-paulo.webp","width":280,"height":280,"caption":"L\u00e9o Santana desfila com Bloco Vem Com o Gigante no Carnaval de S\u00e3o Paulo"},"datePublished":"2026-02-02T04:15:37-03:00","dateModified":"2026-02-02T04:15:37-03:00","inLanguage":"pt-BR","mainEntityOfPage":{"@id":"https:\/\/www.encontrasantana.com.br\/sobre\/leo-santana-desfila-com-bloco-vem-com-o-gigante-no-carnaval-de-sao-paulo\/#webpage"},"isPartOf":{"@id":"https:\/\/www.encontrasantana.com.br\/sobre\/leo-santana-desfila-com-bloco-vem-com-o-gigante-no-carnaval-de-sao-paulo\/#webpage"},"articleSection":"Not\u00edcias Santana"},{"@type":"BreadcrumbList","@id":"https:\/\/www.encontrasantana.com.br\/sobre\/leo-santana-desfila-com-bloco-vem-com-o-gigante-no-carnaval-de-sao-paulo\/#breadcrumblist","itemListElement":[{"@type":"ListItem","@id":"https:\/\/www.encontrasantana.com.br\/sobre#listItem","position":1,"name":"In\u00edcio","item":"https:\/\/www.encontrasantana.com.br\/sobre","nextItem":{"@type":"ListItem","@id":"https:\/\/www.encontrasantana.com.br\/sobre\/noticias-em-santana\/#listItem","name":"Not\u00edcias Santana"}},{"@type":"ListItem","@id":"https:\/\/www.encontrasantana.com.br\/sobre\/noticias-em-santana\/#listItem","position":2,"name":"Not\u00edcias Santana","item":"https:\/\/www.encontrasantana.com.br\/sobre\/noticias-em-santana\/","nextItem":{"@type":"ListItem","@id":"https:\/\/www.encontrasantana.com.br\/sobre\/leo-santana-desfila-com-bloco-vem-com-o-gigante-no-carnaval-de-sao-paulo\/#listItem","name":"L\u00e9o Santana desfila com Bloco Vem Com o Gigante no Carnaval de S\u00e3o Paulo"},"previousItem":{"@type":"ListItem","@id":"https:\/\/www.encontrasantana.com.br\/sobre#listItem","name":"In\u00edcio"}},{"@type":"ListItem","@id":"https:\/\/www.encontrasantana.com.br\/sobre\/leo-santana-desfila-com-bloco-vem-com-o-gigante-no-carnaval-de-sao-paulo\/#listItem","position":3,"name":"L\u00e9o Santana desfila com Bloco Vem Com o Gigante no Carnaval de S\u00e3o Paulo","previousItem":{"@type":"ListItem","@id":"https:\/\/www.encontrasantana.com.br\/sobre\/noticias-em-santana\/#listItem","name":"Not\u00edcias Santana"}}]},{"@type":"Organization","@id":"https:\/\/www.encontrasantana.com.br\/sobre\/#organization","name":"Encontra Santana","description":"Not\u00edcias, eventos, informa\u00e7\u00f5es e dicas no bairro de Santana e regi\u00e3o.","url":"https:\/\/www.encontrasantana.com.br\/sobre\/"},{"@type":"Person","@id":"https:\/\/www.encontrasantana.com.br\/sobre\/author\/esantana\/#author","url":"https:\/\/www.encontrasantana.com.br\/sobre\/author\/esantana\/","name":"Encontra Santana","image":{"@type":"ImageObject","@id":"https:\/\/www.encontrasantana.com.br\/sobre\/leo-santana-desfila-com-bloco-vem-com-o-gigante-no-carnaval-de-sao-paulo\/#authorImage","url":"https:\/\/secure.gravatar.com\/avatar\/0fbed662e37531ae23e68f85f9517b2454e50c1dfebf80eb9b721449ac95e0b9?s=96&d=mm&r=g","width":96,"height":96,"caption":"Encontra Santana"}},{"@type":"WebPage","@id":"https:\/\/www.encontrasantana.com.br\/sobre\/leo-santana-desfila-com-bloco-vem-com-o-gigante-no-carnaval-de-sao-paulo\/#webpage","url":"https:\/\/www.encontrasantana.com.br\/sobre\/leo-santana-desfila-com-bloco-vem-com-o-gigante-no-carnaval-de-sao-paulo\/","name":"L\u00e9o Santana desfila com Bloco Vem Com o Gigante no Carnaval de S\u00e3o Paulo \u00bb Encontra Santana","description":"L\u00e9o Santana traz o Bloco Vem Com o Gigante para arrasar no Carnaval de S\u00e3o Paulo!","inLanguage":"pt-BR","isPartOf":{"@id":"https:\/\/www.encontrasantana.com.br\/sobre\/#website"},"breadcrumb":{"@id":"https:\/\/www.encontrasantana.com.br\/sobre\/leo-santana-desfila-com-bloco-vem-com-o-gigante-no-carnaval-de-sao-paulo\/#breadcrumblist"},"author":{"@id":"https:\/\/www.encontrasantana.com.br\/sobre\/author\/esantana\/#author"},"creator":{"@id":"https:\/\/www.encontrasantana.com.br\/sobre\/author\/esantana\/#author"},"image":{"@type":"ImageObject","url":"https:\/\/www.encontrasantana.com.br\/sobre\/wp-content\/uploads\/2026\/02\/leo-santana-desfila-com-bloco-vem-com-o-gigante-no-carnaval-de-sao-paulo.webp","@id":"https:\/\/www.encontrasantana.com.br\/sobre\/leo-santana-desfila-com-bloco-vem-com-o-gigante-no-carnaval-de-sao-paulo\/#mainImage","width":280,"height":280,"caption":"L\u00e9o Santana desfila com Bloco Vem Com o Gigante no Carnaval de S\u00e3o Paulo"},"primaryImageOfPage":{"@id":"https:\/\/www.encontrasantana.com.br\/sobre\/leo-santana-desfila-com-bloco-vem-com-o-gigante-no-carnaval-de-sao-paulo\/#mainImage"},"datePublished":"2026-02-02T04:15:37-03:00","dateModified":"2026-02-02T04:15:37-03:00"},{"@type":"WebSite","@id":"https:\/\/www.encontrasantana.com.br\/sobre\/#website","url":"https:\/\/www.encontrasantana.com.br\/sobre\/","name":"Encontra Santana","description":"Not\u00edcias, eventos, informa\u00e7\u00f5es e dicas no bairro de Santana e regi\u00e3o.","inLanguage":"pt-BR","publisher":{"@id":"https:\/\/www.encontrasantana.com.br\/sobre\/#organization"}}]},"og:locale":"pt_BR","og:site_name":"Encontra Santana | Not\u00edcias, eventos, informa\u00e7\u00f5es e dicas no bairro de Santana e regi\u00e3o.","og:type":"article","og:title":"L\u00e9o Santana desfila com Bloco Vem Com o Gigante no Carnaval de S\u00e3o Paulo \u00bb Encontra Santana","og:description":"L\u00e9o Santana traz o Bloco Vem Com o Gigante para arrasar no Carnaval de S\u00e3o Paulo!","og:url":"https:\/\/www.encontrasantana.com.br\/sobre\/leo-santana-desfila-com-bloco-vem-com-o-gigante-no-carnaval-de-sao-paulo\/","article:published_time":"2026-02-02T07:15:37+00:00","article:modified_time":"2026-02-02T07:15:37+00:00","twitter:card":"summary","twitter:title":"L\u00e9o Santana desfila com Bloco Vem Com o Gigante no Carnaval de S\u00e3o Paulo \u00bb Encontra Santana","twitter:description":"L\u00e9o Santana traz o Bloco Vem Com o Gigante para arrasar no Carnaval de S\u00e3o Paulo!"},"aioseo_meta_data":{"post_id":"44879","title":null,"description":null,"keywords":null,"keyphrases":null,"primary_term":null,"canonical_url":null,"og_title":null,"og_description":null,"og_object_type":"default","og_image_type":"default","og_image_url":null,"og_image_width":null,"og_image_height":null,"og_image_custom_url":null,"og_image_custom_fields":null,"og_video":null,"og_custom_url":null,"og_article_section":null,"og_article_tags":null,"twitter_use_og":false,"twitter_card":"default","twitter_image_type":"default","twitter_image_url":null,"twitter_image_custom_url":null,"twitter_image_custom_fields":null,"twitter_title":null,"twitter_description":null,"schema":{"blockGraphs":[],"customGraphs":[],"default":{"data":{"Article":[],"Course":[],"Dataset":[],"FAQPage":[],"Movie":[],"Person":[],"Product":[],"ProductReview":[],"Car":[],"Recipe":[],"Service":[],"SoftwareApplication":[],"WebPage":[]},"graphName":"Article","isEnabled":true},"graphs":[]},"schema_type":"default","schema_type_options":null,"pillar_content":false,"robots_default":true,"robots_noindex":false,"robots_noarchive":false,"robots_nosnippet":false,"robots_nofollow":false,"robots_noimageindex":false,"robots_noodp":false,"robots_notranslate":false,"robots_max_snippet":null,"robots_max_videopreview":null,"robots_max_imagepreview":"large","priority":null,"frequency":null,"local_seo":null,"limit_modified_date":false,"created":"2026-02-02 07:15:42","updated":"2026-08-06 23:39:04","focus_keyword":null,"additional_keywords":null,"truseo_locale":null,"ai":null,"breadcrumb_settings":null,"seo_analyzer_scan_date":null},"aioseo_breadcrumb":"<div class=\"aioseo-breadcrumbs\"><span class=\"aioseo-breadcrumb\">\n\t\t\t<a href=\"https:\/\/www.encontrasantana.com.br\/sobre\" title=\"In\u00edcio\">In\u00edcio<\/a>\n\t\t<\/span><span class=\"aioseo-breadcrumb-separator\">&raquo;<\/span><span class=\"aioseo-breadcrumb\">\n\t\t\t<a href=\"https:\/\/www.encontrasantana.com.br\/sobre\/noticias-em-santana\/\" title=\"Not\u00edcias Santana\">Not\u00edcias Santana<\/a>\n\t\t<\/span><span class=\"aioseo-breadcrumb-separator\">&raquo;<\/span><span class=\"aioseo-breadcrumb\">\n\t\t\tL\u00e9o Santana desfila com Bloco Vem Com o Gigante no Carnaval de S\u00e3o Paulo\n\t\t<\/span><\/div>","aioseo_breadcrumb_json":[{"label":"In\u00edcio","link":"https:\/\/www.encontrasantana.com.br\/sobre"},{"label":"Not\u00edcias Santana","link":"https:\/\/www.encontrasantana.com.br\/sobre\/noticias-em-santana\/"},{"label":"L\u00e9o Santana desfila com Bloco Vem Com o Gigante no Carnaval de S\u00e3o Paulo","link":"https:\/\/www.encontrasantana.com.br\/sobre\/leo-santana-desfila-com-bloco-vem-com-o-gigante-no-carnaval-de-sao-paulo\/"}],"_links":{"self":[{"href":"https:\/\/www.encontrasantana.com.br\/sobre\/wp-json\/wp\/v2\/posts\/44879","targetHints":{"allow":["GET"]}}],"collection":[{"href":"https:\/\/www.encontrasantana.com.br\/sobre\/wp-json\/wp\/v2\/posts"}],"about":[{"href":"https:\/\/www.encontrasantana.com.br\/sobre\/wp-json\/wp\/v2\/types\/post"}],"author":[{"embeddable":true,"href":"https:\/\/www.encontrasantana.com.br\/sobre\/wp-json\/wp\/v2\/users\/1"}],"replies":[{"embeddable":true,"href":"https:\/\/www.encontrasantana.com.br\/sobre\/wp-json\/wp\/v2\/comments?post=44879"}],"version-history":[{"count":0,"href":"https:\/\/www.encontrasantana.com.br\/sobre\/wp-json\/wp\/v2\/posts\/44879\/revisions"}],"wp:featuredmedia":[{"embeddable":true,"href":"https:\/\/www.encontrasantana.com.br\/sobre\/wp-json\/wp\/v2\/media\/44878"}],"wp:attachment":[{"href":"https:\/\/www.encontrasantana.com.br\/sobre\/wp-json\/wp\/v2\/media?parent=44879"}],"wp:term":[{"taxonomy":"category","embeddable":true,"href":"https:\/\/www.encontrasantana.com.br\/sobre\/wp-json\/wp\/v2\/categories?post=44879"},{"taxonomy":"post_tag","embeddable":true,"href":"https:\/\/www.encontrasantana.com.br\/sobre\/wp-json\/wp\/v2\/tags?post=44879"}],"curies":[{"name":"wp","href":"https:\/\/api.w.org\/{rel}","templated":true}]}}