{"id":45053,"date":"2026-03-15T04:03:20","date_gmt":"2026-03-15T07:03:20","guid":{"rendered":"https:\/\/www.encontrasantana.com.br\/sobre\/18-anos-em-uma-noite-so-luan-santana-faz-35-com-estreia-de-turne-em-sp\/"},"modified":"2026-03-15T04:03:20","modified_gmt":"2026-03-15T07:03:20","slug":"18-anos-em-uma-noite-so-luan-santana-faz-35-com-estreia-de-turne-em-sp","status":"publish","type":"post","link":"https:\/\/www.encontrasantana.com.br\/sobre\/18-anos-em-uma-noite-so-luan-santana-faz-35-com-estreia-de-turne-em-sp\/","title":{"rendered":"18 anos em uma noite s\u00f3&#8217;: Luan Santana faz 35 com estreia de turn\u00ea em SP"},"content":{"rendered":"<div class=\"1acf8468e559fd3cbeec5aee3a269a52\" data-index=\"1\" style=\"float: none; margin:0px;\">\n<!-- Anuncio display - global -->\r\n<ins class=\"adsbygoogle\"\r\n     style=\"display:block\"\r\n     data-ad-client=\"ca-pub-8585364105181520\"\r\n     data-ad-slot=\"8789329856\"\r\n     data-ad-format=\"auto\"\r\n     data-full-width-responsive=\"true\"><\/ins>\r\n<script>\r\n     (adsbygoogle = window.adsbygoogle || []).push({});\r\n<\/script>\n<\/div>\n<h2>Estreia Magn\u00edfica da Turn\u00ea<\/h2>\n<p>No dia 13 de mar\u00e7o de 2026, Luan Santana celebrou seu 35\u00ba anivers\u00e1rio com uma performance extraordin\u00e1ria no Allianz Parque, em S\u00e3o Paulo. A ocasi\u00e3o marcou o in\u00edcio de sua nova turn\u00ea, intitulada <strong>&#8220;Registro Hist\u00f3rico&#8221;<\/strong>, que prometeu levar os f\u00e3s a uma viagem por sua carreira repleta de sucessos. A escolha do local foi simb\u00f3lica, j\u00e1 que Luan tem uma profunda conex\u00e3o emocional com seus seguidores, e esta data especial se tornou um verdadeiro espet\u00e1culo. Com ingressos esgotados, a noite se transformou em uma celebra\u00e7\u00e3o coletivamente lembrada.<\/p>\n<h2>Uma Noite de Emo\u00e7\u00e3o e Nostalgia<\/h2>\n<p>Luan, visivelmente emocionado, compartilhou seus sentimentos com o p\u00fablico. \u201cN\u00e3o h\u00e1 lugar melhor para estar em um dia t\u00e3o especial como hoje\u201d, declarou. O show durou aproximadamente duas horas e meia, e a atmosfera do evento foi electrizante. O cantor expressou sua gratid\u00e3o aos f\u00e3s, destacando a import\u00e2ncia de cada um deles em sua trajet\u00f3ria e como suas m\u00fasicas se tornaram trilhas sonoras da vida de tantas pessoas. A conex\u00e3o entre Luan e o p\u00fablico foi palp\u00e1vel, e os momentos de emo\u00e7\u00e3o foram intensificados por um setlist que misturou hits nost\u00e1lgicos com novas can\u00e7\u00f5es.<\/p>\n<h2>O Setlist que Encantou os F\u00e3s<\/h2>\n<p>O repert\u00f3rio da apresenta\u00e7\u00e3o foi uma remulga\u00e7\u00e3o da carreira de Luan. Entre as can\u00e7\u00f5es apresentadas, destacaram-se:<\/p>\n<ul>\n<li><strong>&#8220;Parab\u00e9ns pra Voc\u00ea&#8221;<\/strong><\/li>\n<li><strong>&#8220;Te Vivo&#8221;<\/strong><\/li>\n<li><strong>&#8220;Meteoro&#8221;<\/strong><\/li>\n<li><strong>&#8220;Amar N\u00e3o \u00c9 Pecado&#8221;<\/strong><\/li>\n<li><strong>&#8220;Te Esperando&#8221;<\/strong><\/li>\n<li><strong>&#8220;Promete&#8221;<\/strong><\/li>\n<li><strong>&#8220;C\u00ea Topa&#8221;<\/strong><\/li>\n<li><strong>&#8220;Ilha&#8221;<\/strong><\/li>\n<li><strong>&#8220;Chuva de Arroz&#8221;<\/strong><\/li>\n<li><strong>&#8220;Escreve A\u00ed&#8221;<\/strong><\/li>\n<li><strong>&#8220;Voc\u00ea de Mim N\u00e3o Sai&#8221;<\/strong><\/li>\n<li><strong>&#8220;Nega&#8221;<\/strong><\/li>\n<li><strong>&#8220;Sinais&#8221;<\/strong><\/li>\n<\/ul>\n<p>Os f\u00e3s acompanharam Luan em un\u00edssono, cantando cada verso como uma s\u00f3 voz, criando uma experi\u00eancia \u00fanica e inesquec\u00edvel.<\/p>\n<h2>Impactos Visuais Incr\u00edveis no Show<\/h2>\n<p>A apresenta\u00e7\u00e3o n\u00e3o apenas se destacou pela musicalidade, mas tamb\u00e9m pela implementa\u00e7\u00e3o de efeitos visuais impressionantes. O palco, com um design inovador em formato de &#8220;S&#8221;, usou mais de 2.000 metros quadrados de pain\u00e9is de LED. As pulseiras distribu\u00eddas ao p\u00fablico mudavam de cor conforme o ritmo das m\u00fasicas, criando uma atmosfera luminosa que complementou a energia do espet\u00e1culo. Os efeitos pirot\u00e9cnicos impactantes foram o toque final que transformou a arena em um verdadeiro carnaval de cores e sons.<\/p>\n<h2>O Palco 360\u00ba Revolucion\u00e1rio<\/h2>\n<p>O formato do palco 360\u00ba possibilitou que todos na arena tivessem uma vis\u00e3o pr\u00f3xima e completa do artista. Esta abordagem inovadora \u00e9 uma tend\u00eancia crescente entre os shows, permitindo uma intera\u00e7\u00e3o mais pr\u00f3xima entre Luan e os f\u00e3s, que estavam em todos os \u00e2ngulos ao redor do palco. Isso proporcionou um ambiente inclusivo e din\u00e2mico, onde a performance se sentia mais \u00edntima, mesmo em uma grande arena.<\/p>\n<h2>Luan e Seus Novos Projetos<\/h2>\n<p>Al\u00e9m de comemorar seu anivers\u00e1rio e a estreia de sua turn\u00ea, Luan tamb\u00e9m aproveitou a oportunidade para falar sobre seus futuros projetos. Ele mencionou novas colabora\u00e7\u00f5es e a produ\u00e7\u00e3o de m\u00fasicas que refletem suas viv\u00eancias e os desafios da vida. Luan se comprometeu a continuar inovando e trazendo novidades, sempre conectando-se profundamente com seus f\u00e3s atrav\u00e9s de sua m\u00fasica.<\/p>\n<h2>Conex\u00e3o com o P\u00fablico<\/h2>\n<p>Durante a apresenta\u00e7\u00e3o, a intera\u00e7\u00e3o de Luan com o p\u00fablico foi um dos pontos altos da noite. Ele frequentemente se dirigia aos f\u00e3s, expressando sua gratid\u00e3o e reconhecendo o papel significativo que eles desempenharam ao longo de sua carreira. A capacidade de Luan de se conectar emocionalmente com seu p\u00fablico \u00e9 um dos aspectos que o elevou ao status de \u00edcone da m\u00fasica brasileira. Sua humildade e carinho pelos seguidores contribuem fortemente para a forma\u00e7\u00e3o de uma base de f\u00e3s leal e dedicada.<\/p>\n<h2>O Que Esperar das Pr\u00f3ximas Apresenta\u00e7\u00f5es<\/h2>\n<p>Com a turn\u00ea <strong>&#8220;Registro Hist\u00f3rico&#8221;<\/strong> apenas come\u00e7ando, os f\u00e3s podem aguardar muito mais. A sequ\u00eancia de shows est\u00e1 programada para diversas cidades do Brasil, al\u00e9m de uma apresenta\u00e7\u00e3o que com certeza ficar\u00e1 na mem\u00f3ria como um marco na carreira de Luan. O envolvimento de seu p\u00fablico e as rea\u00e7\u00f5es emocionais vividas no primeiro dia prometem se repetir nas futuras apresenta\u00e7\u00f5es.<\/p>\n<h2>Mensagem de Luan aos F\u00e3s<\/h2>\n<p>Em uma mensagem direta ao seu p\u00fablico, Luan enfatizou a import\u00e2ncia de cada um deles para sua trajet\u00f3ria. Ele incentivou os f\u00e3s a continuarem acompanhando sua evolu\u00e7\u00e3o, prometendo que h\u00e1 muito mais por vir. Essa mensagem ressoou profundamente, refor\u00e7ando a ideia de que a jornada dele \u00e9 tamb\u00e9m uma parte das vidas dos que o apoiam.<\/p>\n<h2>O Legado Musical de Luan Santana<\/h2>\n<p>Desde que come\u00e7ou sua carreira, Luan Santana tem se consolidado como um dos principais nomes da m\u00fasica sertaneja no Brasil. Seu legado vai al\u00e9m das vendas de discos e pr\u00eamios; ele influenciou uma gera\u00e7\u00e3o e se tornou a trilha sonora de muitos momentos especiais para seus f\u00e3s. A capacidade de Luan de unir pessoas atrav\u00e9s de suas can\u00e7\u00f5es, conectando emo\u00e7\u00f5es e experi\u00eancias, \u00e9 algo que nunca ser\u00e1 esquecido.<\/p>\n<p>O anivers\u00e1rio de Luan e a estreia de sua turn\u00ea s\u00e3o apenas marcos em sua jornada. Cada apresenta\u00e7\u00e3o \u00e9 uma nova oportunidade de celebrar suas conquistas, superar desafios e, o mais importante, continuar a criar mem\u00f3rias que ficar\u00e3o na lembran\u00e7a dos f\u00e3s por toda a vida.<\/p>\n\n<div style=\"font-size: 0px; height: 0px; line-height: 0px; margin: 0; padding: 0; clear: both;\"><\/div>","protected":false},"excerpt":{"rendered":"<p>Luan Santana celebra seus 35 anos com a emocionante turn\u00ea &#8216;Registro Hist\u00f3rico&#8217;.<\/p>\n","protected":false},"author":1,"featured_media":0,"comment_status":"open","ping_status":"closed","sticky":false,"template":"","format":"standard","meta":{"footnotes":""},"categories":[8],"tags":[],"class_list":["post-45053","post","type-post","status-publish","format-standard","hentry","category-shows-em-santana"],"aioseo_notices":[],"aioseo_head":"\n\t\t<!-- All in One SEO 5.0.0.1 - aioseo.com -->\n\t<meta name=\"description\" content=\"Luan Santana celebra seus 35 anos com a emocionante turn\u00ea &#039;Registro Hist\u00f3rico&#039;.\" \/>\n\t<meta name=\"robots\" content=\"max-image-preview:large\" \/>\n\t<meta name=\"author\" content=\"Encontra Santana\"\/>\n\t<link rel=\"canonical\" href=\"https:\/\/www.encontrasantana.com.br\/sobre\/18-anos-em-uma-noite-so-luan-santana-faz-35-com-estreia-de-turne-em-sp\/\" \/>\n\t<meta name=\"generator\" content=\"All in One SEO (AIOSEO) 5.0.0.1\" \/>\n\t\t<meta property=\"og:locale\" content=\"pt_BR\" \/>\n\t\t<meta property=\"og:site_name\" content=\"Encontra Santana | Not\u00edcias, eventos, informa\u00e7\u00f5es e dicas no bairro de Santana e regi\u00e3o.\" \/>\n\t\t<meta property=\"og:type\" content=\"article\" \/>\n\t\t<meta property=\"og:title\" content=\"18 anos em uma noite s\u00f3\u2019: Luan Santana faz 35 com estreia de turn\u00ea em SP \u00bb Encontra Santana\" \/>\n\t\t<meta property=\"og:description\" content=\"Luan Santana celebra seus 35 anos com a emocionante turn\u00ea &#039;Registro Hist\u00f3rico&#039;.\" \/>\n\t\t<meta property=\"og:url\" content=\"https:\/\/www.encontrasantana.com.br\/sobre\/18-anos-em-uma-noite-so-luan-santana-faz-35-com-estreia-de-turne-em-sp\/\" \/>\n\t\t<meta property=\"article:published_time\" content=\"2026-03-15T07:03:20+00:00\" \/>\n\t\t<meta property=\"article:modified_time\" content=\"2026-03-15T07:03:20+00:00\" \/>\n\t\t<meta name=\"twitter:card\" content=\"summary\" \/>\n\t\t<meta name=\"twitter:title\" content=\"18 anos em uma noite s\u00f3\u2019: Luan Santana faz 35 com estreia de turn\u00ea em SP \u00bb Encontra Santana\" \/>\n\t\t<meta name=\"twitter:description\" content=\"Luan Santana celebra seus 35 anos com a emocionante turn\u00ea &#039;Registro Hist\u00f3rico&#039;.\" \/>\n\t\t<script type=\"application\/ld+json\" class=\"aioseo-schema\">\n\t\t\t{\"@context\":\"https:\\\/\\\/schema.org\",\"@graph\":[{\"@type\":\"Article\",\"@id\":\"https:\\\/\\\/www.encontrasantana.com.br\\\/sobre\\\/18-anos-em-uma-noite-so-luan-santana-faz-35-com-estreia-de-turne-em-sp\\\/#article\",\"name\":\"18 anos em uma noite s\\u00f3\\u2019: Luan Santana faz 35 com estreia de turn\\u00ea em SP \\u00bb Encontra Santana\",\"headline\":\"18 anos em uma noite s\\u00f3&#8217;: Luan Santana faz 35 com estreia de turn\\u00ea em SP\",\"author\":{\"@id\":\"https:\\\/\\\/www.encontrasantana.com.br\\\/sobre\\\/author\\\/esantana\\\/#author\"},\"publisher\":{\"@id\":\"https:\\\/\\\/www.encontrasantana.com.br\\\/sobre\\\/#organization\"},\"datePublished\":\"2026-03-15T04:03:20-03:00\",\"dateModified\":\"2026-03-15T04:03:20-03:00\",\"inLanguage\":\"pt-BR\",\"mainEntityOfPage\":{\"@id\":\"https:\\\/\\\/www.encontrasantana.com.br\\\/sobre\\\/18-anos-em-uma-noite-so-luan-santana-faz-35-com-estreia-de-turne-em-sp\\\/#webpage\"},\"isPartOf\":{\"@id\":\"https:\\\/\\\/www.encontrasantana.com.br\\\/sobre\\\/18-anos-em-uma-noite-so-luan-santana-faz-35-com-estreia-de-turne-em-sp\\\/#webpage\"},\"articleSection\":\"Show Santana\"},{\"@type\":\"BreadcrumbList\",\"@id\":\"https:\\\/\\\/www.encontrasantana.com.br\\\/sobre\\\/18-anos-em-uma-noite-so-luan-santana-faz-35-com-estreia-de-turne-em-sp\\\/#breadcrumblist\",\"itemListElement\":[{\"@type\":\"ListItem\",\"@id\":\"https:\\\/\\\/www.encontrasantana.com.br\\\/sobre#listItem\",\"position\":1,\"name\":\"In\\u00edcio\",\"item\":\"https:\\\/\\\/www.encontrasantana.com.br\\\/sobre\",\"nextItem\":{\"@type\":\"ListItem\",\"@id\":\"https:\\\/\\\/www.encontrasantana.com.br\\\/sobre\\\/shows-em-santana\\\/#listItem\",\"name\":\"Show Santana\"}},{\"@type\":\"ListItem\",\"@id\":\"https:\\\/\\\/www.encontrasantana.com.br\\\/sobre\\\/shows-em-santana\\\/#listItem\",\"position\":2,\"name\":\"Show Santana\",\"item\":\"https:\\\/\\\/www.encontrasantana.com.br\\\/sobre\\\/shows-em-santana\\\/\",\"nextItem\":{\"@type\":\"ListItem\",\"@id\":\"https:\\\/\\\/www.encontrasantana.com.br\\\/sobre\\\/18-anos-em-uma-noite-so-luan-santana-faz-35-com-estreia-de-turne-em-sp\\\/#listItem\",\"name\":\"18 anos em uma noite s\\u00f3&#8217;: Luan Santana faz 35 com estreia de turn\\u00ea em SP\"},\"previousItem\":{\"@type\":\"ListItem\",\"@id\":\"https:\\\/\\\/www.encontrasantana.com.br\\\/sobre#listItem\",\"name\":\"In\\u00edcio\"}},{\"@type\":\"ListItem\",\"@id\":\"https:\\\/\\\/www.encontrasantana.com.br\\\/sobre\\\/18-anos-em-uma-noite-so-luan-santana-faz-35-com-estreia-de-turne-em-sp\\\/#listItem\",\"position\":3,\"name\":\"18 anos em uma noite s\\u00f3&#8217;: Luan Santana faz 35 com estreia de turn\\u00ea em SP\",\"previousItem\":{\"@type\":\"ListItem\",\"@id\":\"https:\\\/\\\/www.encontrasantana.com.br\\\/sobre\\\/shows-em-santana\\\/#listItem\",\"name\":\"Show Santana\"}}]},{\"@type\":\"Organization\",\"@id\":\"https:\\\/\\\/www.encontrasantana.com.br\\\/sobre\\\/#organization\",\"name\":\"Encontra Santana\",\"description\":\"Not\\u00edcias, eventos, informa\\u00e7\\u00f5es e dicas no bairro de Santana e regi\\u00e3o.\",\"url\":\"https:\\\/\\\/www.encontrasantana.com.br\\\/sobre\\\/\"},{\"@type\":\"Person\",\"@id\":\"https:\\\/\\\/www.encontrasantana.com.br\\\/sobre\\\/author\\\/esantana\\\/#author\",\"url\":\"https:\\\/\\\/www.encontrasantana.com.br\\\/sobre\\\/author\\\/esantana\\\/\",\"name\":\"Encontra Santana\",\"image\":{\"@type\":\"ImageObject\",\"@id\":\"https:\\\/\\\/www.encontrasantana.com.br\\\/sobre\\\/18-anos-em-uma-noite-so-luan-santana-faz-35-com-estreia-de-turne-em-sp\\\/#authorImage\",\"url\":\"https:\\\/\\\/secure.gravatar.com\\\/avatar\\\/0fbed662e37531ae23e68f85f9517b2454e50c1dfebf80eb9b721449ac95e0b9?s=96&d=mm&r=g\",\"width\":96,\"height\":96,\"caption\":\"Encontra Santana\"}},{\"@type\":\"WebPage\",\"@id\":\"https:\\\/\\\/www.encontrasantana.com.br\\\/sobre\\\/18-anos-em-uma-noite-so-luan-santana-faz-35-com-estreia-de-turne-em-sp\\\/#webpage\",\"url\":\"https:\\\/\\\/www.encontrasantana.com.br\\\/sobre\\\/18-anos-em-uma-noite-so-luan-santana-faz-35-com-estreia-de-turne-em-sp\\\/\",\"name\":\"18 anos em uma noite s\\u00f3\\u2019: Luan Santana faz 35 com estreia de turn\\u00ea em SP \\u00bb Encontra Santana\",\"description\":\"Luan Santana celebra seus 35 anos com a emocionante turn\\u00ea 'Registro Hist\\u00f3rico'.\",\"inLanguage\":\"pt-BR\",\"isPartOf\":{\"@id\":\"https:\\\/\\\/www.encontrasantana.com.br\\\/sobre\\\/#website\"},\"breadcrumb\":{\"@id\":\"https:\\\/\\\/www.encontrasantana.com.br\\\/sobre\\\/18-anos-em-uma-noite-so-luan-santana-faz-35-com-estreia-de-turne-em-sp\\\/#breadcrumblist\"},\"author\":{\"@id\":\"https:\\\/\\\/www.encontrasantana.com.br\\\/sobre\\\/author\\\/esantana\\\/#author\"},\"creator\":{\"@id\":\"https:\\\/\\\/www.encontrasantana.com.br\\\/sobre\\\/author\\\/esantana\\\/#author\"},\"datePublished\":\"2026-03-15T04:03:20-03:00\",\"dateModified\":\"2026-03-15T04:03:20-03:00\"},{\"@type\":\"WebSite\",\"@id\":\"https:\\\/\\\/www.encontrasantana.com.br\\\/sobre\\\/#website\",\"url\":\"https:\\\/\\\/www.encontrasantana.com.br\\\/sobre\\\/\",\"name\":\"Encontra Santana\",\"description\":\"Not\\u00edcias, eventos, informa\\u00e7\\u00f5es e dicas no bairro de Santana e regi\\u00e3o.\",\"inLanguage\":\"pt-BR\",\"publisher\":{\"@id\":\"https:\\\/\\\/www.encontrasantana.com.br\\\/sobre\\\/#organization\"}}]}\n\t\t<\/script>\n\t\t<!-- All in One SEO -->\n\n","aioseo_head_json":{"title":"18 anos em uma noite s\u00f3\u2019: Luan Santana faz 35 com estreia de turn\u00ea em SP \u00bb Encontra Santana","description":"Luan Santana celebra seus 35 anos com a emocionante turn\u00ea 'Registro Hist\u00f3rico'.","canonical_url":"https:\/\/www.encontrasantana.com.br\/sobre\/18-anos-em-uma-noite-so-luan-santana-faz-35-com-estreia-de-turne-em-sp\/","robots":"max-image-preview:large","keywords":"","webmasterTools":{"miscellaneous":""},"schema":{"@context":"https:\/\/schema.org","@graph":[{"@type":"Article","@id":"https:\/\/www.encontrasantana.com.br\/sobre\/18-anos-em-uma-noite-so-luan-santana-faz-35-com-estreia-de-turne-em-sp\/#article","name":"18 anos em uma noite s\u00f3\u2019: Luan Santana faz 35 com estreia de turn\u00ea em SP \u00bb Encontra Santana","headline":"18 anos em uma noite s\u00f3&#8217;: Luan Santana faz 35 com estreia de turn\u00ea em SP","author":{"@id":"https:\/\/www.encontrasantana.com.br\/sobre\/author\/esantana\/#author"},"publisher":{"@id":"https:\/\/www.encontrasantana.com.br\/sobre\/#organization"},"datePublished":"2026-03-15T04:03:20-03:00","dateModified":"2026-03-15T04:03:20-03:00","inLanguage":"pt-BR","mainEntityOfPage":{"@id":"https:\/\/www.encontrasantana.com.br\/sobre\/18-anos-em-uma-noite-so-luan-santana-faz-35-com-estreia-de-turne-em-sp\/#webpage"},"isPartOf":{"@id":"https:\/\/www.encontrasantana.com.br\/sobre\/18-anos-em-uma-noite-so-luan-santana-faz-35-com-estreia-de-turne-em-sp\/#webpage"},"articleSection":"Show Santana"},{"@type":"BreadcrumbList","@id":"https:\/\/www.encontrasantana.com.br\/sobre\/18-anos-em-uma-noite-so-luan-santana-faz-35-com-estreia-de-turne-em-sp\/#breadcrumblist","itemListElement":[{"@type":"ListItem","@id":"https:\/\/www.encontrasantana.com.br\/sobre#listItem","position":1,"name":"In\u00edcio","item":"https:\/\/www.encontrasantana.com.br\/sobre","nextItem":{"@type":"ListItem","@id":"https:\/\/www.encontrasantana.com.br\/sobre\/shows-em-santana\/#listItem","name":"Show Santana"}},{"@type":"ListItem","@id":"https:\/\/www.encontrasantana.com.br\/sobre\/shows-em-santana\/#listItem","position":2,"name":"Show Santana","item":"https:\/\/www.encontrasantana.com.br\/sobre\/shows-em-santana\/","nextItem":{"@type":"ListItem","@id":"https:\/\/www.encontrasantana.com.br\/sobre\/18-anos-em-uma-noite-so-luan-santana-faz-35-com-estreia-de-turne-em-sp\/#listItem","name":"18 anos em uma noite s\u00f3&#8217;: Luan Santana faz 35 com estreia de turn\u00ea em SP"},"previousItem":{"@type":"ListItem","@id":"https:\/\/www.encontrasantana.com.br\/sobre#listItem","name":"In\u00edcio"}},{"@type":"ListItem","@id":"https:\/\/www.encontrasantana.com.br\/sobre\/18-anos-em-uma-noite-so-luan-santana-faz-35-com-estreia-de-turne-em-sp\/#listItem","position":3,"name":"18 anos em uma noite s\u00f3&#8217;: Luan Santana faz 35 com estreia de turn\u00ea em SP","previousItem":{"@type":"ListItem","@id":"https:\/\/www.encontrasantana.com.br\/sobre\/shows-em-santana\/#listItem","name":"Show Santana"}}]},{"@type":"Organization","@id":"https:\/\/www.encontrasantana.com.br\/sobre\/#organization","name":"Encontra Santana","description":"Not\u00edcias, eventos, informa\u00e7\u00f5es e dicas no bairro de Santana e regi\u00e3o.","url":"https:\/\/www.encontrasantana.com.br\/sobre\/"},{"@type":"Person","@id":"https:\/\/www.encontrasantana.com.br\/sobre\/author\/esantana\/#author","url":"https:\/\/www.encontrasantana.com.br\/sobre\/author\/esantana\/","name":"Encontra Santana","image":{"@type":"ImageObject","@id":"https:\/\/www.encontrasantana.com.br\/sobre\/18-anos-em-uma-noite-so-luan-santana-faz-35-com-estreia-de-turne-em-sp\/#authorImage","url":"https:\/\/secure.gravatar.com\/avatar\/0fbed662e37531ae23e68f85f9517b2454e50c1dfebf80eb9b721449ac95e0b9?s=96&d=mm&r=g","width":96,"height":96,"caption":"Encontra Santana"}},{"@type":"WebPage","@id":"https:\/\/www.encontrasantana.com.br\/sobre\/18-anos-em-uma-noite-so-luan-santana-faz-35-com-estreia-de-turne-em-sp\/#webpage","url":"https:\/\/www.encontrasantana.com.br\/sobre\/18-anos-em-uma-noite-so-luan-santana-faz-35-com-estreia-de-turne-em-sp\/","name":"18 anos em uma noite s\u00f3\u2019: Luan Santana faz 35 com estreia de turn\u00ea em SP \u00bb Encontra Santana","description":"Luan Santana celebra seus 35 anos com a emocionante turn\u00ea 'Registro Hist\u00f3rico'.","inLanguage":"pt-BR","isPartOf":{"@id":"https:\/\/www.encontrasantana.com.br\/sobre\/#website"},"breadcrumb":{"@id":"https:\/\/www.encontrasantana.com.br\/sobre\/18-anos-em-uma-noite-so-luan-santana-faz-35-com-estreia-de-turne-em-sp\/#breadcrumblist"},"author":{"@id":"https:\/\/www.encontrasantana.com.br\/sobre\/author\/esantana\/#author"},"creator":{"@id":"https:\/\/www.encontrasantana.com.br\/sobre\/author\/esantana\/#author"},"datePublished":"2026-03-15T04:03:20-03:00","dateModified":"2026-03-15T04:03:20-03:00"},{"@type":"WebSite","@id":"https:\/\/www.encontrasantana.com.br\/sobre\/#website","url":"https:\/\/www.encontrasantana.com.br\/sobre\/","name":"Encontra Santana","description":"Not\u00edcias, eventos, informa\u00e7\u00f5es e dicas no bairro de Santana e regi\u00e3o.","inLanguage":"pt-BR","publisher":{"@id":"https:\/\/www.encontrasantana.com.br\/sobre\/#organization"}}]},"og:locale":"pt_BR","og:site_name":"Encontra Santana | Not\u00edcias, eventos, informa\u00e7\u00f5es e dicas no bairro de Santana e regi\u00e3o.","og:type":"article","og:title":"18 anos em uma noite s\u00f3\u2019: Luan Santana faz 35 com estreia de turn\u00ea em SP \u00bb Encontra Santana","og:description":"Luan Santana celebra seus 35 anos com a emocionante turn\u00ea 'Registro Hist\u00f3rico'.","og:url":"https:\/\/www.encontrasantana.com.br\/sobre\/18-anos-em-uma-noite-so-luan-santana-faz-35-com-estreia-de-turne-em-sp\/","article:published_time":"2026-03-15T07:03:20+00:00","article:modified_time":"2026-03-15T07:03:20+00:00","twitter:card":"summary","twitter:title":"18 anos em uma noite s\u00f3\u2019: Luan Santana faz 35 com estreia de turn\u00ea em SP \u00bb Encontra Santana","twitter:description":"Luan Santana celebra seus 35 anos com a emocionante turn\u00ea 'Registro Hist\u00f3rico'."},"aioseo_meta_data":{"post_id":"45053","title":null,"description":null,"keywords":null,"keyphrases":null,"primary_term":null,"canonical_url":null,"og_title":null,"og_description":null,"og_object_type":"default","og_image_type":"default","og_image_url":null,"og_image_width":null,"og_image_height":null,"og_image_custom_url":null,"og_image_custom_fields":null,"og_video":null,"og_custom_url":null,"og_article_section":null,"og_article_tags":null,"twitter_use_og":false,"twitter_card":"default","twitter_image_type":"default","twitter_image_url":null,"twitter_image_custom_url":null,"twitter_image_custom_fields":null,"twitter_title":null,"twitter_description":null,"schema":{"blockGraphs":[],"customGraphs":[],"default":{"data":{"Article":[],"Course":[],"Dataset":[],"FAQPage":[],"Movie":[],"Person":[],"Product":[],"ProductReview":[],"Car":[],"Recipe":[],"Service":[],"SoftwareApplication":[],"WebPage":[]},"graphName":"Article","isEnabled":true},"graphs":[]},"schema_type":"default","schema_type_options":null,"pillar_content":false,"robots_default":true,"robots_noindex":false,"robots_noarchive":false,"robots_nosnippet":false,"robots_nofollow":false,"robots_noimageindex":false,"robots_noodp":false,"robots_notranslate":false,"robots_max_snippet":null,"robots_max_videopreview":null,"robots_max_imagepreview":"large","priority":null,"frequency":null,"local_seo":null,"limit_modified_date":false,"created":"2026-03-15 07:03:24","updated":"2026-08-06 20:03:32","focus_keyword":null,"additional_keywords":null,"truseo_locale":null,"ai":null,"breadcrumb_settings":null,"seo_analyzer_scan_date":null},"aioseo_breadcrumb":"<div class=\"aioseo-breadcrumbs\"><span class=\"aioseo-breadcrumb\">\n\t\t\t<a href=\"https:\/\/www.encontrasantana.com.br\/sobre\" title=\"In\u00edcio\">In\u00edcio<\/a>\n\t\t<\/span><span class=\"aioseo-breadcrumb-separator\">&raquo;<\/span><span class=\"aioseo-breadcrumb\">\n\t\t\t<a href=\"https:\/\/www.encontrasantana.com.br\/sobre\/shows-em-santana\/\" title=\"Show Santana\">Show Santana<\/a>\n\t\t<\/span><span class=\"aioseo-breadcrumb-separator\">&raquo;<\/span><span class=\"aioseo-breadcrumb\">\n\t\t\t18 anos em uma noite s\u00f3\u2019: Luan Santana faz 35 com estreia de turn\u00ea em SP\n\t\t<\/span><\/div>","aioseo_breadcrumb_json":[{"label":"In\u00edcio","link":"https:\/\/www.encontrasantana.com.br\/sobre"},{"label":"Show Santana","link":"https:\/\/www.encontrasantana.com.br\/sobre\/shows-em-santana\/"},{"label":"18 anos em uma noite s\u00f3&#8217;: Luan Santana faz 35 com estreia de turn\u00ea em SP","link":"https:\/\/www.encontrasantana.com.br\/sobre\/18-anos-em-uma-noite-so-luan-santana-faz-35-com-estreia-de-turne-em-sp\/"}],"_links":{"self":[{"href":"https:\/\/www.encontrasantana.com.br\/sobre\/wp-json\/wp\/v2\/posts\/45053","targetHints":{"allow":["GET"]}}],"collection":[{"href":"https:\/\/www.encontrasantana.com.br\/sobre\/wp-json\/wp\/v2\/posts"}],"about":[{"href":"https:\/\/www.encontrasantana.com.br\/sobre\/wp-json\/wp\/v2\/types\/post"}],"author":[{"embeddable":true,"href":"https:\/\/www.encontrasantana.com.br\/sobre\/wp-json\/wp\/v2\/users\/1"}],"replies":[{"embeddable":true,"href":"https:\/\/www.encontrasantana.com.br\/sobre\/wp-json\/wp\/v2\/comments?post=45053"}],"version-history":[{"count":0,"href":"https:\/\/www.encontrasantana.com.br\/sobre\/wp-json\/wp\/v2\/posts\/45053\/revisions"}],"wp:attachment":[{"href":"https:\/\/www.encontrasantana.com.br\/sobre\/wp-json\/wp\/v2\/media?parent=45053"}],"wp:term":[{"taxonomy":"category","embeddable":true,"href":"https:\/\/www.encontrasantana.com.br\/sobre\/wp-json\/wp\/v2\/categories?post=45053"},{"taxonomy":"post_tag","embeddable":true,"href":"https:\/\/www.encontrasantana.com.br\/sobre\/wp-json\/wp\/v2\/tags?post=45053"}],"curies":[{"name":"wp","href":"https:\/\/api.w.org\/{rel}","templated":true}]}}