{"id":45183,"date":"2026-04-16T04:02:00","date_gmt":"2026-04-16T07:02:00","guid":{"rendered":"https:\/\/www.encontrasantana.com.br\/sobre\/revelacao-do-pagode-yan-grava-dvd-com-dilsinho-livinho-e-leo-santana-em-sp\/"},"modified":"2026-04-16T04:02:00","modified_gmt":"2026-04-16T07:02:00","slug":"revelacao-do-pagode-yan-grava-dvd-com-dilsinho-livinho-e-leo-santana-em-sp","status":"publish","type":"post","link":"https:\/\/www.encontrasantana.com.br\/sobre\/revelacao-do-pagode-yan-grava-dvd-com-dilsinho-livinho-e-leo-santana-em-sp\/","title":{"rendered":"Revela\u00e7\u00e3o do pagode, Yan grava DVD com Dilsinho, Livinho e L\u00e9o Santana em SP"},"content":{"rendered":"<div class=\"1acf8468e559fd3cbeec5aee3a269a52\" data-index=\"1\" style=\"float: none; margin:0px;\">\n<!-- Anuncio display - global -->\r\n<ins class=\"adsbygoogle\"\r\n     style=\"display:block\"\r\n     data-ad-client=\"ca-pub-8585364105181520\"\r\n     data-ad-slot=\"8789329856\"\r\n     data-ad-format=\"auto\"\r\n     data-full-width-responsive=\"true\"><\/ins>\r\n<script>\r\n     (adsbygoogle = window.adsbygoogle || []).push({});\r\n<\/script>\n<\/div>\n<h2>O Evento de Grava\u00e7\u00e3o do Ano!<\/h2>\n<p>\u00c9 um grande dia para o cantor Yan. Em breve, ele estar\u00e1 sob as luzes do palco do Terra SP, uma renomada casa de shows na capital paulista, realizando a grava\u00e7\u00e3o de seu muito aguardado DVD intitulado &#8220;Chegou Nosso Momento&#8221;. Este projeto \u00e9 considerado um marco na sua carreira, trazendo uma s\u00e9rie de expectativas positivas e a promessa de um espet\u00e1culo memor\u00e1vel. Os \u00faltimos ingressos foram disponibilizados na plataforma Fever Up, sinalizando o interesse massivo do p\u00fablico pela ocasi\u00e3o.<\/p>\n<h2>Participa\u00e7\u00f5es Especiais que Prometem Surpresas<\/h2>\n<p>A grava\u00e7\u00e3o do DVD n\u00e3o ser\u00e1 apenas uma apresenta\u00e7\u00e3o comum, mas contar\u00e1 com a presen\u00e7a de estrelas de renome como L\u00e9o Santana, Dilsinho, e MC Livinho. Al\u00e9m deles, outros artistas, como Clayton &#038; Rom\u00e1rio, Tiee e Lukas Agustinho tamb\u00e9m se juntam a esse time, criando uma verdadeira celebra\u00e7\u00e3o musical. Este interc\u00e2mbio entre os artistas n\u00e3o s\u00f3 promete apresentar colabora\u00e7\u00f5es in\u00e9ditas como tamb\u00e9m celebrar a diversidade de estilos dentro do cen\u00e1rio do pagode.<\/p>\n<h2>Caravanas de F\u00e3s: Uma Conex\u00e3o Direta com o P\u00fablico<\/h2>\n<p>Yan abriu caminhos para que seus f\u00e3s de diferentes regi\u00f5es do Brasil pudessem estar presentes neste marco em sua carreira. Caravanas de f\u00e3s foram organizadas, com \u00f4nibus saindo diretamente do Rio de Janeiro para S\u00e3o Paulo, permitindo que aqueles que o apoiam desde o in\u00edcio estejam perto dele neste momento especial. Essa iniciativa n\u00e3o \u00e9 apenas uma forma de reunir pessoas, mas sim um testemunho do v\u00ednculo que o artista estabeleceu com seu p\u00fablico ao longo de sua trajet\u00f3ria.<\/p>\n<p><img decoding=\"async\" src=\"https:\/\/www.encontrasantana.com.br\/sobre\/wp-content\/uploads\/2026\/04\/revelacao-do-pagode-yan-grava-dvd-com-dilsinho-livinho-e-leo-santana-em-sp.webp\" alt=\"Yan grava DVD com Dilsinho, Livinho e L\u00e9o Santana em SP\" loading=\"lazy\" \/><\/p>\n<h2>O Repert\u00f3rio In\u00e9dito de Yan<\/h2>\n<p>O setlist do DVD est\u00e1 previsto para incluir uma mistura de sucessos que marcaram a trajet\u00f3ria de Yan, al\u00e9m de novas m\u00fasicas que refletem sua evolu\u00e7\u00e3o art\u00edstica. Entre os destaques do repert\u00f3rio, encontramos \u201cText\u00e3o\u201d, uma can\u00e7\u00e3o que se destacou nas redes sociais, tornando-se um verdadeiro sucesso. Essa m\u00fasica j\u00e1 figurou nas paradas do Spotify Brasil e conquistou milh\u00f5es de ouvintes nas plataformas digitais, solidificando ainda mais a presen\u00e7a de Yan no cen\u00e1rio musical.<\/p>\n<h2>Um Olhar Sobre a Trajet\u00f3ria de Yan<\/h2>\n<p>Natural do Rio de Janeiro, Yan iniciou sua jornada art\u00edstica em um ambiente repleto de paix\u00e3o pela m\u00fasica. Desde suas primeiras apresenta\u00e7\u00f5es, seu talento e carisma se destacaram e, ao longo dos anos, ele vem construindo uma base s\u00f3lida de f\u00e3s. Com o lan\u00e7amento do DVD &#8220;Chegou Nosso Momento&#8221;, o cantor reafirma seu compromisso de trazer inova\u00e7\u00f5es e surpresas, sempre respeitando suas ra\u00edzes e a conex\u00e3o com seu p\u00fablico.<\/p>\n<h2>O Impacto de &#8216;Text\u00e3o&#8217; nas Paradas Musicais<\/h2>\n<p>\u201cText\u00e3o\u201d foi uma virada importante na carreira de Yan. A can\u00e7\u00e3o rapidamente se tornou um dos principais hits do artista e sua viraliza\u00e7\u00e3o nas redes sociais representa como a m\u00fasica contempor\u00e2nea pode alcan\u00e7ar um p\u00fablico massivo rapidamente. Essas experi\u00eancias positivas em sua carreira inspiram os novos trabalhos e mostram o potencial que sua m\u00fasica tem para impactar ainda mais ouvintes.<\/p>\n<h2>Expectativas para a Nova Fase Art\u00edstica de Yan<\/h2>\n<p>O DVD &#8220;Chegou Nosso Momento&#8221; \u00e9 mais do que uma grava\u00e7\u00e3o; representa a nova fase art\u00edstica de Yan, que se mostra pronto para crescer e se adaptar ao cen\u00e1rio musical em constante transforma\u00e7\u00e3o. A inclus\u00e3o de colabora\u00e7\u00f5es com outros artistas e a continua\u00e7\u00e3o de sua conex\u00e3o com os f\u00e3s indicam que ele est\u00e1 preparado para deixar uma marca indel\u00e9vel na ind\u00fastria musical.<\/p>\n<h2>Felizmente de Volta ao Palco:<\/h2>\n<p>Este evento emocionante simboliza o retorno triunfal de Yan aos palcos, algo que seus f\u00e3s aguardavam ansiosamente. Ap\u00f3s um per\u00edodo em que a presen\u00e7a ao vivo foi bastante limitada, essa grava\u00e7\u00e3o sinaliza a volta das celebra\u00e7\u00f5es musicais e da conex\u00e3o direta entre artistas e p\u00fablico. Yan est\u00e1 ansioso para retribuir todo o amor que recebeu de seus seguidores.<\/p>\n<h2>A Produ\u00e7\u00e3o Grandiosa do DVD<\/h2>\n<p>A produ\u00e7\u00e3o do DVD foi pensada nos m\u00ednimos detalhes, garantindo que cada aspecto do espet\u00e1culo seja de alta qualidade. A equipe por tr\u00e1s do projeto est\u00e1 entusiasmada com a execu\u00e7\u00e3o das ideias e promete oferecer um visual espetacular, que complementa a qualidade musical das apresenta\u00e7\u00f5es. Essa dedica\u00e7\u00e3o \u00e0 produ\u00e7\u00e3o \u00e9 um reflexo do compromisso de Yan em entregar uma experi\u00eancia que ficar\u00e1 marcada na mem\u00f3ria de seus f\u00e3s.<\/p>\n<h2>Celebra\u00e7\u00e3o da M\u00fasica e da Cultura do Pagode<\/h2>\n<p>Essa grava\u00e7\u00e3o n\u00e3o \u00e9 apenas uma realiza\u00e7\u00e3o pessoal para Yan, mas tamb\u00e9m uma celebra\u00e7\u00e3o do g\u00eanero que o consagrou. O pagode \u00e9 uma parte fundamental da cultura brasileira, e eventos como este ajudam a manter viva sua rica tradi\u00e7\u00e3o. Assim, a grava\u00e7\u00e3o do DVD se transforma em uma festa da m\u00fasica brasileira, mostrando que a arte, a cultura e os la\u00e7os comunit\u00e1rios permanecem fortes.<\/p>\n\n<div style=\"font-size: 0px; height: 0px; line-height: 0px; margin: 0; padding: 0; clear: both;\"><\/div>","protected":false},"excerpt":{"rendered":"<p>Yan grava seu DVD hist\u00f3rico com participa\u00e7\u00f5es marcantes em S\u00e3o Paulo.<\/p>\n","protected":false},"author":1,"featured_media":45182,"comment_status":"open","ping_status":"closed","sticky":false,"template":"","format":"standard","meta":{"footnotes":""},"categories":[3],"tags":[],"class_list":["post-45183","post","type-post","status-publish","format-standard","has-post-thumbnail","hentry","category-noticias-em-santana","has_thumb"],"aioseo_notices":[],"aioseo_head":"\n\t\t<!-- All in One SEO 5.0.0.1 - aioseo.com -->\n\t<meta name=\"description\" content=\"Yan grava seu DVD hist\u00f3rico com participa\u00e7\u00f5es marcantes em S\u00e3o Paulo.\" \/>\n\t<meta name=\"robots\" content=\"max-image-preview:large\" \/>\n\t<meta name=\"author\" content=\"Encontra Santana\"\/>\n\t<link rel=\"canonical\" href=\"https:\/\/www.encontrasantana.com.br\/sobre\/revelacao-do-pagode-yan-grava-dvd-com-dilsinho-livinho-e-leo-santana-em-sp\/\" \/>\n\t<meta name=\"generator\" content=\"All in One SEO (AIOSEO) 5.0.0.1\" \/>\n\t\t<meta property=\"og:locale\" content=\"pt_BR\" \/>\n\t\t<meta property=\"og:site_name\" content=\"Encontra Santana | Not\u00edcias, eventos, informa\u00e7\u00f5es e dicas no bairro de Santana e regi\u00e3o.\" \/>\n\t\t<meta property=\"og:type\" content=\"article\" \/>\n\t\t<meta property=\"og:title\" content=\"Revela\u00e7\u00e3o do pagode, Yan grava DVD com Dilsinho, Livinho e L\u00e9o Santana em SP \u00bb Encontra Santana\" \/>\n\t\t<meta property=\"og:description\" content=\"Yan grava seu DVD hist\u00f3rico com participa\u00e7\u00f5es marcantes em S\u00e3o Paulo.\" \/>\n\t\t<meta property=\"og:url\" content=\"https:\/\/www.encontrasantana.com.br\/sobre\/revelacao-do-pagode-yan-grava-dvd-com-dilsinho-livinho-e-leo-santana-em-sp\/\" \/>\n\t\t<meta property=\"article:published_time\" content=\"2026-04-16T07:02:00+00:00\" \/>\n\t\t<meta property=\"article:modified_time\" content=\"2026-04-16T07:02:00+00:00\" \/>\n\t\t<meta name=\"twitter:card\" content=\"summary\" \/>\n\t\t<meta name=\"twitter:title\" content=\"Revela\u00e7\u00e3o do pagode, Yan grava DVD com Dilsinho, Livinho e L\u00e9o Santana em SP \u00bb Encontra Santana\" \/>\n\t\t<meta name=\"twitter:description\" content=\"Yan grava seu DVD hist\u00f3rico com participa\u00e7\u00f5es marcantes em S\u00e3o Paulo.\" \/>\n\t\t<script type=\"application\/ld+json\" class=\"aioseo-schema\">\n\t\t\t{\"@context\":\"https:\\\/\\\/schema.org\",\"@graph\":[{\"@type\":\"Article\",\"@id\":\"https:\\\/\\\/www.encontrasantana.com.br\\\/sobre\\\/revelacao-do-pagode-yan-grava-dvd-com-dilsinho-livinho-e-leo-santana-em-sp\\\/#article\",\"name\":\"Revela\\u00e7\\u00e3o do pagode, Yan grava DVD com Dilsinho, Livinho e L\\u00e9o Santana em SP \\u00bb Encontra Santana\",\"headline\":\"Revela\\u00e7\\u00e3o do pagode, Yan grava DVD com Dilsinho, Livinho e L\\u00e9o Santana em SP\",\"author\":{\"@id\":\"https:\\\/\\\/www.encontrasantana.com.br\\\/sobre\\\/author\\\/esantana\\\/#author\"},\"publisher\":{\"@id\":\"https:\\\/\\\/www.encontrasantana.com.br\\\/sobre\\\/#organization\"},\"image\":{\"@type\":\"ImageObject\",\"url\":\"https:\\\/\\\/www.encontrasantana.com.br\\\/sobre\\\/wp-content\\\/uploads\\\/2026\\\/04\\\/revelacao-do-pagode-yan-grava-dvd-com-dilsinho-livinho-e-leo-santana-em-sp.webp\",\"width\":280,\"height\":280,\"caption\":\"Yan grava DVD com Dilsinho, Livinho e L\\u00e9o Santana em SP\"},\"datePublished\":\"2026-04-16T04:02:00-03:00\",\"dateModified\":\"2026-04-16T04:02:00-03:00\",\"inLanguage\":\"pt-BR\",\"mainEntityOfPage\":{\"@id\":\"https:\\\/\\\/www.encontrasantana.com.br\\\/sobre\\\/revelacao-do-pagode-yan-grava-dvd-com-dilsinho-livinho-e-leo-santana-em-sp\\\/#webpage\"},\"isPartOf\":{\"@id\":\"https:\\\/\\\/www.encontrasantana.com.br\\\/sobre\\\/revelacao-do-pagode-yan-grava-dvd-com-dilsinho-livinho-e-leo-santana-em-sp\\\/#webpage\"},\"articleSection\":\"Not\\u00edcias Santana\"},{\"@type\":\"BreadcrumbList\",\"@id\":\"https:\\\/\\\/www.encontrasantana.com.br\\\/sobre\\\/revelacao-do-pagode-yan-grava-dvd-com-dilsinho-livinho-e-leo-santana-em-sp\\\/#breadcrumblist\",\"itemListElement\":[{\"@type\":\"ListItem\",\"@id\":\"https:\\\/\\\/www.encontrasantana.com.br\\\/sobre#listItem\",\"position\":1,\"name\":\"In\\u00edcio\",\"item\":\"https:\\\/\\\/www.encontrasantana.com.br\\\/sobre\",\"nextItem\":{\"@type\":\"ListItem\",\"@id\":\"https:\\\/\\\/www.encontrasantana.com.br\\\/sobre\\\/noticias-em-santana\\\/#listItem\",\"name\":\"Not\\u00edcias Santana\"}},{\"@type\":\"ListItem\",\"@id\":\"https:\\\/\\\/www.encontrasantana.com.br\\\/sobre\\\/noticias-em-santana\\\/#listItem\",\"position\":2,\"name\":\"Not\\u00edcias Santana\",\"item\":\"https:\\\/\\\/www.encontrasantana.com.br\\\/sobre\\\/noticias-em-santana\\\/\",\"nextItem\":{\"@type\":\"ListItem\",\"@id\":\"https:\\\/\\\/www.encontrasantana.com.br\\\/sobre\\\/revelacao-do-pagode-yan-grava-dvd-com-dilsinho-livinho-e-leo-santana-em-sp\\\/#listItem\",\"name\":\"Revela\\u00e7\\u00e3o do pagode, Yan grava DVD com Dilsinho, Livinho e L\\u00e9o Santana em SP\"},\"previousItem\":{\"@type\":\"ListItem\",\"@id\":\"https:\\\/\\\/www.encontrasantana.com.br\\\/sobre#listItem\",\"name\":\"In\\u00edcio\"}},{\"@type\":\"ListItem\",\"@id\":\"https:\\\/\\\/www.encontrasantana.com.br\\\/sobre\\\/revelacao-do-pagode-yan-grava-dvd-com-dilsinho-livinho-e-leo-santana-em-sp\\\/#listItem\",\"position\":3,\"name\":\"Revela\\u00e7\\u00e3o do pagode, Yan grava DVD com Dilsinho, Livinho e L\\u00e9o Santana em SP\",\"previousItem\":{\"@type\":\"ListItem\",\"@id\":\"https:\\\/\\\/www.encontrasantana.com.br\\\/sobre\\\/noticias-em-santana\\\/#listItem\",\"name\":\"Not\\u00edcias Santana\"}}]},{\"@type\":\"Organization\",\"@id\":\"https:\\\/\\\/www.encontrasantana.com.br\\\/sobre\\\/#organization\",\"name\":\"Encontra Santana\",\"description\":\"Not\\u00edcias, eventos, informa\\u00e7\\u00f5es e dicas no bairro de Santana e regi\\u00e3o.\",\"url\":\"https:\\\/\\\/www.encontrasantana.com.br\\\/sobre\\\/\"},{\"@type\":\"Person\",\"@id\":\"https:\\\/\\\/www.encontrasantana.com.br\\\/sobre\\\/author\\\/esantana\\\/#author\",\"url\":\"https:\\\/\\\/www.encontrasantana.com.br\\\/sobre\\\/author\\\/esantana\\\/\",\"name\":\"Encontra Santana\",\"image\":{\"@type\":\"ImageObject\",\"@id\":\"https:\\\/\\\/www.encontrasantana.com.br\\\/sobre\\\/revelacao-do-pagode-yan-grava-dvd-com-dilsinho-livinho-e-leo-santana-em-sp\\\/#authorImage\",\"url\":\"https:\\\/\\\/secure.gravatar.com\\\/avatar\\\/0fbed662e37531ae23e68f85f9517b2454e50c1dfebf80eb9b721449ac95e0b9?s=96&d=mm&r=g\",\"width\":96,\"height\":96,\"caption\":\"Encontra Santana\"}},{\"@type\":\"WebPage\",\"@id\":\"https:\\\/\\\/www.encontrasantana.com.br\\\/sobre\\\/revelacao-do-pagode-yan-grava-dvd-com-dilsinho-livinho-e-leo-santana-em-sp\\\/#webpage\",\"url\":\"https:\\\/\\\/www.encontrasantana.com.br\\\/sobre\\\/revelacao-do-pagode-yan-grava-dvd-com-dilsinho-livinho-e-leo-santana-em-sp\\\/\",\"name\":\"Revela\\u00e7\\u00e3o do pagode, Yan grava DVD com Dilsinho, Livinho e L\\u00e9o Santana em SP \\u00bb Encontra Santana\",\"description\":\"Yan grava seu DVD hist\\u00f3rico com participa\\u00e7\\u00f5es marcantes em S\\u00e3o Paulo.\",\"inLanguage\":\"pt-BR\",\"isPartOf\":{\"@id\":\"https:\\\/\\\/www.encontrasantana.com.br\\\/sobre\\\/#website\"},\"breadcrumb\":{\"@id\":\"https:\\\/\\\/www.encontrasantana.com.br\\\/sobre\\\/revelacao-do-pagode-yan-grava-dvd-com-dilsinho-livinho-e-leo-santana-em-sp\\\/#breadcrumblist\"},\"author\":{\"@id\":\"https:\\\/\\\/www.encontrasantana.com.br\\\/sobre\\\/author\\\/esantana\\\/#author\"},\"creator\":{\"@id\":\"https:\\\/\\\/www.encontrasantana.com.br\\\/sobre\\\/author\\\/esantana\\\/#author\"},\"image\":{\"@type\":\"ImageObject\",\"url\":\"https:\\\/\\\/www.encontrasantana.com.br\\\/sobre\\\/wp-content\\\/uploads\\\/2026\\\/04\\\/revelacao-do-pagode-yan-grava-dvd-com-dilsinho-livinho-e-leo-santana-em-sp.webp\",\"@id\":\"https:\\\/\\\/www.encontrasantana.com.br\\\/sobre\\\/revelacao-do-pagode-yan-grava-dvd-com-dilsinho-livinho-e-leo-santana-em-sp\\\/#mainImage\",\"width\":280,\"height\":280,\"caption\":\"Yan grava DVD com Dilsinho, Livinho e L\\u00e9o Santana em SP\"},\"primaryImageOfPage\":{\"@id\":\"https:\\\/\\\/www.encontrasantana.com.br\\\/sobre\\\/revelacao-do-pagode-yan-grava-dvd-com-dilsinho-livinho-e-leo-santana-em-sp\\\/#mainImage\"},\"datePublished\":\"2026-04-16T04:02:00-03:00\",\"dateModified\":\"2026-04-16T04:02:00-03:00\"},{\"@type\":\"WebSite\",\"@id\":\"https:\\\/\\\/www.encontrasantana.com.br\\\/sobre\\\/#website\",\"url\":\"https:\\\/\\\/www.encontrasantana.com.br\\\/sobre\\\/\",\"name\":\"Encontra Santana\",\"description\":\"Not\\u00edcias, eventos, informa\\u00e7\\u00f5es e dicas no bairro de Santana e regi\\u00e3o.\",\"inLanguage\":\"pt-BR\",\"publisher\":{\"@id\":\"https:\\\/\\\/www.encontrasantana.com.br\\\/sobre\\\/#organization\"}}]}\n\t\t<\/script>\n\t\t<!-- All in One SEO -->\n\n","aioseo_head_json":{"title":"Revela\u00e7\u00e3o do pagode, Yan grava DVD com Dilsinho, Livinho e L\u00e9o Santana em SP \u00bb Encontra Santana","description":"Yan grava seu DVD hist\u00f3rico com participa\u00e7\u00f5es marcantes em S\u00e3o Paulo.","canonical_url":"https:\/\/www.encontrasantana.com.br\/sobre\/revelacao-do-pagode-yan-grava-dvd-com-dilsinho-livinho-e-leo-santana-em-sp\/","robots":"max-image-preview:large","keywords":"","webmasterTools":{"miscellaneous":""},"schema":{"@context":"https:\/\/schema.org","@graph":[{"@type":"Article","@id":"https:\/\/www.encontrasantana.com.br\/sobre\/revelacao-do-pagode-yan-grava-dvd-com-dilsinho-livinho-e-leo-santana-em-sp\/#article","name":"Revela\u00e7\u00e3o do pagode, Yan grava DVD com Dilsinho, Livinho e L\u00e9o Santana em SP \u00bb Encontra Santana","headline":"Revela\u00e7\u00e3o do pagode, Yan grava DVD com Dilsinho, Livinho e L\u00e9o Santana em SP","author":{"@id":"https:\/\/www.encontrasantana.com.br\/sobre\/author\/esantana\/#author"},"publisher":{"@id":"https:\/\/www.encontrasantana.com.br\/sobre\/#organization"},"image":{"@type":"ImageObject","url":"https:\/\/www.encontrasantana.com.br\/sobre\/wp-content\/uploads\/2026\/04\/revelacao-do-pagode-yan-grava-dvd-com-dilsinho-livinho-e-leo-santana-em-sp.webp","width":280,"height":280,"caption":"Yan grava DVD com Dilsinho, Livinho e L\u00e9o Santana em SP"},"datePublished":"2026-04-16T04:02:00-03:00","dateModified":"2026-04-16T04:02:00-03:00","inLanguage":"pt-BR","mainEntityOfPage":{"@id":"https:\/\/www.encontrasantana.com.br\/sobre\/revelacao-do-pagode-yan-grava-dvd-com-dilsinho-livinho-e-leo-santana-em-sp\/#webpage"},"isPartOf":{"@id":"https:\/\/www.encontrasantana.com.br\/sobre\/revelacao-do-pagode-yan-grava-dvd-com-dilsinho-livinho-e-leo-santana-em-sp\/#webpage"},"articleSection":"Not\u00edcias Santana"},{"@type":"BreadcrumbList","@id":"https:\/\/www.encontrasantana.com.br\/sobre\/revelacao-do-pagode-yan-grava-dvd-com-dilsinho-livinho-e-leo-santana-em-sp\/#breadcrumblist","itemListElement":[{"@type":"ListItem","@id":"https:\/\/www.encontrasantana.com.br\/sobre#listItem","position":1,"name":"In\u00edcio","item":"https:\/\/www.encontrasantana.com.br\/sobre","nextItem":{"@type":"ListItem","@id":"https:\/\/www.encontrasantana.com.br\/sobre\/noticias-em-santana\/#listItem","name":"Not\u00edcias Santana"}},{"@type":"ListItem","@id":"https:\/\/www.encontrasantana.com.br\/sobre\/noticias-em-santana\/#listItem","position":2,"name":"Not\u00edcias Santana","item":"https:\/\/www.encontrasantana.com.br\/sobre\/noticias-em-santana\/","nextItem":{"@type":"ListItem","@id":"https:\/\/www.encontrasantana.com.br\/sobre\/revelacao-do-pagode-yan-grava-dvd-com-dilsinho-livinho-e-leo-santana-em-sp\/#listItem","name":"Revela\u00e7\u00e3o do pagode, Yan grava DVD com Dilsinho, Livinho e L\u00e9o Santana em SP"},"previousItem":{"@type":"ListItem","@id":"https:\/\/www.encontrasantana.com.br\/sobre#listItem","name":"In\u00edcio"}},{"@type":"ListItem","@id":"https:\/\/www.encontrasantana.com.br\/sobre\/revelacao-do-pagode-yan-grava-dvd-com-dilsinho-livinho-e-leo-santana-em-sp\/#listItem","position":3,"name":"Revela\u00e7\u00e3o do pagode, Yan grava DVD com Dilsinho, Livinho e L\u00e9o Santana em SP","previousItem":{"@type":"ListItem","@id":"https:\/\/www.encontrasantana.com.br\/sobre\/noticias-em-santana\/#listItem","name":"Not\u00edcias Santana"}}]},{"@type":"Organization","@id":"https:\/\/www.encontrasantana.com.br\/sobre\/#organization","name":"Encontra Santana","description":"Not\u00edcias, eventos, informa\u00e7\u00f5es e dicas no bairro de Santana e regi\u00e3o.","url":"https:\/\/www.encontrasantana.com.br\/sobre\/"},{"@type":"Person","@id":"https:\/\/www.encontrasantana.com.br\/sobre\/author\/esantana\/#author","url":"https:\/\/www.encontrasantana.com.br\/sobre\/author\/esantana\/","name":"Encontra Santana","image":{"@type":"ImageObject","@id":"https:\/\/www.encontrasantana.com.br\/sobre\/revelacao-do-pagode-yan-grava-dvd-com-dilsinho-livinho-e-leo-santana-em-sp\/#authorImage","url":"https:\/\/secure.gravatar.com\/avatar\/0fbed662e37531ae23e68f85f9517b2454e50c1dfebf80eb9b721449ac95e0b9?s=96&d=mm&r=g","width":96,"height":96,"caption":"Encontra Santana"}},{"@type":"WebPage","@id":"https:\/\/www.encontrasantana.com.br\/sobre\/revelacao-do-pagode-yan-grava-dvd-com-dilsinho-livinho-e-leo-santana-em-sp\/#webpage","url":"https:\/\/www.encontrasantana.com.br\/sobre\/revelacao-do-pagode-yan-grava-dvd-com-dilsinho-livinho-e-leo-santana-em-sp\/","name":"Revela\u00e7\u00e3o do pagode, Yan grava DVD com Dilsinho, Livinho e L\u00e9o Santana em SP \u00bb Encontra Santana","description":"Yan grava seu DVD hist\u00f3rico com participa\u00e7\u00f5es marcantes em S\u00e3o Paulo.","inLanguage":"pt-BR","isPartOf":{"@id":"https:\/\/www.encontrasantana.com.br\/sobre\/#website"},"breadcrumb":{"@id":"https:\/\/www.encontrasantana.com.br\/sobre\/revelacao-do-pagode-yan-grava-dvd-com-dilsinho-livinho-e-leo-santana-em-sp\/#breadcrumblist"},"author":{"@id":"https:\/\/www.encontrasantana.com.br\/sobre\/author\/esantana\/#author"},"creator":{"@id":"https:\/\/www.encontrasantana.com.br\/sobre\/author\/esantana\/#author"},"image":{"@type":"ImageObject","url":"https:\/\/www.encontrasantana.com.br\/sobre\/wp-content\/uploads\/2026\/04\/revelacao-do-pagode-yan-grava-dvd-com-dilsinho-livinho-e-leo-santana-em-sp.webp","@id":"https:\/\/www.encontrasantana.com.br\/sobre\/revelacao-do-pagode-yan-grava-dvd-com-dilsinho-livinho-e-leo-santana-em-sp\/#mainImage","width":280,"height":280,"caption":"Yan grava DVD com Dilsinho, Livinho e L\u00e9o Santana em SP"},"primaryImageOfPage":{"@id":"https:\/\/www.encontrasantana.com.br\/sobre\/revelacao-do-pagode-yan-grava-dvd-com-dilsinho-livinho-e-leo-santana-em-sp\/#mainImage"},"datePublished":"2026-04-16T04:02:00-03:00","dateModified":"2026-04-16T04:02:00-03:00"},{"@type":"WebSite","@id":"https:\/\/www.encontrasantana.com.br\/sobre\/#website","url":"https:\/\/www.encontrasantana.com.br\/sobre\/","name":"Encontra Santana","description":"Not\u00edcias, eventos, informa\u00e7\u00f5es e dicas no bairro de Santana e regi\u00e3o.","inLanguage":"pt-BR","publisher":{"@id":"https:\/\/www.encontrasantana.com.br\/sobre\/#organization"}}]},"og:locale":"pt_BR","og:site_name":"Encontra Santana | Not\u00edcias, eventos, informa\u00e7\u00f5es e dicas no bairro de Santana e regi\u00e3o.","og:type":"article","og:title":"Revela\u00e7\u00e3o do pagode, Yan grava DVD com Dilsinho, Livinho e L\u00e9o Santana em SP \u00bb Encontra Santana","og:description":"Yan grava seu DVD hist\u00f3rico com participa\u00e7\u00f5es marcantes em S\u00e3o Paulo.","og:url":"https:\/\/www.encontrasantana.com.br\/sobre\/revelacao-do-pagode-yan-grava-dvd-com-dilsinho-livinho-e-leo-santana-em-sp\/","article:published_time":"2026-04-16T07:02:00+00:00","article:modified_time":"2026-04-16T07:02:00+00:00","twitter:card":"summary","twitter:title":"Revela\u00e7\u00e3o do pagode, Yan grava DVD com Dilsinho, Livinho e L\u00e9o Santana em SP \u00bb Encontra Santana","twitter:description":"Yan grava seu DVD hist\u00f3rico com participa\u00e7\u00f5es marcantes em S\u00e3o Paulo."},"aioseo_meta_data":{"post_id":"45183","title":null,"description":null,"keywords":null,"keyphrases":null,"primary_term":null,"canonical_url":null,"og_title":null,"og_description":null,"og_object_type":"default","og_image_type":"default","og_image_url":null,"og_image_width":null,"og_image_height":null,"og_image_custom_url":null,"og_image_custom_fields":null,"og_video":null,"og_custom_url":null,"og_article_section":null,"og_article_tags":null,"twitter_use_og":false,"twitter_card":"default","twitter_image_type":"default","twitter_image_url":null,"twitter_image_custom_url":null,"twitter_image_custom_fields":null,"twitter_title":null,"twitter_description":null,"schema":{"blockGraphs":[],"customGraphs":[],"default":{"data":{"Article":[],"Course":[],"Dataset":[],"FAQPage":[],"Movie":[],"Person":[],"Product":[],"ProductReview":[],"Car":[],"Recipe":[],"Service":[],"SoftwareApplication":[],"WebPage":[]},"graphName":"Article","isEnabled":true},"graphs":[]},"schema_type":"default","schema_type_options":null,"pillar_content":false,"robots_default":true,"robots_noindex":false,"robots_noarchive":false,"robots_nosnippet":false,"robots_nofollow":false,"robots_noimageindex":false,"robots_noodp":false,"robots_notranslate":false,"robots_max_snippet":null,"robots_max_videopreview":null,"robots_max_imagepreview":"large","priority":null,"frequency":null,"local_seo":null,"limit_modified_date":false,"created":"2026-04-16 07:02:03","updated":"2026-08-06 10:53:17","focus_keyword":null,"additional_keywords":null,"truseo_locale":null,"ai":null,"breadcrumb_settings":null,"seo_analyzer_scan_date":null},"aioseo_breadcrumb":"<div class=\"aioseo-breadcrumbs\"><span class=\"aioseo-breadcrumb\">\n\t\t\t<a href=\"https:\/\/www.encontrasantana.com.br\/sobre\" title=\"In\u00edcio\">In\u00edcio<\/a>\n\t\t<\/span><span class=\"aioseo-breadcrumb-separator\">&raquo;<\/span><span class=\"aioseo-breadcrumb\">\n\t\t\t<a href=\"https:\/\/www.encontrasantana.com.br\/sobre\/noticias-em-santana\/\" title=\"Not\u00edcias Santana\">Not\u00edcias Santana<\/a>\n\t\t<\/span><span class=\"aioseo-breadcrumb-separator\">&raquo;<\/span><span class=\"aioseo-breadcrumb\">\n\t\t\tRevela\u00e7\u00e3o do pagode, Yan grava DVD com Dilsinho, Livinho e L\u00e9o Santana em SP\n\t\t<\/span><\/div>","aioseo_breadcrumb_json":[{"label":"In\u00edcio","link":"https:\/\/www.encontrasantana.com.br\/sobre"},{"label":"Not\u00edcias Santana","link":"https:\/\/www.encontrasantana.com.br\/sobre\/noticias-em-santana\/"},{"label":"Revela\u00e7\u00e3o do pagode, Yan grava DVD com Dilsinho, Livinho e L\u00e9o Santana em SP","link":"https:\/\/www.encontrasantana.com.br\/sobre\/revelacao-do-pagode-yan-grava-dvd-com-dilsinho-livinho-e-leo-santana-em-sp\/"}],"_links":{"self":[{"href":"https:\/\/www.encontrasantana.com.br\/sobre\/wp-json\/wp\/v2\/posts\/45183","targetHints":{"allow":["GET"]}}],"collection":[{"href":"https:\/\/www.encontrasantana.com.br\/sobre\/wp-json\/wp\/v2\/posts"}],"about":[{"href":"https:\/\/www.encontrasantana.com.br\/sobre\/wp-json\/wp\/v2\/types\/post"}],"author":[{"embeddable":true,"href":"https:\/\/www.encontrasantana.com.br\/sobre\/wp-json\/wp\/v2\/users\/1"}],"replies":[{"embeddable":true,"href":"https:\/\/www.encontrasantana.com.br\/sobre\/wp-json\/wp\/v2\/comments?post=45183"}],"version-history":[{"count":0,"href":"https:\/\/www.encontrasantana.com.br\/sobre\/wp-json\/wp\/v2\/posts\/45183\/revisions"}],"wp:featuredmedia":[{"embeddable":true,"href":"https:\/\/www.encontrasantana.com.br\/sobre\/wp-json\/wp\/v2\/media\/45182"}],"wp:attachment":[{"href":"https:\/\/www.encontrasantana.com.br\/sobre\/wp-json\/wp\/v2\/media?parent=45183"}],"wp:term":[{"taxonomy":"category","embeddable":true,"href":"https:\/\/www.encontrasantana.com.br\/sobre\/wp-json\/wp\/v2\/categories?post=45183"},{"taxonomy":"post_tag","embeddable":true,"href":"https:\/\/www.encontrasantana.com.br\/sobre\/wp-json\/wp\/v2\/tags?post=45183"}],"curies":[{"name":"wp","href":"https:\/\/api.w.org\/{rel}","templated":true}]}}