{"id":45267,"date":"2026-05-02T04:05:54","date_gmt":"2026-05-02T07:05:54","guid":{"rendered":"https:\/\/www.encontrasantana.com.br\/sobre\/desmontadores-do-palco-do-show-de-luan-santana-sao-torturados-ao-serem-confundidos-com-faccionados-de-sp\/"},"modified":"2026-05-02T04:05:54","modified_gmt":"2026-05-02T07:05:54","slug":"desmontadores-do-palco-do-show-de-luan-santana-sao-torturados-ao-serem-confundidos-com-faccionados-de-sp","status":"publish","type":"post","link":"https:\/\/www.encontrasantana.com.br\/sobre\/desmontadores-do-palco-do-show-de-luan-santana-sao-torturados-ao-serem-confundidos-com-faccionados-de-sp\/","title":{"rendered":"Desmontadores do palco do show de Luan Santana s\u00e3o torturados ao serem confundidos com faccionados de SP"},"content":{"rendered":"<div class=\"1acf8468e559fd3cbeec5aee3a269a52\" data-index=\"1\" style=\"float: none; margin:0px;\">\n<!-- Anuncio display - global -->\r\n<ins class=\"adsbygoogle\"\r\n     style=\"display:block\"\r\n     data-ad-client=\"ca-pub-8585364105181520\"\r\n     data-ad-slot=\"8789329856\"\r\n     data-ad-format=\"auto\"\r\n     data-full-width-responsive=\"true\"><\/ins>\r\n<script>\r\n     (adsbygoogle = window.adsbygoogle || []).push({});\r\n<\/script>\n<\/div>\n<h2>O que Aconteceu com os Desmontadores<\/h2>\n<p>No \u00faltimo final de semana, dois indiv\u00edduos, um de 38 e outro de 27 anos, viajaram de S\u00e3o Paulo para Cuiab\u00e1 com a finalidade de trabalhar na desmontagem do palco do show do artista Luan Santana. No entanto, durante o processo, eles foram tragicamente sequestrados e agredidos por um grupo criminoso em V\u00e1rzea Grande. O incidente ocorreu ap\u00f3s um gesto involunt\u00e1rio de m\u00e3o por parte de uma das v\u00edtimas, que foi mal interpretado como um sinal associado a fac\u00e7\u00f5es criminosas.<\/p>\n<h2>A Confus\u00e3o que Levou \u00e0 Tortura<\/h2>\n<p>Na noite de domingo, enquanto estavam na regi\u00e3o de Alameda, os homens foram abordados por suspeitos que, acreditando que eles eram membros de uma fac\u00e7\u00e3o rival, os for\u00e7aram a acompanhar seu grupo. Em um clima de confus\u00e3o, eles foram levados para um local onde sofreram agress\u00f5es f\u00edsicas por parte de um grupo de oito agressores. As v\u00edtimas relataram que tentaram explicar que estavam apenas ali para trabalhar, mas foram ignoradas e agredidas.<\/p>\n<h2>Hist\u00f3ria Pessoal das V\u00edtimas<\/h2>\n<p>Ambos os homens eram trabalhadores do setor de eventos, com experi\u00eancias em montagem e desmontagem de palcos, e estavam animados para participar do evento que envolvia um cantor famoso. Eles relataram que, ap\u00f3s a agress\u00e3o, se sentiram completamente impotentes e desamparados, especialmente devido \u00e0 viol\u00eancia inesperada e desproporcional com que foram tratados.<\/p>\n<p><img decoding=\"async\" src=\"https:\/\/www.encontrasantana.com.br\/sobre\/wp-content\/uploads\/2026\/05\/desmontadores-do-palco-do-show-de-luan-santana-sao-torturados-ao-serem-confundidos-com-faccionados-d.webp\" alt=\"desmontadores do palco do show de Luan Santana\" loading=\"lazy\" \/><\/p>\n<h2>Rea\u00e7\u00e3o da Pol\u00edcia e Investiga\u00e7\u00e3o<\/h2>\n<p>A pol\u00edcia foi notificada sobre o ocorrido e se deslocou rapidamente para a \u00e1rea. Ao chegarem, encontraram o ve\u00edculo utilizado pelos agressores abandonado, al\u00e9m de outras evid\u00eancias que foram analisadas. As v\u00edtimas conseguiram descrever os eventos com detalhes, facilitando a investiga\u00e7\u00e3o. No entanto, os criminosos conseguiram escapar antes da chegada dos policiais.<\/p>\n<h2>Impacto na Ind\u00fastria de Eventos<\/h2>\n<p>Casos como este levantam preocupa\u00e7\u00f5es significativas sobre a seguran\u00e7a no setor de eventos. O que deveria ser um trabalho tempor\u00e1rio e seguro transformou-se em uma situa\u00e7\u00e3o de vida ou morte. Isso pode levar a mudan\u00e7as nas pr\u00e1ticas de seguran\u00e7a em eventos ao vivo, com a necessidade de refor\u00e7ar a vigil\u00e2ncia e melhorar a comunica\u00e7\u00e3o entre os trabalhadores e as autoridades locais.<\/p>\n<h2>Consequ\u00eancias Legais para os Criminosos<\/h2>\n<p>A investiga\u00e7\u00e3o est\u00e1 em andamento e a pol\u00edcia est\u00e1 determinada a prender os culpados. As consequ\u00eancias legais podem incluir v\u00e1rias acusa\u00e7\u00f5es graves, como sequestro, les\u00e3o corporal e roubo. Al\u00e9m de poss\u00edveis penas de pris\u00e3o, os criminosos enfrentar\u00e3o um processo legal prolongado.<\/p>\n<h2>Opini\u00f5es da Comunidade Local<\/h2>\n<p>Ap\u00f3s o incidente, a comunidade local expressou sua indigna\u00e7\u00e3o. Muitas pessoas comentaram sobre a falta de seguran\u00e7a em bairros mais vulner\u00e1veis e a necessidade urgente de medidas preventivas. Organiza\u00e7\u00f5es locais est\u00e3o se unindo para exigir mais apoio das autoridades em rela\u00e7\u00e3o \u00e0 seguran\u00e7a p\u00fablica.<\/p>\n<h2>Como Prevenir Incidentes Semelhantes<\/h2>\n<p>A preven\u00e7\u00e3o de incidentes violentos deve ser uma prioridade para todos os envolvidos na ind\u00fastria de eventos. Estrat\u00e9gias incluem:<\/p>\n<ul>\n<li><strong>Aumentar a Seguran\u00e7a:<\/strong> Refor\u00e7ar o n\u00famero de seguran\u00e7as em locais vulner\u00e1veis.<\/li>\n<li><strong>Treinamento para Funcion\u00e1rios:<\/strong> Promover workshops para os trabalhadores sobre como lidar com situa\u00e7\u00f5es de risco.<\/li>\n<li><strong>Colabora\u00e7\u00e3o com a Pol\u00edcia:<\/strong> Desenvolver parcerias mais fortes com as autoridades locais para garantir uma resposta r\u00e1pida a ocorr\u00eancias suspeitas.<\/li>\n<li><strong>Comunica\u00e7\u00e3o Clara:<\/strong> Estabelecer um canal aberto entre os trabalhadores e a seguran\u00e7a para reportar atividades suspeitas.<\/li>\n<\/ul>\n<h2>A Import\u00e2ncia da Comunica\u00e7\u00e3o Clara<\/h2>\n<p>A comunica\u00e7\u00e3o \u00e9 essencial para evitar mal-entendidos que podem levar a situa\u00e7\u00f5es de perigo. Para isso, \u00e9 crucial que todos os trabalhadores do setor de eventos saibam como e quando reportar situa\u00e7\u00f5es que considerem amea\u00e7adoras. Um ambiente de trabalho seguro come\u00e7a com uma linha direta de di\u00e1logo e compreens\u00e3o entre todos os envolvidos.<\/p>\n<h2>Reflex\u00e3o sobre Seguran\u00e7a em Eventos<\/h2>\n<p>Em s\u00edntese, o evento que deveria ser uma celebra\u00e7\u00e3o e uma oportunidade de trabalho teve um desfecho triste e alarmante. Este incidente deve servir como um alerta para todos os associados \u00e0 ind\u00fastria de eventos para reavaliar as pr\u00e1ticas de seguran\u00e7a e implementar medidas mais eficazes para proteger aqueles que trabalham nos bastidores. A ind\u00fastria de entretenimento deve priorizar a seguran\u00e7a de seus trabalhadores como um elemento fundamental de sua opera\u00e7\u00e3o.<\/p>\n\n<div style=\"font-size: 0px; height: 0px; line-height: 0px; margin: 0; padding: 0; clear: both;\"><\/div>","protected":false},"excerpt":{"rendered":"<p>Desmontadores de palco de Luan Santana s\u00e3o torturados ap\u00f3s confus\u00e3o; entenda o caso.<\/p>\n","protected":false},"author":1,"featured_media":45266,"comment_status":"open","ping_status":"closed","sticky":false,"template":"","format":"standard","meta":{"footnotes":""},"categories":[3],"tags":[],"class_list":["post-45267","post","type-post","status-publish","format-standard","has-post-thumbnail","hentry","category-noticias-em-santana","has_thumb"],"aioseo_notices":[],"_links":{"self":[{"href":"https:\/\/www.encontrasantana.com.br\/sobre\/wp-json\/wp\/v2\/posts\/45267"}],"collection":[{"href":"https:\/\/www.encontrasantana.com.br\/sobre\/wp-json\/wp\/v2\/posts"}],"about":[{"href":"https:\/\/www.encontrasantana.com.br\/sobre\/wp-json\/wp\/v2\/types\/post"}],"author":[{"embeddable":true,"href":"https:\/\/www.encontrasantana.com.br\/sobre\/wp-json\/wp\/v2\/users\/1"}],"replies":[{"embeddable":true,"href":"https:\/\/www.encontrasantana.com.br\/sobre\/wp-json\/wp\/v2\/comments?post=45267"}],"version-history":[{"count":0,"href":"https:\/\/www.encontrasantana.com.br\/sobre\/wp-json\/wp\/v2\/posts\/45267\/revisions"}],"wp:featuredmedia":[{"embeddable":true,"href":"https:\/\/www.encontrasantana.com.br\/sobre\/wp-json\/wp\/v2\/media\/45266"}],"wp:attachment":[{"href":"https:\/\/www.encontrasantana.com.br\/sobre\/wp-json\/wp\/v2\/media?parent=45267"}],"wp:term":[{"taxonomy":"category","embeddable":true,"href":"https:\/\/www.encontrasantana.com.br\/sobre\/wp-json\/wp\/v2\/categories?post=45267"},{"taxonomy":"post_tag","embeddable":true,"href":"https:\/\/www.encontrasantana.com.br\/sobre\/wp-json\/wp\/v2\/tags?post=45267"}],"curies":[{"name":"wp","href":"https:\/\/api.w.org\/{rel}","templated":true}]}}