{"id":453,"date":"2010-09-10T17:37:52","date_gmt":"2010-09-10T20:37:52","guid":{"rendered":"http:\/\/www.encontrasantana.com.br\/blog\/?p=453"},"modified":"2019-04-15T10:05:54","modified_gmt":"2019-04-15T13:05:54","slug":"santana-recebe-a-sao-paulo-fashion-car","status":"publish","type":"post","link":"https:\/\/www.encontrasantana.com.br\/sobre\/santana-recebe-a-sao-paulo-fashion-car\/","title":{"rendered":"Santana recebe a S\u00e3o Paulo Fashion Car"},"content":{"rendered":"<div class=\"1acf8468e559fd3cbeec5aee3a269a52\" data-index=\"1\" style=\"float: none; margin:0px;\">\n<!-- Anuncio display - global -->\r\n<ins class=\"adsbygoogle\"\r\n     style=\"display:block\"\r\n     data-ad-client=\"ca-pub-8585364105181520\"\r\n     data-ad-slot=\"8789329856\"\r\n     data-ad-format=\"auto\"\r\n     data-full-width-responsive=\"true\"><\/ins>\r\n<script>\r\n     (adsbygoogle = window.adsbygoogle || []).push({});\r\n<\/script>\n<\/div>\n<p>O <a href=\"http:\/\/www.encontrasantana.com.br\/santana\/anhembi-em-santana.shtml\" target=\"_blank\">Pavilh\u00e3o de Exposi\u00e7\u00f5es do Anhembi<\/a>, em Santana, vai ficar lotado de carros antigos, entre os dias 10 e 12 de setembro, com o Sal\u00e3o Internacional de Ve\u00edculos Antigos ou S\u00e3o Paulo Fashion Car, um evento \u00fanico com grandes marcas de autom\u00f3veis.<\/p>\n<p>O objetivo \u00e9 resgatar toda a hist\u00f3ria do automobilismo, recriando a moda, as m\u00fasicas de \u00e9poca, figurinos e todo ambiente da \u00e9poca de cada um dos ve\u00edculos. O evento ir\u00e1 reviver cada d\u00e9cada, retratar as mudan\u00e7as de comportamento, de estilos e de est\u00e9ticas.<\/p>\n<p>No s\u00e1bado, o evento ir\u00e1 tomar as ruas do centro da cidade. A partir das 15h30 cerca de 30 carros ir\u00e3o circular pela cidade.<\/p>\n<p>O evento, que vai at\u00e9 domingo, \u00e9 uma oportunidade de admirar mais de 250 autom\u00f3veis rar\u00edssimos.<\/p>\n<p>Para entrar, o p\u00fablico deve levar um quilo de alimento n\u00e3o perec\u00edvel.<\/p>\n<p><strong>SERVI\u00c7O<br \/>\n<\/strong><br \/>\nData: de 10 a 12 de setembro<br \/>\nLocal: Pavilh\u00e3o de Exposi\u00e7\u00f5es do Anhembi<br \/>\nEndere\u00e7o: Av. Olavo Fontoura, 1209 \u2013 Santana<br \/>\nIngresso: 1 quilo de alimento n\u00e3o perec\u00edvel<br \/>\nSite:\u00a0automovelclubedobrasil.org.br<\/p>\n<p><em>Fonte: Portal Cidade de S\u00e3o Paulo<\/em><\/p>\n\n<div style=\"font-size: 0px; height: 0px; line-height: 0px; margin: 0; padding: 0; clear: both;\"><\/div>","protected":false},"excerpt":{"rendered":"<p>O Pavilh\u00e3o de Exposi\u00e7\u00f5es do Anhembi, em Santana, vai ficar lotado de carros antigos, entre os dias 10 e 12 de setembro, com o Sal\u00e3o Internacional de Ve\u00edculos Antigos ou S\u00e3o Paulo Fashion Car, um evento \u00fanico com grandes marcas de autom\u00f3veis. O objetivo \u00e9 resgatar toda a hist\u00f3ria do automobilismo, recriando a moda, as m\u00fasicas de \u00e9poca, figurinos e todo ambiente da \u00e9poca de cada um dos ve\u00edculos. O evento ir\u00e1 reviver cada d\u00e9cada, retratar as mudan\u00e7as de comportamento, de estilos e de est\u00e9ticas. No s\u00e1bado, o evento ir\u00e1 tomar as ruas do centro da cidade. A partir das <\/p>\n","protected":false},"author":1,"featured_media":0,"comment_status":"open","ping_status":"closed","sticky":false,"template":"","format":"standard","meta":{"footnotes":""},"categories":[3],"tags":[10],"class_list":["post-453","post","type-post","status-publish","format-standard","hentry","category-noticias-em-santana","tag-santana"],"aioseo_notices":[],"aioseo_head":"\n\t\t<!-- All in One SEO 5.0.0.1 - aioseo.com -->\n\t<meta name=\"description\" content=\"O Pavilh\u00e3o de Exposi\u00e7\u00f5es do Anhembi, em Santana, vai ficar lotado de carros antigos, entre os dias 10 e 12 de setembro, com o Sal\u00e3o Internacional de Ve\u00edculos Antigos ou S\u00e3o Paulo Fashion Car, um evento \u00fanico com grandes marcas de autom\u00f3veis. O objetivo \u00e9 resgatar toda a hist\u00f3ria do automobilismo, recriando a moda, as\" \/>\n\t<meta name=\"robots\" content=\"max-image-preview:large\" \/>\n\t<meta name=\"author\" content=\"Encontra Santana\"\/>\n\t<link rel=\"canonical\" href=\"https:\/\/www.encontrasantana.com.br\/sobre\/santana-recebe-a-sao-paulo-fashion-car\/\" \/>\n\t<meta name=\"generator\" content=\"All in One SEO (AIOSEO) 5.0.0.1\" \/>\n\t\t<meta property=\"og:locale\" content=\"pt_BR\" \/>\n\t\t<meta property=\"og:site_name\" content=\"Encontra Santana | Not\u00edcias, eventos, informa\u00e7\u00f5es e dicas no bairro de Santana e regi\u00e3o.\" \/>\n\t\t<meta property=\"og:type\" content=\"article\" \/>\n\t\t<meta property=\"og:title\" content=\"Santana recebe a S\u00e3o Paulo Fashion Car \u00bb Encontra Santana\" \/>\n\t\t<meta property=\"og:description\" content=\"O Pavilh\u00e3o de Exposi\u00e7\u00f5es do Anhembi, em Santana, vai ficar lotado de carros antigos, entre os dias 10 e 12 de setembro, com o Sal\u00e3o Internacional de Ve\u00edculos Antigos ou S\u00e3o Paulo Fashion Car, um evento \u00fanico com grandes marcas de autom\u00f3veis. O objetivo \u00e9 resgatar toda a hist\u00f3ria do automobilismo, recriando a moda, as\" \/>\n\t\t<meta property=\"og:url\" content=\"https:\/\/www.encontrasantana.com.br\/sobre\/santana-recebe-a-sao-paulo-fashion-car\/\" \/>\n\t\t<meta property=\"article:published_time\" content=\"2010-09-10T20:37:52+00:00\" \/>\n\t\t<meta property=\"article:modified_time\" content=\"2019-04-15T13:05:54+00:00\" \/>\n\t\t<meta name=\"twitter:card\" content=\"summary\" \/>\n\t\t<meta name=\"twitter:title\" content=\"Santana recebe a S\u00e3o Paulo Fashion Car \u00bb Encontra Santana\" \/>\n\t\t<meta name=\"twitter:description\" content=\"O Pavilh\u00e3o de Exposi\u00e7\u00f5es do Anhembi, em Santana, vai ficar lotado de carros antigos, entre os dias 10 e 12 de setembro, com o Sal\u00e3o Internacional de Ve\u00edculos Antigos ou S\u00e3o Paulo Fashion Car, um evento \u00fanico com grandes marcas de autom\u00f3veis. O objetivo \u00e9 resgatar toda a hist\u00f3ria do automobilismo, recriando a moda, as\" \/>\n\t\t<script type=\"application\/ld+json\" class=\"aioseo-schema\">\n\t\t\t{\"@context\":\"https:\\\/\\\/schema.org\",\"@graph\":[{\"@type\":\"Article\",\"@id\":\"https:\\\/\\\/www.encontrasantana.com.br\\\/sobre\\\/santana-recebe-a-sao-paulo-fashion-car\\\/#article\",\"name\":\"Santana recebe a S\\u00e3o Paulo Fashion Car \\u00bb Encontra Santana\",\"headline\":\"Santana recebe a S\\u00e3o Paulo Fashion Car\",\"author\":{\"@id\":\"https:\\\/\\\/www.encontrasantana.com.br\\\/sobre\\\/author\\\/esantana\\\/#author\"},\"publisher\":{\"@id\":\"https:\\\/\\\/www.encontrasantana.com.br\\\/sobre\\\/#organization\"},\"datePublished\":\"2010-09-10T17:37:52-03:00\",\"dateModified\":\"2019-04-15T10:05:54-03:00\",\"inLanguage\":\"pt-BR\",\"mainEntityOfPage\":{\"@id\":\"https:\\\/\\\/www.encontrasantana.com.br\\\/sobre\\\/santana-recebe-a-sao-paulo-fashion-car\\\/#webpage\"},\"isPartOf\":{\"@id\":\"https:\\\/\\\/www.encontrasantana.com.br\\\/sobre\\\/santana-recebe-a-sao-paulo-fashion-car\\\/#webpage\"},\"articleSection\":\"Not\\u00edcias Santana, Santana\"},{\"@type\":\"BreadcrumbList\",\"@id\":\"https:\\\/\\\/www.encontrasantana.com.br\\\/sobre\\\/santana-recebe-a-sao-paulo-fashion-car\\\/#breadcrumblist\",\"itemListElement\":[{\"@type\":\"ListItem\",\"@id\":\"https:\\\/\\\/www.encontrasantana.com.br\\\/sobre#listItem\",\"position\":1,\"name\":\"In\\u00edcio\",\"item\":\"https:\\\/\\\/www.encontrasantana.com.br\\\/sobre\",\"nextItem\":{\"@type\":\"ListItem\",\"@id\":\"https:\\\/\\\/www.encontrasantana.com.br\\\/sobre\\\/noticias-em-santana\\\/#listItem\",\"name\":\"Not\\u00edcias Santana\"}},{\"@type\":\"ListItem\",\"@id\":\"https:\\\/\\\/www.encontrasantana.com.br\\\/sobre\\\/noticias-em-santana\\\/#listItem\",\"position\":2,\"name\":\"Not\\u00edcias Santana\",\"item\":\"https:\\\/\\\/www.encontrasantana.com.br\\\/sobre\\\/noticias-em-santana\\\/\",\"nextItem\":{\"@type\":\"ListItem\",\"@id\":\"https:\\\/\\\/www.encontrasantana.com.br\\\/sobre\\\/santana-recebe-a-sao-paulo-fashion-car\\\/#listItem\",\"name\":\"Santana recebe a S\\u00e3o Paulo Fashion Car\"},\"previousItem\":{\"@type\":\"ListItem\",\"@id\":\"https:\\\/\\\/www.encontrasantana.com.br\\\/sobre#listItem\",\"name\":\"In\\u00edcio\"}},{\"@type\":\"ListItem\",\"@id\":\"https:\\\/\\\/www.encontrasantana.com.br\\\/sobre\\\/santana-recebe-a-sao-paulo-fashion-car\\\/#listItem\",\"position\":3,\"name\":\"Santana recebe a S\\u00e3o Paulo Fashion Car\",\"previousItem\":{\"@type\":\"ListItem\",\"@id\":\"https:\\\/\\\/www.encontrasantana.com.br\\\/sobre\\\/noticias-em-santana\\\/#listItem\",\"name\":\"Not\\u00edcias Santana\"}}]},{\"@type\":\"Organization\",\"@id\":\"https:\\\/\\\/www.encontrasantana.com.br\\\/sobre\\\/#organization\",\"name\":\"Encontra Santana\",\"description\":\"Not\\u00edcias, eventos, informa\\u00e7\\u00f5es e dicas no bairro de Santana e regi\\u00e3o.\",\"url\":\"https:\\\/\\\/www.encontrasantana.com.br\\\/sobre\\\/\"},{\"@type\":\"Person\",\"@id\":\"https:\\\/\\\/www.encontrasantana.com.br\\\/sobre\\\/author\\\/esantana\\\/#author\",\"url\":\"https:\\\/\\\/www.encontrasantana.com.br\\\/sobre\\\/author\\\/esantana\\\/\",\"name\":\"Encontra Santana\",\"image\":{\"@type\":\"ImageObject\",\"@id\":\"https:\\\/\\\/www.encontrasantana.com.br\\\/sobre\\\/santana-recebe-a-sao-paulo-fashion-car\\\/#authorImage\",\"url\":\"https:\\\/\\\/secure.gravatar.com\\\/avatar\\\/0fbed662e37531ae23e68f85f9517b2454e50c1dfebf80eb9b721449ac95e0b9?s=96&d=mm&r=g\",\"width\":96,\"height\":96,\"caption\":\"Encontra Santana\"}},{\"@type\":\"WebPage\",\"@id\":\"https:\\\/\\\/www.encontrasantana.com.br\\\/sobre\\\/santana-recebe-a-sao-paulo-fashion-car\\\/#webpage\",\"url\":\"https:\\\/\\\/www.encontrasantana.com.br\\\/sobre\\\/santana-recebe-a-sao-paulo-fashion-car\\\/\",\"name\":\"Santana recebe a S\\u00e3o Paulo Fashion Car \\u00bb Encontra Santana\",\"description\":\"O Pavilh\\u00e3o de Exposi\\u00e7\\u00f5es do Anhembi, em Santana, vai ficar lotado de carros antigos, entre os dias 10 e 12 de setembro, com o Sal\\u00e3o Internacional de Ve\\u00edculos Antigos ou S\\u00e3o Paulo Fashion Car, um evento \\u00fanico com grandes marcas de autom\\u00f3veis. O objetivo \\u00e9 resgatar toda a hist\\u00f3ria do automobilismo, recriando a moda, as\",\"inLanguage\":\"pt-BR\",\"isPartOf\":{\"@id\":\"https:\\\/\\\/www.encontrasantana.com.br\\\/sobre\\\/#website\"},\"breadcrumb\":{\"@id\":\"https:\\\/\\\/www.encontrasantana.com.br\\\/sobre\\\/santana-recebe-a-sao-paulo-fashion-car\\\/#breadcrumblist\"},\"author\":{\"@id\":\"https:\\\/\\\/www.encontrasantana.com.br\\\/sobre\\\/author\\\/esantana\\\/#author\"},\"creator\":{\"@id\":\"https:\\\/\\\/www.encontrasantana.com.br\\\/sobre\\\/author\\\/esantana\\\/#author\"},\"datePublished\":\"2010-09-10T17:37:52-03:00\",\"dateModified\":\"2019-04-15T10:05:54-03:00\"},{\"@type\":\"WebSite\",\"@id\":\"https:\\\/\\\/www.encontrasantana.com.br\\\/sobre\\\/#website\",\"url\":\"https:\\\/\\\/www.encontrasantana.com.br\\\/sobre\\\/\",\"name\":\"Encontra Santana\",\"description\":\"Not\\u00edcias, eventos, informa\\u00e7\\u00f5es e dicas no bairro de Santana e regi\\u00e3o.\",\"inLanguage\":\"pt-BR\",\"publisher\":{\"@id\":\"https:\\\/\\\/www.encontrasantana.com.br\\\/sobre\\\/#organization\"}}]}\n\t\t<\/script>\n\t\t<!-- All in One SEO -->\n\n","aioseo_head_json":{"title":"Santana recebe a S\u00e3o Paulo Fashion Car \u00bb Encontra Santana","description":"O Pavilh\u00e3o de Exposi\u00e7\u00f5es do Anhembi, em Santana, vai ficar lotado de carros antigos, entre os dias 10 e 12 de setembro, com o Sal\u00e3o Internacional de Ve\u00edculos Antigos ou S\u00e3o Paulo Fashion Car, um evento \u00fanico com grandes marcas de autom\u00f3veis. O objetivo \u00e9 resgatar toda a hist\u00f3ria do automobilismo, recriando a moda, as","canonical_url":"https:\/\/www.encontrasantana.com.br\/sobre\/santana-recebe-a-sao-paulo-fashion-car\/","robots":"max-image-preview:large","keywords":"","webmasterTools":{"miscellaneous":""},"schema":{"@context":"https:\/\/schema.org","@graph":[{"@type":"Article","@id":"https:\/\/www.encontrasantana.com.br\/sobre\/santana-recebe-a-sao-paulo-fashion-car\/#article","name":"Santana recebe a S\u00e3o Paulo Fashion Car \u00bb Encontra Santana","headline":"Santana recebe a S\u00e3o Paulo Fashion Car","author":{"@id":"https:\/\/www.encontrasantana.com.br\/sobre\/author\/esantana\/#author"},"publisher":{"@id":"https:\/\/www.encontrasantana.com.br\/sobre\/#organization"},"datePublished":"2010-09-10T17:37:52-03:00","dateModified":"2019-04-15T10:05:54-03:00","inLanguage":"pt-BR","mainEntityOfPage":{"@id":"https:\/\/www.encontrasantana.com.br\/sobre\/santana-recebe-a-sao-paulo-fashion-car\/#webpage"},"isPartOf":{"@id":"https:\/\/www.encontrasantana.com.br\/sobre\/santana-recebe-a-sao-paulo-fashion-car\/#webpage"},"articleSection":"Not\u00edcias Santana, Santana"},{"@type":"BreadcrumbList","@id":"https:\/\/www.encontrasantana.com.br\/sobre\/santana-recebe-a-sao-paulo-fashion-car\/#breadcrumblist","itemListElement":[{"@type":"ListItem","@id":"https:\/\/www.encontrasantana.com.br\/sobre#listItem","position":1,"name":"In\u00edcio","item":"https:\/\/www.encontrasantana.com.br\/sobre","nextItem":{"@type":"ListItem","@id":"https:\/\/www.encontrasantana.com.br\/sobre\/noticias-em-santana\/#listItem","name":"Not\u00edcias Santana"}},{"@type":"ListItem","@id":"https:\/\/www.encontrasantana.com.br\/sobre\/noticias-em-santana\/#listItem","position":2,"name":"Not\u00edcias Santana","item":"https:\/\/www.encontrasantana.com.br\/sobre\/noticias-em-santana\/","nextItem":{"@type":"ListItem","@id":"https:\/\/www.encontrasantana.com.br\/sobre\/santana-recebe-a-sao-paulo-fashion-car\/#listItem","name":"Santana recebe a S\u00e3o Paulo Fashion Car"},"previousItem":{"@type":"ListItem","@id":"https:\/\/www.encontrasantana.com.br\/sobre#listItem","name":"In\u00edcio"}},{"@type":"ListItem","@id":"https:\/\/www.encontrasantana.com.br\/sobre\/santana-recebe-a-sao-paulo-fashion-car\/#listItem","position":3,"name":"Santana recebe a S\u00e3o Paulo Fashion Car","previousItem":{"@type":"ListItem","@id":"https:\/\/www.encontrasantana.com.br\/sobre\/noticias-em-santana\/#listItem","name":"Not\u00edcias Santana"}}]},{"@type":"Organization","@id":"https:\/\/www.encontrasantana.com.br\/sobre\/#organization","name":"Encontra Santana","description":"Not\u00edcias, eventos, informa\u00e7\u00f5es e dicas no bairro de Santana e regi\u00e3o.","url":"https:\/\/www.encontrasantana.com.br\/sobre\/"},{"@type":"Person","@id":"https:\/\/www.encontrasantana.com.br\/sobre\/author\/esantana\/#author","url":"https:\/\/www.encontrasantana.com.br\/sobre\/author\/esantana\/","name":"Encontra Santana","image":{"@type":"ImageObject","@id":"https:\/\/www.encontrasantana.com.br\/sobre\/santana-recebe-a-sao-paulo-fashion-car\/#authorImage","url":"https:\/\/secure.gravatar.com\/avatar\/0fbed662e37531ae23e68f85f9517b2454e50c1dfebf80eb9b721449ac95e0b9?s=96&d=mm&r=g","width":96,"height":96,"caption":"Encontra Santana"}},{"@type":"WebPage","@id":"https:\/\/www.encontrasantana.com.br\/sobre\/santana-recebe-a-sao-paulo-fashion-car\/#webpage","url":"https:\/\/www.encontrasantana.com.br\/sobre\/santana-recebe-a-sao-paulo-fashion-car\/","name":"Santana recebe a S\u00e3o Paulo Fashion Car \u00bb Encontra Santana","description":"O Pavilh\u00e3o de Exposi\u00e7\u00f5es do Anhembi, em Santana, vai ficar lotado de carros antigos, entre os dias 10 e 12 de setembro, com o Sal\u00e3o Internacional de Ve\u00edculos Antigos ou S\u00e3o Paulo Fashion Car, um evento \u00fanico com grandes marcas de autom\u00f3veis. O objetivo \u00e9 resgatar toda a hist\u00f3ria do automobilismo, recriando a moda, as","inLanguage":"pt-BR","isPartOf":{"@id":"https:\/\/www.encontrasantana.com.br\/sobre\/#website"},"breadcrumb":{"@id":"https:\/\/www.encontrasantana.com.br\/sobre\/santana-recebe-a-sao-paulo-fashion-car\/#breadcrumblist"},"author":{"@id":"https:\/\/www.encontrasantana.com.br\/sobre\/author\/esantana\/#author"},"creator":{"@id":"https:\/\/www.encontrasantana.com.br\/sobre\/author\/esantana\/#author"},"datePublished":"2010-09-10T17:37:52-03:00","dateModified":"2019-04-15T10:05:54-03:00"},{"@type":"WebSite","@id":"https:\/\/www.encontrasantana.com.br\/sobre\/#website","url":"https:\/\/www.encontrasantana.com.br\/sobre\/","name":"Encontra Santana","description":"Not\u00edcias, eventos, informa\u00e7\u00f5es e dicas no bairro de Santana e regi\u00e3o.","inLanguage":"pt-BR","publisher":{"@id":"https:\/\/www.encontrasantana.com.br\/sobre\/#organization"}}]},"og:locale":"pt_BR","og:site_name":"Encontra Santana | Not\u00edcias, eventos, informa\u00e7\u00f5es e dicas no bairro de Santana e regi\u00e3o.","og:type":"article","og:title":"Santana recebe a S\u00e3o Paulo Fashion Car \u00bb Encontra Santana","og:description":"O Pavilh\u00e3o de Exposi\u00e7\u00f5es do Anhembi, em Santana, vai ficar lotado de carros antigos, entre os dias 10 e 12 de setembro, com o Sal\u00e3o Internacional de Ve\u00edculos Antigos ou S\u00e3o Paulo Fashion Car, um evento \u00fanico com grandes marcas de autom\u00f3veis. O objetivo \u00e9 resgatar toda a hist\u00f3ria do automobilismo, recriando a moda, as","og:url":"https:\/\/www.encontrasantana.com.br\/sobre\/santana-recebe-a-sao-paulo-fashion-car\/","article:published_time":"2010-09-10T20:37:52+00:00","article:modified_time":"2019-04-15T13:05:54+00:00","twitter:card":"summary","twitter:title":"Santana recebe a S\u00e3o Paulo Fashion Car \u00bb Encontra Santana","twitter:description":"O Pavilh\u00e3o de Exposi\u00e7\u00f5es do Anhembi, em Santana, vai ficar lotado de carros antigos, entre os dias 10 e 12 de setembro, com o Sal\u00e3o Internacional de Ve\u00edculos Antigos ou S\u00e3o Paulo Fashion Car, um evento \u00fanico com grandes marcas de autom\u00f3veis. O objetivo \u00e9 resgatar toda a hist\u00f3ria do automobilismo, recriando a moda, as"},"aioseo_meta_data":{"post_id":"453","title":null,"description":null,"keywords":null,"keyphrases":null,"primary_term":null,"canonical_url":null,"og_title":null,"og_description":null,"og_object_type":"default","og_image_type":"default","og_image_url":null,"og_image_width":null,"og_image_height":null,"og_image_custom_url":null,"og_image_custom_fields":null,"og_video":null,"og_custom_url":null,"og_article_section":null,"og_article_tags":null,"twitter_use_og":false,"twitter_card":"default","twitter_image_type":"default","twitter_image_url":null,"twitter_image_custom_url":null,"twitter_image_custom_fields":null,"twitter_title":null,"twitter_description":null,"schema":{"blockGraphs":[],"customGraphs":[],"default":{"data":{"Article":[],"Course":[],"Dataset":[],"FAQPage":[],"Movie":[],"Person":[],"Product":[],"ProductReview":[],"Car":[],"Recipe":[],"Service":[],"SoftwareApplication":[],"WebPage":[]},"graphName":"Article","isEnabled":true},"graphs":[]},"schema_type":null,"schema_type_options":null,"pillar_content":false,"robots_default":true,"robots_noindex":false,"robots_noarchive":false,"robots_nosnippet":false,"robots_nofollow":false,"robots_noimageindex":false,"robots_noodp":false,"robots_notranslate":false,"robots_max_snippet":null,"robots_max_videopreview":null,"robots_max_imagepreview":"large","priority":null,"frequency":null,"local_seo":null,"limit_modified_date":false,"created":"2021-04-20 19:51:28","updated":"2026-08-06 03:51:21","focus_keyword":null,"additional_keywords":null,"truseo_locale":null,"ai":null,"breadcrumb_settings":null,"seo_analyzer_scan_date":null},"aioseo_breadcrumb":"<div class=\"aioseo-breadcrumbs\"><span class=\"aioseo-breadcrumb\">\n\t\t\t<a href=\"https:\/\/www.encontrasantana.com.br\/sobre\" title=\"In\u00edcio\">In\u00edcio<\/a>\n\t\t<\/span><span class=\"aioseo-breadcrumb-separator\">&raquo;<\/span><span class=\"aioseo-breadcrumb\">\n\t\t\t<a href=\"https:\/\/www.encontrasantana.com.br\/sobre\/noticias-em-santana\/\" title=\"Not\u00edcias Santana\">Not\u00edcias Santana<\/a>\n\t\t<\/span><span class=\"aioseo-breadcrumb-separator\">&raquo;<\/span><span class=\"aioseo-breadcrumb\">\n\t\t\tSantana recebe a S\u00e3o Paulo Fashion Car\n\t\t<\/span><\/div>","aioseo_breadcrumb_json":[{"label":"In\u00edcio","link":"https:\/\/www.encontrasantana.com.br\/sobre"},{"label":"Not\u00edcias Santana","link":"https:\/\/www.encontrasantana.com.br\/sobre\/noticias-em-santana\/"},{"label":"Santana recebe a S\u00e3o Paulo Fashion Car","link":"https:\/\/www.encontrasantana.com.br\/sobre\/santana-recebe-a-sao-paulo-fashion-car\/"}],"_links":{"self":[{"href":"https:\/\/www.encontrasantana.com.br\/sobre\/wp-json\/wp\/v2\/posts\/453","targetHints":{"allow":["GET"]}}],"collection":[{"href":"https:\/\/www.encontrasantana.com.br\/sobre\/wp-json\/wp\/v2\/posts"}],"about":[{"href":"https:\/\/www.encontrasantana.com.br\/sobre\/wp-json\/wp\/v2\/types\/post"}],"author":[{"embeddable":true,"href":"https:\/\/www.encontrasantana.com.br\/sobre\/wp-json\/wp\/v2\/users\/1"}],"replies":[{"embeddable":true,"href":"https:\/\/www.encontrasantana.com.br\/sobre\/wp-json\/wp\/v2\/comments?post=453"}],"version-history":[{"count":0,"href":"https:\/\/www.encontrasantana.com.br\/sobre\/wp-json\/wp\/v2\/posts\/453\/revisions"}],"wp:attachment":[{"href":"https:\/\/www.encontrasantana.com.br\/sobre\/wp-json\/wp\/v2\/media?parent=453"}],"wp:term":[{"taxonomy":"category","embeddable":true,"href":"https:\/\/www.encontrasantana.com.br\/sobre\/wp-json\/wp\/v2\/categories?post=453"},{"taxonomy":"post_tag","embeddable":true,"href":"https:\/\/www.encontrasantana.com.br\/sobre\/wp-json\/wp\/v2\/tags?post=453"}],"curies":[{"name":"wp","href":"https:\/\/api.w.org\/{rel}","templated":true}]}}