{"id":46053,"date":"2026-08-30T08:12:34","date_gmt":"2026-08-30T11:12:34","guid":{"rendered":"https:\/\/www.encontrasantana.com.br\/sobre\/atuacoes-do-sao-paulo-luciano-e-gustavo-santana-decidem-na-vitoria-sobre-o-bragantino\/"},"modified":"2026-08-30T08:12:34","modified_gmt":"2026-08-30T11:12:34","slug":"atuacoes-do-sao-paulo-luciano-e-gustavo-santana-decidem-na-vitoria-sobre-o-bragantino","status":"publish","type":"post","link":"https:\/\/www.encontrasantana.com.br\/sobre\/atuacoes-do-sao-paulo-luciano-e-gustavo-santana-decidem-na-vitoria-sobre-o-bragantino\/","title":{"rendered":"Atua\u00e7\u00f5es do S\u00e3o Paulo: Luciano e Gustavo Santana decidem na vit\u00f3ria sobre o Bragantino"},"content":{"rendered":"<div class=\"1acf8468e559fd3cbeec5aee3a269a52\" data-index=\"1\" style=\"float: none; margin:0px;\">\n<!-- Anuncio display - global -->\r\n<ins class=\"adsbygoogle\"\r\n     style=\"display:block\"\r\n     data-ad-client=\"ca-pub-8585364105181520\"\r\n     data-ad-slot=\"8789329856\"\r\n     data-ad-format=\"auto\"\r\n     data-full-width-responsive=\"true\"><\/ins>\r\n<script>\r\n     (adsbygoogle = window.adsbygoogle || []).push({});\r\n<\/script>\n<\/div>\n<h2>Destaques da Partida<\/h2>\n<p>No confronto entre S\u00e3o Paulo e Red Bull Bragantino, realizado no \u00faltimo s\u00e1bado, os protagonistas foram Luciano e Gustavo Santana, que impulsionaram o Tricolor a uma importante vit\u00f3ria por 2 a 1. Com o camisa 10 iniciando o placar ao converter um p\u00eanalti e o jovem atacante ampliando a vantagem, o jogo foi marcado por um desempenho coletivo e individual not\u00e1vel, especialmente em um momento delicado da temporada.<\/p>\n<h2>A Import\u00e2ncia de Luciano<\/h2>\n<p>Luciano, que atuou como uma das principais pe\u00e7as na linha ofensiva do S\u00e3o Paulo, demonstrou a sua import\u00e2ncia logo no in\u00edcio da partida. Ele n\u00e3o apenas abriu o placar com um p\u00eanalti sofrido e transformado em gol, mas tamb\u00e9m participou ativamente de jogadas que criaram oportunidades, mostrando um entendimento t\u00e1tico com os seus companheiros de equipe.<\/p>\n<h2>Gustavo Santana em Foco<\/h2>\n<p>Por sua vez, Gustavo Santana, que ganhou a chance de ser titular, soube aproveitar bem a oportunidade. Durante o primeiro tempo, ele conseguiu aumentar a vantagem para o time, marcando de voleio ap\u00f3s uma falha na defesa braguinha. Este gol foi crucial, n\u00e3o apenas para a partida, mas tamb\u00e9m para a confian\u00e7a do jovem atleta, que se tornar\u00e1 uma figura importante na equipe se continuar se destacando.<\/p>\n<p><img decoding=\"async\" src=\"https:\/\/www.encontrasantana.com.br\/sobre\/wp-content\/uploads\/2026\/08\/atuacoes-do-sao-paulo-luciano-e-gustavo-santana-decidem-na-vitoria-sobre-o-bragantino.webp\" alt=\"Atua\u00e7\u00f5es do S\u00e3o Paulo\" loading=\"lazy\" \/><\/p>\n<h2>Performance da Equipe<\/h2>\n<p>A vit\u00f3ria do S\u00e3o Paulo foi reflexo de uma boa atua\u00e7\u00e3o coletiva, com destaque para a velocidade e a comunica\u00e7\u00e3o entre os jogadores. A equipe se destacou nas jogadas de ataque, explorando os lados do campo e criando diversas oportunidades para balan\u00e7ar as redes. O entrosamento entre os atletas foi evidente, com passes r\u00e1pidos e jogadas ensaiadas que surpreenderam a defesa advers\u00e1ria.<\/p>\n<h2>An\u00e1lise T\u00e1tica do Jogo<\/h2>\n<p>O t\u00e9cnico do S\u00e3o Paulo implementou uma estrat\u00e9gia que privilegiou o controle da posse de bola e a realiza\u00e7\u00e3o de press\u00f5es altas, evitando que o Bragantino se estabelecesse. A equipe se mostrava compacta defensivamente, o que possibilitou r\u00e1pidas transi\u00e7\u00f5es do campo defensivo para o ofensivo. Essa abordagem foi particularmente eficaz, permitindo que o S\u00e3o Paulo dominasse o jogo, especialmente no primeiro tempo.<\/p>\n<h2>Desempenho Defensivo<\/h2>\n<p>No setor defensivo, Domingos Duarte emergiu como l\u00edder, influenciado pela presen\u00e7a dos zagueiros Arboleda e Sabino ao seu lado. Duarte trouxe seguran\u00e7a \u00e0 defesa e se destacou em duelos diretos, contribuindo para a prote\u00e7\u00e3o do gol e controlando o fluxo ofensivo do Bragantino. Com um total de dez interven\u00e7\u00f5es defensivas eficazes, ele teve um papel central na manuten\u00e7\u00e3o da vantagem no placar.<\/p>\n<h2>Impacto no Campeonato<\/h2>\n<p>A vit\u00f3ria por 2 a 1 n\u00e3o apenas trouxe al\u00edvio moment\u00e2neo, mas tamb\u00e9m melhorou a posi\u00e7\u00e3o do S\u00e3o Paulo na tabela do Campeonato Brasileiro. Este triunfo ser\u00e1 vital para a moral da equipe, especialmente ap\u00f3s um per\u00edodo de resultados adversos que havia gerado press\u00e3o sobre os jogadores e a comiss\u00e3o t\u00e9cnica. O impacto emocional e psicol\u00f3gico dessa conquista pode ser exatamente o que o time precisa para dar continuidade \u00e0 sua busca por melhores desempenhos e resultados.<\/p>\n<h2>Expectativas para Jogos Futuros<\/h2>\n<p>Com a confian\u00e7a renovada ap\u00f3s esta vit\u00f3ria, as expectativas para os pr\u00f3ximos jogos aumentaram. A equipe t\u00e9cnica e os jogadores buscar\u00e3o manter a mesma intensidade e foco, pois cada partida \u00e9 fundamental na busca por uma posi\u00e7\u00e3o mais alta na tabela do campeonato. Todos os olhos estar\u00e3o voltados para o pr\u00f3ximo advers\u00e1rio, e a necessidade de consist\u00eancia ser\u00e1 a chave para garantir um bom resultado.<\/p>\n<h2>Resumo do Torcedor<\/h2>\n<p>Os torcedores do S\u00e3o Paulo demonstraram grande entusiasmo ap\u00f3s a vit\u00f3ria, comentando sobre o desempenho de Luciano e o surgimento de Gustavo Santana como uma nova promessa. O apoio da torcida poder\u00e1 agregar muito ao time, servindo como combust\u00edvel durante os jogos. O clima de festa nas arquibancadas reflete a esperan\u00e7a de que a equipe encontre um novo caminho de sucesso, recuperando a confian\u00e7a e o respeito que caracteriza a tradi\u00e7\u00e3o do clube.<\/p>\n<h2>Rea\u00e7\u00f5es da Imprensa<\/h2>\n<p>A cobertura da imprensa esportiva p\u00f3s-jogo destacou a performance tanto de Luciano como de Gustavo Santana. A narrativa gira em torno da possibilidade de uma nova era para o ataque do S\u00e3o Paulo, com a forma\u00e7\u00e3o de um centro de refer\u00eancia em Luciano e as promessas defendidas por jogadores mais jovens. Al\u00e9m disso, an\u00e1lises t\u00e1ticas foram feitas, elogiando o trabalho do t\u00e9cnico e a forma como a equipe se organizou defensivamente e ofensivamente durante a partida.<\/p>\n<p>Com essa atua\u00e7\u00e3o, o S\u00e3o Paulo parece estar se reencontrando no campeonato. Resta saber se essa vit\u00f3ria ser\u00e1 um ponto de virada ou apenas um epis\u00f3dio positivo em uma temporada at\u00e9 agora desafiadora.<\/p>\n\n<div style=\"font-size: 0px; height: 0px; line-height: 0px; margin: 0; padding: 0; clear: both;\"><\/div>","protected":false},"excerpt":{"rendered":"<p>Luciano brilha e leva o S\u00e3o Paulo \u00e0 vit\u00f3ria sobre o Bragantino.<\/p>\n","protected":false},"author":1,"featured_media":46052,"comment_status":"open","ping_status":"closed","sticky":false,"template":"","format":"standard","meta":{"footnotes":""},"categories":[3],"tags":[],"class_list":["post-46053","post","type-post","status-publish","format-standard","has-post-thumbnail","hentry","category-noticias-em-santana","has_thumb"],"aioseo_notices":[],"aioseo_head":"\n\t\t<!-- All in One SEO 5.0.0.1 - aioseo.com -->\n\t<meta name=\"description\" content=\"Luciano brilha e leva o S\u00e3o Paulo \u00e0 vit\u00f3ria sobre o Bragantino.\" \/>\n\t<meta name=\"robots\" content=\"max-image-preview:large\" \/>\n\t<meta name=\"author\" content=\"Encontra Santana\"\/>\n\t<link rel=\"canonical\" href=\"https:\/\/www.encontrasantana.com.br\/sobre\/atuacoes-do-sao-paulo-luciano-e-gustavo-santana-decidem-na-vitoria-sobre-o-bragantino\/\" \/>\n\t<meta name=\"generator\" content=\"All in One SEO (AIOSEO) 5.0.0.1\" \/>\n\t\t<meta property=\"og:locale\" content=\"pt_BR\" \/>\n\t\t<meta property=\"og:site_name\" content=\"Encontra Santana | Not\u00edcias, eventos, informa\u00e7\u00f5es e dicas no bairro de Santana e regi\u00e3o.\" \/>\n\t\t<meta property=\"og:type\" content=\"article\" \/>\n\t\t<meta property=\"og:title\" content=\"Atua\u00e7\u00f5es do S\u00e3o Paulo: Luciano e Gustavo Santana decidem na vit\u00f3ria sobre o Bragantino \u00bb Encontra Santana\" \/>\n\t\t<meta property=\"og:description\" content=\"Luciano brilha e leva o S\u00e3o Paulo \u00e0 vit\u00f3ria sobre o Bragantino.\" \/>\n\t\t<meta property=\"og:url\" content=\"https:\/\/www.encontrasantana.com.br\/sobre\/atuacoes-do-sao-paulo-luciano-e-gustavo-santana-decidem-na-vitoria-sobre-o-bragantino\/\" \/>\n\t\t<meta property=\"article:published_time\" content=\"2026-08-30T11:12:34+00:00\" \/>\n\t\t<meta property=\"article:modified_time\" content=\"2026-08-30T11:12:34+00:00\" \/>\n\t\t<meta name=\"twitter:card\" content=\"summary\" \/>\n\t\t<meta name=\"twitter:title\" content=\"Atua\u00e7\u00f5es do S\u00e3o Paulo: Luciano e Gustavo Santana decidem na vit\u00f3ria sobre o Bragantino \u00bb Encontra Santana\" \/>\n\t\t<meta name=\"twitter:description\" content=\"Luciano brilha e leva o S\u00e3o Paulo \u00e0 vit\u00f3ria sobre o Bragantino.\" \/>\n\t\t<script type=\"application\/ld+json\" class=\"aioseo-schema\">\n\t\t\t{\"@context\":\"https:\\\/\\\/schema.org\",\"@graph\":[{\"@type\":\"Article\",\"@id\":\"https:\\\/\\\/www.encontrasantana.com.br\\\/sobre\\\/atuacoes-do-sao-paulo-luciano-e-gustavo-santana-decidem-na-vitoria-sobre-o-bragantino\\\/#article\",\"name\":\"Atua\\u00e7\\u00f5es do S\\u00e3o Paulo: Luciano e Gustavo Santana decidem na vit\\u00f3ria sobre o Bragantino \\u00bb Encontra Santana\",\"headline\":\"Atua\\u00e7\\u00f5es do S\\u00e3o Paulo: Luciano e Gustavo Santana decidem na vit\\u00f3ria sobre o Bragantino\",\"author\":{\"@id\":\"https:\\\/\\\/www.encontrasantana.com.br\\\/sobre\\\/author\\\/esantana\\\/#author\"},\"publisher\":{\"@id\":\"https:\\\/\\\/www.encontrasantana.com.br\\\/sobre\\\/#organization\"},\"image\":{\"@type\":\"ImageObject\",\"url\":\"https:\\\/\\\/www.encontrasantana.com.br\\\/sobre\\\/wp-content\\\/uploads\\\/2026\\\/08\\\/atuacoes-do-sao-paulo-luciano-e-gustavo-santana-decidem-na-vitoria-sobre-o-bragantino.webp\",\"width\":280,\"height\":280,\"caption\":\"Atua\\u00e7\\u00f5es do S\\u00e3o Paulo\"},\"datePublished\":\"2026-08-30T08:12:34-03:00\",\"dateModified\":\"2026-08-30T08:12:34-03:00\",\"inLanguage\":\"pt-BR\",\"mainEntityOfPage\":{\"@id\":\"https:\\\/\\\/www.encontrasantana.com.br\\\/sobre\\\/atuacoes-do-sao-paulo-luciano-e-gustavo-santana-decidem-na-vitoria-sobre-o-bragantino\\\/#webpage\"},\"isPartOf\":{\"@id\":\"https:\\\/\\\/www.encontrasantana.com.br\\\/sobre\\\/atuacoes-do-sao-paulo-luciano-e-gustavo-santana-decidem-na-vitoria-sobre-o-bragantino\\\/#webpage\"},\"articleSection\":\"Not\\u00edcias Santana\"},{\"@type\":\"BreadcrumbList\",\"@id\":\"https:\\\/\\\/www.encontrasantana.com.br\\\/sobre\\\/atuacoes-do-sao-paulo-luciano-e-gustavo-santana-decidem-na-vitoria-sobre-o-bragantino\\\/#breadcrumblist\",\"itemListElement\":[{\"@type\":\"ListItem\",\"@id\":\"https:\\\/\\\/www.encontrasantana.com.br\\\/sobre#listItem\",\"position\":1,\"name\":\"In\\u00edcio\",\"item\":\"https:\\\/\\\/www.encontrasantana.com.br\\\/sobre\",\"nextItem\":{\"@type\":\"ListItem\",\"@id\":\"https:\\\/\\\/www.encontrasantana.com.br\\\/sobre\\\/noticias-em-santana\\\/#listItem\",\"name\":\"Not\\u00edcias Santana\"}},{\"@type\":\"ListItem\",\"@id\":\"https:\\\/\\\/www.encontrasantana.com.br\\\/sobre\\\/noticias-em-santana\\\/#listItem\",\"position\":2,\"name\":\"Not\\u00edcias Santana\",\"item\":\"https:\\\/\\\/www.encontrasantana.com.br\\\/sobre\\\/noticias-em-santana\\\/\",\"nextItem\":{\"@type\":\"ListItem\",\"@id\":\"https:\\\/\\\/www.encontrasantana.com.br\\\/sobre\\\/atuacoes-do-sao-paulo-luciano-e-gustavo-santana-decidem-na-vitoria-sobre-o-bragantino\\\/#listItem\",\"name\":\"Atua\\u00e7\\u00f5es do S\\u00e3o Paulo: Luciano e Gustavo Santana decidem na vit\\u00f3ria sobre o Bragantino\"},\"previousItem\":{\"@type\":\"ListItem\",\"@id\":\"https:\\\/\\\/www.encontrasantana.com.br\\\/sobre#listItem\",\"name\":\"In\\u00edcio\"}},{\"@type\":\"ListItem\",\"@id\":\"https:\\\/\\\/www.encontrasantana.com.br\\\/sobre\\\/atuacoes-do-sao-paulo-luciano-e-gustavo-santana-decidem-na-vitoria-sobre-o-bragantino\\\/#listItem\",\"position\":3,\"name\":\"Atua\\u00e7\\u00f5es do S\\u00e3o Paulo: Luciano e Gustavo Santana decidem na vit\\u00f3ria sobre o Bragantino\",\"previousItem\":{\"@type\":\"ListItem\",\"@id\":\"https:\\\/\\\/www.encontrasantana.com.br\\\/sobre\\\/noticias-em-santana\\\/#listItem\",\"name\":\"Not\\u00edcias Santana\"}}]},{\"@type\":\"Organization\",\"@id\":\"https:\\\/\\\/www.encontrasantana.com.br\\\/sobre\\\/#organization\",\"name\":\"Encontra Santana\",\"description\":\"Not\\u00edcias, eventos, informa\\u00e7\\u00f5es e dicas no bairro de Santana e regi\\u00e3o.\",\"url\":\"https:\\\/\\\/www.encontrasantana.com.br\\\/sobre\\\/\"},{\"@type\":\"Person\",\"@id\":\"https:\\\/\\\/www.encontrasantana.com.br\\\/sobre\\\/author\\\/esantana\\\/#author\",\"url\":\"https:\\\/\\\/www.encontrasantana.com.br\\\/sobre\\\/author\\\/esantana\\\/\",\"name\":\"Encontra Santana\",\"image\":{\"@type\":\"ImageObject\",\"@id\":\"https:\\\/\\\/www.encontrasantana.com.br\\\/sobre\\\/atuacoes-do-sao-paulo-luciano-e-gustavo-santana-decidem-na-vitoria-sobre-o-bragantino\\\/#authorImage\",\"url\":\"https:\\\/\\\/secure.gravatar.com\\\/avatar\\\/0fbed662e37531ae23e68f85f9517b2454e50c1dfebf80eb9b721449ac95e0b9?s=96&d=mm&r=g\",\"width\":96,\"height\":96,\"caption\":\"Encontra Santana\"}},{\"@type\":\"WebPage\",\"@id\":\"https:\\\/\\\/www.encontrasantana.com.br\\\/sobre\\\/atuacoes-do-sao-paulo-luciano-e-gustavo-santana-decidem-na-vitoria-sobre-o-bragantino\\\/#webpage\",\"url\":\"https:\\\/\\\/www.encontrasantana.com.br\\\/sobre\\\/atuacoes-do-sao-paulo-luciano-e-gustavo-santana-decidem-na-vitoria-sobre-o-bragantino\\\/\",\"name\":\"Atua\\u00e7\\u00f5es do S\\u00e3o Paulo: Luciano e Gustavo Santana decidem na vit\\u00f3ria sobre o Bragantino \\u00bb Encontra Santana\",\"description\":\"Luciano brilha e leva o S\\u00e3o Paulo \\u00e0 vit\\u00f3ria sobre o Bragantino.\",\"inLanguage\":\"pt-BR\",\"isPartOf\":{\"@id\":\"https:\\\/\\\/www.encontrasantana.com.br\\\/sobre\\\/#website\"},\"breadcrumb\":{\"@id\":\"https:\\\/\\\/www.encontrasantana.com.br\\\/sobre\\\/atuacoes-do-sao-paulo-luciano-e-gustavo-santana-decidem-na-vitoria-sobre-o-bragantino\\\/#breadcrumblist\"},\"author\":{\"@id\":\"https:\\\/\\\/www.encontrasantana.com.br\\\/sobre\\\/author\\\/esantana\\\/#author\"},\"creator\":{\"@id\":\"https:\\\/\\\/www.encontrasantana.com.br\\\/sobre\\\/author\\\/esantana\\\/#author\"},\"image\":{\"@type\":\"ImageObject\",\"url\":\"https:\\\/\\\/www.encontrasantana.com.br\\\/sobre\\\/wp-content\\\/uploads\\\/2026\\\/08\\\/atuacoes-do-sao-paulo-luciano-e-gustavo-santana-decidem-na-vitoria-sobre-o-bragantino.webp\",\"@id\":\"https:\\\/\\\/www.encontrasantana.com.br\\\/sobre\\\/atuacoes-do-sao-paulo-luciano-e-gustavo-santana-decidem-na-vitoria-sobre-o-bragantino\\\/#mainImage\",\"width\":280,\"height\":280,\"caption\":\"Atua\\u00e7\\u00f5es do S\\u00e3o Paulo\"},\"primaryImageOfPage\":{\"@id\":\"https:\\\/\\\/www.encontrasantana.com.br\\\/sobre\\\/atuacoes-do-sao-paulo-luciano-e-gustavo-santana-decidem-na-vitoria-sobre-o-bragantino\\\/#mainImage\"},\"datePublished\":\"2026-08-30T08:12:34-03:00\",\"dateModified\":\"2026-08-30T08:12:34-03:00\"},{\"@type\":\"WebSite\",\"@id\":\"https:\\\/\\\/www.encontrasantana.com.br\\\/sobre\\\/#website\",\"url\":\"https:\\\/\\\/www.encontrasantana.com.br\\\/sobre\\\/\",\"name\":\"Encontra Santana\",\"description\":\"Not\\u00edcias, eventos, informa\\u00e7\\u00f5es e dicas no bairro de Santana e regi\\u00e3o.\",\"inLanguage\":\"pt-BR\",\"publisher\":{\"@id\":\"https:\\\/\\\/www.encontrasantana.com.br\\\/sobre\\\/#organization\"}}]}\n\t\t<\/script>\n\t\t<!-- All in One SEO -->\n\n","aioseo_head_json":{"title":"Atua\u00e7\u00f5es do S\u00e3o Paulo: Luciano e Gustavo Santana decidem na vit\u00f3ria sobre o Bragantino \u00bb Encontra Santana","description":"Luciano brilha e leva o S\u00e3o Paulo \u00e0 vit\u00f3ria sobre o Bragantino.","canonical_url":"https:\/\/www.encontrasantana.com.br\/sobre\/atuacoes-do-sao-paulo-luciano-e-gustavo-santana-decidem-na-vitoria-sobre-o-bragantino\/","robots":"max-image-preview:large","keywords":"","webmasterTools":{"miscellaneous":""},"schema":{"@context":"https:\/\/schema.org","@graph":[{"@type":"Article","@id":"https:\/\/www.encontrasantana.com.br\/sobre\/atuacoes-do-sao-paulo-luciano-e-gustavo-santana-decidem-na-vitoria-sobre-o-bragantino\/#article","name":"Atua\u00e7\u00f5es do S\u00e3o Paulo: Luciano e Gustavo Santana decidem na vit\u00f3ria sobre o Bragantino \u00bb Encontra Santana","headline":"Atua\u00e7\u00f5es do S\u00e3o Paulo: Luciano e Gustavo Santana decidem na vit\u00f3ria sobre o Bragantino","author":{"@id":"https:\/\/www.encontrasantana.com.br\/sobre\/author\/esantana\/#author"},"publisher":{"@id":"https:\/\/www.encontrasantana.com.br\/sobre\/#organization"},"image":{"@type":"ImageObject","url":"https:\/\/www.encontrasantana.com.br\/sobre\/wp-content\/uploads\/2026\/08\/atuacoes-do-sao-paulo-luciano-e-gustavo-santana-decidem-na-vitoria-sobre-o-bragantino.webp","width":280,"height":280,"caption":"Atua\u00e7\u00f5es do S\u00e3o Paulo"},"datePublished":"2026-08-30T08:12:34-03:00","dateModified":"2026-08-30T08:12:34-03:00","inLanguage":"pt-BR","mainEntityOfPage":{"@id":"https:\/\/www.encontrasantana.com.br\/sobre\/atuacoes-do-sao-paulo-luciano-e-gustavo-santana-decidem-na-vitoria-sobre-o-bragantino\/#webpage"},"isPartOf":{"@id":"https:\/\/www.encontrasantana.com.br\/sobre\/atuacoes-do-sao-paulo-luciano-e-gustavo-santana-decidem-na-vitoria-sobre-o-bragantino\/#webpage"},"articleSection":"Not\u00edcias Santana"},{"@type":"BreadcrumbList","@id":"https:\/\/www.encontrasantana.com.br\/sobre\/atuacoes-do-sao-paulo-luciano-e-gustavo-santana-decidem-na-vitoria-sobre-o-bragantino\/#breadcrumblist","itemListElement":[{"@type":"ListItem","@id":"https:\/\/www.encontrasantana.com.br\/sobre#listItem","position":1,"name":"In\u00edcio","item":"https:\/\/www.encontrasantana.com.br\/sobre","nextItem":{"@type":"ListItem","@id":"https:\/\/www.encontrasantana.com.br\/sobre\/noticias-em-santana\/#listItem","name":"Not\u00edcias Santana"}},{"@type":"ListItem","@id":"https:\/\/www.encontrasantana.com.br\/sobre\/noticias-em-santana\/#listItem","position":2,"name":"Not\u00edcias Santana","item":"https:\/\/www.encontrasantana.com.br\/sobre\/noticias-em-santana\/","nextItem":{"@type":"ListItem","@id":"https:\/\/www.encontrasantana.com.br\/sobre\/atuacoes-do-sao-paulo-luciano-e-gustavo-santana-decidem-na-vitoria-sobre-o-bragantino\/#listItem","name":"Atua\u00e7\u00f5es do S\u00e3o Paulo: Luciano e Gustavo Santana decidem na vit\u00f3ria sobre o Bragantino"},"previousItem":{"@type":"ListItem","@id":"https:\/\/www.encontrasantana.com.br\/sobre#listItem","name":"In\u00edcio"}},{"@type":"ListItem","@id":"https:\/\/www.encontrasantana.com.br\/sobre\/atuacoes-do-sao-paulo-luciano-e-gustavo-santana-decidem-na-vitoria-sobre-o-bragantino\/#listItem","position":3,"name":"Atua\u00e7\u00f5es do S\u00e3o Paulo: Luciano e Gustavo Santana decidem na vit\u00f3ria sobre o Bragantino","previousItem":{"@type":"ListItem","@id":"https:\/\/www.encontrasantana.com.br\/sobre\/noticias-em-santana\/#listItem","name":"Not\u00edcias Santana"}}]},{"@type":"Organization","@id":"https:\/\/www.encontrasantana.com.br\/sobre\/#organization","name":"Encontra Santana","description":"Not\u00edcias, eventos, informa\u00e7\u00f5es e dicas no bairro de Santana e regi\u00e3o.","url":"https:\/\/www.encontrasantana.com.br\/sobre\/"},{"@type":"Person","@id":"https:\/\/www.encontrasantana.com.br\/sobre\/author\/esantana\/#author","url":"https:\/\/www.encontrasantana.com.br\/sobre\/author\/esantana\/","name":"Encontra Santana","image":{"@type":"ImageObject","@id":"https:\/\/www.encontrasantana.com.br\/sobre\/atuacoes-do-sao-paulo-luciano-e-gustavo-santana-decidem-na-vitoria-sobre-o-bragantino\/#authorImage","url":"https:\/\/secure.gravatar.com\/avatar\/0fbed662e37531ae23e68f85f9517b2454e50c1dfebf80eb9b721449ac95e0b9?s=96&d=mm&r=g","width":96,"height":96,"caption":"Encontra Santana"}},{"@type":"WebPage","@id":"https:\/\/www.encontrasantana.com.br\/sobre\/atuacoes-do-sao-paulo-luciano-e-gustavo-santana-decidem-na-vitoria-sobre-o-bragantino\/#webpage","url":"https:\/\/www.encontrasantana.com.br\/sobre\/atuacoes-do-sao-paulo-luciano-e-gustavo-santana-decidem-na-vitoria-sobre-o-bragantino\/","name":"Atua\u00e7\u00f5es do S\u00e3o Paulo: Luciano e Gustavo Santana decidem na vit\u00f3ria sobre o Bragantino \u00bb Encontra Santana","description":"Luciano brilha e leva o S\u00e3o Paulo \u00e0 vit\u00f3ria sobre o Bragantino.","inLanguage":"pt-BR","isPartOf":{"@id":"https:\/\/www.encontrasantana.com.br\/sobre\/#website"},"breadcrumb":{"@id":"https:\/\/www.encontrasantana.com.br\/sobre\/atuacoes-do-sao-paulo-luciano-e-gustavo-santana-decidem-na-vitoria-sobre-o-bragantino\/#breadcrumblist"},"author":{"@id":"https:\/\/www.encontrasantana.com.br\/sobre\/author\/esantana\/#author"},"creator":{"@id":"https:\/\/www.encontrasantana.com.br\/sobre\/author\/esantana\/#author"},"image":{"@type":"ImageObject","url":"https:\/\/www.encontrasantana.com.br\/sobre\/wp-content\/uploads\/2026\/08\/atuacoes-do-sao-paulo-luciano-e-gustavo-santana-decidem-na-vitoria-sobre-o-bragantino.webp","@id":"https:\/\/www.encontrasantana.com.br\/sobre\/atuacoes-do-sao-paulo-luciano-e-gustavo-santana-decidem-na-vitoria-sobre-o-bragantino\/#mainImage","width":280,"height":280,"caption":"Atua\u00e7\u00f5es do S\u00e3o Paulo"},"primaryImageOfPage":{"@id":"https:\/\/www.encontrasantana.com.br\/sobre\/atuacoes-do-sao-paulo-luciano-e-gustavo-santana-decidem-na-vitoria-sobre-o-bragantino\/#mainImage"},"datePublished":"2026-08-30T08:12:34-03:00","dateModified":"2026-08-30T08:12:34-03:00"},{"@type":"WebSite","@id":"https:\/\/www.encontrasantana.com.br\/sobre\/#website","url":"https:\/\/www.encontrasantana.com.br\/sobre\/","name":"Encontra Santana","description":"Not\u00edcias, eventos, informa\u00e7\u00f5es e dicas no bairro de Santana e regi\u00e3o.","inLanguage":"pt-BR","publisher":{"@id":"https:\/\/www.encontrasantana.com.br\/sobre\/#organization"}}]},"og:locale":"pt_BR","og:site_name":"Encontra Santana | Not\u00edcias, eventos, informa\u00e7\u00f5es e dicas no bairro de Santana e regi\u00e3o.","og:type":"article","og:title":"Atua\u00e7\u00f5es do S\u00e3o Paulo: Luciano e Gustavo Santana decidem na vit\u00f3ria sobre o Bragantino \u00bb Encontra Santana","og:description":"Luciano brilha e leva o S\u00e3o Paulo \u00e0 vit\u00f3ria sobre o Bragantino.","og:url":"https:\/\/www.encontrasantana.com.br\/sobre\/atuacoes-do-sao-paulo-luciano-e-gustavo-santana-decidem-na-vitoria-sobre-o-bragantino\/","article:published_time":"2026-08-30T11:12:34+00:00","article:modified_time":"2026-08-30T11:12:34+00:00","twitter:card":"summary","twitter:title":"Atua\u00e7\u00f5es do S\u00e3o Paulo: Luciano e Gustavo Santana decidem na vit\u00f3ria sobre o Bragantino \u00bb Encontra Santana","twitter:description":"Luciano brilha e leva o S\u00e3o Paulo \u00e0 vit\u00f3ria sobre o Bragantino."},"aioseo_meta_data":{"post_id":"46053","title":null,"description":null,"keywords":null,"keyphrases":null,"primary_term":null,"canonical_url":null,"og_title":null,"og_description":null,"og_object_type":"default","og_image_type":"default","og_image_url":null,"og_image_width":null,"og_image_height":null,"og_image_custom_url":null,"og_image_custom_fields":null,"og_video":null,"og_custom_url":null,"og_article_section":null,"og_article_tags":null,"twitter_use_og":false,"twitter_card":"default","twitter_image_type":"default","twitter_image_url":null,"twitter_image_custom_url":null,"twitter_image_custom_fields":null,"twitter_title":null,"twitter_description":null,"schema":{"blockGraphs":[],"customGraphs":[],"default":{"data":{"Article":[],"Course":[],"Dataset":[],"FAQPage":[],"Movie":[],"Person":[],"Product":[],"ProductReview":[],"Car":[],"Recipe":[],"Service":[],"SoftwareApplication":[],"WebPage":[]},"graphName":"Article","isEnabled":true},"graphs":[]},"schema_type":"default","schema_type_options":null,"pillar_content":false,"robots_default":true,"robots_noindex":false,"robots_noarchive":false,"robots_nosnippet":false,"robots_nofollow":false,"robots_noimageindex":false,"robots_noodp":false,"robots_notranslate":false,"robots_max_snippet":null,"robots_max_videopreview":null,"robots_max_imagepreview":"large","priority":null,"frequency":null,"local_seo":null,"limit_modified_date":false,"created":"2026-08-30 11:12:34","updated":"2026-08-30 11:20:32","focus_keyword":null,"additional_keywords":null,"truseo_locale":null,"ai":null,"breadcrumb_settings":null,"seo_analyzer_scan_date":null},"aioseo_breadcrumb":"<div class=\"aioseo-breadcrumbs\"><span class=\"aioseo-breadcrumb\">\n\t\t\t<a href=\"https:\/\/www.encontrasantana.com.br\/sobre\" title=\"In\u00edcio\">In\u00edcio<\/a>\n\t\t<\/span><span class=\"aioseo-breadcrumb-separator\">&raquo;<\/span><span class=\"aioseo-breadcrumb\">\n\t\t\t<a href=\"https:\/\/www.encontrasantana.com.br\/sobre\/noticias-em-santana\/\" title=\"Not\u00edcias Santana\">Not\u00edcias Santana<\/a>\n\t\t<\/span><span class=\"aioseo-breadcrumb-separator\">&raquo;<\/span><span class=\"aioseo-breadcrumb\">\n\t\t\tAtua\u00e7\u00f5es do S\u00e3o Paulo: Luciano e Gustavo Santana decidem na vit\u00f3ria sobre o Bragantino\n\t\t<\/span><\/div>","aioseo_breadcrumb_json":[{"label":"In\u00edcio","link":"https:\/\/www.encontrasantana.com.br\/sobre"},{"label":"Not\u00edcias Santana","link":"https:\/\/www.encontrasantana.com.br\/sobre\/noticias-em-santana\/"},{"label":"Atua\u00e7\u00f5es do S\u00e3o Paulo: Luciano e Gustavo Santana decidem na vit\u00f3ria sobre o Bragantino","link":"https:\/\/www.encontrasantana.com.br\/sobre\/atuacoes-do-sao-paulo-luciano-e-gustavo-santana-decidem-na-vitoria-sobre-o-bragantino\/"}],"_links":{"self":[{"href":"https:\/\/www.encontrasantana.com.br\/sobre\/wp-json\/wp\/v2\/posts\/46053","targetHints":{"allow":["GET"]}}],"collection":[{"href":"https:\/\/www.encontrasantana.com.br\/sobre\/wp-json\/wp\/v2\/posts"}],"about":[{"href":"https:\/\/www.encontrasantana.com.br\/sobre\/wp-json\/wp\/v2\/types\/post"}],"author":[{"embeddable":true,"href":"https:\/\/www.encontrasantana.com.br\/sobre\/wp-json\/wp\/v2\/users\/1"}],"replies":[{"embeddable":true,"href":"https:\/\/www.encontrasantana.com.br\/sobre\/wp-json\/wp\/v2\/comments?post=46053"}],"version-history":[{"count":0,"href":"https:\/\/www.encontrasantana.com.br\/sobre\/wp-json\/wp\/v2\/posts\/46053\/revisions"}],"wp:featuredmedia":[{"embeddable":true,"href":"https:\/\/www.encontrasantana.com.br\/sobre\/wp-json\/wp\/v2\/media\/46052"}],"wp:attachment":[{"href":"https:\/\/www.encontrasantana.com.br\/sobre\/wp-json\/wp\/v2\/media?parent=46053"}],"wp:term":[{"taxonomy":"category","embeddable":true,"href":"https:\/\/www.encontrasantana.com.br\/sobre\/wp-json\/wp\/v2\/categories?post=46053"},{"taxonomy":"post_tag","embeddable":true,"href":"https:\/\/www.encontrasantana.com.br\/sobre\/wp-json\/wp\/v2\/tags?post=46053"}],"curies":[{"name":"wp","href":"https:\/\/api.w.org\/{rel}","templated":true}]}}