{"id":46059,"date":"2026-08-31T07:30:35","date_gmt":"2026-08-31T10:30:35","guid":{"rendered":"https:\/\/www.encontrasantana.com.br\/sobre\/veja-gols-em-sao-paulo-x-bragantino-luciano-e-gustavo-santana-marcam\/"},"modified":"2026-08-31T07:30:35","modified_gmt":"2026-08-31T10:30:35","slug":"veja-gols-em-sao-paulo-x-bragantino-luciano-e-gustavo-santana-marcam","status":"publish","type":"post","link":"https:\/\/www.encontrasantana.com.br\/sobre\/veja-gols-em-sao-paulo-x-bragantino-luciano-e-gustavo-santana-marcam\/","title":{"rendered":"Veja gols em S\u00e3o Paulo x Bragantino: Luciano e Gustavo Santana marcam"},"content":{"rendered":"<div class=\"1acf8468e559fd3cbeec5aee3a269a52\" data-index=\"1\" style=\"float: none; margin:0px;\">\n<!-- Anuncio display - global -->\r\n<ins class=\"adsbygoogle\"\r\n     style=\"display:block\"\r\n     data-ad-client=\"ca-pub-8585364105181520\"\r\n     data-ad-slot=\"8789329856\"\r\n     data-ad-format=\"auto\"\r\n     data-full-width-responsive=\"true\"><\/ins>\r\n<script>\r\n     (adsbygoogle = window.adsbygoogle || []).push({});\r\n<\/script>\n<\/div>\n<h2>O In\u00edcio do Jogo: Expectativas da Torcida<\/h2>\n<p>No dia 29 de agosto de 2026, o Est\u00e1dio Morumbi foi o cen\u00e1rio de um grande confronto entre o <strong>S\u00e3o Paulo<\/strong> e o <strong>Bragantino<\/strong>, v\u00e1lido pela 25\u00aa rodada do Campeonato Brasileiro. A expectativa era alta entre os torcedores do Tricolor, que ansiavam por um resultado positivo ap\u00f3s um longo per\u00edodo sem vit\u00f3rias no torneio, acumulando dez jogos sem triunfar. A torcida se reuniu em grande n\u00famero, esperando ver sua equipe reencontrar o caminho para a vit\u00f3ria.<\/p>\n<h2>Primeiro Gol: Luciano e o P\u00eanalti Convertido<\/h2>\n<p>A partida come\u00e7ou intensa, e logo aos nove minutos, um momento crucial ocorreu na grande \u00e1rea do Bragantino. O defensor Pedro Henrique derrubou Luciano, que estava no ch\u00e3o, em um lance que chamou a aten\u00e7\u00e3o do \u00e1rbitro Anderson Daronco. Ap\u00f3s consultar o VAR, Daronco assinalou a penalidade para o S\u00e3o Paulo. Com a responsabilidade nas costas, Luciano se posicionou e fez a cobran\u00e7a com precis\u00e3o, colocando a bola no canto direito do goleiro Volpi, que apesar de tentar, n\u00e3o conseguiu defender. Assim, aos 12 minutos, o Tricolor abriu o marcador, dando in\u00edcio \u00e0 festa da torcida.<\/p>\n<h2>Amplia\u00e7\u00e3o do Placar: A For\u00e7a de Gustavo Santana<\/h2>\n<p>Com a vantagem no placar, o S\u00e3o Paulo assumiu o controle da partida, pressionando o Bragantino em busca de mais um gol. A press\u00e3o deu frutos aos 49 minutos do primeiro tempo, quando o time aproveitou um escanteio mal defendido. Iago cobrou o escanteio com um passe aberto, e a bola encontrou o defensor Sabino. Juninho Capixaba tentou efetuar o corte, mas a bola sobrou para <strong>Gustavo Santana<\/strong>, que n\u00e3o hesitou e disparou um chute certeiro, ampliando o placar para 2 a 0, antes do intervalo. Esse gol trouxe al\u00edvio e confian\u00e7a aos jogadores s\u00e3o-paulinos.<\/p>\n<p><img decoding=\"async\" src=\"https:\/\/www.encontrasantana.com.br\/sobre\/wp-content\/uploads\/2026\/08\/veja-gols-em-sao-paulo-x-bragantino-luciano-e-gustavo-santana-marcam.webp\" alt=\"S\u00e3o Paulo x Bragantino\" loading=\"lazy\" \/><\/p>\n<h2>A Resposta do Bragantino: O Gol de Fernando<\/h2>\n<p>Na volta do intervalo, o Bragantino tentou reagir e pressionar o S\u00e3o Paulo em busca de uma recupera\u00e7\u00e3o. A equipe visitante teve algumas chances, mas foi apenas aos 44 minutos do segundo tempo que conseguiu marcar. Mosquera fez uma bela jogada ao tabelar com Juninho Capixaba e cruzar rasteiro para <strong>Fernando<\/strong>, que estava bem posicionado na \u00e1rea. Apesar de inicialmente o \u00e1rbitro marcar o gol como impedimento, uma revis\u00e3o do VAR confirmou que o lance estava regular, anotando o primeiro gol do Bragantino e agitando ainda mais o confronto.<\/p>\n<h2>A Import\u00e2ncia da Vit\u00f3ria para o S\u00e3o Paulo<\/h2>\n<p>Essa vit\u00f3ria foi essencial para o S\u00e3o Paulo, que acabou de sair de um jejum preocupante e, com isso, reconquistou a confian\u00e7a que faltava. Vencer em casa diante de sua torcida trouxe um \u00e2nimo renovado para a equipe, mostrando que ainda h\u00e1 possibilidades para uma boa campanha no restante do Campeonato Brasileiro. A forma como a equipe se postou em campo, especialmente no primeiro tempo, foi um indicador positivo de que o trabalho do treinador estava come\u00e7ando a surtir efeito.<\/p>\n<h2>Impacto no Campeonato Brasileiro<\/h2>\n<p>Com essa vit\u00f3ria, o S\u00e3o Paulo n\u00e3o s\u00f3 conseguiu os tr\u00eas pontos, mas tamb\u00e9m encontrou uma nova esperan\u00e7a na tabela de classifica\u00e7\u00e3o. Cada gol marcado foi importante para a moral do time, e os torcedores perceberam uma mudan\u00e7a de atitude em campo, o que poderia significar uma reviravolta na temporada. Por outro lado, a derrota deixou o Bragantino em uma situa\u00e7\u00e3o desconfort\u00e1vel, aumentada pela press\u00e3o de trazer resultados positivos.<\/p>\n<h2>An\u00e1lise das Jogadas-Chaves<\/h2>\n<p>O jogo apresentou diversas jogadas que foram fundamentais para o resultado. O p\u00eanalti marcado e convertido por Luciano foi um divisor de \u00e1guas para a equipe. Al\u00e9m disso, a maneira como Gustavo Santana se posicionou para finalizar e ampliar o placar demonstrou intelig\u00eancia t\u00e1tica e aproveitamento das falhas do advers\u00e1rio. A resposta brilhante do Bragantino com o gol de Fernando tamb\u00e9m destacou a capacidade de rea\u00e7\u00e3o da equipe, que mesmo diante de adversidades, mostrou uma boa t\u00e9cnica ofensiva.<\/p>\n<h2>Os Destaques Individuais da Partida<\/h2>\n<p>Al\u00e9m de Luciano e Gustavo Santana, que tiveram pap\u00e9is decisivos nos gols, outros jogadores se destacaram durante a partida. O goleiro do S\u00e3o Paulo, que fez algumas defesas importantes ao longo do jogo, contribuiu para manter a vantagem. Do lado do Bragantino, o bom desempenho de Mosquera foi not\u00e1vel, principalmente na jogada que culminou no gol, mostrando que o time conta com bons talentos que podem decidir partidas em momentos cr\u00edticos.<\/p>\n<h2>O Que Vem a Seguir para as Equipes?<\/h2>\n<p>Para o S\u00e3o Paulo, a vit\u00f3ria traz a confian\u00e7a necess\u00e1ria para os pr\u00f3ximos jogos, oferecendo uma oportunidade de sequ\u00eancia positiva que poderia levar a um lugar melhor na tabela. O foco agora reside em manter a intensidade e continuar a aproveitar as oportunidades. O Bragantino, por sua vez, precisar\u00e1 reavaliar suas estrat\u00e9gias para os pr\u00f3ximos confrontos, buscando corrigir os erros e reverter a situa\u00e7\u00e3o atual, que pode se tornar preocupante se n\u00e3o forem feitos ajustes.<\/p>\n<h2>Conclus\u00e3o: Reflex\u00f5es Sobre o Jogo<\/h2>\n<p>O jogo entre S\u00e3o Paulo e Bragantino deixou li\u00e7\u00f5es importantes para ambas as equipes. A vit\u00f3ria do Tricolor n\u00e3o s\u00f3 representou um respiro ap\u00f3s um per\u00edodo sombrio, mas tamb\u00e9m reestabeleceu uma conex\u00e3o emocional forte entre o time e seus torcedores. O Bragantino mostrou glimpses de qualidade, mas ter\u00e1 que intensificar seu desempenho para alcan\u00e7ar os resultados que almeja. Assim, para ambos os times, o Campeonato Brasileiro continua a ser uma jornada desafiadora.<\/p>\n\n<div style=\"font-size: 0px; height: 0px; line-height: 0px; margin: 0; padding: 0; clear: both;\"><\/div>","protected":false},"excerpt":{"rendered":"<p>S\u00e3o Paulo x Bragantino: veja os gols que definiram o jogo no Morumbi.<\/p>\n","protected":false},"author":1,"featured_media":46058,"comment_status":"open","ping_status":"closed","sticky":false,"template":"","format":"standard","meta":{"footnotes":""},"categories":[3],"tags":[],"class_list":["post-46059","post","type-post","status-publish","format-standard","has-post-thumbnail","hentry","category-noticias-em-santana","has_thumb"],"aioseo_notices":[],"aioseo_head":"\n\t\t<!-- All in One SEO 5.0.0.1 - aioseo.com -->\n\t<meta name=\"description\" content=\"S\u00e3o Paulo x Bragantino: veja os gols que definiram o jogo no Morumbi.\" \/>\n\t<meta name=\"robots\" content=\"max-image-preview:large\" \/>\n\t<meta name=\"author\" content=\"Encontra Santana\"\/>\n\t<link rel=\"canonical\" href=\"https:\/\/www.encontrasantana.com.br\/sobre\/veja-gols-em-sao-paulo-x-bragantino-luciano-e-gustavo-santana-marcam\/\" \/>\n\t<meta name=\"generator\" content=\"All in One SEO (AIOSEO) 5.0.0.1\" \/>\n\t\t<meta property=\"og:locale\" content=\"pt_BR\" \/>\n\t\t<meta property=\"og:site_name\" content=\"Encontra Santana | Not\u00edcias, eventos, informa\u00e7\u00f5es e dicas no bairro de Santana e regi\u00e3o.\" \/>\n\t\t<meta property=\"og:type\" content=\"article\" \/>\n\t\t<meta property=\"og:title\" content=\"Veja gols em S\u00e3o Paulo x Bragantino: Luciano e Gustavo Santana marcam \u00bb Encontra Santana\" \/>\n\t\t<meta property=\"og:description\" content=\"S\u00e3o Paulo x Bragantino: veja os gols que definiram o jogo no Morumbi.\" \/>\n\t\t<meta property=\"og:url\" content=\"https:\/\/www.encontrasantana.com.br\/sobre\/veja-gols-em-sao-paulo-x-bragantino-luciano-e-gustavo-santana-marcam\/\" \/>\n\t\t<meta property=\"article:published_time\" content=\"2026-08-31T10:30:35+00:00\" \/>\n\t\t<meta property=\"article:modified_time\" content=\"2026-08-31T10:30:35+00:00\" \/>\n\t\t<meta name=\"twitter:card\" content=\"summary\" \/>\n\t\t<meta name=\"twitter:title\" content=\"Veja gols em S\u00e3o Paulo x Bragantino: Luciano e Gustavo Santana marcam \u00bb Encontra Santana\" \/>\n\t\t<meta name=\"twitter:description\" content=\"S\u00e3o Paulo x Bragantino: veja os gols que definiram o jogo no Morumbi.\" \/>\n\t\t<script type=\"application\/ld+json\" class=\"aioseo-schema\">\n\t\t\t{\"@context\":\"https:\\\/\\\/schema.org\",\"@graph\":[{\"@type\":\"Article\",\"@id\":\"https:\\\/\\\/www.encontrasantana.com.br\\\/sobre\\\/veja-gols-em-sao-paulo-x-bragantino-luciano-e-gustavo-santana-marcam\\\/#article\",\"name\":\"Veja gols em S\\u00e3o Paulo x Bragantino: Luciano e Gustavo Santana marcam \\u00bb Encontra Santana\",\"headline\":\"Veja gols em S\\u00e3o Paulo x Bragantino: Luciano e Gustavo Santana marcam\",\"author\":{\"@id\":\"https:\\\/\\\/www.encontrasantana.com.br\\\/sobre\\\/author\\\/esantana\\\/#author\"},\"publisher\":{\"@id\":\"https:\\\/\\\/www.encontrasantana.com.br\\\/sobre\\\/#organization\"},\"image\":{\"@type\":\"ImageObject\",\"url\":\"https:\\\/\\\/www.encontrasantana.com.br\\\/sobre\\\/wp-content\\\/uploads\\\/2026\\\/08\\\/veja-gols-em-sao-paulo-x-bragantino-luciano-e-gustavo-santana-marcam.webp\",\"width\":280,\"height\":280,\"caption\":\"S\\u00e3o Paulo x Bragantino\"},\"datePublished\":\"2026-08-31T07:30:35-03:00\",\"dateModified\":\"2026-08-31T07:30:35-03:00\",\"inLanguage\":\"pt-BR\",\"mainEntityOfPage\":{\"@id\":\"https:\\\/\\\/www.encontrasantana.com.br\\\/sobre\\\/veja-gols-em-sao-paulo-x-bragantino-luciano-e-gustavo-santana-marcam\\\/#webpage\"},\"isPartOf\":{\"@id\":\"https:\\\/\\\/www.encontrasantana.com.br\\\/sobre\\\/veja-gols-em-sao-paulo-x-bragantino-luciano-e-gustavo-santana-marcam\\\/#webpage\"},\"articleSection\":\"Not\\u00edcias Santana\"},{\"@type\":\"BreadcrumbList\",\"@id\":\"https:\\\/\\\/www.encontrasantana.com.br\\\/sobre\\\/veja-gols-em-sao-paulo-x-bragantino-luciano-e-gustavo-santana-marcam\\\/#breadcrumblist\",\"itemListElement\":[{\"@type\":\"ListItem\",\"@id\":\"https:\\\/\\\/www.encontrasantana.com.br\\\/sobre#listItem\",\"position\":1,\"name\":\"In\\u00edcio\",\"item\":\"https:\\\/\\\/www.encontrasantana.com.br\\\/sobre\",\"nextItem\":{\"@type\":\"ListItem\",\"@id\":\"https:\\\/\\\/www.encontrasantana.com.br\\\/sobre\\\/noticias-em-santana\\\/#listItem\",\"name\":\"Not\\u00edcias Santana\"}},{\"@type\":\"ListItem\",\"@id\":\"https:\\\/\\\/www.encontrasantana.com.br\\\/sobre\\\/noticias-em-santana\\\/#listItem\",\"position\":2,\"name\":\"Not\\u00edcias Santana\",\"item\":\"https:\\\/\\\/www.encontrasantana.com.br\\\/sobre\\\/noticias-em-santana\\\/\",\"nextItem\":{\"@type\":\"ListItem\",\"@id\":\"https:\\\/\\\/www.encontrasantana.com.br\\\/sobre\\\/veja-gols-em-sao-paulo-x-bragantino-luciano-e-gustavo-santana-marcam\\\/#listItem\",\"name\":\"Veja gols em S\\u00e3o Paulo x Bragantino: Luciano e Gustavo Santana marcam\"},\"previousItem\":{\"@type\":\"ListItem\",\"@id\":\"https:\\\/\\\/www.encontrasantana.com.br\\\/sobre#listItem\",\"name\":\"In\\u00edcio\"}},{\"@type\":\"ListItem\",\"@id\":\"https:\\\/\\\/www.encontrasantana.com.br\\\/sobre\\\/veja-gols-em-sao-paulo-x-bragantino-luciano-e-gustavo-santana-marcam\\\/#listItem\",\"position\":3,\"name\":\"Veja gols em S\\u00e3o Paulo x Bragantino: Luciano e Gustavo Santana marcam\",\"previousItem\":{\"@type\":\"ListItem\",\"@id\":\"https:\\\/\\\/www.encontrasantana.com.br\\\/sobre\\\/noticias-em-santana\\\/#listItem\",\"name\":\"Not\\u00edcias Santana\"}}]},{\"@type\":\"Organization\",\"@id\":\"https:\\\/\\\/www.encontrasantana.com.br\\\/sobre\\\/#organization\",\"name\":\"Encontra Santana\",\"description\":\"Not\\u00edcias, eventos, informa\\u00e7\\u00f5es e dicas no bairro de Santana e regi\\u00e3o.\",\"url\":\"https:\\\/\\\/www.encontrasantana.com.br\\\/sobre\\\/\"},{\"@type\":\"Person\",\"@id\":\"https:\\\/\\\/www.encontrasantana.com.br\\\/sobre\\\/author\\\/esantana\\\/#author\",\"url\":\"https:\\\/\\\/www.encontrasantana.com.br\\\/sobre\\\/author\\\/esantana\\\/\",\"name\":\"Encontra Santana\",\"image\":{\"@type\":\"ImageObject\",\"@id\":\"https:\\\/\\\/www.encontrasantana.com.br\\\/sobre\\\/veja-gols-em-sao-paulo-x-bragantino-luciano-e-gustavo-santana-marcam\\\/#authorImage\",\"url\":\"https:\\\/\\\/secure.gravatar.com\\\/avatar\\\/0fbed662e37531ae23e68f85f9517b2454e50c1dfebf80eb9b721449ac95e0b9?s=96&d=mm&r=g\",\"width\":96,\"height\":96,\"caption\":\"Encontra Santana\"}},{\"@type\":\"WebPage\",\"@id\":\"https:\\\/\\\/www.encontrasantana.com.br\\\/sobre\\\/veja-gols-em-sao-paulo-x-bragantino-luciano-e-gustavo-santana-marcam\\\/#webpage\",\"url\":\"https:\\\/\\\/www.encontrasantana.com.br\\\/sobre\\\/veja-gols-em-sao-paulo-x-bragantino-luciano-e-gustavo-santana-marcam\\\/\",\"name\":\"Veja gols em S\\u00e3o Paulo x Bragantino: Luciano e Gustavo Santana marcam \\u00bb Encontra Santana\",\"description\":\"S\\u00e3o Paulo x Bragantino: veja os gols que definiram o jogo no Morumbi.\",\"inLanguage\":\"pt-BR\",\"isPartOf\":{\"@id\":\"https:\\\/\\\/www.encontrasantana.com.br\\\/sobre\\\/#website\"},\"breadcrumb\":{\"@id\":\"https:\\\/\\\/www.encontrasantana.com.br\\\/sobre\\\/veja-gols-em-sao-paulo-x-bragantino-luciano-e-gustavo-santana-marcam\\\/#breadcrumblist\"},\"author\":{\"@id\":\"https:\\\/\\\/www.encontrasantana.com.br\\\/sobre\\\/author\\\/esantana\\\/#author\"},\"creator\":{\"@id\":\"https:\\\/\\\/www.encontrasantana.com.br\\\/sobre\\\/author\\\/esantana\\\/#author\"},\"image\":{\"@type\":\"ImageObject\",\"url\":\"https:\\\/\\\/www.encontrasantana.com.br\\\/sobre\\\/wp-content\\\/uploads\\\/2026\\\/08\\\/veja-gols-em-sao-paulo-x-bragantino-luciano-e-gustavo-santana-marcam.webp\",\"@id\":\"https:\\\/\\\/www.encontrasantana.com.br\\\/sobre\\\/veja-gols-em-sao-paulo-x-bragantino-luciano-e-gustavo-santana-marcam\\\/#mainImage\",\"width\":280,\"height\":280,\"caption\":\"S\\u00e3o Paulo x Bragantino\"},\"primaryImageOfPage\":{\"@id\":\"https:\\\/\\\/www.encontrasantana.com.br\\\/sobre\\\/veja-gols-em-sao-paulo-x-bragantino-luciano-e-gustavo-santana-marcam\\\/#mainImage\"},\"datePublished\":\"2026-08-31T07:30:35-03:00\",\"dateModified\":\"2026-08-31T07:30:35-03:00\"},{\"@type\":\"WebSite\",\"@id\":\"https:\\\/\\\/www.encontrasantana.com.br\\\/sobre\\\/#website\",\"url\":\"https:\\\/\\\/www.encontrasantana.com.br\\\/sobre\\\/\",\"name\":\"Encontra Santana\",\"description\":\"Not\\u00edcias, eventos, informa\\u00e7\\u00f5es e dicas no bairro de Santana e regi\\u00e3o.\",\"inLanguage\":\"pt-BR\",\"publisher\":{\"@id\":\"https:\\\/\\\/www.encontrasantana.com.br\\\/sobre\\\/#organization\"}}]}\n\t\t<\/script>\n\t\t<!-- All in One SEO -->\n\n","aioseo_head_json":{"title":"Veja gols em S\u00e3o Paulo x Bragantino: Luciano e Gustavo Santana marcam \u00bb Encontra Santana","description":"S\u00e3o Paulo x Bragantino: veja os gols que definiram o jogo no Morumbi.","canonical_url":"https:\/\/www.encontrasantana.com.br\/sobre\/veja-gols-em-sao-paulo-x-bragantino-luciano-e-gustavo-santana-marcam\/","robots":"max-image-preview:large","keywords":"","webmasterTools":{"miscellaneous":""},"schema":{"@context":"https:\/\/schema.org","@graph":[{"@type":"Article","@id":"https:\/\/www.encontrasantana.com.br\/sobre\/veja-gols-em-sao-paulo-x-bragantino-luciano-e-gustavo-santana-marcam\/#article","name":"Veja gols em S\u00e3o Paulo x Bragantino: Luciano e Gustavo Santana marcam \u00bb Encontra Santana","headline":"Veja gols em S\u00e3o Paulo x Bragantino: Luciano e Gustavo Santana marcam","author":{"@id":"https:\/\/www.encontrasantana.com.br\/sobre\/author\/esantana\/#author"},"publisher":{"@id":"https:\/\/www.encontrasantana.com.br\/sobre\/#organization"},"image":{"@type":"ImageObject","url":"https:\/\/www.encontrasantana.com.br\/sobre\/wp-content\/uploads\/2026\/08\/veja-gols-em-sao-paulo-x-bragantino-luciano-e-gustavo-santana-marcam.webp","width":280,"height":280,"caption":"S\u00e3o Paulo x Bragantino"},"datePublished":"2026-08-31T07:30:35-03:00","dateModified":"2026-08-31T07:30:35-03:00","inLanguage":"pt-BR","mainEntityOfPage":{"@id":"https:\/\/www.encontrasantana.com.br\/sobre\/veja-gols-em-sao-paulo-x-bragantino-luciano-e-gustavo-santana-marcam\/#webpage"},"isPartOf":{"@id":"https:\/\/www.encontrasantana.com.br\/sobre\/veja-gols-em-sao-paulo-x-bragantino-luciano-e-gustavo-santana-marcam\/#webpage"},"articleSection":"Not\u00edcias Santana"},{"@type":"BreadcrumbList","@id":"https:\/\/www.encontrasantana.com.br\/sobre\/veja-gols-em-sao-paulo-x-bragantino-luciano-e-gustavo-santana-marcam\/#breadcrumblist","itemListElement":[{"@type":"ListItem","@id":"https:\/\/www.encontrasantana.com.br\/sobre#listItem","position":1,"name":"In\u00edcio","item":"https:\/\/www.encontrasantana.com.br\/sobre","nextItem":{"@type":"ListItem","@id":"https:\/\/www.encontrasantana.com.br\/sobre\/noticias-em-santana\/#listItem","name":"Not\u00edcias Santana"}},{"@type":"ListItem","@id":"https:\/\/www.encontrasantana.com.br\/sobre\/noticias-em-santana\/#listItem","position":2,"name":"Not\u00edcias Santana","item":"https:\/\/www.encontrasantana.com.br\/sobre\/noticias-em-santana\/","nextItem":{"@type":"ListItem","@id":"https:\/\/www.encontrasantana.com.br\/sobre\/veja-gols-em-sao-paulo-x-bragantino-luciano-e-gustavo-santana-marcam\/#listItem","name":"Veja gols em S\u00e3o Paulo x Bragantino: Luciano e Gustavo Santana marcam"},"previousItem":{"@type":"ListItem","@id":"https:\/\/www.encontrasantana.com.br\/sobre#listItem","name":"In\u00edcio"}},{"@type":"ListItem","@id":"https:\/\/www.encontrasantana.com.br\/sobre\/veja-gols-em-sao-paulo-x-bragantino-luciano-e-gustavo-santana-marcam\/#listItem","position":3,"name":"Veja gols em S\u00e3o Paulo x Bragantino: Luciano e Gustavo Santana marcam","previousItem":{"@type":"ListItem","@id":"https:\/\/www.encontrasantana.com.br\/sobre\/noticias-em-santana\/#listItem","name":"Not\u00edcias Santana"}}]},{"@type":"Organization","@id":"https:\/\/www.encontrasantana.com.br\/sobre\/#organization","name":"Encontra Santana","description":"Not\u00edcias, eventos, informa\u00e7\u00f5es e dicas no bairro de Santana e regi\u00e3o.","url":"https:\/\/www.encontrasantana.com.br\/sobre\/"},{"@type":"Person","@id":"https:\/\/www.encontrasantana.com.br\/sobre\/author\/esantana\/#author","url":"https:\/\/www.encontrasantana.com.br\/sobre\/author\/esantana\/","name":"Encontra Santana","image":{"@type":"ImageObject","@id":"https:\/\/www.encontrasantana.com.br\/sobre\/veja-gols-em-sao-paulo-x-bragantino-luciano-e-gustavo-santana-marcam\/#authorImage","url":"https:\/\/secure.gravatar.com\/avatar\/0fbed662e37531ae23e68f85f9517b2454e50c1dfebf80eb9b721449ac95e0b9?s=96&d=mm&r=g","width":96,"height":96,"caption":"Encontra Santana"}},{"@type":"WebPage","@id":"https:\/\/www.encontrasantana.com.br\/sobre\/veja-gols-em-sao-paulo-x-bragantino-luciano-e-gustavo-santana-marcam\/#webpage","url":"https:\/\/www.encontrasantana.com.br\/sobre\/veja-gols-em-sao-paulo-x-bragantino-luciano-e-gustavo-santana-marcam\/","name":"Veja gols em S\u00e3o Paulo x Bragantino: Luciano e Gustavo Santana marcam \u00bb Encontra Santana","description":"S\u00e3o Paulo x Bragantino: veja os gols que definiram o jogo no Morumbi.","inLanguage":"pt-BR","isPartOf":{"@id":"https:\/\/www.encontrasantana.com.br\/sobre\/#website"},"breadcrumb":{"@id":"https:\/\/www.encontrasantana.com.br\/sobre\/veja-gols-em-sao-paulo-x-bragantino-luciano-e-gustavo-santana-marcam\/#breadcrumblist"},"author":{"@id":"https:\/\/www.encontrasantana.com.br\/sobre\/author\/esantana\/#author"},"creator":{"@id":"https:\/\/www.encontrasantana.com.br\/sobre\/author\/esantana\/#author"},"image":{"@type":"ImageObject","url":"https:\/\/www.encontrasantana.com.br\/sobre\/wp-content\/uploads\/2026\/08\/veja-gols-em-sao-paulo-x-bragantino-luciano-e-gustavo-santana-marcam.webp","@id":"https:\/\/www.encontrasantana.com.br\/sobre\/veja-gols-em-sao-paulo-x-bragantino-luciano-e-gustavo-santana-marcam\/#mainImage","width":280,"height":280,"caption":"S\u00e3o Paulo x Bragantino"},"primaryImageOfPage":{"@id":"https:\/\/www.encontrasantana.com.br\/sobre\/veja-gols-em-sao-paulo-x-bragantino-luciano-e-gustavo-santana-marcam\/#mainImage"},"datePublished":"2026-08-31T07:30:35-03:00","dateModified":"2026-08-31T07:30:35-03:00"},{"@type":"WebSite","@id":"https:\/\/www.encontrasantana.com.br\/sobre\/#website","url":"https:\/\/www.encontrasantana.com.br\/sobre\/","name":"Encontra Santana","description":"Not\u00edcias, eventos, informa\u00e7\u00f5es e dicas no bairro de Santana e regi\u00e3o.","inLanguage":"pt-BR","publisher":{"@id":"https:\/\/www.encontrasantana.com.br\/sobre\/#organization"}}]},"og:locale":"pt_BR","og:site_name":"Encontra Santana | Not\u00edcias, eventos, informa\u00e7\u00f5es e dicas no bairro de Santana e regi\u00e3o.","og:type":"article","og:title":"Veja gols em S\u00e3o Paulo x Bragantino: Luciano e Gustavo Santana marcam \u00bb Encontra Santana","og:description":"S\u00e3o Paulo x Bragantino: veja os gols que definiram o jogo no Morumbi.","og:url":"https:\/\/www.encontrasantana.com.br\/sobre\/veja-gols-em-sao-paulo-x-bragantino-luciano-e-gustavo-santana-marcam\/","article:published_time":"2026-08-31T10:30:35+00:00","article:modified_time":"2026-08-31T10:30:35+00:00","twitter:card":"summary","twitter:title":"Veja gols em S\u00e3o Paulo x Bragantino: Luciano e Gustavo Santana marcam \u00bb Encontra Santana","twitter:description":"S\u00e3o Paulo x Bragantino: veja os gols que definiram o jogo no Morumbi."},"aioseo_meta_data":{"post_id":"46059","title":null,"description":null,"keywords":null,"keyphrases":null,"primary_term":null,"canonical_url":null,"og_title":null,"og_description":null,"og_object_type":"default","og_image_type":"default","og_image_url":null,"og_image_width":null,"og_image_height":null,"og_image_custom_url":null,"og_image_custom_fields":null,"og_video":null,"og_custom_url":null,"og_article_section":null,"og_article_tags":null,"twitter_use_og":false,"twitter_card":"default","twitter_image_type":"default","twitter_image_url":null,"twitter_image_custom_url":null,"twitter_image_custom_fields":null,"twitter_title":null,"twitter_description":null,"schema":{"blockGraphs":[],"customGraphs":[],"default":{"data":{"Article":[],"Course":[],"Dataset":[],"FAQPage":[],"Movie":[],"Person":[],"Product":[],"ProductReview":[],"Car":[],"Recipe":[],"Service":[],"SoftwareApplication":[],"WebPage":[]},"graphName":"Article","isEnabled":true},"graphs":[]},"schema_type":"default","schema_type_options":null,"pillar_content":false,"robots_default":true,"robots_noindex":false,"robots_noarchive":false,"robots_nosnippet":false,"robots_nofollow":false,"robots_noimageindex":false,"robots_noodp":false,"robots_notranslate":false,"robots_max_snippet":null,"robots_max_videopreview":null,"robots_max_imagepreview":"large","priority":null,"frequency":null,"local_seo":null,"limit_modified_date":false,"created":"2026-08-31 10:30:35","updated":"2026-08-31 11:35:15","focus_keyword":null,"additional_keywords":null,"truseo_locale":null,"ai":null,"breadcrumb_settings":null,"seo_analyzer_scan_date":null},"aioseo_breadcrumb":"<div class=\"aioseo-breadcrumbs\"><span class=\"aioseo-breadcrumb\">\n\t\t\t<a href=\"https:\/\/www.encontrasantana.com.br\/sobre\" title=\"In\u00edcio\">In\u00edcio<\/a>\n\t\t<\/span><span class=\"aioseo-breadcrumb-separator\">&raquo;<\/span><span class=\"aioseo-breadcrumb\">\n\t\t\t<a href=\"https:\/\/www.encontrasantana.com.br\/sobre\/noticias-em-santana\/\" title=\"Not\u00edcias Santana\">Not\u00edcias Santana<\/a>\n\t\t<\/span><span class=\"aioseo-breadcrumb-separator\">&raquo;<\/span><span class=\"aioseo-breadcrumb\">\n\t\t\tVeja gols em S\u00e3o Paulo x Bragantino: Luciano e Gustavo Santana marcam\n\t\t<\/span><\/div>","aioseo_breadcrumb_json":[{"label":"In\u00edcio","link":"https:\/\/www.encontrasantana.com.br\/sobre"},{"label":"Not\u00edcias Santana","link":"https:\/\/www.encontrasantana.com.br\/sobre\/noticias-em-santana\/"},{"label":"Veja gols em S\u00e3o Paulo x Bragantino: Luciano e Gustavo Santana marcam","link":"https:\/\/www.encontrasantana.com.br\/sobre\/veja-gols-em-sao-paulo-x-bragantino-luciano-e-gustavo-santana-marcam\/"}],"_links":{"self":[{"href":"https:\/\/www.encontrasantana.com.br\/sobre\/wp-json\/wp\/v2\/posts\/46059","targetHints":{"allow":["GET"]}}],"collection":[{"href":"https:\/\/www.encontrasantana.com.br\/sobre\/wp-json\/wp\/v2\/posts"}],"about":[{"href":"https:\/\/www.encontrasantana.com.br\/sobre\/wp-json\/wp\/v2\/types\/post"}],"author":[{"embeddable":true,"href":"https:\/\/www.encontrasantana.com.br\/sobre\/wp-json\/wp\/v2\/users\/1"}],"replies":[{"embeddable":true,"href":"https:\/\/www.encontrasantana.com.br\/sobre\/wp-json\/wp\/v2\/comments?post=46059"}],"version-history":[{"count":0,"href":"https:\/\/www.encontrasantana.com.br\/sobre\/wp-json\/wp\/v2\/posts\/46059\/revisions"}],"wp:featuredmedia":[{"embeddable":true,"href":"https:\/\/www.encontrasantana.com.br\/sobre\/wp-json\/wp\/v2\/media\/46058"}],"wp:attachment":[{"href":"https:\/\/www.encontrasantana.com.br\/sobre\/wp-json\/wp\/v2\/media?parent=46059"}],"wp:term":[{"taxonomy":"category","embeddable":true,"href":"https:\/\/www.encontrasantana.com.br\/sobre\/wp-json\/wp\/v2\/categories?post=46059"},{"taxonomy":"post_tag","embeddable":true,"href":"https:\/\/www.encontrasantana.com.br\/sobre\/wp-json\/wp\/v2\/tags?post=46059"}],"curies":[{"name":"wp","href":"https:\/\/api.w.org\/{rel}","templated":true}]}}