{"id":467,"date":"2010-09-17T19:25:30","date_gmt":"2010-09-17T22:25:30","guid":{"rendered":"http:\/\/www.encontrasantana.com.br\/blog\/?p=467"},"modified":"2019-04-15T10:05:51","modified_gmt":"2019-04-15T13:05:51","slug":"cat-de-santana-seleciona-256-pessoas-para-trabalho-temporario","status":"publish","type":"post","link":"https:\/\/www.encontrasantana.com.br\/sobre\/cat-de-santana-seleciona-256-pessoas-para-trabalho-temporario\/","title":{"rendered":"CAT de Santana seleciona 256 pessoas para trabalho tempor\u00e1rio"},"content":{"rendered":"<div class=\"1acf8468e559fd3cbeec5aee3a269a52\" data-index=\"1\" style=\"float: none; margin:0px;\">\n<!-- Anuncio display - global -->\r\n<ins class=\"adsbygoogle\"\r\n     style=\"display:block\"\r\n     data-ad-client=\"ca-pub-8585364105181520\"\r\n     data-ad-slot=\"8789329856\"\r\n     data-ad-format=\"auto\"\r\n     data-full-width-responsive=\"true\"><\/ins>\r\n<script>\r\n     (adsbygoogle = window.adsbygoogle || []).push({});\r\n<\/script>\n<\/div>\n<p>Nesta segunda-feira (20\/9) as unidades de atendimento do Centro de Apoio ao Trabalho (CAT), da Secretaria Municipal de Desenvolvimento Econ\u00f4mico e do Trabalho, iniciam sele\u00e7\u00e3o para 256 vagas para trabalho tempor\u00e1rio de um a tr\u00eas meses, em diversos segmentos. Os sal\u00e1rios variam de R$ 510 a R$ 1.500, conforme a fun\u00e7\u00e3o e a empresa contratante. o CAT de Santana participa do processo de sele\u00e7\u00e3o.<\/p>\n<p>S\u00e3o 50 vagas de pesquisador em sa\u00fade coletiva, 35 de promotor de vendas, 30 de controlador de entrada e sa\u00edda, 25 de ajudante de carga e descarga, 25 de ajudante de embalador, 20 de auxiliar de vendas, 13 de auxiliar de linha de produ\u00e7\u00e3o, 11 de costureira, 10 de vendedores, 9 de recepcionista bil\u00edng\u00fce, 8 de oficiais de servi\u00e7o gerais e 7 de auxiliar de almoxarifado.<\/p>\n<p>Para participar da sele\u00e7\u00e3o s\u00e3o necess\u00e1rias experi\u00eancia m\u00ednima de seis meses, ensino m\u00e9dio, podendo ser incompleto e disponibilidade de hor\u00e1rio. Para as vagas de recepcionista o candidato tem que falar, ler e escrever ingl\u00eas, espanhol ou italiano fluente.<\/p>\n<p>Os interessados podem fazer a inscri\u00e7\u00e3o na unidade do CAT mais pr\u00f3xima de sua resid\u00eancia apresentando RG, Carteira de Trabalho e CPF. Os postos atendem de segunda a sexta das 7h \u00e0s 18h e aos s\u00e1bados das 7h \u00e0s 13h.<\/p>\n<p><strong>CAT Santana<\/strong><br \/>\nRua Volunt\u00e1rios da P\u00e1tria, 1.553<br \/>\nSegunda a sexta-feira &#8211; 7h \u00e0s 18h<br \/>\nS\u00e1bado &#8211; 7h \u00e0s 13h<\/p>\n<p><em>Fonte: Prefeitura de S\u00e3o Paulo<\/em><\/p>\n\n<div style=\"font-size: 0px; height: 0px; line-height: 0px; margin: 0; padding: 0; clear: both;\"><\/div>","protected":false},"excerpt":{"rendered":"<p>Nesta segunda-feira (20\/9) as unidades de atendimento do Centro de Apoio ao Trabalho (CAT), da Secretaria Municipal de Desenvolvimento Econ\u00f4mico e do Trabalho, iniciam sele\u00e7\u00e3o para 256 vagas para trabalho tempor\u00e1rio de um a tr\u00eas meses, em diversos segmentos. Os sal\u00e1rios variam de R$ 510 a R$ 1.500, conforme a fun\u00e7\u00e3o e a empresa contratante. o CAT de Santana participa do processo de sele\u00e7\u00e3o. S\u00e3o 50 vagas de pesquisador em sa\u00fade coletiva, 35 de promotor de vendas, 30 de controlador de entrada e sa\u00edda, 25 de ajudante de carga e descarga, 25 de ajudante de embalador, 20 de auxiliar de <\/p>\n","protected":false},"author":1,"featured_media":0,"comment_status":"open","ping_status":"closed","sticky":false,"template":"","format":"standard","meta":{"footnotes":""},"categories":[7],"tags":[10],"class_list":["post-467","post","type-post","status-publish","format-standard","hentry","category-empregos-em-santana","tag-santana"],"aioseo_notices":[],"_links":{"self":[{"href":"https:\/\/www.encontrasantana.com.br\/sobre\/wp-json\/wp\/v2\/posts\/467"}],"collection":[{"href":"https:\/\/www.encontrasantana.com.br\/sobre\/wp-json\/wp\/v2\/posts"}],"about":[{"href":"https:\/\/www.encontrasantana.com.br\/sobre\/wp-json\/wp\/v2\/types\/post"}],"author":[{"embeddable":true,"href":"https:\/\/www.encontrasantana.com.br\/sobre\/wp-json\/wp\/v2\/users\/1"}],"replies":[{"embeddable":true,"href":"https:\/\/www.encontrasantana.com.br\/sobre\/wp-json\/wp\/v2\/comments?post=467"}],"version-history":[{"count":0,"href":"https:\/\/www.encontrasantana.com.br\/sobre\/wp-json\/wp\/v2\/posts\/467\/revisions"}],"wp:attachment":[{"href":"https:\/\/www.encontrasantana.com.br\/sobre\/wp-json\/wp\/v2\/media?parent=467"}],"wp:term":[{"taxonomy":"category","embeddable":true,"href":"https:\/\/www.encontrasantana.com.br\/sobre\/wp-json\/wp\/v2\/categories?post=467"},{"taxonomy":"post_tag","embeddable":true,"href":"https:\/\/www.encontrasantana.com.br\/sobre\/wp-json\/wp\/v2\/tags?post=467"}],"curies":[{"name":"wp","href":"https:\/\/api.w.org\/{rel}","templated":true}]}}