{"id":5,"date":"2008-10-13T11:16:59","date_gmt":"2008-10-13T14:16:59","guid":{"rendered":"http:\/\/www.encontrasantana.com.br\/blog\/?p=5"},"modified":"2019-04-15T10:06:35","modified_gmt":"2019-04-15T13:06:35","slug":"homem-sobe-em-torre-de-eletricidade-e-deixa-milhares-sem-luz-em-bairros-como-santana-e-regiao","status":"publish","type":"post","link":"https:\/\/www.encontrasantana.com.br\/sobre\/homem-sobe-em-torre-de-eletricidade-e-deixa-milhares-sem-luz-em-bairros-como-santana-e-regiao\/","title":{"rendered":"Homem sobe em torre de eletricidade e deixa milhares sem luz em bairros como Santana e regi\u00e3o"},"content":{"rendered":"<div class=\"1acf8468e559fd3cbeec5aee3a269a52\" data-index=\"1\" style=\"float: none; margin:0px;\">\n<!-- Anuncio display - global -->\r\n<ins class=\"adsbygoogle\"\r\n     style=\"display:block\"\r\n     data-ad-client=\"ca-pub-8585364105181520\"\r\n     data-ad-slot=\"8789329856\"\r\n     data-ad-format=\"auto\"\r\n     data-full-width-responsive=\"true\"><\/ins>\r\n<script>\r\n     (adsbygoogle = window.adsbygoogle || []).push({});\r\n<\/script>\n<\/div>\n<p>S\u00c3O PAULO\u00a0&#8211;\u00a0Mais de 135 mil unidades consumidoras das zonas oeste e norte da cidade ficaram sem luz por cerca de meia hora, na noite deste domingo, 12, para a retirada de um homem que subiu em uma torre de uma das linhas de subtransmiss\u00e3o da Eletropaulo, na tarde deste domingo, 12, pr\u00f3ximo \u00e0 Ponte do Lim\u00e3o.<\/p>\n<p>Segundo informa\u00e7\u00f5es da Eletropaulo, a energia foi desligada \u00e0s 19h06, sendo restabelecida \u00e0s 19h28.<\/p>\n<p>Partes dos bairros da Barra Funda, Bom Retiro, Cachoeirinha, Casa Verde, Lim\u00e3o, Freguesia do \u00f2, Mandaqui, Santana, Santa Cec\u00edlia e Perdizes ficaram sem energia, totalizando 136.721 unidades consumidoras com falta de luz.<\/p>\n<p>O homem, ainda n\u00e3o identificado, desceu da torre, por onde passam 88 mil volts de energia, ap\u00f3s a chegada da imprensa, uma de suas exig\u00eancias para sair do local.<\/p>\n<p>Por conta da curiosidade dos motoristas que trafegavam pela regi\u00e3o, o congestionamento era de sete quil\u00f4metros na pista sentido Ayrton Senna, por volta das 19h30.<\/p>\n<p><strong>Fonte: Estadao.com.br<\/strong><\/p>\n\n<div style=\"font-size: 0px; height: 0px; line-height: 0px; margin: 0; padding: 0; clear: both;\"><\/div>","protected":false},"excerpt":{"rendered":"<p>S\u00c3O PAULO\u00a0&#8211;\u00a0Mais de 135 mil unidades consumidoras das zonas oeste e norte da cidade ficaram sem luz por cerca de meia hora, na noite deste domingo, 12, para a retirada de um homem que subiu em uma torre de uma das linhas de subtransmiss\u00e3o da Eletropaulo, na tarde deste domingo, 12, pr\u00f3ximo \u00e0 Ponte do Lim\u00e3o. Segundo informa\u00e7\u00f5es da Eletropaulo, a energia foi desligada \u00e0s 19h06, sendo restabelecida \u00e0s 19h28. Partes dos bairros da Barra Funda, Bom Retiro, Cachoeirinha, Casa Verde, Lim\u00e3o, Freguesia do \u00f2, Mandaqui, Santana, Santa Cec\u00edlia e Perdizes ficaram sem energia, totalizando 136.721 unidades consumidoras com falta <\/p>\n","protected":false},"author":1,"featured_media":0,"comment_status":"open","ping_status":"closed","sticky":false,"template":"","format":"standard","meta":{"footnotes":""},"categories":[3],"tags":[],"class_list":["post-5","post","type-post","status-publish","format-standard","hentry","category-noticias-em-santana"],"aioseo_notices":[],"aioseo_head":"\n\t\t<!-- All in One SEO 5.0.0.1 - aioseo.com -->\n\t<meta name=\"description\" content=\"S\u00c3O PAULO - Mais de 135 mil unidades consumidoras das zonas oeste e norte da cidade ficaram sem luz por cerca de meia hora, na noite deste domingo, 12, para a retirada de um homem que subiu em uma torre de uma das linhas de subtransmiss\u00e3o da Eletropaulo, na tarde deste domingo, 12, pr\u00f3ximo \u00e0 Ponte do\" \/>\n\t<meta name=\"robots\" content=\"max-image-preview:large\" \/>\n\t<meta name=\"author\" content=\"Encontra Santana\"\/>\n\t<link rel=\"canonical\" href=\"https:\/\/www.encontrasantana.com.br\/sobre\/homem-sobe-em-torre-de-eletricidade-e-deixa-milhares-sem-luz-em-bairros-como-santana-e-regiao\/\" \/>\n\t<meta name=\"generator\" content=\"All in One SEO (AIOSEO) 5.0.0.1\" \/>\n\t\t<meta property=\"og:locale\" content=\"pt_BR\" \/>\n\t\t<meta property=\"og:site_name\" content=\"Encontra Santana | Not\u00edcias, eventos, informa\u00e7\u00f5es e dicas no bairro de Santana e regi\u00e3o.\" \/>\n\t\t<meta property=\"og:type\" content=\"article\" \/>\n\t\t<meta property=\"og:title\" content=\"Homem sobe em torre de eletricidade e deixa milhares sem luz em bairros como Santana e regi\u00e3o \u00bb Encontra Santana\" \/>\n\t\t<meta property=\"og:description\" content=\"S\u00c3O PAULO - Mais de 135 mil unidades consumidoras das zonas oeste e norte da cidade ficaram sem luz por cerca de meia hora, na noite deste domingo, 12, para a retirada de um homem que subiu em uma torre de uma das linhas de subtransmiss\u00e3o da Eletropaulo, na tarde deste domingo, 12, pr\u00f3ximo \u00e0 Ponte do\" \/>\n\t\t<meta property=\"og:url\" content=\"https:\/\/www.encontrasantana.com.br\/sobre\/homem-sobe-em-torre-de-eletricidade-e-deixa-milhares-sem-luz-em-bairros-como-santana-e-regiao\/\" \/>\n\t\t<meta property=\"article:published_time\" content=\"2008-10-13T14:16:59+00:00\" \/>\n\t\t<meta property=\"article:modified_time\" content=\"2019-04-15T13:06:35+00:00\" \/>\n\t\t<meta name=\"twitter:card\" content=\"summary\" \/>\n\t\t<meta name=\"twitter:title\" content=\"Homem sobe em torre de eletricidade e deixa milhares sem luz em bairros como Santana e regi\u00e3o \u00bb Encontra Santana\" \/>\n\t\t<meta name=\"twitter:description\" content=\"S\u00c3O PAULO - Mais de 135 mil unidades consumidoras das zonas oeste e norte da cidade ficaram sem luz por cerca de meia hora, na noite deste domingo, 12, para a retirada de um homem que subiu em uma torre de uma das linhas de subtransmiss\u00e3o da Eletropaulo, na tarde deste domingo, 12, pr\u00f3ximo \u00e0 Ponte do\" \/>\n\t\t<script type=\"application\/ld+json\" class=\"aioseo-schema\">\n\t\t\t{\"@context\":\"https:\\\/\\\/schema.org\",\"@graph\":[{\"@type\":\"Article\",\"@id\":\"https:\\\/\\\/www.encontrasantana.com.br\\\/sobre\\\/homem-sobe-em-torre-de-eletricidade-e-deixa-milhares-sem-luz-em-bairros-como-santana-e-regiao\\\/#article\",\"name\":\"Homem sobe em torre de eletricidade e deixa milhares sem luz em bairros como Santana e regi\\u00e3o \\u00bb Encontra Santana\",\"headline\":\"Homem sobe em torre de eletricidade e deixa milhares sem luz em bairros como Santana e regi\\u00e3o\",\"author\":{\"@id\":\"https:\\\/\\\/www.encontrasantana.com.br\\\/sobre\\\/author\\\/esantana\\\/#author\"},\"publisher\":{\"@id\":\"https:\\\/\\\/www.encontrasantana.com.br\\\/sobre\\\/#organization\"},\"datePublished\":\"2008-10-13T11:16:59-03:00\",\"dateModified\":\"2019-04-15T10:06:35-03:00\",\"inLanguage\":\"pt-BR\",\"mainEntityOfPage\":{\"@id\":\"https:\\\/\\\/www.encontrasantana.com.br\\\/sobre\\\/homem-sobe-em-torre-de-eletricidade-e-deixa-milhares-sem-luz-em-bairros-como-santana-e-regiao\\\/#webpage\"},\"isPartOf\":{\"@id\":\"https:\\\/\\\/www.encontrasantana.com.br\\\/sobre\\\/homem-sobe-em-torre-de-eletricidade-e-deixa-milhares-sem-luz-em-bairros-como-santana-e-regiao\\\/#webpage\"},\"articleSection\":\"Not\\u00edcias Santana\"},{\"@type\":\"BreadcrumbList\",\"@id\":\"https:\\\/\\\/www.encontrasantana.com.br\\\/sobre\\\/homem-sobe-em-torre-de-eletricidade-e-deixa-milhares-sem-luz-em-bairros-como-santana-e-regiao\\\/#breadcrumblist\",\"itemListElement\":[{\"@type\":\"ListItem\",\"@id\":\"https:\\\/\\\/www.encontrasantana.com.br\\\/sobre#listItem\",\"position\":1,\"name\":\"In\\u00edcio\",\"item\":\"https:\\\/\\\/www.encontrasantana.com.br\\\/sobre\",\"nextItem\":{\"@type\":\"ListItem\",\"@id\":\"https:\\\/\\\/www.encontrasantana.com.br\\\/sobre\\\/noticias-em-santana\\\/#listItem\",\"name\":\"Not\\u00edcias Santana\"}},{\"@type\":\"ListItem\",\"@id\":\"https:\\\/\\\/www.encontrasantana.com.br\\\/sobre\\\/noticias-em-santana\\\/#listItem\",\"position\":2,\"name\":\"Not\\u00edcias Santana\",\"item\":\"https:\\\/\\\/www.encontrasantana.com.br\\\/sobre\\\/noticias-em-santana\\\/\",\"nextItem\":{\"@type\":\"ListItem\",\"@id\":\"https:\\\/\\\/www.encontrasantana.com.br\\\/sobre\\\/homem-sobe-em-torre-de-eletricidade-e-deixa-milhares-sem-luz-em-bairros-como-santana-e-regiao\\\/#listItem\",\"name\":\"Homem sobe em torre de eletricidade e deixa milhares sem luz em bairros como Santana e regi\\u00e3o\"},\"previousItem\":{\"@type\":\"ListItem\",\"@id\":\"https:\\\/\\\/www.encontrasantana.com.br\\\/sobre#listItem\",\"name\":\"In\\u00edcio\"}},{\"@type\":\"ListItem\",\"@id\":\"https:\\\/\\\/www.encontrasantana.com.br\\\/sobre\\\/homem-sobe-em-torre-de-eletricidade-e-deixa-milhares-sem-luz-em-bairros-como-santana-e-regiao\\\/#listItem\",\"position\":3,\"name\":\"Homem sobe em torre de eletricidade e deixa milhares sem luz em bairros como Santana e regi\\u00e3o\",\"previousItem\":{\"@type\":\"ListItem\",\"@id\":\"https:\\\/\\\/www.encontrasantana.com.br\\\/sobre\\\/noticias-em-santana\\\/#listItem\",\"name\":\"Not\\u00edcias Santana\"}}]},{\"@type\":\"Organization\",\"@id\":\"https:\\\/\\\/www.encontrasantana.com.br\\\/sobre\\\/#organization\",\"name\":\"Encontra Santana\",\"description\":\"Not\\u00edcias, eventos, informa\\u00e7\\u00f5es e dicas no bairro de Santana e regi\\u00e3o.\",\"url\":\"https:\\\/\\\/www.encontrasantana.com.br\\\/sobre\\\/\"},{\"@type\":\"Person\",\"@id\":\"https:\\\/\\\/www.encontrasantana.com.br\\\/sobre\\\/author\\\/esantana\\\/#author\",\"url\":\"https:\\\/\\\/www.encontrasantana.com.br\\\/sobre\\\/author\\\/esantana\\\/\",\"name\":\"Encontra Santana\",\"image\":{\"@type\":\"ImageObject\",\"@id\":\"https:\\\/\\\/www.encontrasantana.com.br\\\/sobre\\\/homem-sobe-em-torre-de-eletricidade-e-deixa-milhares-sem-luz-em-bairros-como-santana-e-regiao\\\/#authorImage\",\"url\":\"https:\\\/\\\/secure.gravatar.com\\\/avatar\\\/0fbed662e37531ae23e68f85f9517b2454e50c1dfebf80eb9b721449ac95e0b9?s=96&d=mm&r=g\",\"width\":96,\"height\":96,\"caption\":\"Encontra Santana\"}},{\"@type\":\"WebPage\",\"@id\":\"https:\\\/\\\/www.encontrasantana.com.br\\\/sobre\\\/homem-sobe-em-torre-de-eletricidade-e-deixa-milhares-sem-luz-em-bairros-como-santana-e-regiao\\\/#webpage\",\"url\":\"https:\\\/\\\/www.encontrasantana.com.br\\\/sobre\\\/homem-sobe-em-torre-de-eletricidade-e-deixa-milhares-sem-luz-em-bairros-como-santana-e-regiao\\\/\",\"name\":\"Homem sobe em torre de eletricidade e deixa milhares sem luz em bairros como Santana e regi\\u00e3o \\u00bb Encontra Santana\",\"description\":\"S\\u00c3O PAULO - Mais de 135 mil unidades consumidoras das zonas oeste e norte da cidade ficaram sem luz por cerca de meia hora, na noite deste domingo, 12, para a retirada de um homem que subiu em uma torre de uma das linhas de subtransmiss\\u00e3o da Eletropaulo, na tarde deste domingo, 12, pr\\u00f3ximo \\u00e0 Ponte do\",\"inLanguage\":\"pt-BR\",\"isPartOf\":{\"@id\":\"https:\\\/\\\/www.encontrasantana.com.br\\\/sobre\\\/#website\"},\"breadcrumb\":{\"@id\":\"https:\\\/\\\/www.encontrasantana.com.br\\\/sobre\\\/homem-sobe-em-torre-de-eletricidade-e-deixa-milhares-sem-luz-em-bairros-como-santana-e-regiao\\\/#breadcrumblist\"},\"author\":{\"@id\":\"https:\\\/\\\/www.encontrasantana.com.br\\\/sobre\\\/author\\\/esantana\\\/#author\"},\"creator\":{\"@id\":\"https:\\\/\\\/www.encontrasantana.com.br\\\/sobre\\\/author\\\/esantana\\\/#author\"},\"datePublished\":\"2008-10-13T11:16:59-03:00\",\"dateModified\":\"2019-04-15T10:06:35-03:00\"},{\"@type\":\"WebSite\",\"@id\":\"https:\\\/\\\/www.encontrasantana.com.br\\\/sobre\\\/#website\",\"url\":\"https:\\\/\\\/www.encontrasantana.com.br\\\/sobre\\\/\",\"name\":\"Encontra Santana\",\"description\":\"Not\\u00edcias, eventos, informa\\u00e7\\u00f5es e dicas no bairro de Santana e regi\\u00e3o.\",\"inLanguage\":\"pt-BR\",\"publisher\":{\"@id\":\"https:\\\/\\\/www.encontrasantana.com.br\\\/sobre\\\/#organization\"}}]}\n\t\t<\/script>\n\t\t<!-- All in One SEO -->\n\n","aioseo_head_json":{"title":"Homem sobe em torre de eletricidade e deixa milhares sem luz em bairros como Santana e regi\u00e3o \u00bb Encontra Santana","description":"S\u00c3O PAULO - Mais de 135 mil unidades consumidoras das zonas oeste e norte da cidade ficaram sem luz por cerca de meia hora, na noite deste domingo, 12, para a retirada de um homem que subiu em uma torre de uma das linhas de subtransmiss\u00e3o da Eletropaulo, na tarde deste domingo, 12, pr\u00f3ximo \u00e0 Ponte do","canonical_url":"https:\/\/www.encontrasantana.com.br\/sobre\/homem-sobe-em-torre-de-eletricidade-e-deixa-milhares-sem-luz-em-bairros-como-santana-e-regiao\/","robots":"max-image-preview:large","keywords":"","webmasterTools":{"miscellaneous":""},"schema":{"@context":"https:\/\/schema.org","@graph":[{"@type":"Article","@id":"https:\/\/www.encontrasantana.com.br\/sobre\/homem-sobe-em-torre-de-eletricidade-e-deixa-milhares-sem-luz-em-bairros-como-santana-e-regiao\/#article","name":"Homem sobe em torre de eletricidade e deixa milhares sem luz em bairros como Santana e regi\u00e3o \u00bb Encontra Santana","headline":"Homem sobe em torre de eletricidade e deixa milhares sem luz em bairros como Santana e regi\u00e3o","author":{"@id":"https:\/\/www.encontrasantana.com.br\/sobre\/author\/esantana\/#author"},"publisher":{"@id":"https:\/\/www.encontrasantana.com.br\/sobre\/#organization"},"datePublished":"2008-10-13T11:16:59-03:00","dateModified":"2019-04-15T10:06:35-03:00","inLanguage":"pt-BR","mainEntityOfPage":{"@id":"https:\/\/www.encontrasantana.com.br\/sobre\/homem-sobe-em-torre-de-eletricidade-e-deixa-milhares-sem-luz-em-bairros-como-santana-e-regiao\/#webpage"},"isPartOf":{"@id":"https:\/\/www.encontrasantana.com.br\/sobre\/homem-sobe-em-torre-de-eletricidade-e-deixa-milhares-sem-luz-em-bairros-como-santana-e-regiao\/#webpage"},"articleSection":"Not\u00edcias Santana"},{"@type":"BreadcrumbList","@id":"https:\/\/www.encontrasantana.com.br\/sobre\/homem-sobe-em-torre-de-eletricidade-e-deixa-milhares-sem-luz-em-bairros-como-santana-e-regiao\/#breadcrumblist","itemListElement":[{"@type":"ListItem","@id":"https:\/\/www.encontrasantana.com.br\/sobre#listItem","position":1,"name":"In\u00edcio","item":"https:\/\/www.encontrasantana.com.br\/sobre","nextItem":{"@type":"ListItem","@id":"https:\/\/www.encontrasantana.com.br\/sobre\/noticias-em-santana\/#listItem","name":"Not\u00edcias Santana"}},{"@type":"ListItem","@id":"https:\/\/www.encontrasantana.com.br\/sobre\/noticias-em-santana\/#listItem","position":2,"name":"Not\u00edcias Santana","item":"https:\/\/www.encontrasantana.com.br\/sobre\/noticias-em-santana\/","nextItem":{"@type":"ListItem","@id":"https:\/\/www.encontrasantana.com.br\/sobre\/homem-sobe-em-torre-de-eletricidade-e-deixa-milhares-sem-luz-em-bairros-como-santana-e-regiao\/#listItem","name":"Homem sobe em torre de eletricidade e deixa milhares sem luz em bairros como Santana e regi\u00e3o"},"previousItem":{"@type":"ListItem","@id":"https:\/\/www.encontrasantana.com.br\/sobre#listItem","name":"In\u00edcio"}},{"@type":"ListItem","@id":"https:\/\/www.encontrasantana.com.br\/sobre\/homem-sobe-em-torre-de-eletricidade-e-deixa-milhares-sem-luz-em-bairros-como-santana-e-regiao\/#listItem","position":3,"name":"Homem sobe em torre de eletricidade e deixa milhares sem luz em bairros como Santana e regi\u00e3o","previousItem":{"@type":"ListItem","@id":"https:\/\/www.encontrasantana.com.br\/sobre\/noticias-em-santana\/#listItem","name":"Not\u00edcias Santana"}}]},{"@type":"Organization","@id":"https:\/\/www.encontrasantana.com.br\/sobre\/#organization","name":"Encontra Santana","description":"Not\u00edcias, eventos, informa\u00e7\u00f5es e dicas no bairro de Santana e regi\u00e3o.","url":"https:\/\/www.encontrasantana.com.br\/sobre\/"},{"@type":"Person","@id":"https:\/\/www.encontrasantana.com.br\/sobre\/author\/esantana\/#author","url":"https:\/\/www.encontrasantana.com.br\/sobre\/author\/esantana\/","name":"Encontra Santana","image":{"@type":"ImageObject","@id":"https:\/\/www.encontrasantana.com.br\/sobre\/homem-sobe-em-torre-de-eletricidade-e-deixa-milhares-sem-luz-em-bairros-como-santana-e-regiao\/#authorImage","url":"https:\/\/secure.gravatar.com\/avatar\/0fbed662e37531ae23e68f85f9517b2454e50c1dfebf80eb9b721449ac95e0b9?s=96&d=mm&r=g","width":96,"height":96,"caption":"Encontra Santana"}},{"@type":"WebPage","@id":"https:\/\/www.encontrasantana.com.br\/sobre\/homem-sobe-em-torre-de-eletricidade-e-deixa-milhares-sem-luz-em-bairros-como-santana-e-regiao\/#webpage","url":"https:\/\/www.encontrasantana.com.br\/sobre\/homem-sobe-em-torre-de-eletricidade-e-deixa-milhares-sem-luz-em-bairros-como-santana-e-regiao\/","name":"Homem sobe em torre de eletricidade e deixa milhares sem luz em bairros como Santana e regi\u00e3o \u00bb Encontra Santana","description":"S\u00c3O PAULO - Mais de 135 mil unidades consumidoras das zonas oeste e norte da cidade ficaram sem luz por cerca de meia hora, na noite deste domingo, 12, para a retirada de um homem que subiu em uma torre de uma das linhas de subtransmiss\u00e3o da Eletropaulo, na tarde deste domingo, 12, pr\u00f3ximo \u00e0 Ponte do","inLanguage":"pt-BR","isPartOf":{"@id":"https:\/\/www.encontrasantana.com.br\/sobre\/#website"},"breadcrumb":{"@id":"https:\/\/www.encontrasantana.com.br\/sobre\/homem-sobe-em-torre-de-eletricidade-e-deixa-milhares-sem-luz-em-bairros-como-santana-e-regiao\/#breadcrumblist"},"author":{"@id":"https:\/\/www.encontrasantana.com.br\/sobre\/author\/esantana\/#author"},"creator":{"@id":"https:\/\/www.encontrasantana.com.br\/sobre\/author\/esantana\/#author"},"datePublished":"2008-10-13T11:16:59-03:00","dateModified":"2019-04-15T10:06:35-03:00"},{"@type":"WebSite","@id":"https:\/\/www.encontrasantana.com.br\/sobre\/#website","url":"https:\/\/www.encontrasantana.com.br\/sobre\/","name":"Encontra Santana","description":"Not\u00edcias, eventos, informa\u00e7\u00f5es e dicas no bairro de Santana e regi\u00e3o.","inLanguage":"pt-BR","publisher":{"@id":"https:\/\/www.encontrasantana.com.br\/sobre\/#organization"}}]},"og:locale":"pt_BR","og:site_name":"Encontra Santana | Not\u00edcias, eventos, informa\u00e7\u00f5es e dicas no bairro de Santana e regi\u00e3o.","og:type":"article","og:title":"Homem sobe em torre de eletricidade e deixa milhares sem luz em bairros como Santana e regi\u00e3o \u00bb Encontra Santana","og:description":"S\u00c3O PAULO - Mais de 135 mil unidades consumidoras das zonas oeste e norte da cidade ficaram sem luz por cerca de meia hora, na noite deste domingo, 12, para a retirada de um homem que subiu em uma torre de uma das linhas de subtransmiss\u00e3o da Eletropaulo, na tarde deste domingo, 12, pr\u00f3ximo \u00e0 Ponte do","og:url":"https:\/\/www.encontrasantana.com.br\/sobre\/homem-sobe-em-torre-de-eletricidade-e-deixa-milhares-sem-luz-em-bairros-como-santana-e-regiao\/","article:published_time":"2008-10-13T14:16:59+00:00","article:modified_time":"2019-04-15T13:06:35+00:00","twitter:card":"summary","twitter:title":"Homem sobe em torre de eletricidade e deixa milhares sem luz em bairros como Santana e regi\u00e3o \u00bb Encontra Santana","twitter:description":"S\u00c3O PAULO - Mais de 135 mil unidades consumidoras das zonas oeste e norte da cidade ficaram sem luz por cerca de meia hora, na noite deste domingo, 12, para a retirada de um homem que subiu em uma torre de uma das linhas de subtransmiss\u00e3o da Eletropaulo, na tarde deste domingo, 12, pr\u00f3ximo \u00e0 Ponte do"},"aioseo_meta_data":{"post_id":"5","title":null,"description":null,"keywords":null,"keyphrases":null,"primary_term":null,"canonical_url":null,"og_title":null,"og_description":null,"og_object_type":"default","og_image_type":"default","og_image_url":null,"og_image_width":null,"og_image_height":null,"og_image_custom_url":null,"og_image_custom_fields":null,"og_video":null,"og_custom_url":null,"og_article_section":null,"og_article_tags":null,"twitter_use_og":false,"twitter_card":"default","twitter_image_type":"default","twitter_image_url":null,"twitter_image_custom_url":null,"twitter_image_custom_fields":null,"twitter_title":null,"twitter_description":null,"schema":{"blockGraphs":[],"customGraphs":[],"default":{"data":{"Article":[],"Course":[],"Dataset":[],"FAQPage":[],"Movie":[],"Person":[],"Product":[],"ProductReview":[],"Car":[],"Recipe":[],"Service":[],"SoftwareApplication":[],"WebPage":[]},"graphName":"Article","isEnabled":true},"graphs":[]},"schema_type":null,"schema_type_options":null,"pillar_content":false,"robots_default":true,"robots_noindex":false,"robots_noarchive":false,"robots_nosnippet":false,"robots_nofollow":false,"robots_noimageindex":false,"robots_noodp":false,"robots_notranslate":false,"robots_max_snippet":null,"robots_max_videopreview":null,"robots_max_imagepreview":"large","priority":null,"frequency":null,"local_seo":null,"limit_modified_date":false,"created":"2021-04-20 18:27:30","updated":"2026-08-06 02:35:43","focus_keyword":null,"additional_keywords":null,"truseo_locale":null,"ai":null,"breadcrumb_settings":null,"seo_analyzer_scan_date":null},"aioseo_breadcrumb":"<div class=\"aioseo-breadcrumbs\"><span class=\"aioseo-breadcrumb\">\n\t\t\t<a href=\"https:\/\/www.encontrasantana.com.br\/sobre\" title=\"In\u00edcio\">In\u00edcio<\/a>\n\t\t<\/span><span class=\"aioseo-breadcrumb-separator\">&raquo;<\/span><span class=\"aioseo-breadcrumb\">\n\t\t\t<a href=\"https:\/\/www.encontrasantana.com.br\/sobre\/noticias-em-santana\/\" title=\"Not\u00edcias Santana\">Not\u00edcias Santana<\/a>\n\t\t<\/span><span class=\"aioseo-breadcrumb-separator\">&raquo;<\/span><span class=\"aioseo-breadcrumb\">\n\t\t\tHomem sobe em torre de eletricidade e deixa milhares sem luz em bairros como Santana e regi\u00e3o\n\t\t<\/span><\/div>","aioseo_breadcrumb_json":[{"label":"In\u00edcio","link":"https:\/\/www.encontrasantana.com.br\/sobre"},{"label":"Not\u00edcias Santana","link":"https:\/\/www.encontrasantana.com.br\/sobre\/noticias-em-santana\/"},{"label":"Homem sobe em torre de eletricidade e deixa milhares sem luz em bairros como Santana e regi\u00e3o","link":"https:\/\/www.encontrasantana.com.br\/sobre\/homem-sobe-em-torre-de-eletricidade-e-deixa-milhares-sem-luz-em-bairros-como-santana-e-regiao\/"}],"_links":{"self":[{"href":"https:\/\/www.encontrasantana.com.br\/sobre\/wp-json\/wp\/v2\/posts\/5","targetHints":{"allow":["GET"]}}],"collection":[{"href":"https:\/\/www.encontrasantana.com.br\/sobre\/wp-json\/wp\/v2\/posts"}],"about":[{"href":"https:\/\/www.encontrasantana.com.br\/sobre\/wp-json\/wp\/v2\/types\/post"}],"author":[{"embeddable":true,"href":"https:\/\/www.encontrasantana.com.br\/sobre\/wp-json\/wp\/v2\/users\/1"}],"replies":[{"embeddable":true,"href":"https:\/\/www.encontrasantana.com.br\/sobre\/wp-json\/wp\/v2\/comments?post=5"}],"version-history":[{"count":0,"href":"https:\/\/www.encontrasantana.com.br\/sobre\/wp-json\/wp\/v2\/posts\/5\/revisions"}],"wp:attachment":[{"href":"https:\/\/www.encontrasantana.com.br\/sobre\/wp-json\/wp\/v2\/media?parent=5"}],"wp:term":[{"taxonomy":"category","embeddable":true,"href":"https:\/\/www.encontrasantana.com.br\/sobre\/wp-json\/wp\/v2\/categories?post=5"},{"taxonomy":"post_tag","embeddable":true,"href":"https:\/\/www.encontrasantana.com.br\/sobre\/wp-json\/wp\/v2\/tags?post=5"}],"curies":[{"name":"wp","href":"https:\/\/api.w.org\/{rel}","templated":true}]}}