{"id":504,"date":"2010-10-07T19:19:40","date_gmt":"2010-10-07T22:19:40","guid":{"rendered":"http:\/\/www.encontrasantana.com.br\/blog\/?p=504"},"modified":"2019-04-15T10:05:42","modified_gmt":"2019-04-15T13:05:42","slug":"cat-de-santana-seleciona-profissionais-para-nova-loja-de-supermercado-na-zona-norte","status":"publish","type":"post","link":"https:\/\/www.encontrasantana.com.br\/sobre\/cat-de-santana-seleciona-profissionais-para-nova-loja-de-supermercado-na-zona-norte\/","title":{"rendered":"CAT de Santana seleciona profissionais para nova loja de supermercado na Zona Norte"},"content":{"rendered":"<div class=\"1acf8468e559fd3cbeec5aee3a269a52\" data-index=\"1\" style=\"float: none; margin:0px;\">\n<!-- Anuncio display - global -->\r\n<ins class=\"adsbygoogle\"\r\n     style=\"display:block\"\r\n     data-ad-client=\"ca-pub-8585364105181520\"\r\n     data-ad-slot=\"8789329856\"\r\n     data-ad-format=\"auto\"\r\n     data-full-width-responsive=\"true\"><\/ins>\r\n<script>\r\n     (adsbygoogle = window.adsbygoogle || []).push({});\r\n<\/script>\n<\/div>\n<p>At\u00e9 esta quinta-feira (7),\u00a0 o Centro de Apoio ao Trabalho (CAT), unidade Santana seleciona 100 profissionais do setor supermercadistas para nova loja do Grupo P\u00e3o de A\u00e7\u00facar, a ser inaugurada na regi\u00e3o norte da cidade.<\/p>\n<p>As ofertas s\u00e3o para trabalhar no setor operacional e os sal\u00e1rios oferecidos variam de R$ 510 a R$ 920, conforme a fun\u00e7\u00e3o. Al\u00e9m disso, a empresa oferece treinamento, uniforme, assist\u00eancia m\u00e9dica e vale transporte.<\/p>\n<p>Para participar do processo seletivo \u00e9 necess\u00e1rio ser maior de 18 anos, residir na regi\u00e3o de Santana e possuir seis meses de experi\u00eancia na fun\u00e7\u00e3o pretendida. Para as oportunidades de operador de supermercado e cartazistas \u00e9 necess\u00e1rio possuir o ensino m\u00e9dio completo ou estar cursando. A empresa tamb\u00e9m est\u00e1 contratando peixeiro, padeiro, pizzaiolo, a\u00e7ougueiro, empacotador, confeiteiro, cartazista, ajudante de padeiro e cozinheiro.<\/p>\n<p>O atendimento no CAT inicia-se \u00e0s 7h e os interessados devem apresentar Carteira de Trabalho, RG e CPF para realiza\u00e7\u00e3o do cadastro. Os selecionados participam de entrevista final com os empregadores na pr\u00f3pria unidade Santana, rua Volunt\u00e1rios da P\u00e1tria, 1.553 at\u00e9 \u00e0s 13h.<\/p>\n<p><em>Fonte: Prefeitura de S\u00e3o Paulo<\/em><\/p>\n\n<div style=\"font-size: 0px; height: 0px; line-height: 0px; margin: 0; padding: 0; clear: both;\"><\/div>","protected":false},"excerpt":{"rendered":"<p>At\u00e9 esta quinta-feira (7),\u00a0 o Centro de Apoio ao Trabalho (CAT), unidade Santana seleciona 100 profissionais do setor supermercadistas para nova loja do Grupo P\u00e3o de A\u00e7\u00facar, a ser inaugurada na regi\u00e3o norte da cidade. As ofertas s\u00e3o para trabalhar no setor operacional e os sal\u00e1rios oferecidos variam de R$ 510 a R$ 920, conforme a fun\u00e7\u00e3o. Al\u00e9m disso, a empresa oferece treinamento, uniforme, assist\u00eancia m\u00e9dica e vale transporte. Para participar do processo seletivo \u00e9 necess\u00e1rio ser maior de 18 anos, residir na regi\u00e3o de Santana e possuir seis meses de experi\u00eancia na fun\u00e7\u00e3o pretendida. Para as oportunidades de operador <\/p>\n","protected":false},"author":1,"featured_media":0,"comment_status":"open","ping_status":"closed","sticky":false,"template":"","format":"standard","meta":{"footnotes":""},"categories":[7],"tags":[10],"class_list":["post-504","post","type-post","status-publish","format-standard","hentry","category-empregos-em-santana","tag-santana"],"aioseo_notices":[],"aioseo_head":"\n\t\t<!-- All in One SEO 5.0.0.1 - aioseo.com -->\n\t<meta name=\"description\" content=\"At\u00e9 esta quinta-feira (7), o Centro de Apoio ao Trabalho (CAT), unidade Santana seleciona 100 profissionais do setor supermercadistas para nova loja do Grupo P\u00e3o de A\u00e7\u00facar, a ser inaugurada na regi\u00e3o norte da cidade. As ofertas s\u00e3o para trabalhar no setor operacional e os sal\u00e1rios oferecidos variam de R$ 510 a R$ 920, conforme\" \/>\n\t<meta name=\"robots\" content=\"max-image-preview:large\" \/>\n\t<meta name=\"author\" content=\"Encontra Santana\"\/>\n\t<link rel=\"canonical\" href=\"https:\/\/www.encontrasantana.com.br\/sobre\/cat-de-santana-seleciona-profissionais-para-nova-loja-de-supermercado-na-zona-norte\/\" \/>\n\t<meta name=\"generator\" content=\"All in One SEO (AIOSEO) 5.0.0.1\" \/>\n\t\t<meta property=\"og:locale\" content=\"pt_BR\" \/>\n\t\t<meta property=\"og:site_name\" content=\"Encontra Santana | Not\u00edcias, eventos, informa\u00e7\u00f5es e dicas no bairro de Santana e regi\u00e3o.\" \/>\n\t\t<meta property=\"og:type\" content=\"article\" \/>\n\t\t<meta property=\"og:title\" content=\"CAT de Santana seleciona profissionais para nova loja de supermercado na Zona Norte \u00bb Encontra Santana\" \/>\n\t\t<meta property=\"og:description\" content=\"At\u00e9 esta quinta-feira (7), o Centro de Apoio ao Trabalho (CAT), unidade Santana seleciona 100 profissionais do setor supermercadistas para nova loja do Grupo P\u00e3o de A\u00e7\u00facar, a ser inaugurada na regi\u00e3o norte da cidade. As ofertas s\u00e3o para trabalhar no setor operacional e os sal\u00e1rios oferecidos variam de R$ 510 a R$ 920, conforme\" \/>\n\t\t<meta property=\"og:url\" content=\"https:\/\/www.encontrasantana.com.br\/sobre\/cat-de-santana-seleciona-profissionais-para-nova-loja-de-supermercado-na-zona-norte\/\" \/>\n\t\t<meta property=\"article:published_time\" content=\"2010-10-07T22:19:40+00:00\" \/>\n\t\t<meta property=\"article:modified_time\" content=\"2019-04-15T13:05:42+00:00\" \/>\n\t\t<meta name=\"twitter:card\" content=\"summary\" \/>\n\t\t<meta name=\"twitter:title\" content=\"CAT de Santana seleciona profissionais para nova loja de supermercado na Zona Norte \u00bb Encontra Santana\" \/>\n\t\t<meta name=\"twitter:description\" content=\"At\u00e9 esta quinta-feira (7), o Centro de Apoio ao Trabalho (CAT), unidade Santana seleciona 100 profissionais do setor supermercadistas para nova loja do Grupo P\u00e3o de A\u00e7\u00facar, a ser inaugurada na regi\u00e3o norte da cidade. As ofertas s\u00e3o para trabalhar no setor operacional e os sal\u00e1rios oferecidos variam de R$ 510 a R$ 920, conforme\" \/>\n\t\t<script type=\"application\/ld+json\" class=\"aioseo-schema\">\n\t\t\t{\"@context\":\"https:\\\/\\\/schema.org\",\"@graph\":[{\"@type\":\"Article\",\"@id\":\"https:\\\/\\\/www.encontrasantana.com.br\\\/sobre\\\/cat-de-santana-seleciona-profissionais-para-nova-loja-de-supermercado-na-zona-norte\\\/#article\",\"name\":\"CAT de Santana seleciona profissionais para nova loja de supermercado na Zona Norte \\u00bb Encontra Santana\",\"headline\":\"CAT de Santana seleciona profissionais para nova loja de supermercado na Zona Norte\",\"author\":{\"@id\":\"https:\\\/\\\/www.encontrasantana.com.br\\\/sobre\\\/author\\\/esantana\\\/#author\"},\"publisher\":{\"@id\":\"https:\\\/\\\/www.encontrasantana.com.br\\\/sobre\\\/#organization\"},\"datePublished\":\"2010-10-07T19:19:40-03:00\",\"dateModified\":\"2019-04-15T10:05:42-03:00\",\"inLanguage\":\"pt-BR\",\"mainEntityOfPage\":{\"@id\":\"https:\\\/\\\/www.encontrasantana.com.br\\\/sobre\\\/cat-de-santana-seleciona-profissionais-para-nova-loja-de-supermercado-na-zona-norte\\\/#webpage\"},\"isPartOf\":{\"@id\":\"https:\\\/\\\/www.encontrasantana.com.br\\\/sobre\\\/cat-de-santana-seleciona-profissionais-para-nova-loja-de-supermercado-na-zona-norte\\\/#webpage\"},\"articleSection\":\"Empregos Santana, Santana\"},{\"@type\":\"BreadcrumbList\",\"@id\":\"https:\\\/\\\/www.encontrasantana.com.br\\\/sobre\\\/cat-de-santana-seleciona-profissionais-para-nova-loja-de-supermercado-na-zona-norte\\\/#breadcrumblist\",\"itemListElement\":[{\"@type\":\"ListItem\",\"@id\":\"https:\\\/\\\/www.encontrasantana.com.br\\\/sobre#listItem\",\"position\":1,\"name\":\"In\\u00edcio\",\"item\":\"https:\\\/\\\/www.encontrasantana.com.br\\\/sobre\",\"nextItem\":{\"@type\":\"ListItem\",\"@id\":\"https:\\\/\\\/www.encontrasantana.com.br\\\/sobre\\\/empregos-em-santana\\\/#listItem\",\"name\":\"Empregos Santana\"}},{\"@type\":\"ListItem\",\"@id\":\"https:\\\/\\\/www.encontrasantana.com.br\\\/sobre\\\/empregos-em-santana\\\/#listItem\",\"position\":2,\"name\":\"Empregos Santana\",\"item\":\"https:\\\/\\\/www.encontrasantana.com.br\\\/sobre\\\/empregos-em-santana\\\/\",\"nextItem\":{\"@type\":\"ListItem\",\"@id\":\"https:\\\/\\\/www.encontrasantana.com.br\\\/sobre\\\/cat-de-santana-seleciona-profissionais-para-nova-loja-de-supermercado-na-zona-norte\\\/#listItem\",\"name\":\"CAT de Santana seleciona profissionais para nova loja de supermercado na Zona Norte\"},\"previousItem\":{\"@type\":\"ListItem\",\"@id\":\"https:\\\/\\\/www.encontrasantana.com.br\\\/sobre#listItem\",\"name\":\"In\\u00edcio\"}},{\"@type\":\"ListItem\",\"@id\":\"https:\\\/\\\/www.encontrasantana.com.br\\\/sobre\\\/cat-de-santana-seleciona-profissionais-para-nova-loja-de-supermercado-na-zona-norte\\\/#listItem\",\"position\":3,\"name\":\"CAT de Santana seleciona profissionais para nova loja de supermercado na Zona Norte\",\"previousItem\":{\"@type\":\"ListItem\",\"@id\":\"https:\\\/\\\/www.encontrasantana.com.br\\\/sobre\\\/empregos-em-santana\\\/#listItem\",\"name\":\"Empregos Santana\"}}]},{\"@type\":\"Organization\",\"@id\":\"https:\\\/\\\/www.encontrasantana.com.br\\\/sobre\\\/#organization\",\"name\":\"Encontra Santana\",\"description\":\"Not\\u00edcias, eventos, informa\\u00e7\\u00f5es e dicas no bairro de Santana e regi\\u00e3o.\",\"url\":\"https:\\\/\\\/www.encontrasantana.com.br\\\/sobre\\\/\"},{\"@type\":\"Person\",\"@id\":\"https:\\\/\\\/www.encontrasantana.com.br\\\/sobre\\\/author\\\/esantana\\\/#author\",\"url\":\"https:\\\/\\\/www.encontrasantana.com.br\\\/sobre\\\/author\\\/esantana\\\/\",\"name\":\"Encontra Santana\",\"image\":{\"@type\":\"ImageObject\",\"@id\":\"https:\\\/\\\/www.encontrasantana.com.br\\\/sobre\\\/cat-de-santana-seleciona-profissionais-para-nova-loja-de-supermercado-na-zona-norte\\\/#authorImage\",\"url\":\"https:\\\/\\\/secure.gravatar.com\\\/avatar\\\/0fbed662e37531ae23e68f85f9517b2454e50c1dfebf80eb9b721449ac95e0b9?s=96&d=mm&r=g\",\"width\":96,\"height\":96,\"caption\":\"Encontra Santana\"}},{\"@type\":\"WebPage\",\"@id\":\"https:\\\/\\\/www.encontrasantana.com.br\\\/sobre\\\/cat-de-santana-seleciona-profissionais-para-nova-loja-de-supermercado-na-zona-norte\\\/#webpage\",\"url\":\"https:\\\/\\\/www.encontrasantana.com.br\\\/sobre\\\/cat-de-santana-seleciona-profissionais-para-nova-loja-de-supermercado-na-zona-norte\\\/\",\"name\":\"CAT de Santana seleciona profissionais para nova loja de supermercado na Zona Norte \\u00bb Encontra Santana\",\"description\":\"At\\u00e9 esta quinta-feira (7), o Centro de Apoio ao Trabalho (CAT), unidade Santana seleciona 100 profissionais do setor supermercadistas para nova loja do Grupo P\\u00e3o de A\\u00e7\\u00facar, a ser inaugurada na regi\\u00e3o norte da cidade. As ofertas s\\u00e3o para trabalhar no setor operacional e os sal\\u00e1rios oferecidos variam de R$ 510 a R$ 920, conforme\",\"inLanguage\":\"pt-BR\",\"isPartOf\":{\"@id\":\"https:\\\/\\\/www.encontrasantana.com.br\\\/sobre\\\/#website\"},\"breadcrumb\":{\"@id\":\"https:\\\/\\\/www.encontrasantana.com.br\\\/sobre\\\/cat-de-santana-seleciona-profissionais-para-nova-loja-de-supermercado-na-zona-norte\\\/#breadcrumblist\"},\"author\":{\"@id\":\"https:\\\/\\\/www.encontrasantana.com.br\\\/sobre\\\/author\\\/esantana\\\/#author\"},\"creator\":{\"@id\":\"https:\\\/\\\/www.encontrasantana.com.br\\\/sobre\\\/author\\\/esantana\\\/#author\"},\"datePublished\":\"2010-10-07T19:19:40-03:00\",\"dateModified\":\"2019-04-15T10:05:42-03:00\"},{\"@type\":\"WebSite\",\"@id\":\"https:\\\/\\\/www.encontrasantana.com.br\\\/sobre\\\/#website\",\"url\":\"https:\\\/\\\/www.encontrasantana.com.br\\\/sobre\\\/\",\"name\":\"Encontra Santana\",\"description\":\"Not\\u00edcias, eventos, informa\\u00e7\\u00f5es e dicas no bairro de Santana e regi\\u00e3o.\",\"inLanguage\":\"pt-BR\",\"publisher\":{\"@id\":\"https:\\\/\\\/www.encontrasantana.com.br\\\/sobre\\\/#organization\"}}]}\n\t\t<\/script>\n\t\t<!-- All in One SEO -->\n\n","aioseo_head_json":{"title":"CAT de Santana seleciona profissionais para nova loja de supermercado na Zona Norte \u00bb Encontra Santana","description":"At\u00e9 esta quinta-feira (7), o Centro de Apoio ao Trabalho (CAT), unidade Santana seleciona 100 profissionais do setor supermercadistas para nova loja do Grupo P\u00e3o de A\u00e7\u00facar, a ser inaugurada na regi\u00e3o norte da cidade. As ofertas s\u00e3o para trabalhar no setor operacional e os sal\u00e1rios oferecidos variam de R$ 510 a R$ 920, conforme","canonical_url":"https:\/\/www.encontrasantana.com.br\/sobre\/cat-de-santana-seleciona-profissionais-para-nova-loja-de-supermercado-na-zona-norte\/","robots":"max-image-preview:large","keywords":"","webmasterTools":{"miscellaneous":""},"schema":{"@context":"https:\/\/schema.org","@graph":[{"@type":"Article","@id":"https:\/\/www.encontrasantana.com.br\/sobre\/cat-de-santana-seleciona-profissionais-para-nova-loja-de-supermercado-na-zona-norte\/#article","name":"CAT de Santana seleciona profissionais para nova loja de supermercado na Zona Norte \u00bb Encontra Santana","headline":"CAT de Santana seleciona profissionais para nova loja de supermercado na Zona Norte","author":{"@id":"https:\/\/www.encontrasantana.com.br\/sobre\/author\/esantana\/#author"},"publisher":{"@id":"https:\/\/www.encontrasantana.com.br\/sobre\/#organization"},"datePublished":"2010-10-07T19:19:40-03:00","dateModified":"2019-04-15T10:05:42-03:00","inLanguage":"pt-BR","mainEntityOfPage":{"@id":"https:\/\/www.encontrasantana.com.br\/sobre\/cat-de-santana-seleciona-profissionais-para-nova-loja-de-supermercado-na-zona-norte\/#webpage"},"isPartOf":{"@id":"https:\/\/www.encontrasantana.com.br\/sobre\/cat-de-santana-seleciona-profissionais-para-nova-loja-de-supermercado-na-zona-norte\/#webpage"},"articleSection":"Empregos Santana, Santana"},{"@type":"BreadcrumbList","@id":"https:\/\/www.encontrasantana.com.br\/sobre\/cat-de-santana-seleciona-profissionais-para-nova-loja-de-supermercado-na-zona-norte\/#breadcrumblist","itemListElement":[{"@type":"ListItem","@id":"https:\/\/www.encontrasantana.com.br\/sobre#listItem","position":1,"name":"In\u00edcio","item":"https:\/\/www.encontrasantana.com.br\/sobre","nextItem":{"@type":"ListItem","@id":"https:\/\/www.encontrasantana.com.br\/sobre\/empregos-em-santana\/#listItem","name":"Empregos Santana"}},{"@type":"ListItem","@id":"https:\/\/www.encontrasantana.com.br\/sobre\/empregos-em-santana\/#listItem","position":2,"name":"Empregos Santana","item":"https:\/\/www.encontrasantana.com.br\/sobre\/empregos-em-santana\/","nextItem":{"@type":"ListItem","@id":"https:\/\/www.encontrasantana.com.br\/sobre\/cat-de-santana-seleciona-profissionais-para-nova-loja-de-supermercado-na-zona-norte\/#listItem","name":"CAT de Santana seleciona profissionais para nova loja de supermercado na Zona Norte"},"previousItem":{"@type":"ListItem","@id":"https:\/\/www.encontrasantana.com.br\/sobre#listItem","name":"In\u00edcio"}},{"@type":"ListItem","@id":"https:\/\/www.encontrasantana.com.br\/sobre\/cat-de-santana-seleciona-profissionais-para-nova-loja-de-supermercado-na-zona-norte\/#listItem","position":3,"name":"CAT de Santana seleciona profissionais para nova loja de supermercado na Zona Norte","previousItem":{"@type":"ListItem","@id":"https:\/\/www.encontrasantana.com.br\/sobre\/empregos-em-santana\/#listItem","name":"Empregos Santana"}}]},{"@type":"Organization","@id":"https:\/\/www.encontrasantana.com.br\/sobre\/#organization","name":"Encontra Santana","description":"Not\u00edcias, eventos, informa\u00e7\u00f5es e dicas no bairro de Santana e regi\u00e3o.","url":"https:\/\/www.encontrasantana.com.br\/sobre\/"},{"@type":"Person","@id":"https:\/\/www.encontrasantana.com.br\/sobre\/author\/esantana\/#author","url":"https:\/\/www.encontrasantana.com.br\/sobre\/author\/esantana\/","name":"Encontra Santana","image":{"@type":"ImageObject","@id":"https:\/\/www.encontrasantana.com.br\/sobre\/cat-de-santana-seleciona-profissionais-para-nova-loja-de-supermercado-na-zona-norte\/#authorImage","url":"https:\/\/secure.gravatar.com\/avatar\/0fbed662e37531ae23e68f85f9517b2454e50c1dfebf80eb9b721449ac95e0b9?s=96&d=mm&r=g","width":96,"height":96,"caption":"Encontra Santana"}},{"@type":"WebPage","@id":"https:\/\/www.encontrasantana.com.br\/sobre\/cat-de-santana-seleciona-profissionais-para-nova-loja-de-supermercado-na-zona-norte\/#webpage","url":"https:\/\/www.encontrasantana.com.br\/sobre\/cat-de-santana-seleciona-profissionais-para-nova-loja-de-supermercado-na-zona-norte\/","name":"CAT de Santana seleciona profissionais para nova loja de supermercado na Zona Norte \u00bb Encontra Santana","description":"At\u00e9 esta quinta-feira (7), o Centro de Apoio ao Trabalho (CAT), unidade Santana seleciona 100 profissionais do setor supermercadistas para nova loja do Grupo P\u00e3o de A\u00e7\u00facar, a ser inaugurada na regi\u00e3o norte da cidade. As ofertas s\u00e3o para trabalhar no setor operacional e os sal\u00e1rios oferecidos variam de R$ 510 a R$ 920, conforme","inLanguage":"pt-BR","isPartOf":{"@id":"https:\/\/www.encontrasantana.com.br\/sobre\/#website"},"breadcrumb":{"@id":"https:\/\/www.encontrasantana.com.br\/sobre\/cat-de-santana-seleciona-profissionais-para-nova-loja-de-supermercado-na-zona-norte\/#breadcrumblist"},"author":{"@id":"https:\/\/www.encontrasantana.com.br\/sobre\/author\/esantana\/#author"},"creator":{"@id":"https:\/\/www.encontrasantana.com.br\/sobre\/author\/esantana\/#author"},"datePublished":"2010-10-07T19:19:40-03:00","dateModified":"2019-04-15T10:05:42-03:00"},{"@type":"WebSite","@id":"https:\/\/www.encontrasantana.com.br\/sobre\/#website","url":"https:\/\/www.encontrasantana.com.br\/sobre\/","name":"Encontra Santana","description":"Not\u00edcias, eventos, informa\u00e7\u00f5es e dicas no bairro de Santana e regi\u00e3o.","inLanguage":"pt-BR","publisher":{"@id":"https:\/\/www.encontrasantana.com.br\/sobre\/#organization"}}]},"og:locale":"pt_BR","og:site_name":"Encontra Santana | Not\u00edcias, eventos, informa\u00e7\u00f5es e dicas no bairro de Santana e regi\u00e3o.","og:type":"article","og:title":"CAT de Santana seleciona profissionais para nova loja de supermercado na Zona Norte \u00bb Encontra Santana","og:description":"At\u00e9 esta quinta-feira (7), o Centro de Apoio ao Trabalho (CAT), unidade Santana seleciona 100 profissionais do setor supermercadistas para nova loja do Grupo P\u00e3o de A\u00e7\u00facar, a ser inaugurada na regi\u00e3o norte da cidade. As ofertas s\u00e3o para trabalhar no setor operacional e os sal\u00e1rios oferecidos variam de R$ 510 a R$ 920, conforme","og:url":"https:\/\/www.encontrasantana.com.br\/sobre\/cat-de-santana-seleciona-profissionais-para-nova-loja-de-supermercado-na-zona-norte\/","article:published_time":"2010-10-07T22:19:40+00:00","article:modified_time":"2019-04-15T13:05:42+00:00","twitter:card":"summary","twitter:title":"CAT de Santana seleciona profissionais para nova loja de supermercado na Zona Norte \u00bb Encontra Santana","twitter:description":"At\u00e9 esta quinta-feira (7), o Centro de Apoio ao Trabalho (CAT), unidade Santana seleciona 100 profissionais do setor supermercadistas para nova loja do Grupo P\u00e3o de A\u00e7\u00facar, a ser inaugurada na regi\u00e3o norte da cidade. As ofertas s\u00e3o para trabalhar no setor operacional e os sal\u00e1rios oferecidos variam de R$ 510 a R$ 920, conforme"},"aioseo_meta_data":{"post_id":"504","title":null,"description":null,"keywords":null,"keyphrases":null,"primary_term":null,"canonical_url":null,"og_title":null,"og_description":null,"og_object_type":"default","og_image_type":"default","og_image_url":null,"og_image_width":null,"og_image_height":null,"og_image_custom_url":null,"og_image_custom_fields":null,"og_video":null,"og_custom_url":null,"og_article_section":null,"og_article_tags":null,"twitter_use_og":false,"twitter_card":"default","twitter_image_type":"default","twitter_image_url":null,"twitter_image_custom_url":null,"twitter_image_custom_fields":null,"twitter_title":null,"twitter_description":null,"schema":{"blockGraphs":[],"customGraphs":[],"default":{"data":{"Article":[],"Course":[],"Dataset":[],"FAQPage":[],"Movie":[],"Person":[],"Product":[],"ProductReview":[],"Car":[],"Recipe":[],"Service":[],"SoftwareApplication":[],"WebPage":[]},"graphName":"Article","isEnabled":true},"graphs":[]},"schema_type":null,"schema_type_options":null,"pillar_content":false,"robots_default":true,"robots_noindex":false,"robots_noarchive":false,"robots_nosnippet":false,"robots_nofollow":false,"robots_noimageindex":false,"robots_noodp":false,"robots_notranslate":false,"robots_max_snippet":null,"robots_max_videopreview":null,"robots_max_imagepreview":"large","priority":null,"frequency":null,"local_seo":null,"limit_modified_date":false,"created":"2021-04-20 20:03:29","updated":"2026-08-06 03:54:34","focus_keyword":null,"additional_keywords":null,"truseo_locale":null,"ai":null,"breadcrumb_settings":null,"seo_analyzer_scan_date":null},"aioseo_breadcrumb":"<div class=\"aioseo-breadcrumbs\"><span class=\"aioseo-breadcrumb\">\n\t\t\t<a href=\"https:\/\/www.encontrasantana.com.br\/sobre\" title=\"In\u00edcio\">In\u00edcio<\/a>\n\t\t<\/span><span class=\"aioseo-breadcrumb-separator\">&raquo;<\/span><span class=\"aioseo-breadcrumb\">\n\t\t\t<a href=\"https:\/\/www.encontrasantana.com.br\/sobre\/empregos-em-santana\/\" title=\"Empregos Santana\">Empregos Santana<\/a>\n\t\t<\/span><span class=\"aioseo-breadcrumb-separator\">&raquo;<\/span><span class=\"aioseo-breadcrumb\">\n\t\t\tCAT de Santana seleciona profissionais para nova loja de supermercado na Zona Norte\n\t\t<\/span><\/div>","aioseo_breadcrumb_json":[{"label":"In\u00edcio","link":"https:\/\/www.encontrasantana.com.br\/sobre"},{"label":"Empregos Santana","link":"https:\/\/www.encontrasantana.com.br\/sobre\/empregos-em-santana\/"},{"label":"CAT de Santana seleciona profissionais para nova loja de supermercado na Zona Norte","link":"https:\/\/www.encontrasantana.com.br\/sobre\/cat-de-santana-seleciona-profissionais-para-nova-loja-de-supermercado-na-zona-norte\/"}],"_links":{"self":[{"href":"https:\/\/www.encontrasantana.com.br\/sobre\/wp-json\/wp\/v2\/posts\/504","targetHints":{"allow":["GET"]}}],"collection":[{"href":"https:\/\/www.encontrasantana.com.br\/sobre\/wp-json\/wp\/v2\/posts"}],"about":[{"href":"https:\/\/www.encontrasantana.com.br\/sobre\/wp-json\/wp\/v2\/types\/post"}],"author":[{"embeddable":true,"href":"https:\/\/www.encontrasantana.com.br\/sobre\/wp-json\/wp\/v2\/users\/1"}],"replies":[{"embeddable":true,"href":"https:\/\/www.encontrasantana.com.br\/sobre\/wp-json\/wp\/v2\/comments?post=504"}],"version-history":[{"count":0,"href":"https:\/\/www.encontrasantana.com.br\/sobre\/wp-json\/wp\/v2\/posts\/504\/revisions"}],"wp:attachment":[{"href":"https:\/\/www.encontrasantana.com.br\/sobre\/wp-json\/wp\/v2\/media?parent=504"}],"wp:term":[{"taxonomy":"category","embeddable":true,"href":"https:\/\/www.encontrasantana.com.br\/sobre\/wp-json\/wp\/v2\/categories?post=504"},{"taxonomy":"post_tag","embeddable":true,"href":"https:\/\/www.encontrasantana.com.br\/sobre\/wp-json\/wp\/v2\/tags?post=504"}],"curies":[{"name":"wp","href":"https:\/\/api.w.org\/{rel}","templated":true}]}}