{"id":519,"date":"2010-10-15T15:07:33","date_gmt":"2010-10-15T18:07:33","guid":{"rendered":"http:\/\/www.encontrasantana.com.br\/blog\/?p=519"},"modified":"2019-04-15T10:05:40","modified_gmt":"2019-04-15T13:05:40","slug":"oficina-em-santana-orienta-trabalhadores-a-desenvolver-a-autopromocao","status":"publish","type":"post","link":"https:\/\/www.encontrasantana.com.br\/sobre\/oficina-em-santana-orienta-trabalhadores-a-desenvolver-a-autopromocao\/","title":{"rendered":"Oficina em Santana orienta trabalhadores a desenvolver a autopromo\u00e7\u00e3o"},"content":{"rendered":"<div class=\"1acf8468e559fd3cbeec5aee3a269a52\" data-index=\"1\" style=\"float: none; margin:0px;\">\n<!-- Anuncio display - global -->\r\n<ins class=\"adsbygoogle\"\r\n     style=\"display:block\"\r\n     data-ad-client=\"ca-pub-8585364105181520\"\r\n     data-ad-slot=\"8789329856\"\r\n     data-ad-format=\"auto\"\r\n     data-full-width-responsive=\"true\"><\/ins>\r\n<script>\r\n     (adsbygoogle = window.adsbygoogle || []).push({});\r\n<\/script>\n<\/div>\n<p>Na pr\u00f3xima quarta-feira (20), o Programa Orienta\u00e7\u00e3o para o Trabalho, da Secretaria Municipal de Desenvolvimento Econ\u00f4mico e do Trabalho, oferece uma oficina voltada para profissionais desempregados que ensina no\u00e7\u00f5es de marketing pessoal.<\/p>\n<p>A primeira atividade se inicia \u00e0s 9h, com uma aula que visa orientar os participantes quanto a melhor forma de se autopromover, oferecendo dicas como: criar uma marca pessoal, conhecer o meio em que est\u00e1 trabalhando, ter autoconhecimento, estabelecer e manter networking, dentre outros quesitos.<\/p>\n<p>J\u00e1 a segunda atividade \u00e9 um exerc\u00edcio, que ensina os trabalhadores a planejarem sua carreira, definindo metas, sonhos e objetivos, atrav\u00e9s de uma linha do tempo que define presente e futuro, analisando cada passo do treinamento para construir uma rota de a\u00e7\u00f5es.<\/p>\n<p>No total s\u00e3o 150 vagas. Os interessados podem comparecer no hor\u00e1rio da atividade nos Centros de Apoio ao Trabalho (CAT), das unidades de Santana, Itaquera, Itaim Paulista e Interlagos.<\/p>\n<p>Na pr\u00f3xima segunda-feira, dia 18, a mesma oficina ocorre no CAT da unidade Luz, \u00e0s 13h.<\/p>\n<p><strong>SERVI\u00c7O<\/strong><\/p>\n<p><strong>CAT Santana<br \/>\n<span style=\"font-weight: normal;\">Rua Volunt\u00e1rios da P\u00e1tria, 1.553<\/span><\/strong><\/p>\n<p><strong><span style=\"font-weight: normal;\"><em>Fonte: Prefeitura de S\u00e3o Paulo<\/em><\/span><\/strong><\/p>\n\n<div style=\"font-size: 0px; height: 0px; line-height: 0px; margin: 0; padding: 0; clear: both;\"><\/div>","protected":false},"excerpt":{"rendered":"<p>Na pr\u00f3xima quarta-feira (20), o Programa Orienta\u00e7\u00e3o para o Trabalho, da Secretaria Municipal de Desenvolvimento Econ\u00f4mico e do Trabalho, oferece uma oficina voltada para profissionais desempregados que ensina no\u00e7\u00f5es de marketing pessoal. A primeira atividade se inicia \u00e0s 9h, com uma aula que visa orientar os participantes quanto a melhor forma de se autopromover, oferecendo dicas como: criar uma marca pessoal, conhecer o meio em que est\u00e1 trabalhando, ter autoconhecimento, estabelecer e manter networking, dentre outros quesitos. J\u00e1 a segunda atividade \u00e9 um exerc\u00edcio, que ensina os trabalhadores a planejarem sua carreira, definindo metas, sonhos e objetivos, atrav\u00e9s de uma <\/p>\n","protected":false},"author":1,"featured_media":0,"comment_status":"open","ping_status":"closed","sticky":false,"template":"","format":"standard","meta":{"footnotes":""},"categories":[12],"tags":[10],"class_list":["post-519","post","type-post","status-publish","format-standard","hentry","category-cursos-em-santana","tag-santana"],"aioseo_notices":[],"aioseo_head":"\n\t\t<!-- All in One SEO 5.0.0.1 - aioseo.com -->\n\t<meta name=\"description\" content=\"Na pr\u00f3xima quarta-feira (20), o Programa Orienta\u00e7\u00e3o para o Trabalho, da Secretaria Municipal de Desenvolvimento Econ\u00f4mico e do Trabalho, oferece uma oficina voltada para profissionais desempregados que ensina no\u00e7\u00f5es de marketing pessoal. A primeira atividade se inicia \u00e0s 9h, com uma aula que visa orientar os participantes quanto a melhor forma de se autopromover, oferecendo\" \/>\n\t<meta name=\"robots\" content=\"max-image-preview:large\" \/>\n\t<meta name=\"author\" content=\"Encontra Santana\"\/>\n\t<link rel=\"canonical\" href=\"https:\/\/www.encontrasantana.com.br\/sobre\/oficina-em-santana-orienta-trabalhadores-a-desenvolver-a-autopromocao\/\" \/>\n\t<meta name=\"generator\" content=\"All in One SEO (AIOSEO) 5.0.0.1\" \/>\n\t\t<meta property=\"og:locale\" content=\"pt_BR\" \/>\n\t\t<meta property=\"og:site_name\" content=\"Encontra Santana | Not\u00edcias, eventos, informa\u00e7\u00f5es e dicas no bairro de Santana e regi\u00e3o.\" \/>\n\t\t<meta property=\"og:type\" content=\"article\" \/>\n\t\t<meta property=\"og:title\" content=\"Oficina em Santana orienta trabalhadores a desenvolver a autopromo\u00e7\u00e3o \u00bb Encontra Santana\" \/>\n\t\t<meta property=\"og:description\" content=\"Na pr\u00f3xima quarta-feira (20), o Programa Orienta\u00e7\u00e3o para o Trabalho, da Secretaria Municipal de Desenvolvimento Econ\u00f4mico e do Trabalho, oferece uma oficina voltada para profissionais desempregados que ensina no\u00e7\u00f5es de marketing pessoal. A primeira atividade se inicia \u00e0s 9h, com uma aula que visa orientar os participantes quanto a melhor forma de se autopromover, oferecendo\" \/>\n\t\t<meta property=\"og:url\" content=\"https:\/\/www.encontrasantana.com.br\/sobre\/oficina-em-santana-orienta-trabalhadores-a-desenvolver-a-autopromocao\/\" \/>\n\t\t<meta property=\"article:published_time\" content=\"2010-10-15T18:07:33+00:00\" \/>\n\t\t<meta property=\"article:modified_time\" content=\"2019-04-15T13:05:40+00:00\" \/>\n\t\t<meta name=\"twitter:card\" content=\"summary\" \/>\n\t\t<meta name=\"twitter:title\" content=\"Oficina em Santana orienta trabalhadores a desenvolver a autopromo\u00e7\u00e3o \u00bb Encontra Santana\" \/>\n\t\t<meta name=\"twitter:description\" content=\"Na pr\u00f3xima quarta-feira (20), o Programa Orienta\u00e7\u00e3o para o Trabalho, da Secretaria Municipal de Desenvolvimento Econ\u00f4mico e do Trabalho, oferece uma oficina voltada para profissionais desempregados que ensina no\u00e7\u00f5es de marketing pessoal. A primeira atividade se inicia \u00e0s 9h, com uma aula que visa orientar os participantes quanto a melhor forma de se autopromover, oferecendo\" \/>\n\t\t<script type=\"application\/ld+json\" class=\"aioseo-schema\">\n\t\t\t{\"@context\":\"https:\\\/\\\/schema.org\",\"@graph\":[{\"@type\":\"Article\",\"@id\":\"https:\\\/\\\/www.encontrasantana.com.br\\\/sobre\\\/oficina-em-santana-orienta-trabalhadores-a-desenvolver-a-autopromocao\\\/#article\",\"name\":\"Oficina em Santana orienta trabalhadores a desenvolver a autopromo\\u00e7\\u00e3o \\u00bb Encontra Santana\",\"headline\":\"Oficina em Santana orienta trabalhadores a desenvolver a autopromo\\u00e7\\u00e3o\",\"author\":{\"@id\":\"https:\\\/\\\/www.encontrasantana.com.br\\\/sobre\\\/author\\\/esantana\\\/#author\"},\"publisher\":{\"@id\":\"https:\\\/\\\/www.encontrasantana.com.br\\\/sobre\\\/#organization\"},\"datePublished\":\"2010-10-15T15:07:33-03:00\",\"dateModified\":\"2019-04-15T10:05:40-03:00\",\"inLanguage\":\"pt-BR\",\"mainEntityOfPage\":{\"@id\":\"https:\\\/\\\/www.encontrasantana.com.br\\\/sobre\\\/oficina-em-santana-orienta-trabalhadores-a-desenvolver-a-autopromocao\\\/#webpage\"},\"isPartOf\":{\"@id\":\"https:\\\/\\\/www.encontrasantana.com.br\\\/sobre\\\/oficina-em-santana-orienta-trabalhadores-a-desenvolver-a-autopromocao\\\/#webpage\"},\"articleSection\":\"Cursos Santana, Santana\"},{\"@type\":\"BreadcrumbList\",\"@id\":\"https:\\\/\\\/www.encontrasantana.com.br\\\/sobre\\\/oficina-em-santana-orienta-trabalhadores-a-desenvolver-a-autopromocao\\\/#breadcrumblist\",\"itemListElement\":[{\"@type\":\"ListItem\",\"@id\":\"https:\\\/\\\/www.encontrasantana.com.br\\\/sobre#listItem\",\"position\":1,\"name\":\"In\\u00edcio\",\"item\":\"https:\\\/\\\/www.encontrasantana.com.br\\\/sobre\",\"nextItem\":{\"@type\":\"ListItem\",\"@id\":\"https:\\\/\\\/www.encontrasantana.com.br\\\/sobre\\\/cursos-em-santana\\\/#listItem\",\"name\":\"Cursos Santana\"}},{\"@type\":\"ListItem\",\"@id\":\"https:\\\/\\\/www.encontrasantana.com.br\\\/sobre\\\/cursos-em-santana\\\/#listItem\",\"position\":2,\"name\":\"Cursos Santana\",\"item\":\"https:\\\/\\\/www.encontrasantana.com.br\\\/sobre\\\/cursos-em-santana\\\/\",\"nextItem\":{\"@type\":\"ListItem\",\"@id\":\"https:\\\/\\\/www.encontrasantana.com.br\\\/sobre\\\/oficina-em-santana-orienta-trabalhadores-a-desenvolver-a-autopromocao\\\/#listItem\",\"name\":\"Oficina em Santana orienta trabalhadores a desenvolver a autopromo\\u00e7\\u00e3o\"},\"previousItem\":{\"@type\":\"ListItem\",\"@id\":\"https:\\\/\\\/www.encontrasantana.com.br\\\/sobre#listItem\",\"name\":\"In\\u00edcio\"}},{\"@type\":\"ListItem\",\"@id\":\"https:\\\/\\\/www.encontrasantana.com.br\\\/sobre\\\/oficina-em-santana-orienta-trabalhadores-a-desenvolver-a-autopromocao\\\/#listItem\",\"position\":3,\"name\":\"Oficina em Santana orienta trabalhadores a desenvolver a autopromo\\u00e7\\u00e3o\",\"previousItem\":{\"@type\":\"ListItem\",\"@id\":\"https:\\\/\\\/www.encontrasantana.com.br\\\/sobre\\\/cursos-em-santana\\\/#listItem\",\"name\":\"Cursos Santana\"}}]},{\"@type\":\"Organization\",\"@id\":\"https:\\\/\\\/www.encontrasantana.com.br\\\/sobre\\\/#organization\",\"name\":\"Encontra Santana\",\"description\":\"Not\\u00edcias, eventos, informa\\u00e7\\u00f5es e dicas no bairro de Santana e regi\\u00e3o.\",\"url\":\"https:\\\/\\\/www.encontrasantana.com.br\\\/sobre\\\/\"},{\"@type\":\"Person\",\"@id\":\"https:\\\/\\\/www.encontrasantana.com.br\\\/sobre\\\/author\\\/esantana\\\/#author\",\"url\":\"https:\\\/\\\/www.encontrasantana.com.br\\\/sobre\\\/author\\\/esantana\\\/\",\"name\":\"Encontra Santana\",\"image\":{\"@type\":\"ImageObject\",\"@id\":\"https:\\\/\\\/www.encontrasantana.com.br\\\/sobre\\\/oficina-em-santana-orienta-trabalhadores-a-desenvolver-a-autopromocao\\\/#authorImage\",\"url\":\"https:\\\/\\\/secure.gravatar.com\\\/avatar\\\/0fbed662e37531ae23e68f85f9517b2454e50c1dfebf80eb9b721449ac95e0b9?s=96&d=mm&r=g\",\"width\":96,\"height\":96,\"caption\":\"Encontra Santana\"}},{\"@type\":\"WebPage\",\"@id\":\"https:\\\/\\\/www.encontrasantana.com.br\\\/sobre\\\/oficina-em-santana-orienta-trabalhadores-a-desenvolver-a-autopromocao\\\/#webpage\",\"url\":\"https:\\\/\\\/www.encontrasantana.com.br\\\/sobre\\\/oficina-em-santana-orienta-trabalhadores-a-desenvolver-a-autopromocao\\\/\",\"name\":\"Oficina em Santana orienta trabalhadores a desenvolver a autopromo\\u00e7\\u00e3o \\u00bb Encontra Santana\",\"description\":\"Na pr\\u00f3xima quarta-feira (20), o Programa Orienta\\u00e7\\u00e3o para o Trabalho, da Secretaria Municipal de Desenvolvimento Econ\\u00f4mico e do Trabalho, oferece uma oficina voltada para profissionais desempregados que ensina no\\u00e7\\u00f5es de marketing pessoal. A primeira atividade se inicia \\u00e0s 9h, com uma aula que visa orientar os participantes quanto a melhor forma de se autopromover, oferecendo\",\"inLanguage\":\"pt-BR\",\"isPartOf\":{\"@id\":\"https:\\\/\\\/www.encontrasantana.com.br\\\/sobre\\\/#website\"},\"breadcrumb\":{\"@id\":\"https:\\\/\\\/www.encontrasantana.com.br\\\/sobre\\\/oficina-em-santana-orienta-trabalhadores-a-desenvolver-a-autopromocao\\\/#breadcrumblist\"},\"author\":{\"@id\":\"https:\\\/\\\/www.encontrasantana.com.br\\\/sobre\\\/author\\\/esantana\\\/#author\"},\"creator\":{\"@id\":\"https:\\\/\\\/www.encontrasantana.com.br\\\/sobre\\\/author\\\/esantana\\\/#author\"},\"datePublished\":\"2010-10-15T15:07:33-03:00\",\"dateModified\":\"2019-04-15T10:05:40-03:00\"},{\"@type\":\"WebSite\",\"@id\":\"https:\\\/\\\/www.encontrasantana.com.br\\\/sobre\\\/#website\",\"url\":\"https:\\\/\\\/www.encontrasantana.com.br\\\/sobre\\\/\",\"name\":\"Encontra Santana\",\"description\":\"Not\\u00edcias, eventos, informa\\u00e7\\u00f5es e dicas no bairro de Santana e regi\\u00e3o.\",\"inLanguage\":\"pt-BR\",\"publisher\":{\"@id\":\"https:\\\/\\\/www.encontrasantana.com.br\\\/sobre\\\/#organization\"}}]}\n\t\t<\/script>\n\t\t<!-- All in One SEO -->\n\n","aioseo_head_json":{"title":"Oficina em Santana orienta trabalhadores a desenvolver a autopromo\u00e7\u00e3o \u00bb Encontra Santana","description":"Na pr\u00f3xima quarta-feira (20), o Programa Orienta\u00e7\u00e3o para o Trabalho, da Secretaria Municipal de Desenvolvimento Econ\u00f4mico e do Trabalho, oferece uma oficina voltada para profissionais desempregados que ensina no\u00e7\u00f5es de marketing pessoal. A primeira atividade se inicia \u00e0s 9h, com uma aula que visa orientar os participantes quanto a melhor forma de se autopromover, oferecendo","canonical_url":"https:\/\/www.encontrasantana.com.br\/sobre\/oficina-em-santana-orienta-trabalhadores-a-desenvolver-a-autopromocao\/","robots":"max-image-preview:large","keywords":"","webmasterTools":{"miscellaneous":""},"schema":{"@context":"https:\/\/schema.org","@graph":[{"@type":"Article","@id":"https:\/\/www.encontrasantana.com.br\/sobre\/oficina-em-santana-orienta-trabalhadores-a-desenvolver-a-autopromocao\/#article","name":"Oficina em Santana orienta trabalhadores a desenvolver a autopromo\u00e7\u00e3o \u00bb Encontra Santana","headline":"Oficina em Santana orienta trabalhadores a desenvolver a autopromo\u00e7\u00e3o","author":{"@id":"https:\/\/www.encontrasantana.com.br\/sobre\/author\/esantana\/#author"},"publisher":{"@id":"https:\/\/www.encontrasantana.com.br\/sobre\/#organization"},"datePublished":"2010-10-15T15:07:33-03:00","dateModified":"2019-04-15T10:05:40-03:00","inLanguage":"pt-BR","mainEntityOfPage":{"@id":"https:\/\/www.encontrasantana.com.br\/sobre\/oficina-em-santana-orienta-trabalhadores-a-desenvolver-a-autopromocao\/#webpage"},"isPartOf":{"@id":"https:\/\/www.encontrasantana.com.br\/sobre\/oficina-em-santana-orienta-trabalhadores-a-desenvolver-a-autopromocao\/#webpage"},"articleSection":"Cursos Santana, Santana"},{"@type":"BreadcrumbList","@id":"https:\/\/www.encontrasantana.com.br\/sobre\/oficina-em-santana-orienta-trabalhadores-a-desenvolver-a-autopromocao\/#breadcrumblist","itemListElement":[{"@type":"ListItem","@id":"https:\/\/www.encontrasantana.com.br\/sobre#listItem","position":1,"name":"In\u00edcio","item":"https:\/\/www.encontrasantana.com.br\/sobre","nextItem":{"@type":"ListItem","@id":"https:\/\/www.encontrasantana.com.br\/sobre\/cursos-em-santana\/#listItem","name":"Cursos Santana"}},{"@type":"ListItem","@id":"https:\/\/www.encontrasantana.com.br\/sobre\/cursos-em-santana\/#listItem","position":2,"name":"Cursos Santana","item":"https:\/\/www.encontrasantana.com.br\/sobre\/cursos-em-santana\/","nextItem":{"@type":"ListItem","@id":"https:\/\/www.encontrasantana.com.br\/sobre\/oficina-em-santana-orienta-trabalhadores-a-desenvolver-a-autopromocao\/#listItem","name":"Oficina em Santana orienta trabalhadores a desenvolver a autopromo\u00e7\u00e3o"},"previousItem":{"@type":"ListItem","@id":"https:\/\/www.encontrasantana.com.br\/sobre#listItem","name":"In\u00edcio"}},{"@type":"ListItem","@id":"https:\/\/www.encontrasantana.com.br\/sobre\/oficina-em-santana-orienta-trabalhadores-a-desenvolver-a-autopromocao\/#listItem","position":3,"name":"Oficina em Santana orienta trabalhadores a desenvolver a autopromo\u00e7\u00e3o","previousItem":{"@type":"ListItem","@id":"https:\/\/www.encontrasantana.com.br\/sobre\/cursos-em-santana\/#listItem","name":"Cursos Santana"}}]},{"@type":"Organization","@id":"https:\/\/www.encontrasantana.com.br\/sobre\/#organization","name":"Encontra Santana","description":"Not\u00edcias, eventos, informa\u00e7\u00f5es e dicas no bairro de Santana e regi\u00e3o.","url":"https:\/\/www.encontrasantana.com.br\/sobre\/"},{"@type":"Person","@id":"https:\/\/www.encontrasantana.com.br\/sobre\/author\/esantana\/#author","url":"https:\/\/www.encontrasantana.com.br\/sobre\/author\/esantana\/","name":"Encontra Santana","image":{"@type":"ImageObject","@id":"https:\/\/www.encontrasantana.com.br\/sobre\/oficina-em-santana-orienta-trabalhadores-a-desenvolver-a-autopromocao\/#authorImage","url":"https:\/\/secure.gravatar.com\/avatar\/0fbed662e37531ae23e68f85f9517b2454e50c1dfebf80eb9b721449ac95e0b9?s=96&d=mm&r=g","width":96,"height":96,"caption":"Encontra Santana"}},{"@type":"WebPage","@id":"https:\/\/www.encontrasantana.com.br\/sobre\/oficina-em-santana-orienta-trabalhadores-a-desenvolver-a-autopromocao\/#webpage","url":"https:\/\/www.encontrasantana.com.br\/sobre\/oficina-em-santana-orienta-trabalhadores-a-desenvolver-a-autopromocao\/","name":"Oficina em Santana orienta trabalhadores a desenvolver a autopromo\u00e7\u00e3o \u00bb Encontra Santana","description":"Na pr\u00f3xima quarta-feira (20), o Programa Orienta\u00e7\u00e3o para o Trabalho, da Secretaria Municipal de Desenvolvimento Econ\u00f4mico e do Trabalho, oferece uma oficina voltada para profissionais desempregados que ensina no\u00e7\u00f5es de marketing pessoal. A primeira atividade se inicia \u00e0s 9h, com uma aula que visa orientar os participantes quanto a melhor forma de se autopromover, oferecendo","inLanguage":"pt-BR","isPartOf":{"@id":"https:\/\/www.encontrasantana.com.br\/sobre\/#website"},"breadcrumb":{"@id":"https:\/\/www.encontrasantana.com.br\/sobre\/oficina-em-santana-orienta-trabalhadores-a-desenvolver-a-autopromocao\/#breadcrumblist"},"author":{"@id":"https:\/\/www.encontrasantana.com.br\/sobre\/author\/esantana\/#author"},"creator":{"@id":"https:\/\/www.encontrasantana.com.br\/sobre\/author\/esantana\/#author"},"datePublished":"2010-10-15T15:07:33-03:00","dateModified":"2019-04-15T10:05:40-03:00"},{"@type":"WebSite","@id":"https:\/\/www.encontrasantana.com.br\/sobre\/#website","url":"https:\/\/www.encontrasantana.com.br\/sobre\/","name":"Encontra Santana","description":"Not\u00edcias, eventos, informa\u00e7\u00f5es e dicas no bairro de Santana e regi\u00e3o.","inLanguage":"pt-BR","publisher":{"@id":"https:\/\/www.encontrasantana.com.br\/sobre\/#organization"}}]},"og:locale":"pt_BR","og:site_name":"Encontra Santana | Not\u00edcias, eventos, informa\u00e7\u00f5es e dicas no bairro de Santana e regi\u00e3o.","og:type":"article","og:title":"Oficina em Santana orienta trabalhadores a desenvolver a autopromo\u00e7\u00e3o \u00bb Encontra Santana","og:description":"Na pr\u00f3xima quarta-feira (20), o Programa Orienta\u00e7\u00e3o para o Trabalho, da Secretaria Municipal de Desenvolvimento Econ\u00f4mico e do Trabalho, oferece uma oficina voltada para profissionais desempregados que ensina no\u00e7\u00f5es de marketing pessoal. A primeira atividade se inicia \u00e0s 9h, com uma aula que visa orientar os participantes quanto a melhor forma de se autopromover, oferecendo","og:url":"https:\/\/www.encontrasantana.com.br\/sobre\/oficina-em-santana-orienta-trabalhadores-a-desenvolver-a-autopromocao\/","article:published_time":"2010-10-15T18:07:33+00:00","article:modified_time":"2019-04-15T13:05:40+00:00","twitter:card":"summary","twitter:title":"Oficina em Santana orienta trabalhadores a desenvolver a autopromo\u00e7\u00e3o \u00bb Encontra Santana","twitter:description":"Na pr\u00f3xima quarta-feira (20), o Programa Orienta\u00e7\u00e3o para o Trabalho, da Secretaria Municipal de Desenvolvimento Econ\u00f4mico e do Trabalho, oferece uma oficina voltada para profissionais desempregados que ensina no\u00e7\u00f5es de marketing pessoal. A primeira atividade se inicia \u00e0s 9h, com uma aula que visa orientar os participantes quanto a melhor forma de se autopromover, oferecendo"},"aioseo_meta_data":{"post_id":"519","title":null,"description":null,"keywords":null,"keyphrases":null,"primary_term":null,"canonical_url":null,"og_title":null,"og_description":null,"og_object_type":"default","og_image_type":"default","og_image_url":null,"og_image_width":null,"og_image_height":null,"og_image_custom_url":null,"og_image_custom_fields":null,"og_video":null,"og_custom_url":null,"og_article_section":null,"og_article_tags":null,"twitter_use_og":false,"twitter_card":"default","twitter_image_type":"default","twitter_image_url":null,"twitter_image_custom_url":null,"twitter_image_custom_fields":null,"twitter_title":null,"twitter_description":null,"schema":{"blockGraphs":[],"customGraphs":[],"default":{"data":{"Article":[],"Course":[],"Dataset":[],"FAQPage":[],"Movie":[],"Person":[],"Product":[],"ProductReview":[],"Car":[],"Recipe":[],"Service":[],"SoftwareApplication":[],"WebPage":[]},"graphName":"Article","isEnabled":true},"graphs":[]},"schema_type":null,"schema_type_options":null,"pillar_content":false,"robots_default":true,"robots_noindex":false,"robots_noarchive":false,"robots_nosnippet":false,"robots_nofollow":false,"robots_noimageindex":false,"robots_noodp":false,"robots_notranslate":false,"robots_max_snippet":null,"robots_max_videopreview":null,"robots_max_imagepreview":"large","priority":null,"frequency":null,"local_seo":null,"limit_modified_date":false,"created":"2021-04-20 20:07:58","updated":"2026-08-06 03:54:34","focus_keyword":null,"additional_keywords":null,"truseo_locale":null,"ai":null,"breadcrumb_settings":null,"seo_analyzer_scan_date":null},"aioseo_breadcrumb":"<div class=\"aioseo-breadcrumbs\"><span class=\"aioseo-breadcrumb\">\n\t\t\t<a href=\"https:\/\/www.encontrasantana.com.br\/sobre\" title=\"In\u00edcio\">In\u00edcio<\/a>\n\t\t<\/span><span class=\"aioseo-breadcrumb-separator\">&raquo;<\/span><span class=\"aioseo-breadcrumb\">\n\t\t\t<a href=\"https:\/\/www.encontrasantana.com.br\/sobre\/cursos-em-santana\/\" title=\"Cursos Santana\">Cursos Santana<\/a>\n\t\t<\/span><span class=\"aioseo-breadcrumb-separator\">&raquo;<\/span><span class=\"aioseo-breadcrumb\">\n\t\t\tOficina em Santana orienta trabalhadores a desenvolver a autopromo\u00e7\u00e3o\n\t\t<\/span><\/div>","aioseo_breadcrumb_json":[{"label":"In\u00edcio","link":"https:\/\/www.encontrasantana.com.br\/sobre"},{"label":"Cursos Santana","link":"https:\/\/www.encontrasantana.com.br\/sobre\/cursos-em-santana\/"},{"label":"Oficina em Santana orienta trabalhadores a desenvolver a autopromo\u00e7\u00e3o","link":"https:\/\/www.encontrasantana.com.br\/sobre\/oficina-em-santana-orienta-trabalhadores-a-desenvolver-a-autopromocao\/"}],"_links":{"self":[{"href":"https:\/\/www.encontrasantana.com.br\/sobre\/wp-json\/wp\/v2\/posts\/519","targetHints":{"allow":["GET"]}}],"collection":[{"href":"https:\/\/www.encontrasantana.com.br\/sobre\/wp-json\/wp\/v2\/posts"}],"about":[{"href":"https:\/\/www.encontrasantana.com.br\/sobre\/wp-json\/wp\/v2\/types\/post"}],"author":[{"embeddable":true,"href":"https:\/\/www.encontrasantana.com.br\/sobre\/wp-json\/wp\/v2\/users\/1"}],"replies":[{"embeddable":true,"href":"https:\/\/www.encontrasantana.com.br\/sobre\/wp-json\/wp\/v2\/comments?post=519"}],"version-history":[{"count":0,"href":"https:\/\/www.encontrasantana.com.br\/sobre\/wp-json\/wp\/v2\/posts\/519\/revisions"}],"wp:attachment":[{"href":"https:\/\/www.encontrasantana.com.br\/sobre\/wp-json\/wp\/v2\/media?parent=519"}],"wp:term":[{"taxonomy":"category","embeddable":true,"href":"https:\/\/www.encontrasantana.com.br\/sobre\/wp-json\/wp\/v2\/categories?post=519"},{"taxonomy":"post_tag","embeddable":true,"href":"https:\/\/www.encontrasantana.com.br\/sobre\/wp-json\/wp\/v2\/tags?post=519"}],"curies":[{"name":"wp","href":"https:\/\/api.w.org\/{rel}","templated":true}]}}