{"id":559,"date":"2010-10-29T17:09:54","date_gmt":"2010-10-29T20:09:54","guid":{"rendered":"http:\/\/www.encontrasantana.com.br\/blog\/?p=559"},"modified":"2019-04-15T10:05:10","modified_gmt":"2019-04-15T13:05:10","slug":"elaboracao-de-curriculos-e-tema-da-oficina-de-orientacao-para-o-trabalho-no-cat-de-santana","status":"publish","type":"post","link":"https:\/\/www.encontrasantana.com.br\/sobre\/elaboracao-de-curriculos-e-tema-da-oficina-de-orientacao-para-o-trabalho-no-cat-de-santana\/","title":{"rendered":"Elabora\u00e7\u00e3o de Curr\u00edculos \u00e9 tema da Oficina de Orienta\u00e7\u00e3o para o Trabalho no CAT de Santana"},"content":{"rendered":"<div class=\"1acf8468e559fd3cbeec5aee3a269a52\" data-index=\"1\" style=\"float: none; margin:0px;\">\n<!-- Anuncio display - global -->\r\n<ins class=\"adsbygoogle\"\r\n     style=\"display:block\"\r\n     data-ad-client=\"ca-pub-8585364105181520\"\r\n     data-ad-slot=\"8789329856\"\r\n     data-ad-format=\"auto\"\r\n     data-full-width-responsive=\"true\"><\/ins>\r\n<script>\r\n     (adsbygoogle = window.adsbygoogle || []).push({});\r\n<\/script>\n<\/div>\n<p>Na pr\u00f3xima segunda-feira, dia 1\u00b0 de novembro, ser\u00e1 realizado no CAT de Santana \u00a0uma Oficina de Orienta\u00e7\u00e3o para o Trabalho voltada para a elabora\u00e7\u00e3o de curr\u00edculos.<\/p>\n<p>Durante a Oficina ser\u00e3o elaboradas duas atividades: a primeira voltada para o autoconhecimento, e a segunda, mostrando o modo correto de se elaborar o curr\u00edculo \u2013 os participantes ser\u00e3o convidados a realizar seus pr\u00f3prios curr\u00edculos e atrav\u00e9s de slides ser\u00e1 apresentado os erros mais graves que se comete na hora de escrever o documento e o modo correto de elabor\u00e1-lo.<\/p>\n<p>As atividades da Oficina de elabora\u00e7\u00e3o de curr\u00edculos ter\u00e1 inicio a partir das 13h. Para participar n\u00e3o \u00e9 necess\u00e1rio se cadastrar, apenas comparecer ao CAT Luz no hor\u00e1rio de inicio.<\/p>\n<p>A mesma Oficina ser\u00e1 realizada tamb\u00e9m na quarta-feira, dia 3 de novembro, nas unidades do CAT Luz,\u00a0Itaim Paulista,\u00a0Itaquera,\u00a0Interlagos e\u00a0Lapa, a partir das 9h.<\/p>\n<p><em>Fonte: Prefeitura de S\u00e3o Paulo<\/em><\/p>\n\n<div style=\"font-size: 0px; height: 0px; line-height: 0px; margin: 0; padding: 0; clear: both;\"><\/div>","protected":false},"excerpt":{"rendered":"<p>Na pr\u00f3xima segunda-feira, dia 1\u00b0 de novembro, ser\u00e1 realizado no CAT de Santana \u00a0uma Oficina de Orienta\u00e7\u00e3o para o Trabalho voltada para a elabora\u00e7\u00e3o de curr\u00edculos. Durante a Oficina ser\u00e3o elaboradas duas atividades: a primeira voltada para o autoconhecimento, e a segunda, mostrando o modo correto de se elaborar o curr\u00edculo \u2013 os participantes ser\u00e3o convidados a realizar seus pr\u00f3prios curr\u00edculos e atrav\u00e9s de slides ser\u00e1 apresentado os erros mais graves que se comete na hora de escrever o documento e o modo correto de elabor\u00e1-lo. As atividades da Oficina de elabora\u00e7\u00e3o de curr\u00edculos ter\u00e1 inicio a partir das 13h. <\/p>\n","protected":false},"author":1,"featured_media":0,"comment_status":"open","ping_status":"closed","sticky":false,"template":"","format":"standard","meta":{"footnotes":""},"categories":[12],"tags":[10],"class_list":["post-559","post","type-post","status-publish","format-standard","hentry","category-cursos-em-santana","tag-santana"],"aioseo_notices":[],"aioseo_head":"\n\t\t<!-- All in One SEO 5.0.0.1 - aioseo.com -->\n\t<meta name=\"description\" content=\"Na pr\u00f3xima segunda-feira, dia 1\u00b0 de novembro, ser\u00e1 realizado no CAT de Santana uma Oficina de Orienta\u00e7\u00e3o para o Trabalho voltada para a elabora\u00e7\u00e3o de curr\u00edculos. Durante a Oficina ser\u00e3o elaboradas duas atividades: a primeira voltada para o autoconhecimento, e a segunda, mostrando o modo correto de se elaborar o curr\u00edculo \u2013 os participantes ser\u00e3o\" \/>\n\t<meta name=\"robots\" content=\"max-image-preview:large\" \/>\n\t<meta name=\"author\" content=\"Encontra Santana\"\/>\n\t<link rel=\"canonical\" href=\"https:\/\/www.encontrasantana.com.br\/sobre\/elaboracao-de-curriculos-e-tema-da-oficina-de-orientacao-para-o-trabalho-no-cat-de-santana\/\" \/>\n\t<meta name=\"generator\" content=\"All in One SEO (AIOSEO) 5.0.0.1\" \/>\n\t\t<meta property=\"og:locale\" content=\"pt_BR\" \/>\n\t\t<meta property=\"og:site_name\" content=\"Encontra Santana | Not\u00edcias, eventos, informa\u00e7\u00f5es e dicas no bairro de Santana e regi\u00e3o.\" \/>\n\t\t<meta property=\"og:type\" content=\"article\" \/>\n\t\t<meta property=\"og:title\" content=\"Elabora\u00e7\u00e3o de Curr\u00edculos \u00e9 tema da Oficina de Orienta\u00e7\u00e3o para o Trabalho no CAT de Santana \u00bb Encontra Santana\" \/>\n\t\t<meta property=\"og:description\" content=\"Na pr\u00f3xima segunda-feira, dia 1\u00b0 de novembro, ser\u00e1 realizado no CAT de Santana uma Oficina de Orienta\u00e7\u00e3o para o Trabalho voltada para a elabora\u00e7\u00e3o de curr\u00edculos. Durante a Oficina ser\u00e3o elaboradas duas atividades: a primeira voltada para o autoconhecimento, e a segunda, mostrando o modo correto de se elaborar o curr\u00edculo \u2013 os participantes ser\u00e3o\" \/>\n\t\t<meta property=\"og:url\" content=\"https:\/\/www.encontrasantana.com.br\/sobre\/elaboracao-de-curriculos-e-tema-da-oficina-de-orientacao-para-o-trabalho-no-cat-de-santana\/\" \/>\n\t\t<meta property=\"article:published_time\" content=\"2010-10-29T20:09:54+00:00\" \/>\n\t\t<meta property=\"article:modified_time\" content=\"2019-04-15T13:05:10+00:00\" \/>\n\t\t<meta name=\"twitter:card\" content=\"summary\" \/>\n\t\t<meta name=\"twitter:title\" content=\"Elabora\u00e7\u00e3o de Curr\u00edculos \u00e9 tema da Oficina de Orienta\u00e7\u00e3o para o Trabalho no CAT de Santana \u00bb Encontra Santana\" \/>\n\t\t<meta name=\"twitter:description\" content=\"Na pr\u00f3xima segunda-feira, dia 1\u00b0 de novembro, ser\u00e1 realizado no CAT de Santana uma Oficina de Orienta\u00e7\u00e3o para o Trabalho voltada para a elabora\u00e7\u00e3o de curr\u00edculos. Durante a Oficina ser\u00e3o elaboradas duas atividades: a primeira voltada para o autoconhecimento, e a segunda, mostrando o modo correto de se elaborar o curr\u00edculo \u2013 os participantes ser\u00e3o\" \/>\n\t\t<script type=\"application\/ld+json\" class=\"aioseo-schema\">\n\t\t\t{\"@context\":\"https:\\\/\\\/schema.org\",\"@graph\":[{\"@type\":\"Article\",\"@id\":\"https:\\\/\\\/www.encontrasantana.com.br\\\/sobre\\\/elaboracao-de-curriculos-e-tema-da-oficina-de-orientacao-para-o-trabalho-no-cat-de-santana\\\/#article\",\"name\":\"Elabora\\u00e7\\u00e3o de Curr\\u00edculos \\u00e9 tema da Oficina de Orienta\\u00e7\\u00e3o para o Trabalho no CAT de Santana \\u00bb Encontra Santana\",\"headline\":\"Elabora\\u00e7\\u00e3o de Curr\\u00edculos \\u00e9 tema da Oficina de Orienta\\u00e7\\u00e3o para o Trabalho no CAT de Santana\",\"author\":{\"@id\":\"https:\\\/\\\/www.encontrasantana.com.br\\\/sobre\\\/author\\\/esantana\\\/#author\"},\"publisher\":{\"@id\":\"https:\\\/\\\/www.encontrasantana.com.br\\\/sobre\\\/#organization\"},\"datePublished\":\"2010-10-29T17:09:54-03:00\",\"dateModified\":\"2019-04-15T10:05:10-03:00\",\"inLanguage\":\"pt-BR\",\"mainEntityOfPage\":{\"@id\":\"https:\\\/\\\/www.encontrasantana.com.br\\\/sobre\\\/elaboracao-de-curriculos-e-tema-da-oficina-de-orientacao-para-o-trabalho-no-cat-de-santana\\\/#webpage\"},\"isPartOf\":{\"@id\":\"https:\\\/\\\/www.encontrasantana.com.br\\\/sobre\\\/elaboracao-de-curriculos-e-tema-da-oficina-de-orientacao-para-o-trabalho-no-cat-de-santana\\\/#webpage\"},\"articleSection\":\"Cursos Santana, Santana\"},{\"@type\":\"BreadcrumbList\",\"@id\":\"https:\\\/\\\/www.encontrasantana.com.br\\\/sobre\\\/elaboracao-de-curriculos-e-tema-da-oficina-de-orientacao-para-o-trabalho-no-cat-de-santana\\\/#breadcrumblist\",\"itemListElement\":[{\"@type\":\"ListItem\",\"@id\":\"https:\\\/\\\/www.encontrasantana.com.br\\\/sobre#listItem\",\"position\":1,\"name\":\"In\\u00edcio\",\"item\":\"https:\\\/\\\/www.encontrasantana.com.br\\\/sobre\",\"nextItem\":{\"@type\":\"ListItem\",\"@id\":\"https:\\\/\\\/www.encontrasantana.com.br\\\/sobre\\\/cursos-em-santana\\\/#listItem\",\"name\":\"Cursos Santana\"}},{\"@type\":\"ListItem\",\"@id\":\"https:\\\/\\\/www.encontrasantana.com.br\\\/sobre\\\/cursos-em-santana\\\/#listItem\",\"position\":2,\"name\":\"Cursos Santana\",\"item\":\"https:\\\/\\\/www.encontrasantana.com.br\\\/sobre\\\/cursos-em-santana\\\/\",\"nextItem\":{\"@type\":\"ListItem\",\"@id\":\"https:\\\/\\\/www.encontrasantana.com.br\\\/sobre\\\/elaboracao-de-curriculos-e-tema-da-oficina-de-orientacao-para-o-trabalho-no-cat-de-santana\\\/#listItem\",\"name\":\"Elabora\\u00e7\\u00e3o de Curr\\u00edculos \\u00e9 tema da Oficina de Orienta\\u00e7\\u00e3o para o Trabalho no CAT de Santana\"},\"previousItem\":{\"@type\":\"ListItem\",\"@id\":\"https:\\\/\\\/www.encontrasantana.com.br\\\/sobre#listItem\",\"name\":\"In\\u00edcio\"}},{\"@type\":\"ListItem\",\"@id\":\"https:\\\/\\\/www.encontrasantana.com.br\\\/sobre\\\/elaboracao-de-curriculos-e-tema-da-oficina-de-orientacao-para-o-trabalho-no-cat-de-santana\\\/#listItem\",\"position\":3,\"name\":\"Elabora\\u00e7\\u00e3o de Curr\\u00edculos \\u00e9 tema da Oficina de Orienta\\u00e7\\u00e3o para o Trabalho no CAT de Santana\",\"previousItem\":{\"@type\":\"ListItem\",\"@id\":\"https:\\\/\\\/www.encontrasantana.com.br\\\/sobre\\\/cursos-em-santana\\\/#listItem\",\"name\":\"Cursos Santana\"}}]},{\"@type\":\"Organization\",\"@id\":\"https:\\\/\\\/www.encontrasantana.com.br\\\/sobre\\\/#organization\",\"name\":\"Encontra Santana\",\"description\":\"Not\\u00edcias, eventos, informa\\u00e7\\u00f5es e dicas no bairro de Santana e regi\\u00e3o.\",\"url\":\"https:\\\/\\\/www.encontrasantana.com.br\\\/sobre\\\/\"},{\"@type\":\"Person\",\"@id\":\"https:\\\/\\\/www.encontrasantana.com.br\\\/sobre\\\/author\\\/esantana\\\/#author\",\"url\":\"https:\\\/\\\/www.encontrasantana.com.br\\\/sobre\\\/author\\\/esantana\\\/\",\"name\":\"Encontra Santana\",\"image\":{\"@type\":\"ImageObject\",\"@id\":\"https:\\\/\\\/www.encontrasantana.com.br\\\/sobre\\\/elaboracao-de-curriculos-e-tema-da-oficina-de-orientacao-para-o-trabalho-no-cat-de-santana\\\/#authorImage\",\"url\":\"https:\\\/\\\/secure.gravatar.com\\\/avatar\\\/0fbed662e37531ae23e68f85f9517b2454e50c1dfebf80eb9b721449ac95e0b9?s=96&d=mm&r=g\",\"width\":96,\"height\":96,\"caption\":\"Encontra Santana\"}},{\"@type\":\"WebPage\",\"@id\":\"https:\\\/\\\/www.encontrasantana.com.br\\\/sobre\\\/elaboracao-de-curriculos-e-tema-da-oficina-de-orientacao-para-o-trabalho-no-cat-de-santana\\\/#webpage\",\"url\":\"https:\\\/\\\/www.encontrasantana.com.br\\\/sobre\\\/elaboracao-de-curriculos-e-tema-da-oficina-de-orientacao-para-o-trabalho-no-cat-de-santana\\\/\",\"name\":\"Elabora\\u00e7\\u00e3o de Curr\\u00edculos \\u00e9 tema da Oficina de Orienta\\u00e7\\u00e3o para o Trabalho no CAT de Santana \\u00bb Encontra Santana\",\"description\":\"Na pr\\u00f3xima segunda-feira, dia 1\\u00b0 de novembro, ser\\u00e1 realizado no CAT de Santana uma Oficina de Orienta\\u00e7\\u00e3o para o Trabalho voltada para a elabora\\u00e7\\u00e3o de curr\\u00edculos. Durante a Oficina ser\\u00e3o elaboradas duas atividades: a primeira voltada para o autoconhecimento, e a segunda, mostrando o modo correto de se elaborar o curr\\u00edculo \\u2013 os participantes ser\\u00e3o\",\"inLanguage\":\"pt-BR\",\"isPartOf\":{\"@id\":\"https:\\\/\\\/www.encontrasantana.com.br\\\/sobre\\\/#website\"},\"breadcrumb\":{\"@id\":\"https:\\\/\\\/www.encontrasantana.com.br\\\/sobre\\\/elaboracao-de-curriculos-e-tema-da-oficina-de-orientacao-para-o-trabalho-no-cat-de-santana\\\/#breadcrumblist\"},\"author\":{\"@id\":\"https:\\\/\\\/www.encontrasantana.com.br\\\/sobre\\\/author\\\/esantana\\\/#author\"},\"creator\":{\"@id\":\"https:\\\/\\\/www.encontrasantana.com.br\\\/sobre\\\/author\\\/esantana\\\/#author\"},\"datePublished\":\"2010-10-29T17:09:54-03:00\",\"dateModified\":\"2019-04-15T10:05:10-03:00\"},{\"@type\":\"WebSite\",\"@id\":\"https:\\\/\\\/www.encontrasantana.com.br\\\/sobre\\\/#website\",\"url\":\"https:\\\/\\\/www.encontrasantana.com.br\\\/sobre\\\/\",\"name\":\"Encontra Santana\",\"description\":\"Not\\u00edcias, eventos, informa\\u00e7\\u00f5es e dicas no bairro de Santana e regi\\u00e3o.\",\"inLanguage\":\"pt-BR\",\"publisher\":{\"@id\":\"https:\\\/\\\/www.encontrasantana.com.br\\\/sobre\\\/#organization\"}}]}\n\t\t<\/script>\n\t\t<!-- All in One SEO -->\n\n","aioseo_head_json":{"title":"Elabora\u00e7\u00e3o de Curr\u00edculos \u00e9 tema da Oficina de Orienta\u00e7\u00e3o para o Trabalho no CAT de Santana \u00bb Encontra Santana","description":"Na pr\u00f3xima segunda-feira, dia 1\u00b0 de novembro, ser\u00e1 realizado no CAT de Santana uma Oficina de Orienta\u00e7\u00e3o para o Trabalho voltada para a elabora\u00e7\u00e3o de curr\u00edculos. Durante a Oficina ser\u00e3o elaboradas duas atividades: a primeira voltada para o autoconhecimento, e a segunda, mostrando o modo correto de se elaborar o curr\u00edculo \u2013 os participantes ser\u00e3o","canonical_url":"https:\/\/www.encontrasantana.com.br\/sobre\/elaboracao-de-curriculos-e-tema-da-oficina-de-orientacao-para-o-trabalho-no-cat-de-santana\/","robots":"max-image-preview:large","keywords":"","webmasterTools":{"miscellaneous":""},"schema":{"@context":"https:\/\/schema.org","@graph":[{"@type":"Article","@id":"https:\/\/www.encontrasantana.com.br\/sobre\/elaboracao-de-curriculos-e-tema-da-oficina-de-orientacao-para-o-trabalho-no-cat-de-santana\/#article","name":"Elabora\u00e7\u00e3o de Curr\u00edculos \u00e9 tema da Oficina de Orienta\u00e7\u00e3o para o Trabalho no CAT de Santana \u00bb Encontra Santana","headline":"Elabora\u00e7\u00e3o de Curr\u00edculos \u00e9 tema da Oficina de Orienta\u00e7\u00e3o para o Trabalho no CAT de Santana","author":{"@id":"https:\/\/www.encontrasantana.com.br\/sobre\/author\/esantana\/#author"},"publisher":{"@id":"https:\/\/www.encontrasantana.com.br\/sobre\/#organization"},"datePublished":"2010-10-29T17:09:54-03:00","dateModified":"2019-04-15T10:05:10-03:00","inLanguage":"pt-BR","mainEntityOfPage":{"@id":"https:\/\/www.encontrasantana.com.br\/sobre\/elaboracao-de-curriculos-e-tema-da-oficina-de-orientacao-para-o-trabalho-no-cat-de-santana\/#webpage"},"isPartOf":{"@id":"https:\/\/www.encontrasantana.com.br\/sobre\/elaboracao-de-curriculos-e-tema-da-oficina-de-orientacao-para-o-trabalho-no-cat-de-santana\/#webpage"},"articleSection":"Cursos Santana, Santana"},{"@type":"BreadcrumbList","@id":"https:\/\/www.encontrasantana.com.br\/sobre\/elaboracao-de-curriculos-e-tema-da-oficina-de-orientacao-para-o-trabalho-no-cat-de-santana\/#breadcrumblist","itemListElement":[{"@type":"ListItem","@id":"https:\/\/www.encontrasantana.com.br\/sobre#listItem","position":1,"name":"In\u00edcio","item":"https:\/\/www.encontrasantana.com.br\/sobre","nextItem":{"@type":"ListItem","@id":"https:\/\/www.encontrasantana.com.br\/sobre\/cursos-em-santana\/#listItem","name":"Cursos Santana"}},{"@type":"ListItem","@id":"https:\/\/www.encontrasantana.com.br\/sobre\/cursos-em-santana\/#listItem","position":2,"name":"Cursos Santana","item":"https:\/\/www.encontrasantana.com.br\/sobre\/cursos-em-santana\/","nextItem":{"@type":"ListItem","@id":"https:\/\/www.encontrasantana.com.br\/sobre\/elaboracao-de-curriculos-e-tema-da-oficina-de-orientacao-para-o-trabalho-no-cat-de-santana\/#listItem","name":"Elabora\u00e7\u00e3o de Curr\u00edculos \u00e9 tema da Oficina de Orienta\u00e7\u00e3o para o Trabalho no CAT de Santana"},"previousItem":{"@type":"ListItem","@id":"https:\/\/www.encontrasantana.com.br\/sobre#listItem","name":"In\u00edcio"}},{"@type":"ListItem","@id":"https:\/\/www.encontrasantana.com.br\/sobre\/elaboracao-de-curriculos-e-tema-da-oficina-de-orientacao-para-o-trabalho-no-cat-de-santana\/#listItem","position":3,"name":"Elabora\u00e7\u00e3o de Curr\u00edculos \u00e9 tema da Oficina de Orienta\u00e7\u00e3o para o Trabalho no CAT de Santana","previousItem":{"@type":"ListItem","@id":"https:\/\/www.encontrasantana.com.br\/sobre\/cursos-em-santana\/#listItem","name":"Cursos Santana"}}]},{"@type":"Organization","@id":"https:\/\/www.encontrasantana.com.br\/sobre\/#organization","name":"Encontra Santana","description":"Not\u00edcias, eventos, informa\u00e7\u00f5es e dicas no bairro de Santana e regi\u00e3o.","url":"https:\/\/www.encontrasantana.com.br\/sobre\/"},{"@type":"Person","@id":"https:\/\/www.encontrasantana.com.br\/sobre\/author\/esantana\/#author","url":"https:\/\/www.encontrasantana.com.br\/sobre\/author\/esantana\/","name":"Encontra Santana","image":{"@type":"ImageObject","@id":"https:\/\/www.encontrasantana.com.br\/sobre\/elaboracao-de-curriculos-e-tema-da-oficina-de-orientacao-para-o-trabalho-no-cat-de-santana\/#authorImage","url":"https:\/\/secure.gravatar.com\/avatar\/0fbed662e37531ae23e68f85f9517b2454e50c1dfebf80eb9b721449ac95e0b9?s=96&d=mm&r=g","width":96,"height":96,"caption":"Encontra Santana"}},{"@type":"WebPage","@id":"https:\/\/www.encontrasantana.com.br\/sobre\/elaboracao-de-curriculos-e-tema-da-oficina-de-orientacao-para-o-trabalho-no-cat-de-santana\/#webpage","url":"https:\/\/www.encontrasantana.com.br\/sobre\/elaboracao-de-curriculos-e-tema-da-oficina-de-orientacao-para-o-trabalho-no-cat-de-santana\/","name":"Elabora\u00e7\u00e3o de Curr\u00edculos \u00e9 tema da Oficina de Orienta\u00e7\u00e3o para o Trabalho no CAT de Santana \u00bb Encontra Santana","description":"Na pr\u00f3xima segunda-feira, dia 1\u00b0 de novembro, ser\u00e1 realizado no CAT de Santana uma Oficina de Orienta\u00e7\u00e3o para o Trabalho voltada para a elabora\u00e7\u00e3o de curr\u00edculos. Durante a Oficina ser\u00e3o elaboradas duas atividades: a primeira voltada para o autoconhecimento, e a segunda, mostrando o modo correto de se elaborar o curr\u00edculo \u2013 os participantes ser\u00e3o","inLanguage":"pt-BR","isPartOf":{"@id":"https:\/\/www.encontrasantana.com.br\/sobre\/#website"},"breadcrumb":{"@id":"https:\/\/www.encontrasantana.com.br\/sobre\/elaboracao-de-curriculos-e-tema-da-oficina-de-orientacao-para-o-trabalho-no-cat-de-santana\/#breadcrumblist"},"author":{"@id":"https:\/\/www.encontrasantana.com.br\/sobre\/author\/esantana\/#author"},"creator":{"@id":"https:\/\/www.encontrasantana.com.br\/sobre\/author\/esantana\/#author"},"datePublished":"2010-10-29T17:09:54-03:00","dateModified":"2019-04-15T10:05:10-03:00"},{"@type":"WebSite","@id":"https:\/\/www.encontrasantana.com.br\/sobre\/#website","url":"https:\/\/www.encontrasantana.com.br\/sobre\/","name":"Encontra Santana","description":"Not\u00edcias, eventos, informa\u00e7\u00f5es e dicas no bairro de Santana e regi\u00e3o.","inLanguage":"pt-BR","publisher":{"@id":"https:\/\/www.encontrasantana.com.br\/sobre\/#organization"}}]},"og:locale":"pt_BR","og:site_name":"Encontra Santana | Not\u00edcias, eventos, informa\u00e7\u00f5es e dicas no bairro de Santana e regi\u00e3o.","og:type":"article","og:title":"Elabora\u00e7\u00e3o de Curr\u00edculos \u00e9 tema da Oficina de Orienta\u00e7\u00e3o para o Trabalho no CAT de Santana \u00bb Encontra Santana","og:description":"Na pr\u00f3xima segunda-feira, dia 1\u00b0 de novembro, ser\u00e1 realizado no CAT de Santana uma Oficina de Orienta\u00e7\u00e3o para o Trabalho voltada para a elabora\u00e7\u00e3o de curr\u00edculos. Durante a Oficina ser\u00e3o elaboradas duas atividades: a primeira voltada para o autoconhecimento, e a segunda, mostrando o modo correto de se elaborar o curr\u00edculo \u2013 os participantes ser\u00e3o","og:url":"https:\/\/www.encontrasantana.com.br\/sobre\/elaboracao-de-curriculos-e-tema-da-oficina-de-orientacao-para-o-trabalho-no-cat-de-santana\/","article:published_time":"2010-10-29T20:09:54+00:00","article:modified_time":"2019-04-15T13:05:10+00:00","twitter:card":"summary","twitter:title":"Elabora\u00e7\u00e3o de Curr\u00edculos \u00e9 tema da Oficina de Orienta\u00e7\u00e3o para o Trabalho no CAT de Santana \u00bb Encontra Santana","twitter:description":"Na pr\u00f3xima segunda-feira, dia 1\u00b0 de novembro, ser\u00e1 realizado no CAT de Santana uma Oficina de Orienta\u00e7\u00e3o para o Trabalho voltada para a elabora\u00e7\u00e3o de curr\u00edculos. Durante a Oficina ser\u00e3o elaboradas duas atividades: a primeira voltada para o autoconhecimento, e a segunda, mostrando o modo correto de se elaborar o curr\u00edculo \u2013 os participantes ser\u00e3o"},"aioseo_meta_data":{"post_id":"559","title":null,"description":null,"keywords":null,"keyphrases":null,"primary_term":null,"canonical_url":null,"og_title":null,"og_description":null,"og_object_type":"default","og_image_type":"default","og_image_url":null,"og_image_width":null,"og_image_height":null,"og_image_custom_url":null,"og_image_custom_fields":null,"og_video":null,"og_custom_url":null,"og_article_section":null,"og_article_tags":null,"twitter_use_og":false,"twitter_card":"default","twitter_image_type":"default","twitter_image_url":null,"twitter_image_custom_url":null,"twitter_image_custom_fields":null,"twitter_title":null,"twitter_description":null,"schema":{"blockGraphs":[],"customGraphs":[],"default":{"data":{"Article":[],"Course":[],"Dataset":[],"FAQPage":[],"Movie":[],"Person":[],"Product":[],"ProductReview":[],"Car":[],"Recipe":[],"Service":[],"SoftwareApplication":[],"WebPage":[]},"graphName":"Article","isEnabled":true},"graphs":[]},"schema_type":null,"schema_type_options":null,"pillar_content":false,"robots_default":true,"robots_noindex":false,"robots_noarchive":false,"robots_nosnippet":false,"robots_nofollow":false,"robots_noimageindex":false,"robots_noodp":false,"robots_notranslate":false,"robots_max_snippet":null,"robots_max_videopreview":null,"robots_max_imagepreview":"large","priority":null,"frequency":null,"local_seo":null,"limit_modified_date":false,"created":"2021-04-20 20:10:18","updated":"2026-08-06 03:55:44","focus_keyword":null,"additional_keywords":null,"truseo_locale":null,"ai":null,"breadcrumb_settings":null,"seo_analyzer_scan_date":null},"aioseo_breadcrumb":"<div class=\"aioseo-breadcrumbs\"><span class=\"aioseo-breadcrumb\">\n\t\t\t<a href=\"https:\/\/www.encontrasantana.com.br\/sobre\" title=\"In\u00edcio\">In\u00edcio<\/a>\n\t\t<\/span><span class=\"aioseo-breadcrumb-separator\">&raquo;<\/span><span class=\"aioseo-breadcrumb\">\n\t\t\t<a href=\"https:\/\/www.encontrasantana.com.br\/sobre\/cursos-em-santana\/\" title=\"Cursos Santana\">Cursos Santana<\/a>\n\t\t<\/span><span class=\"aioseo-breadcrumb-separator\">&raquo;<\/span><span class=\"aioseo-breadcrumb\">\n\t\t\tElabora\u00e7\u00e3o de Curr\u00edculos \u00e9 tema da Oficina de Orienta\u00e7\u00e3o para o Trabalho no CAT de Santana\n\t\t<\/span><\/div>","aioseo_breadcrumb_json":[{"label":"In\u00edcio","link":"https:\/\/www.encontrasantana.com.br\/sobre"},{"label":"Cursos Santana","link":"https:\/\/www.encontrasantana.com.br\/sobre\/cursos-em-santana\/"},{"label":"Elabora\u00e7\u00e3o de Curr\u00edculos \u00e9 tema da Oficina de Orienta\u00e7\u00e3o para o Trabalho no CAT de Santana","link":"https:\/\/www.encontrasantana.com.br\/sobre\/elaboracao-de-curriculos-e-tema-da-oficina-de-orientacao-para-o-trabalho-no-cat-de-santana\/"}],"_links":{"self":[{"href":"https:\/\/www.encontrasantana.com.br\/sobre\/wp-json\/wp\/v2\/posts\/559","targetHints":{"allow":["GET"]}}],"collection":[{"href":"https:\/\/www.encontrasantana.com.br\/sobre\/wp-json\/wp\/v2\/posts"}],"about":[{"href":"https:\/\/www.encontrasantana.com.br\/sobre\/wp-json\/wp\/v2\/types\/post"}],"author":[{"embeddable":true,"href":"https:\/\/www.encontrasantana.com.br\/sobre\/wp-json\/wp\/v2\/users\/1"}],"replies":[{"embeddable":true,"href":"https:\/\/www.encontrasantana.com.br\/sobre\/wp-json\/wp\/v2\/comments?post=559"}],"version-history":[{"count":0,"href":"https:\/\/www.encontrasantana.com.br\/sobre\/wp-json\/wp\/v2\/posts\/559\/revisions"}],"wp:attachment":[{"href":"https:\/\/www.encontrasantana.com.br\/sobre\/wp-json\/wp\/v2\/media?parent=559"}],"wp:term":[{"taxonomy":"category","embeddable":true,"href":"https:\/\/www.encontrasantana.com.br\/sobre\/wp-json\/wp\/v2\/categories?post=559"},{"taxonomy":"post_tag","embeddable":true,"href":"https:\/\/www.encontrasantana.com.br\/sobre\/wp-json\/wp\/v2\/tags?post=559"}],"curies":[{"name":"wp","href":"https:\/\/api.w.org\/{rel}","templated":true}]}}