{"id":619,"date":"2010-11-26T18:58:33","date_gmt":"2010-11-26T21:58:33","guid":{"rendered":"http:\/\/www.encontrasantana.com.br\/blog\/?p=619"},"modified":"2019-04-15T10:05:07","modified_gmt":"2019-04-15T13:05:07","slug":"sindica-de-predio-em-santana-proibe-gemidos-amorosos-a-noite","status":"publish","type":"post","link":"https:\/\/www.encontrasantana.com.br\/sobre\/sindica-de-predio-em-santana-proibe-gemidos-amorosos-a-noite\/","title":{"rendered":"S\u00edndica de pr\u00e9dio em Santana pro\u00edbe gemidos amorosos \u00e0 noite"},"content":{"rendered":"<div class=\"1acf8468e559fd3cbeec5aee3a269a52\" data-index=\"1\" style=\"float: none; margin:0px;\">\n<!-- Anuncio display - global -->\r\n<ins class=\"adsbygoogle\"\r\n     style=\"display:block\"\r\n     data-ad-client=\"ca-pub-8585364105181520\"\r\n     data-ad-slot=\"8789329856\"\r\n     data-ad-format=\"auto\"\r\n     data-full-width-responsive=\"true\"><\/ins>\r\n<script>\r\n     (adsbygoogle = window.adsbygoogle || []).push({});\r\n<\/script>\n<\/div>\n<p>A s\u00edndica Rejane Albuquerque, 53 anos, tenente licenciada da Aeron\u00e1utica, distribuiu nos apartamentos do condom\u00ednio Ana Carolina, em Santana (zona norte), uma circular pedindo para que os moradores procurem a portaria do pr\u00e9dio caso escutem &#8220;gemidos amorosos exagerados&#8221; antes das 8h ou ap\u00f3s as 18h, de segunda a sexta.<\/p>\n<p>&#8220;A gente tem esse tipo de problema de vez em quando&#8221;, afirma a s\u00edndica, que \u00e9 solteira, mora sozinha e administra h\u00e1 17 anos o pr\u00e9dio &#8211;com 128 apartamentos de um quarto e cerca de 160 moradores. Ela conta que j\u00e1 enfrentou processos por danos morais por conta dos informativos. &#8220;Falo de uma situa\u00e7\u00e3o geral, mas sempre algu\u00e9m se sente ofendido.&#8221;<\/p>\n<p>O advogado Alexandre Berthe, que trabalha com quest\u00f5es imobili\u00e1rias, diz que as circulares n\u00e3o t\u00eam problema, se n\u00e3o forem colocadas em \u00e1reas comuns. Moradores dizem apoiar a s\u00edndica. &#8220;Voc\u00ea ouve ru\u00eddo de cima, de baixo e dos lados&#8221;, diz a soci\u00f3loga Marie \u00c2ngela Bueno.<\/p>\n<p><em>Fonte: Agora S\u00e3o Paulo<\/em><\/p>\n\n<div style=\"font-size: 0px; height: 0px; line-height: 0px; margin: 0; padding: 0; clear: both;\"><\/div>","protected":false},"excerpt":{"rendered":"<p>A s\u00edndica Rejane Albuquerque, 53 anos, tenente licenciada da Aeron\u00e1utica, distribuiu nos apartamentos do condom\u00ednio Ana Carolina, em Santana (zona norte), uma circular pedindo para que os moradores procurem a portaria do pr\u00e9dio caso escutem &#8220;gemidos amorosos exagerados&#8221; antes das 8h ou ap\u00f3s as 18h, de segunda a sexta. &#8220;A gente tem esse tipo de problema de vez em quando&#8221;, afirma a s\u00edndica, que \u00e9 solteira, mora sozinha e administra h\u00e1 17 anos o pr\u00e9dio &#8211;com 128 apartamentos de um quarto e cerca de 160 moradores. Ela conta que j\u00e1 enfrentou processos por danos morais por conta dos informativos. &#8220;Falo <\/p>\n","protected":false},"author":1,"featured_media":0,"comment_status":"open","ping_status":"closed","sticky":false,"template":"","format":"standard","meta":{"footnotes":""},"categories":[3],"tags":[10],"class_list":["post-619","post","type-post","status-publish","format-standard","hentry","category-noticias-em-santana","tag-santana"],"aioseo_notices":[],"_links":{"self":[{"href":"https:\/\/www.encontrasantana.com.br\/sobre\/wp-json\/wp\/v2\/posts\/619"}],"collection":[{"href":"https:\/\/www.encontrasantana.com.br\/sobre\/wp-json\/wp\/v2\/posts"}],"about":[{"href":"https:\/\/www.encontrasantana.com.br\/sobre\/wp-json\/wp\/v2\/types\/post"}],"author":[{"embeddable":true,"href":"https:\/\/www.encontrasantana.com.br\/sobre\/wp-json\/wp\/v2\/users\/1"}],"replies":[{"embeddable":true,"href":"https:\/\/www.encontrasantana.com.br\/sobre\/wp-json\/wp\/v2\/comments?post=619"}],"version-history":[{"count":0,"href":"https:\/\/www.encontrasantana.com.br\/sobre\/wp-json\/wp\/v2\/posts\/619\/revisions"}],"wp:attachment":[{"href":"https:\/\/www.encontrasantana.com.br\/sobre\/wp-json\/wp\/v2\/media?parent=619"}],"wp:term":[{"taxonomy":"category","embeddable":true,"href":"https:\/\/www.encontrasantana.com.br\/sobre\/wp-json\/wp\/v2\/categories?post=619"},{"taxonomy":"post_tag","embeddable":true,"href":"https:\/\/www.encontrasantana.com.br\/sobre\/wp-json\/wp\/v2\/tags?post=619"}],"curies":[{"name":"wp","href":"https:\/\/api.w.org\/{rel}","templated":true}]}}