{"id":6614,"date":"2012-01-23T17:02:59","date_gmt":"2012-01-23T20:02:59","guid":{"rendered":"http:\/\/www.encontrasantana.com.br\/blog\/?p=6614"},"modified":"2019-04-15T10:00:40","modified_gmt":"2019-04-15T13:00:40","slug":"venda-de-ingresso-para-o-carnaval-em-santana-sera-paralisada-na-quarta","status":"publish","type":"post","link":"https:\/\/www.encontrasantana.com.br\/sobre\/venda-de-ingresso-para-o-carnaval-em-santana-sera-paralisada-na-quarta\/","title":{"rendered":"Venda de ingresso para o Carnaval em Santana ser\u00e1 paralisada na quarta"},"content":{"rendered":"<div class=\"1acf8468e559fd3cbeec5aee3a269a52\" data-index=\"1\" style=\"float: none; margin:0px;\">\n<!-- Anuncio display - global -->\r\n<ins class=\"adsbygoogle\"\r\n     style=\"display:block\"\r\n     data-ad-client=\"ca-pub-8585364105181520\"\r\n     data-ad-slot=\"8789329856\"\r\n     data-ad-format=\"auto\"\r\n     data-full-width-responsive=\"true\"><\/ins>\r\n<script>\r\n     (adsbygoogle = window.adsbygoogle || []).push({});\r\n<\/script>\n<\/div>\n<p>A venda de ingressos para o Carnaval de S\u00e3o Paulo ser\u00e1 paralisada na pr\u00f3xima quarta-feira (25) devido ao feriado de anivers\u00e1rio da capital paulista. As sete bilheterias espalhadas na regi\u00e3o metropolitana voltar\u00e3o a funcionar a partir das 11h de quinta-feira (26).<\/p>\n<p>Al\u00e9m das bilheterias, os ingressos podem ser adquiridos ainda por telefone ou pela internet. Pelo telefone, os interessados devem ligar para 0\/xx\/11\/3369-1050. J\u00e1 a compra pela internet, deve ser feita pelo site do\u00a0Ingresso f\u00e1cil. O servi\u00e7o de telefone, no entanto, tamb\u00e9m estar\u00e1 interrompido na quarta.<\/p>\n<p>As bilheterias funcionam de segunda a s\u00e1bado, das 11h \u00e0s 17h. A compra de ingressos de meia-entrada \u00e9 realizada exclusivamente na bilheteria do Anhembi. O pre\u00e7o dos ingressos parte de R$ 65 (arquibancada).<\/p>\n<p><strong>VEJA OS ENDERE\u00c7OS DAS BILHETERIAS<\/strong><\/p>\n<p>1. Bilheteria do Anhembi: avenida Olavo Fontoura, 1.209, Santana<br \/>\n2. Est\u00e1dio do Canind\u00e9 (Portuguesa): rua Comendador Nestor Pereira, 33, Canind\u00e9<br \/>\n3. Est\u00e1dio do Pacaembu: Pra\u00e7a Charles Miller, s\/n, Pacaembu<br \/>\n4. Gin\u00e1sio do Ibirapuera: rua Manuel da N\u00f3brega, 1.361, Ibirapuera<br \/>\n5. Est\u00e1dio Jos\u00e9 Bruno Daniel: rua 24 de Maio, s\/n, Santo Andr\u00e9<br \/>\n6. Gin\u00e1sio de Esportes Jos\u00e9 Corr\u00eaa: avenida Guilherme P. Guglielmo, 100, Barueri<\/p>\n<p>Os desfiles acontecem no <a href=\"http:\/\/www.encontrasantana.com.br\/santana\/sambodromo-santana.shtml\" target=\"_blank\">samb\u00f3dromo do Anhembi<\/a>, na zona norte de S\u00e3o Paulo. O Grupo Especial desfilar\u00e1 nos dias 17, 18 de fevereiro.<\/p>\n<p>No dia 17, ocorrer\u00e1 os desfiles das escolas Camisa Verde e Branco, Imp\u00e9rio de Casa Verde, X-9 Paulistana, Vai-Vai, Rosas de Ouro, Acad\u00eamicos do Tucuruvi e Mancha Verde.<\/p>\n<p>J\u00e1 no dia seguinte desfilam a Drag\u00f5es da Real, P\u00e9rola Negra, Mocidade Alegre, \u00c1guia de Ouro, Unidos de Vila Maria, Gavi\u00f5es da Fiel e Tom Maior.<\/p>\n<p><em>Fonte: Folha.com<\/em><\/p>\n\n<div style=\"font-size: 0px; height: 0px; line-height: 0px; margin: 0; padding: 0; clear: both;\"><\/div>","protected":false},"excerpt":{"rendered":"<p>A venda de ingressos para o Carnaval de S\u00e3o Paulo ser\u00e1 paralisada na pr\u00f3xima quarta-feira (25) devido ao feriado de anivers\u00e1rio da capital paulista. As sete bilheterias espalhadas na regi\u00e3o metropolitana voltar\u00e3o a funcionar a partir das 11h de quinta-feira (26). Al\u00e9m das bilheterias, os ingressos podem ser adquiridos ainda por telefone ou pela internet. Pelo telefone, os interessados devem ligar para 0\/xx\/11\/3369-1050. J\u00e1 a compra pela internet, deve ser feita pelo site do\u00a0Ingresso f\u00e1cil. O servi\u00e7o de telefone, no entanto, tamb\u00e9m estar\u00e1 interrompido na quarta. As bilheterias funcionam de segunda a s\u00e1bado, das 11h \u00e0s 17h. A compra de <\/p>\n","protected":false},"author":1,"featured_media":0,"comment_status":"open","ping_status":"closed","sticky":false,"template":"","format":"standard","meta":{"footnotes":""},"categories":[3],"tags":[10],"class_list":["post-6614","post","type-post","status-publish","format-standard","hentry","category-noticias-em-santana","tag-santana"],"aioseo_notices":[],"aioseo_head":"\n\t\t<!-- All in One SEO 5.0.0.1 - aioseo.com -->\n\t<meta name=\"description\" content=\"A venda de ingressos para o Carnaval de S\u00e3o Paulo ser\u00e1 paralisada na pr\u00f3xima quarta-feira (25) devido ao feriado de anivers\u00e1rio da capital paulista. As sete bilheterias espalhadas na regi\u00e3o metropolitana voltar\u00e3o a funcionar a partir das 11h de quinta-feira (26). Al\u00e9m das bilheterias, os ingressos podem ser adquiridos ainda por telefone ou pela internet.\" \/>\n\t<meta name=\"robots\" content=\"max-image-preview:large\" \/>\n\t<meta name=\"author\" content=\"Encontra Santana\"\/>\n\t<link rel=\"canonical\" href=\"https:\/\/www.encontrasantana.com.br\/sobre\/venda-de-ingresso-para-o-carnaval-em-santana-sera-paralisada-na-quarta\/\" \/>\n\t<meta name=\"generator\" content=\"All in One SEO (AIOSEO) 5.0.0.1\" \/>\n\t\t<meta property=\"og:locale\" content=\"pt_BR\" \/>\n\t\t<meta property=\"og:site_name\" content=\"Encontra Santana | Not\u00edcias, eventos, informa\u00e7\u00f5es e dicas no bairro de Santana e regi\u00e3o.\" \/>\n\t\t<meta property=\"og:type\" content=\"article\" \/>\n\t\t<meta property=\"og:title\" content=\"Venda de ingresso para o Carnaval em Santana ser\u00e1 paralisada na quarta \u00bb Encontra Santana\" \/>\n\t\t<meta property=\"og:description\" content=\"A venda de ingressos para o Carnaval de S\u00e3o Paulo ser\u00e1 paralisada na pr\u00f3xima quarta-feira (25) devido ao feriado de anivers\u00e1rio da capital paulista. As sete bilheterias espalhadas na regi\u00e3o metropolitana voltar\u00e3o a funcionar a partir das 11h de quinta-feira (26). Al\u00e9m das bilheterias, os ingressos podem ser adquiridos ainda por telefone ou pela internet.\" \/>\n\t\t<meta property=\"og:url\" content=\"https:\/\/www.encontrasantana.com.br\/sobre\/venda-de-ingresso-para-o-carnaval-em-santana-sera-paralisada-na-quarta\/\" \/>\n\t\t<meta property=\"article:published_time\" content=\"2012-01-23T20:02:59+00:00\" \/>\n\t\t<meta property=\"article:modified_time\" content=\"2019-04-15T13:00:40+00:00\" \/>\n\t\t<meta name=\"twitter:card\" content=\"summary\" \/>\n\t\t<meta name=\"twitter:title\" content=\"Venda de ingresso para o Carnaval em Santana ser\u00e1 paralisada na quarta \u00bb Encontra Santana\" \/>\n\t\t<meta name=\"twitter:description\" content=\"A venda de ingressos para o Carnaval de S\u00e3o Paulo ser\u00e1 paralisada na pr\u00f3xima quarta-feira (25) devido ao feriado de anivers\u00e1rio da capital paulista. As sete bilheterias espalhadas na regi\u00e3o metropolitana voltar\u00e3o a funcionar a partir das 11h de quinta-feira (26). Al\u00e9m das bilheterias, os ingressos podem ser adquiridos ainda por telefone ou pela internet.\" \/>\n\t\t<script type=\"application\/ld+json\" class=\"aioseo-schema\">\n\t\t\t{\"@context\":\"https:\\\/\\\/schema.org\",\"@graph\":[{\"@type\":\"Article\",\"@id\":\"https:\\\/\\\/www.encontrasantana.com.br\\\/sobre\\\/venda-de-ingresso-para-o-carnaval-em-santana-sera-paralisada-na-quarta\\\/#article\",\"name\":\"Venda de ingresso para o Carnaval em Santana ser\\u00e1 paralisada na quarta \\u00bb Encontra Santana\",\"headline\":\"Venda de ingresso para o Carnaval em Santana ser\\u00e1 paralisada na quarta\",\"author\":{\"@id\":\"https:\\\/\\\/www.encontrasantana.com.br\\\/sobre\\\/author\\\/esantana\\\/#author\"},\"publisher\":{\"@id\":\"https:\\\/\\\/www.encontrasantana.com.br\\\/sobre\\\/#organization\"},\"datePublished\":\"2012-01-23T17:02:59-03:00\",\"dateModified\":\"2019-04-15T10:00:40-03:00\",\"inLanguage\":\"pt-BR\",\"mainEntityOfPage\":{\"@id\":\"https:\\\/\\\/www.encontrasantana.com.br\\\/sobre\\\/venda-de-ingresso-para-o-carnaval-em-santana-sera-paralisada-na-quarta\\\/#webpage\"},\"isPartOf\":{\"@id\":\"https:\\\/\\\/www.encontrasantana.com.br\\\/sobre\\\/venda-de-ingresso-para-o-carnaval-em-santana-sera-paralisada-na-quarta\\\/#webpage\"},\"articleSection\":\"Not\\u00edcias Santana, Santana\"},{\"@type\":\"BreadcrumbList\",\"@id\":\"https:\\\/\\\/www.encontrasantana.com.br\\\/sobre\\\/venda-de-ingresso-para-o-carnaval-em-santana-sera-paralisada-na-quarta\\\/#breadcrumblist\",\"itemListElement\":[{\"@type\":\"ListItem\",\"@id\":\"https:\\\/\\\/www.encontrasantana.com.br\\\/sobre#listItem\",\"position\":1,\"name\":\"In\\u00edcio\",\"item\":\"https:\\\/\\\/www.encontrasantana.com.br\\\/sobre\",\"nextItem\":{\"@type\":\"ListItem\",\"@id\":\"https:\\\/\\\/www.encontrasantana.com.br\\\/sobre\\\/noticias-em-santana\\\/#listItem\",\"name\":\"Not\\u00edcias Santana\"}},{\"@type\":\"ListItem\",\"@id\":\"https:\\\/\\\/www.encontrasantana.com.br\\\/sobre\\\/noticias-em-santana\\\/#listItem\",\"position\":2,\"name\":\"Not\\u00edcias Santana\",\"item\":\"https:\\\/\\\/www.encontrasantana.com.br\\\/sobre\\\/noticias-em-santana\\\/\",\"nextItem\":{\"@type\":\"ListItem\",\"@id\":\"https:\\\/\\\/www.encontrasantana.com.br\\\/sobre\\\/venda-de-ingresso-para-o-carnaval-em-santana-sera-paralisada-na-quarta\\\/#listItem\",\"name\":\"Venda de ingresso para o Carnaval em Santana ser\\u00e1 paralisada na quarta\"},\"previousItem\":{\"@type\":\"ListItem\",\"@id\":\"https:\\\/\\\/www.encontrasantana.com.br\\\/sobre#listItem\",\"name\":\"In\\u00edcio\"}},{\"@type\":\"ListItem\",\"@id\":\"https:\\\/\\\/www.encontrasantana.com.br\\\/sobre\\\/venda-de-ingresso-para-o-carnaval-em-santana-sera-paralisada-na-quarta\\\/#listItem\",\"position\":3,\"name\":\"Venda de ingresso para o Carnaval em Santana ser\\u00e1 paralisada na quarta\",\"previousItem\":{\"@type\":\"ListItem\",\"@id\":\"https:\\\/\\\/www.encontrasantana.com.br\\\/sobre\\\/noticias-em-santana\\\/#listItem\",\"name\":\"Not\\u00edcias Santana\"}}]},{\"@type\":\"Organization\",\"@id\":\"https:\\\/\\\/www.encontrasantana.com.br\\\/sobre\\\/#organization\",\"name\":\"Encontra Santana\",\"description\":\"Not\\u00edcias, eventos, informa\\u00e7\\u00f5es e dicas no bairro de Santana e regi\\u00e3o.\",\"url\":\"https:\\\/\\\/www.encontrasantana.com.br\\\/sobre\\\/\"},{\"@type\":\"Person\",\"@id\":\"https:\\\/\\\/www.encontrasantana.com.br\\\/sobre\\\/author\\\/esantana\\\/#author\",\"url\":\"https:\\\/\\\/www.encontrasantana.com.br\\\/sobre\\\/author\\\/esantana\\\/\",\"name\":\"Encontra Santana\",\"image\":{\"@type\":\"ImageObject\",\"@id\":\"https:\\\/\\\/www.encontrasantana.com.br\\\/sobre\\\/venda-de-ingresso-para-o-carnaval-em-santana-sera-paralisada-na-quarta\\\/#authorImage\",\"url\":\"https:\\\/\\\/secure.gravatar.com\\\/avatar\\\/0fbed662e37531ae23e68f85f9517b2454e50c1dfebf80eb9b721449ac95e0b9?s=96&d=mm&r=g\",\"width\":96,\"height\":96,\"caption\":\"Encontra Santana\"}},{\"@type\":\"WebPage\",\"@id\":\"https:\\\/\\\/www.encontrasantana.com.br\\\/sobre\\\/venda-de-ingresso-para-o-carnaval-em-santana-sera-paralisada-na-quarta\\\/#webpage\",\"url\":\"https:\\\/\\\/www.encontrasantana.com.br\\\/sobre\\\/venda-de-ingresso-para-o-carnaval-em-santana-sera-paralisada-na-quarta\\\/\",\"name\":\"Venda de ingresso para o Carnaval em Santana ser\\u00e1 paralisada na quarta \\u00bb Encontra Santana\",\"description\":\"A venda de ingressos para o Carnaval de S\\u00e3o Paulo ser\\u00e1 paralisada na pr\\u00f3xima quarta-feira (25) devido ao feriado de anivers\\u00e1rio da capital paulista. As sete bilheterias espalhadas na regi\\u00e3o metropolitana voltar\\u00e3o a funcionar a partir das 11h de quinta-feira (26). Al\\u00e9m das bilheterias, os ingressos podem ser adquiridos ainda por telefone ou pela internet.\",\"inLanguage\":\"pt-BR\",\"isPartOf\":{\"@id\":\"https:\\\/\\\/www.encontrasantana.com.br\\\/sobre\\\/#website\"},\"breadcrumb\":{\"@id\":\"https:\\\/\\\/www.encontrasantana.com.br\\\/sobre\\\/venda-de-ingresso-para-o-carnaval-em-santana-sera-paralisada-na-quarta\\\/#breadcrumblist\"},\"author\":{\"@id\":\"https:\\\/\\\/www.encontrasantana.com.br\\\/sobre\\\/author\\\/esantana\\\/#author\"},\"creator\":{\"@id\":\"https:\\\/\\\/www.encontrasantana.com.br\\\/sobre\\\/author\\\/esantana\\\/#author\"},\"datePublished\":\"2012-01-23T17:02:59-03:00\",\"dateModified\":\"2019-04-15T10:00:40-03:00\"},{\"@type\":\"WebSite\",\"@id\":\"https:\\\/\\\/www.encontrasantana.com.br\\\/sobre\\\/#website\",\"url\":\"https:\\\/\\\/www.encontrasantana.com.br\\\/sobre\\\/\",\"name\":\"Encontra Santana\",\"description\":\"Not\\u00edcias, eventos, informa\\u00e7\\u00f5es e dicas no bairro de Santana e regi\\u00e3o.\",\"inLanguage\":\"pt-BR\",\"publisher\":{\"@id\":\"https:\\\/\\\/www.encontrasantana.com.br\\\/sobre\\\/#organization\"}}]}\n\t\t<\/script>\n\t\t<!-- All in One SEO -->\n\n","aioseo_head_json":{"title":"Venda de ingresso para o Carnaval em Santana ser\u00e1 paralisada na quarta \u00bb Encontra Santana","description":"A venda de ingressos para o Carnaval de S\u00e3o Paulo ser\u00e1 paralisada na pr\u00f3xima quarta-feira (25) devido ao feriado de anivers\u00e1rio da capital paulista. As sete bilheterias espalhadas na regi\u00e3o metropolitana voltar\u00e3o a funcionar a partir das 11h de quinta-feira (26). Al\u00e9m das bilheterias, os ingressos podem ser adquiridos ainda por telefone ou pela internet.","canonical_url":"https:\/\/www.encontrasantana.com.br\/sobre\/venda-de-ingresso-para-o-carnaval-em-santana-sera-paralisada-na-quarta\/","robots":"max-image-preview:large","keywords":"","webmasterTools":{"miscellaneous":""},"schema":{"@context":"https:\/\/schema.org","@graph":[{"@type":"Article","@id":"https:\/\/www.encontrasantana.com.br\/sobre\/venda-de-ingresso-para-o-carnaval-em-santana-sera-paralisada-na-quarta\/#article","name":"Venda de ingresso para o Carnaval em Santana ser\u00e1 paralisada na quarta \u00bb Encontra Santana","headline":"Venda de ingresso para o Carnaval em Santana ser\u00e1 paralisada na quarta","author":{"@id":"https:\/\/www.encontrasantana.com.br\/sobre\/author\/esantana\/#author"},"publisher":{"@id":"https:\/\/www.encontrasantana.com.br\/sobre\/#organization"},"datePublished":"2012-01-23T17:02:59-03:00","dateModified":"2019-04-15T10:00:40-03:00","inLanguage":"pt-BR","mainEntityOfPage":{"@id":"https:\/\/www.encontrasantana.com.br\/sobre\/venda-de-ingresso-para-o-carnaval-em-santana-sera-paralisada-na-quarta\/#webpage"},"isPartOf":{"@id":"https:\/\/www.encontrasantana.com.br\/sobre\/venda-de-ingresso-para-o-carnaval-em-santana-sera-paralisada-na-quarta\/#webpage"},"articleSection":"Not\u00edcias Santana, Santana"},{"@type":"BreadcrumbList","@id":"https:\/\/www.encontrasantana.com.br\/sobre\/venda-de-ingresso-para-o-carnaval-em-santana-sera-paralisada-na-quarta\/#breadcrumblist","itemListElement":[{"@type":"ListItem","@id":"https:\/\/www.encontrasantana.com.br\/sobre#listItem","position":1,"name":"In\u00edcio","item":"https:\/\/www.encontrasantana.com.br\/sobre","nextItem":{"@type":"ListItem","@id":"https:\/\/www.encontrasantana.com.br\/sobre\/noticias-em-santana\/#listItem","name":"Not\u00edcias Santana"}},{"@type":"ListItem","@id":"https:\/\/www.encontrasantana.com.br\/sobre\/noticias-em-santana\/#listItem","position":2,"name":"Not\u00edcias Santana","item":"https:\/\/www.encontrasantana.com.br\/sobre\/noticias-em-santana\/","nextItem":{"@type":"ListItem","@id":"https:\/\/www.encontrasantana.com.br\/sobre\/venda-de-ingresso-para-o-carnaval-em-santana-sera-paralisada-na-quarta\/#listItem","name":"Venda de ingresso para o Carnaval em Santana ser\u00e1 paralisada na quarta"},"previousItem":{"@type":"ListItem","@id":"https:\/\/www.encontrasantana.com.br\/sobre#listItem","name":"In\u00edcio"}},{"@type":"ListItem","@id":"https:\/\/www.encontrasantana.com.br\/sobre\/venda-de-ingresso-para-o-carnaval-em-santana-sera-paralisada-na-quarta\/#listItem","position":3,"name":"Venda de ingresso para o Carnaval em Santana ser\u00e1 paralisada na quarta","previousItem":{"@type":"ListItem","@id":"https:\/\/www.encontrasantana.com.br\/sobre\/noticias-em-santana\/#listItem","name":"Not\u00edcias Santana"}}]},{"@type":"Organization","@id":"https:\/\/www.encontrasantana.com.br\/sobre\/#organization","name":"Encontra Santana","description":"Not\u00edcias, eventos, informa\u00e7\u00f5es e dicas no bairro de Santana e regi\u00e3o.","url":"https:\/\/www.encontrasantana.com.br\/sobre\/"},{"@type":"Person","@id":"https:\/\/www.encontrasantana.com.br\/sobre\/author\/esantana\/#author","url":"https:\/\/www.encontrasantana.com.br\/sobre\/author\/esantana\/","name":"Encontra Santana","image":{"@type":"ImageObject","@id":"https:\/\/www.encontrasantana.com.br\/sobre\/venda-de-ingresso-para-o-carnaval-em-santana-sera-paralisada-na-quarta\/#authorImage","url":"https:\/\/secure.gravatar.com\/avatar\/0fbed662e37531ae23e68f85f9517b2454e50c1dfebf80eb9b721449ac95e0b9?s=96&d=mm&r=g","width":96,"height":96,"caption":"Encontra Santana"}},{"@type":"WebPage","@id":"https:\/\/www.encontrasantana.com.br\/sobre\/venda-de-ingresso-para-o-carnaval-em-santana-sera-paralisada-na-quarta\/#webpage","url":"https:\/\/www.encontrasantana.com.br\/sobre\/venda-de-ingresso-para-o-carnaval-em-santana-sera-paralisada-na-quarta\/","name":"Venda de ingresso para o Carnaval em Santana ser\u00e1 paralisada na quarta \u00bb Encontra Santana","description":"A venda de ingressos para o Carnaval de S\u00e3o Paulo ser\u00e1 paralisada na pr\u00f3xima quarta-feira (25) devido ao feriado de anivers\u00e1rio da capital paulista. As sete bilheterias espalhadas na regi\u00e3o metropolitana voltar\u00e3o a funcionar a partir das 11h de quinta-feira (26). Al\u00e9m das bilheterias, os ingressos podem ser adquiridos ainda por telefone ou pela internet.","inLanguage":"pt-BR","isPartOf":{"@id":"https:\/\/www.encontrasantana.com.br\/sobre\/#website"},"breadcrumb":{"@id":"https:\/\/www.encontrasantana.com.br\/sobre\/venda-de-ingresso-para-o-carnaval-em-santana-sera-paralisada-na-quarta\/#breadcrumblist"},"author":{"@id":"https:\/\/www.encontrasantana.com.br\/sobre\/author\/esantana\/#author"},"creator":{"@id":"https:\/\/www.encontrasantana.com.br\/sobre\/author\/esantana\/#author"},"datePublished":"2012-01-23T17:02:59-03:00","dateModified":"2019-04-15T10:00:40-03:00"},{"@type":"WebSite","@id":"https:\/\/www.encontrasantana.com.br\/sobre\/#website","url":"https:\/\/www.encontrasantana.com.br\/sobre\/","name":"Encontra Santana","description":"Not\u00edcias, eventos, informa\u00e7\u00f5es e dicas no bairro de Santana e regi\u00e3o.","inLanguage":"pt-BR","publisher":{"@id":"https:\/\/www.encontrasantana.com.br\/sobre\/#organization"}}]},"og:locale":"pt_BR","og:site_name":"Encontra Santana | Not\u00edcias, eventos, informa\u00e7\u00f5es e dicas no bairro de Santana e regi\u00e3o.","og:type":"article","og:title":"Venda de ingresso para o Carnaval em Santana ser\u00e1 paralisada na quarta \u00bb Encontra Santana","og:description":"A venda de ingressos para o Carnaval de S\u00e3o Paulo ser\u00e1 paralisada na pr\u00f3xima quarta-feira (25) devido ao feriado de anivers\u00e1rio da capital paulista. As sete bilheterias espalhadas na regi\u00e3o metropolitana voltar\u00e3o a funcionar a partir das 11h de quinta-feira (26). Al\u00e9m das bilheterias, os ingressos podem ser adquiridos ainda por telefone ou pela internet.","og:url":"https:\/\/www.encontrasantana.com.br\/sobre\/venda-de-ingresso-para-o-carnaval-em-santana-sera-paralisada-na-quarta\/","article:published_time":"2012-01-23T20:02:59+00:00","article:modified_time":"2019-04-15T13:00:40+00:00","twitter:card":"summary","twitter:title":"Venda de ingresso para o Carnaval em Santana ser\u00e1 paralisada na quarta \u00bb Encontra Santana","twitter:description":"A venda de ingressos para o Carnaval de S\u00e3o Paulo ser\u00e1 paralisada na pr\u00f3xima quarta-feira (25) devido ao feriado de anivers\u00e1rio da capital paulista. As sete bilheterias espalhadas na regi\u00e3o metropolitana voltar\u00e3o a funcionar a partir das 11h de quinta-feira (26). Al\u00e9m das bilheterias, os ingressos podem ser adquiridos ainda por telefone ou pela internet."},"aioseo_meta_data":{"post_id":"6614","title":null,"description":null,"keywords":null,"keyphrases":null,"primary_term":null,"canonical_url":null,"og_title":null,"og_description":null,"og_object_type":"default","og_image_type":"default","og_image_url":null,"og_image_width":null,"og_image_height":null,"og_image_custom_url":null,"og_image_custom_fields":null,"og_video":null,"og_custom_url":null,"og_article_section":null,"og_article_tags":null,"twitter_use_og":false,"twitter_card":"default","twitter_image_type":"default","twitter_image_url":null,"twitter_image_custom_url":null,"twitter_image_custom_fields":null,"twitter_title":null,"twitter_description":null,"schema":{"blockGraphs":[],"customGraphs":[],"default":{"data":{"Article":[],"Course":[],"Dataset":[],"FAQPage":[],"Movie":[],"Person":[],"Product":[],"ProductReview":[],"Car":[],"Recipe":[],"Service":[],"SoftwareApplication":[],"WebPage":[]},"graphName":"Article","isEnabled":true},"graphs":[]},"schema_type":null,"schema_type_options":null,"pillar_content":false,"robots_default":true,"robots_noindex":false,"robots_noarchive":false,"robots_nosnippet":false,"robots_nofollow":false,"robots_noimageindex":false,"robots_noodp":false,"robots_notranslate":false,"robots_max_snippet":null,"robots_max_videopreview":null,"robots_max_imagepreview":"large","priority":null,"frequency":null,"local_seo":null,"limit_modified_date":false,"created":"2021-04-21 00:58:00","updated":"2026-08-06 10:34:03","focus_keyword":null,"additional_keywords":null,"truseo_locale":null,"ai":null,"breadcrumb_settings":null,"seo_analyzer_scan_date":null},"aioseo_breadcrumb":"<div class=\"aioseo-breadcrumbs\"><span class=\"aioseo-breadcrumb\">\n\t\t\t<a href=\"https:\/\/www.encontrasantana.com.br\/sobre\" title=\"In\u00edcio\">In\u00edcio<\/a>\n\t\t<\/span><span class=\"aioseo-breadcrumb-separator\">&raquo;<\/span><span class=\"aioseo-breadcrumb\">\n\t\t\t<a href=\"https:\/\/www.encontrasantana.com.br\/sobre\/noticias-em-santana\/\" title=\"Not\u00edcias Santana\">Not\u00edcias Santana<\/a>\n\t\t<\/span><span class=\"aioseo-breadcrumb-separator\">&raquo;<\/span><span class=\"aioseo-breadcrumb\">\n\t\t\tVenda de ingresso para o Carnaval em Santana ser\u00e1 paralisada na quarta\n\t\t<\/span><\/div>","aioseo_breadcrumb_json":[{"label":"In\u00edcio","link":"https:\/\/www.encontrasantana.com.br\/sobre"},{"label":"Not\u00edcias Santana","link":"https:\/\/www.encontrasantana.com.br\/sobre\/noticias-em-santana\/"},{"label":"Venda de ingresso para o Carnaval em Santana ser\u00e1 paralisada na quarta","link":"https:\/\/www.encontrasantana.com.br\/sobre\/venda-de-ingresso-para-o-carnaval-em-santana-sera-paralisada-na-quarta\/"}],"_links":{"self":[{"href":"https:\/\/www.encontrasantana.com.br\/sobre\/wp-json\/wp\/v2\/posts\/6614","targetHints":{"allow":["GET"]}}],"collection":[{"href":"https:\/\/www.encontrasantana.com.br\/sobre\/wp-json\/wp\/v2\/posts"}],"about":[{"href":"https:\/\/www.encontrasantana.com.br\/sobre\/wp-json\/wp\/v2\/types\/post"}],"author":[{"embeddable":true,"href":"https:\/\/www.encontrasantana.com.br\/sobre\/wp-json\/wp\/v2\/users\/1"}],"replies":[{"embeddable":true,"href":"https:\/\/www.encontrasantana.com.br\/sobre\/wp-json\/wp\/v2\/comments?post=6614"}],"version-history":[{"count":0,"href":"https:\/\/www.encontrasantana.com.br\/sobre\/wp-json\/wp\/v2\/posts\/6614\/revisions"}],"wp:attachment":[{"href":"https:\/\/www.encontrasantana.com.br\/sobre\/wp-json\/wp\/v2\/media?parent=6614"}],"wp:term":[{"taxonomy":"category","embeddable":true,"href":"https:\/\/www.encontrasantana.com.br\/sobre\/wp-json\/wp\/v2\/categories?post=6614"},{"taxonomy":"post_tag","embeddable":true,"href":"https:\/\/www.encontrasantana.com.br\/sobre\/wp-json\/wp\/v2\/tags?post=6614"}],"curies":[{"name":"wp","href":"https:\/\/api.w.org\/{rel}","templated":true}]}}