{"id":681,"date":"2011-01-07T18:27:07","date_gmt":"2011-01-07T21:27:07","guid":{"rendered":"http:\/\/www.encontrasantana.com.br\/blog\/?p=681"},"modified":"2019-04-15T10:05:02","modified_gmt":"2019-04-15T13:05:02","slug":"santana-arena-anhembi-recebe-couromoda-e-novas-tendencias-do-mercado","status":"publish","type":"post","link":"https:\/\/www.encontrasantana.com.br\/sobre\/santana-arena-anhembi-recebe-couromoda-e-novas-tendencias-do-mercado\/","title":{"rendered":"Santana: Arena Anhembi recebe Couromoda e novas tend\u00eancias do mercado"},"content":{"rendered":"<div class=\"1acf8468e559fd3cbeec5aee3a269a52\" data-index=\"1\" style=\"float: none; margin:0px;\">\n<!-- Anuncio display - global -->\r\n<ins class=\"adsbygoogle\"\r\n     style=\"display:block\"\r\n     data-ad-client=\"ca-pub-8585364105181520\"\r\n     data-ad-slot=\"8789329856\"\r\n     data-ad-format=\"auto\"\r\n     data-full-width-responsive=\"true\"><\/ins>\r\n<script>\r\n     (adsbygoogle = window.adsbygoogle || []).push({});\r\n<\/script>\n<\/div>\n<p>Do dia 17 a 20 de janeiro, a <a href=\"http:\/\/www.encontrasantana.com.br\/santana\/anhembi-em-santana.shtml\" target=\"_blank\">Arena Anhembi<\/a> (Av. Olavo Fontoura, 1.209, bairro Santana) ir\u00e1 sediar a edi\u00e7\u00e3o 2011 da tradicional Couromoda &#8211; Feira Internacional de Cal\u00e7ados, Artigos Esportivos e Artefatos de Couro. A maior feira especializada da Am\u00e9rica Latina alcan\u00e7ar\u00e1 a 38\u00aa edi\u00e7\u00e3o e ocupar\u00e1 o Parque Anhembi.<\/p>\n<p>O mercado de vestu\u00e1rio est\u00e1 em ascens\u00e3o e faz de S\u00e3o Paulo um dos p\u00f3los da moda. O couro, um dos artigos do mercado da moda, est\u00e1 presente nas formas mais variadas do vestu\u00e1rio como cal\u00e7ados, bolsas, artefatos e objetos de decora\u00e7\u00e3o. A previs\u00e3o \u00e9 que expositores v\u00e3o apresentar as novidades de mais de tr\u00eas mil marcas na feira de 2011.<\/p>\n<p>O evento tem car\u00e1ter profissional e ficar\u00e1 aberto a lojistas, empres\u00e1rios e pessoas com liga\u00e7\u00e3o com o setor de segunda a quarta-feira, das 10h \u00e0s 20h, e na quinta-feira, das 10h \u00e0s 17h. O ingresso \u00e9 gratuito, mediante convite ou credenciamento. Informa\u00e7\u00f5es pelo site\u00a0couromoda.com.<\/p>\n<p><em>Fonte: Prefeitura de S\u00e3o Paulo<\/em><\/p>\n\n<div style=\"font-size: 0px; height: 0px; line-height: 0px; margin: 0; padding: 0; clear: both;\"><\/div>","protected":false},"excerpt":{"rendered":"<p>Do dia 17 a 20 de janeiro, a Arena Anhembi (Av. Olavo Fontoura, 1.209, bairro Santana) ir\u00e1 sediar a edi\u00e7\u00e3o 2011 da tradicional Couromoda &#8211; Feira Internacional de Cal\u00e7ados, Artigos Esportivos e Artefatos de Couro. A maior feira especializada da Am\u00e9rica Latina alcan\u00e7ar\u00e1 a 38\u00aa edi\u00e7\u00e3o e ocupar\u00e1 o Parque Anhembi. O mercado de vestu\u00e1rio est\u00e1 em ascens\u00e3o e faz de S\u00e3o Paulo um dos p\u00f3los da moda. O couro, um dos artigos do mercado da moda, est\u00e1 presente nas formas mais variadas do vestu\u00e1rio como cal\u00e7ados, bolsas, artefatos e objetos de decora\u00e7\u00e3o. A previs\u00e3o \u00e9 que expositores v\u00e3o apresentar <\/p>\n","protected":false},"author":1,"featured_media":0,"comment_status":"open","ping_status":"closed","sticky":false,"template":"","format":"standard","meta":{"footnotes":""},"categories":[3],"tags":[10],"class_list":["post-681","post","type-post","status-publish","format-standard","hentry","category-noticias-em-santana","tag-santana"],"aioseo_notices":[],"aioseo_head":"\n\t\t<!-- All in One SEO 5.0.0.1 - aioseo.com -->\n\t<meta name=\"description\" content=\"Do dia 17 a 20 de janeiro, a Arena Anhembi (Av. Olavo Fontoura, 1.209, bairro Santana) ir\u00e1 sediar a edi\u00e7\u00e3o 2011 da tradicional Couromoda - Feira Internacional de Cal\u00e7ados, Artigos Esportivos e Artefatos de Couro. A maior feira especializada da Am\u00e9rica Latina alcan\u00e7ar\u00e1 a 38\u00aa edi\u00e7\u00e3o e ocupar\u00e1 o Parque Anhembi. O mercado de vestu\u00e1rio\" \/>\n\t<meta name=\"robots\" content=\"max-image-preview:large\" \/>\n\t<meta name=\"author\" content=\"Encontra Santana\"\/>\n\t<link rel=\"canonical\" href=\"https:\/\/www.encontrasantana.com.br\/sobre\/santana-arena-anhembi-recebe-couromoda-e-novas-tendencias-do-mercado\/\" \/>\n\t<meta name=\"generator\" content=\"All in One SEO (AIOSEO) 5.0.0.1\" \/>\n\t\t<meta property=\"og:locale\" content=\"pt_BR\" \/>\n\t\t<meta property=\"og:site_name\" content=\"Encontra Santana | Not\u00edcias, eventos, informa\u00e7\u00f5es e dicas no bairro de Santana e regi\u00e3o.\" \/>\n\t\t<meta property=\"og:type\" content=\"article\" \/>\n\t\t<meta property=\"og:title\" content=\"Santana: Arena Anhembi recebe Couromoda e novas tend\u00eancias do mercado \u00bb Encontra Santana\" \/>\n\t\t<meta property=\"og:description\" content=\"Do dia 17 a 20 de janeiro, a Arena Anhembi (Av. Olavo Fontoura, 1.209, bairro Santana) ir\u00e1 sediar a edi\u00e7\u00e3o 2011 da tradicional Couromoda - Feira Internacional de Cal\u00e7ados, Artigos Esportivos e Artefatos de Couro. A maior feira especializada da Am\u00e9rica Latina alcan\u00e7ar\u00e1 a 38\u00aa edi\u00e7\u00e3o e ocupar\u00e1 o Parque Anhembi. O mercado de vestu\u00e1rio\" \/>\n\t\t<meta property=\"og:url\" content=\"https:\/\/www.encontrasantana.com.br\/sobre\/santana-arena-anhembi-recebe-couromoda-e-novas-tendencias-do-mercado\/\" \/>\n\t\t<meta property=\"article:published_time\" content=\"2011-01-07T21:27:07+00:00\" \/>\n\t\t<meta property=\"article:modified_time\" content=\"2019-04-15T13:05:02+00:00\" \/>\n\t\t<meta name=\"twitter:card\" content=\"summary\" \/>\n\t\t<meta name=\"twitter:title\" content=\"Santana: Arena Anhembi recebe Couromoda e novas tend\u00eancias do mercado \u00bb Encontra Santana\" \/>\n\t\t<meta name=\"twitter:description\" content=\"Do dia 17 a 20 de janeiro, a Arena Anhembi (Av. Olavo Fontoura, 1.209, bairro Santana) ir\u00e1 sediar a edi\u00e7\u00e3o 2011 da tradicional Couromoda - Feira Internacional de Cal\u00e7ados, Artigos Esportivos e Artefatos de Couro. A maior feira especializada da Am\u00e9rica Latina alcan\u00e7ar\u00e1 a 38\u00aa edi\u00e7\u00e3o e ocupar\u00e1 o Parque Anhembi. O mercado de vestu\u00e1rio\" \/>\n\t\t<script type=\"application\/ld+json\" class=\"aioseo-schema\">\n\t\t\t{\"@context\":\"https:\\\/\\\/schema.org\",\"@graph\":[{\"@type\":\"Article\",\"@id\":\"https:\\\/\\\/www.encontrasantana.com.br\\\/sobre\\\/santana-arena-anhembi-recebe-couromoda-e-novas-tendencias-do-mercado\\\/#article\",\"name\":\"Santana: Arena Anhembi recebe Couromoda e novas tend\\u00eancias do mercado \\u00bb Encontra Santana\",\"headline\":\"Santana: Arena Anhembi recebe Couromoda e novas tend\\u00eancias do mercado\",\"author\":{\"@id\":\"https:\\\/\\\/www.encontrasantana.com.br\\\/sobre\\\/author\\\/esantana\\\/#author\"},\"publisher\":{\"@id\":\"https:\\\/\\\/www.encontrasantana.com.br\\\/sobre\\\/#organization\"},\"datePublished\":\"2011-01-07T18:27:07-03:00\",\"dateModified\":\"2019-04-15T10:05:02-03:00\",\"inLanguage\":\"pt-BR\",\"mainEntityOfPage\":{\"@id\":\"https:\\\/\\\/www.encontrasantana.com.br\\\/sobre\\\/santana-arena-anhembi-recebe-couromoda-e-novas-tendencias-do-mercado\\\/#webpage\"},\"isPartOf\":{\"@id\":\"https:\\\/\\\/www.encontrasantana.com.br\\\/sobre\\\/santana-arena-anhembi-recebe-couromoda-e-novas-tendencias-do-mercado\\\/#webpage\"},\"articleSection\":\"Not\\u00edcias Santana, Santana\"},{\"@type\":\"BreadcrumbList\",\"@id\":\"https:\\\/\\\/www.encontrasantana.com.br\\\/sobre\\\/santana-arena-anhembi-recebe-couromoda-e-novas-tendencias-do-mercado\\\/#breadcrumblist\",\"itemListElement\":[{\"@type\":\"ListItem\",\"@id\":\"https:\\\/\\\/www.encontrasantana.com.br\\\/sobre#listItem\",\"position\":1,\"name\":\"In\\u00edcio\",\"item\":\"https:\\\/\\\/www.encontrasantana.com.br\\\/sobre\",\"nextItem\":{\"@type\":\"ListItem\",\"@id\":\"https:\\\/\\\/www.encontrasantana.com.br\\\/sobre\\\/noticias-em-santana\\\/#listItem\",\"name\":\"Not\\u00edcias Santana\"}},{\"@type\":\"ListItem\",\"@id\":\"https:\\\/\\\/www.encontrasantana.com.br\\\/sobre\\\/noticias-em-santana\\\/#listItem\",\"position\":2,\"name\":\"Not\\u00edcias Santana\",\"item\":\"https:\\\/\\\/www.encontrasantana.com.br\\\/sobre\\\/noticias-em-santana\\\/\",\"nextItem\":{\"@type\":\"ListItem\",\"@id\":\"https:\\\/\\\/www.encontrasantana.com.br\\\/sobre\\\/santana-arena-anhembi-recebe-couromoda-e-novas-tendencias-do-mercado\\\/#listItem\",\"name\":\"Santana: Arena Anhembi recebe Couromoda e novas tend\\u00eancias do mercado\"},\"previousItem\":{\"@type\":\"ListItem\",\"@id\":\"https:\\\/\\\/www.encontrasantana.com.br\\\/sobre#listItem\",\"name\":\"In\\u00edcio\"}},{\"@type\":\"ListItem\",\"@id\":\"https:\\\/\\\/www.encontrasantana.com.br\\\/sobre\\\/santana-arena-anhembi-recebe-couromoda-e-novas-tendencias-do-mercado\\\/#listItem\",\"position\":3,\"name\":\"Santana: Arena Anhembi recebe Couromoda e novas tend\\u00eancias do mercado\",\"previousItem\":{\"@type\":\"ListItem\",\"@id\":\"https:\\\/\\\/www.encontrasantana.com.br\\\/sobre\\\/noticias-em-santana\\\/#listItem\",\"name\":\"Not\\u00edcias Santana\"}}]},{\"@type\":\"Organization\",\"@id\":\"https:\\\/\\\/www.encontrasantana.com.br\\\/sobre\\\/#organization\",\"name\":\"Encontra Santana\",\"description\":\"Not\\u00edcias, eventos, informa\\u00e7\\u00f5es e dicas no bairro de Santana e regi\\u00e3o.\",\"url\":\"https:\\\/\\\/www.encontrasantana.com.br\\\/sobre\\\/\"},{\"@type\":\"Person\",\"@id\":\"https:\\\/\\\/www.encontrasantana.com.br\\\/sobre\\\/author\\\/esantana\\\/#author\",\"url\":\"https:\\\/\\\/www.encontrasantana.com.br\\\/sobre\\\/author\\\/esantana\\\/\",\"name\":\"Encontra Santana\",\"image\":{\"@type\":\"ImageObject\",\"@id\":\"https:\\\/\\\/www.encontrasantana.com.br\\\/sobre\\\/santana-arena-anhembi-recebe-couromoda-e-novas-tendencias-do-mercado\\\/#authorImage\",\"url\":\"https:\\\/\\\/secure.gravatar.com\\\/avatar\\\/0fbed662e37531ae23e68f85f9517b2454e50c1dfebf80eb9b721449ac95e0b9?s=96&d=mm&r=g\",\"width\":96,\"height\":96,\"caption\":\"Encontra Santana\"}},{\"@type\":\"WebPage\",\"@id\":\"https:\\\/\\\/www.encontrasantana.com.br\\\/sobre\\\/santana-arena-anhembi-recebe-couromoda-e-novas-tendencias-do-mercado\\\/#webpage\",\"url\":\"https:\\\/\\\/www.encontrasantana.com.br\\\/sobre\\\/santana-arena-anhembi-recebe-couromoda-e-novas-tendencias-do-mercado\\\/\",\"name\":\"Santana: Arena Anhembi recebe Couromoda e novas tend\\u00eancias do mercado \\u00bb Encontra Santana\",\"description\":\"Do dia 17 a 20 de janeiro, a Arena Anhembi (Av. Olavo Fontoura, 1.209, bairro Santana) ir\\u00e1 sediar a edi\\u00e7\\u00e3o 2011 da tradicional Couromoda - Feira Internacional de Cal\\u00e7ados, Artigos Esportivos e Artefatos de Couro. A maior feira especializada da Am\\u00e9rica Latina alcan\\u00e7ar\\u00e1 a 38\\u00aa edi\\u00e7\\u00e3o e ocupar\\u00e1 o Parque Anhembi. O mercado de vestu\\u00e1rio\",\"inLanguage\":\"pt-BR\",\"isPartOf\":{\"@id\":\"https:\\\/\\\/www.encontrasantana.com.br\\\/sobre\\\/#website\"},\"breadcrumb\":{\"@id\":\"https:\\\/\\\/www.encontrasantana.com.br\\\/sobre\\\/santana-arena-anhembi-recebe-couromoda-e-novas-tendencias-do-mercado\\\/#breadcrumblist\"},\"author\":{\"@id\":\"https:\\\/\\\/www.encontrasantana.com.br\\\/sobre\\\/author\\\/esantana\\\/#author\"},\"creator\":{\"@id\":\"https:\\\/\\\/www.encontrasantana.com.br\\\/sobre\\\/author\\\/esantana\\\/#author\"},\"datePublished\":\"2011-01-07T18:27:07-03:00\",\"dateModified\":\"2019-04-15T10:05:02-03:00\"},{\"@type\":\"WebSite\",\"@id\":\"https:\\\/\\\/www.encontrasantana.com.br\\\/sobre\\\/#website\",\"url\":\"https:\\\/\\\/www.encontrasantana.com.br\\\/sobre\\\/\",\"name\":\"Encontra Santana\",\"description\":\"Not\\u00edcias, eventos, informa\\u00e7\\u00f5es e dicas no bairro de Santana e regi\\u00e3o.\",\"inLanguage\":\"pt-BR\",\"publisher\":{\"@id\":\"https:\\\/\\\/www.encontrasantana.com.br\\\/sobre\\\/#organization\"}}]}\n\t\t<\/script>\n\t\t<!-- All in One SEO -->\n\n","aioseo_head_json":{"title":"Santana: Arena Anhembi recebe Couromoda e novas tend\u00eancias do mercado \u00bb Encontra Santana","description":"Do dia 17 a 20 de janeiro, a Arena Anhembi (Av. Olavo Fontoura, 1.209, bairro Santana) ir\u00e1 sediar a edi\u00e7\u00e3o 2011 da tradicional Couromoda - Feira Internacional de Cal\u00e7ados, Artigos Esportivos e Artefatos de Couro. A maior feira especializada da Am\u00e9rica Latina alcan\u00e7ar\u00e1 a 38\u00aa edi\u00e7\u00e3o e ocupar\u00e1 o Parque Anhembi. O mercado de vestu\u00e1rio","canonical_url":"https:\/\/www.encontrasantana.com.br\/sobre\/santana-arena-anhembi-recebe-couromoda-e-novas-tendencias-do-mercado\/","robots":"max-image-preview:large","keywords":"","webmasterTools":{"miscellaneous":""},"schema":{"@context":"https:\/\/schema.org","@graph":[{"@type":"Article","@id":"https:\/\/www.encontrasantana.com.br\/sobre\/santana-arena-anhembi-recebe-couromoda-e-novas-tendencias-do-mercado\/#article","name":"Santana: Arena Anhembi recebe Couromoda e novas tend\u00eancias do mercado \u00bb Encontra Santana","headline":"Santana: Arena Anhembi recebe Couromoda e novas tend\u00eancias do mercado","author":{"@id":"https:\/\/www.encontrasantana.com.br\/sobre\/author\/esantana\/#author"},"publisher":{"@id":"https:\/\/www.encontrasantana.com.br\/sobre\/#organization"},"datePublished":"2011-01-07T18:27:07-03:00","dateModified":"2019-04-15T10:05:02-03:00","inLanguage":"pt-BR","mainEntityOfPage":{"@id":"https:\/\/www.encontrasantana.com.br\/sobre\/santana-arena-anhembi-recebe-couromoda-e-novas-tendencias-do-mercado\/#webpage"},"isPartOf":{"@id":"https:\/\/www.encontrasantana.com.br\/sobre\/santana-arena-anhembi-recebe-couromoda-e-novas-tendencias-do-mercado\/#webpage"},"articleSection":"Not\u00edcias Santana, Santana"},{"@type":"BreadcrumbList","@id":"https:\/\/www.encontrasantana.com.br\/sobre\/santana-arena-anhembi-recebe-couromoda-e-novas-tendencias-do-mercado\/#breadcrumblist","itemListElement":[{"@type":"ListItem","@id":"https:\/\/www.encontrasantana.com.br\/sobre#listItem","position":1,"name":"In\u00edcio","item":"https:\/\/www.encontrasantana.com.br\/sobre","nextItem":{"@type":"ListItem","@id":"https:\/\/www.encontrasantana.com.br\/sobre\/noticias-em-santana\/#listItem","name":"Not\u00edcias Santana"}},{"@type":"ListItem","@id":"https:\/\/www.encontrasantana.com.br\/sobre\/noticias-em-santana\/#listItem","position":2,"name":"Not\u00edcias Santana","item":"https:\/\/www.encontrasantana.com.br\/sobre\/noticias-em-santana\/","nextItem":{"@type":"ListItem","@id":"https:\/\/www.encontrasantana.com.br\/sobre\/santana-arena-anhembi-recebe-couromoda-e-novas-tendencias-do-mercado\/#listItem","name":"Santana: Arena Anhembi recebe Couromoda e novas tend\u00eancias do mercado"},"previousItem":{"@type":"ListItem","@id":"https:\/\/www.encontrasantana.com.br\/sobre#listItem","name":"In\u00edcio"}},{"@type":"ListItem","@id":"https:\/\/www.encontrasantana.com.br\/sobre\/santana-arena-anhembi-recebe-couromoda-e-novas-tendencias-do-mercado\/#listItem","position":3,"name":"Santana: Arena Anhembi recebe Couromoda e novas tend\u00eancias do mercado","previousItem":{"@type":"ListItem","@id":"https:\/\/www.encontrasantana.com.br\/sobre\/noticias-em-santana\/#listItem","name":"Not\u00edcias Santana"}}]},{"@type":"Organization","@id":"https:\/\/www.encontrasantana.com.br\/sobre\/#organization","name":"Encontra Santana","description":"Not\u00edcias, eventos, informa\u00e7\u00f5es e dicas no bairro de Santana e regi\u00e3o.","url":"https:\/\/www.encontrasantana.com.br\/sobre\/"},{"@type":"Person","@id":"https:\/\/www.encontrasantana.com.br\/sobre\/author\/esantana\/#author","url":"https:\/\/www.encontrasantana.com.br\/sobre\/author\/esantana\/","name":"Encontra Santana","image":{"@type":"ImageObject","@id":"https:\/\/www.encontrasantana.com.br\/sobre\/santana-arena-anhembi-recebe-couromoda-e-novas-tendencias-do-mercado\/#authorImage","url":"https:\/\/secure.gravatar.com\/avatar\/0fbed662e37531ae23e68f85f9517b2454e50c1dfebf80eb9b721449ac95e0b9?s=96&d=mm&r=g","width":96,"height":96,"caption":"Encontra Santana"}},{"@type":"WebPage","@id":"https:\/\/www.encontrasantana.com.br\/sobre\/santana-arena-anhembi-recebe-couromoda-e-novas-tendencias-do-mercado\/#webpage","url":"https:\/\/www.encontrasantana.com.br\/sobre\/santana-arena-anhembi-recebe-couromoda-e-novas-tendencias-do-mercado\/","name":"Santana: Arena Anhembi recebe Couromoda e novas tend\u00eancias do mercado \u00bb Encontra Santana","description":"Do dia 17 a 20 de janeiro, a Arena Anhembi (Av. Olavo Fontoura, 1.209, bairro Santana) ir\u00e1 sediar a edi\u00e7\u00e3o 2011 da tradicional Couromoda - Feira Internacional de Cal\u00e7ados, Artigos Esportivos e Artefatos de Couro. A maior feira especializada da Am\u00e9rica Latina alcan\u00e7ar\u00e1 a 38\u00aa edi\u00e7\u00e3o e ocupar\u00e1 o Parque Anhembi. O mercado de vestu\u00e1rio","inLanguage":"pt-BR","isPartOf":{"@id":"https:\/\/www.encontrasantana.com.br\/sobre\/#website"},"breadcrumb":{"@id":"https:\/\/www.encontrasantana.com.br\/sobre\/santana-arena-anhembi-recebe-couromoda-e-novas-tendencias-do-mercado\/#breadcrumblist"},"author":{"@id":"https:\/\/www.encontrasantana.com.br\/sobre\/author\/esantana\/#author"},"creator":{"@id":"https:\/\/www.encontrasantana.com.br\/sobre\/author\/esantana\/#author"},"datePublished":"2011-01-07T18:27:07-03:00","dateModified":"2019-04-15T10:05:02-03:00"},{"@type":"WebSite","@id":"https:\/\/www.encontrasantana.com.br\/sobre\/#website","url":"https:\/\/www.encontrasantana.com.br\/sobre\/","name":"Encontra Santana","description":"Not\u00edcias, eventos, informa\u00e7\u00f5es e dicas no bairro de Santana e regi\u00e3o.","inLanguage":"pt-BR","publisher":{"@id":"https:\/\/www.encontrasantana.com.br\/sobre\/#organization"}}]},"og:locale":"pt_BR","og:site_name":"Encontra Santana | Not\u00edcias, eventos, informa\u00e7\u00f5es e dicas no bairro de Santana e regi\u00e3o.","og:type":"article","og:title":"Santana: Arena Anhembi recebe Couromoda e novas tend\u00eancias do mercado \u00bb Encontra Santana","og:description":"Do dia 17 a 20 de janeiro, a Arena Anhembi (Av. Olavo Fontoura, 1.209, bairro Santana) ir\u00e1 sediar a edi\u00e7\u00e3o 2011 da tradicional Couromoda - Feira Internacional de Cal\u00e7ados, Artigos Esportivos e Artefatos de Couro. A maior feira especializada da Am\u00e9rica Latina alcan\u00e7ar\u00e1 a 38\u00aa edi\u00e7\u00e3o e ocupar\u00e1 o Parque Anhembi. O mercado de vestu\u00e1rio","og:url":"https:\/\/www.encontrasantana.com.br\/sobre\/santana-arena-anhembi-recebe-couromoda-e-novas-tendencias-do-mercado\/","article:published_time":"2011-01-07T21:27:07+00:00","article:modified_time":"2019-04-15T13:05:02+00:00","twitter:card":"summary","twitter:title":"Santana: Arena Anhembi recebe Couromoda e novas tend\u00eancias do mercado \u00bb Encontra Santana","twitter:description":"Do dia 17 a 20 de janeiro, a Arena Anhembi (Av. Olavo Fontoura, 1.209, bairro Santana) ir\u00e1 sediar a edi\u00e7\u00e3o 2011 da tradicional Couromoda - Feira Internacional de Cal\u00e7ados, Artigos Esportivos e Artefatos de Couro. A maior feira especializada da Am\u00e9rica Latina alcan\u00e7ar\u00e1 a 38\u00aa edi\u00e7\u00e3o e ocupar\u00e1 o Parque Anhembi. O mercado de vestu\u00e1rio"},"aioseo_meta_data":{"post_id":"681","title":null,"description":null,"keywords":null,"keyphrases":null,"primary_term":null,"canonical_url":null,"og_title":null,"og_description":null,"og_object_type":"default","og_image_type":"default","og_image_url":null,"og_image_width":null,"og_image_height":null,"og_image_custom_url":null,"og_image_custom_fields":null,"og_video":null,"og_custom_url":null,"og_article_section":null,"og_article_tags":null,"twitter_use_og":false,"twitter_card":"default","twitter_image_type":"default","twitter_image_url":null,"twitter_image_custom_url":null,"twitter_image_custom_fields":null,"twitter_title":null,"twitter_description":null,"schema":{"blockGraphs":[],"customGraphs":[],"default":{"data":{"Article":[],"Course":[],"Dataset":[],"FAQPage":[],"Movie":[],"Person":[],"Product":[],"ProductReview":[],"Car":[],"Recipe":[],"Service":[],"SoftwareApplication":[],"WebPage":[]},"graphName":"Article","isEnabled":true},"graphs":[]},"schema_type":null,"schema_type_options":null,"pillar_content":false,"robots_default":true,"robots_noindex":false,"robots_noarchive":false,"robots_nosnippet":false,"robots_nofollow":false,"robots_noimageindex":false,"robots_noodp":false,"robots_notranslate":false,"robots_max_snippet":null,"robots_max_videopreview":null,"robots_max_imagepreview":"large","priority":null,"frequency":null,"local_seo":null,"limit_modified_date":false,"created":"2021-04-20 20:29:57","updated":"2026-08-06 04:33:27","focus_keyword":null,"additional_keywords":null,"truseo_locale":null,"ai":null,"breadcrumb_settings":null,"seo_analyzer_scan_date":null},"aioseo_breadcrumb":"<div class=\"aioseo-breadcrumbs\"><span class=\"aioseo-breadcrumb\">\n\t\t\t<a href=\"https:\/\/www.encontrasantana.com.br\/sobre\" title=\"In\u00edcio\">In\u00edcio<\/a>\n\t\t<\/span><span class=\"aioseo-breadcrumb-separator\">&raquo;<\/span><span class=\"aioseo-breadcrumb\">\n\t\t\t<a href=\"https:\/\/www.encontrasantana.com.br\/sobre\/noticias-em-santana\/\" title=\"Not\u00edcias Santana\">Not\u00edcias Santana<\/a>\n\t\t<\/span><span class=\"aioseo-breadcrumb-separator\">&raquo;<\/span><span class=\"aioseo-breadcrumb\">\n\t\t\tSantana: Arena Anhembi recebe Couromoda e novas tend\u00eancias do mercado\n\t\t<\/span><\/div>","aioseo_breadcrumb_json":[{"label":"In\u00edcio","link":"https:\/\/www.encontrasantana.com.br\/sobre"},{"label":"Not\u00edcias Santana","link":"https:\/\/www.encontrasantana.com.br\/sobre\/noticias-em-santana\/"},{"label":"Santana: Arena Anhembi recebe Couromoda e novas tend\u00eancias do mercado","link":"https:\/\/www.encontrasantana.com.br\/sobre\/santana-arena-anhembi-recebe-couromoda-e-novas-tendencias-do-mercado\/"}],"_links":{"self":[{"href":"https:\/\/www.encontrasantana.com.br\/sobre\/wp-json\/wp\/v2\/posts\/681","targetHints":{"allow":["GET"]}}],"collection":[{"href":"https:\/\/www.encontrasantana.com.br\/sobre\/wp-json\/wp\/v2\/posts"}],"about":[{"href":"https:\/\/www.encontrasantana.com.br\/sobre\/wp-json\/wp\/v2\/types\/post"}],"author":[{"embeddable":true,"href":"https:\/\/www.encontrasantana.com.br\/sobre\/wp-json\/wp\/v2\/users\/1"}],"replies":[{"embeddable":true,"href":"https:\/\/www.encontrasantana.com.br\/sobre\/wp-json\/wp\/v2\/comments?post=681"}],"version-history":[{"count":0,"href":"https:\/\/www.encontrasantana.com.br\/sobre\/wp-json\/wp\/v2\/posts\/681\/revisions"}],"wp:attachment":[{"href":"https:\/\/www.encontrasantana.com.br\/sobre\/wp-json\/wp\/v2\/media?parent=681"}],"wp:term":[{"taxonomy":"category","embeddable":true,"href":"https:\/\/www.encontrasantana.com.br\/sobre\/wp-json\/wp\/v2\/categories?post=681"},{"taxonomy":"post_tag","embeddable":true,"href":"https:\/\/www.encontrasantana.com.br\/sobre\/wp-json\/wp\/v2\/tags?post=681"}],"curies":[{"name":"wp","href":"https:\/\/api.w.org\/{rel}","templated":true}]}}