{"id":687,"date":"2011-01-07T18:30:34","date_gmt":"2011-01-07T21:30:34","guid":{"rendered":"http:\/\/www.encontrasantana.com.br\/blog\/?p=687"},"modified":"2019-04-15T10:05:01","modified_gmt":"2019-04-15T13:05:01","slug":"sesc-verao-oferece-mais-de-80-atividades-ate-quinta-veja-programacao-para-santana","status":"publish","type":"post","link":"https:\/\/www.encontrasantana.com.br\/sobre\/sesc-verao-oferece-mais-de-80-atividades-ate-quinta-veja-programacao-para-santana\/","title":{"rendered":"Sesc Ver\u00e3o oferece mais de 80 atividades at\u00e9 quinta; veja programa\u00e7\u00e3o para Santana"},"content":{"rendered":"<div class=\"1acf8468e559fd3cbeec5aee3a269a52\" data-index=\"1\" style=\"float: none; margin:0px;\">\n<!-- Anuncio display - global -->\r\n<ins class=\"adsbygoogle\"\r\n     style=\"display:block\"\r\n     data-ad-client=\"ca-pub-8585364105181520\"\r\n     data-ad-slot=\"8789329856\"\r\n     data-ad-format=\"auto\"\r\n     data-full-width-responsive=\"true\"><\/ins>\r\n<script>\r\n     (adsbygoogle = window.adsbygoogle || []).push({});\r\n<\/script>\n<\/div>\n<p>O Sesc Ver\u00e3o 2011, que oferece dezenas de eventos e atividades esportivas gratuitas, come\u00e7a neste s\u00e1bado (8) em todas as unidades do Sesc no Estado de S\u00e3o Paulo e em locais especiais. A programa\u00e7\u00e3o, que ocorre at\u00e9 27 de fevereiro, inclui encontro com grandes atletas, jogos, exposi\u00e7\u00f5es e pe\u00e7as de teatro. A expectativa \u00e9 de que dois milh\u00f5es de pessoas participem dos eventos.<\/p>\n<p>Alguns dos destaques s\u00e3o a presen\u00e7a do heptacampe\u00e3o de t\u00eanis de mesa Marcos Yamada, do jogador do basquete Isaias de Souza, do jogador de v\u00f4lei Marcelo Negr\u00e3o e da ginasta Danielle Hyp\u00f3lito, al\u00e9m de aulas de escaladas e demonstra\u00e7\u00f5es de jud\u00f4.<\/p>\n<p>Abaixo, veja a programa\u00e7\u00e3o das unidades\u00a0Sesc Pompeia,\u00a0Vila Mariana,\u00a0Consola\u00e7\u00e3o,\u00a0Pinheiros,\u00a0<a href=\"http:\/\/www.encontrasantana.com.br\/santana\/sesc-santana.shtml\" target=\"_blank\">Santana<\/a>,\u00a0Ipiranga,\u00a0Itaquera,\u00a0Osasco,\u00a0Belenzinho, Carmo,\u00a0Interlagos,\u00a0Santo Andr\u00e9 e\u00a0S\u00e3o Caetano at\u00e9 a pr\u00f3xima quinta-feira (13).<\/p>\n<p><strong>SESC SANTANA<\/strong><\/p>\n<p><strong>&#8220;Vendem-se Cenas&#8221;<\/strong><br \/>\nFragmentos de espet\u00e1culos de teatro de diferentes linguagens e g\u00eaneros dram\u00e1ticos, apresentados pelo grupo Santa V\u00edscera. As cenas variam de dois a cinco minutos. Elenco: Marco Antonio Barreto, Graciane Pires e Lara de Bittencourt.<\/p>\n<p>8\/1, 13\/1, 22\/1 e 27\/1. Qui. e s\u00e1b.: 16h. Livre.<\/p>\n<p><strong>&#8220;Caixa de Imagens&#8221;<\/strong><br \/>\nInterven\u00e7\u00f5es teatrais para toda a fam\u00edlia com as hist\u00f3rias: &#8220;O Fot\u00f3grafo&#8221;, &#8220;Travessia&#8221; e &#8220;M\u00e1rio de Andrade&#8221;. Com o grupo Caixa de Imagens.<\/p>\n<p>9\/1 a 30\/1. Qua., sex. e dom.: 16h. Livre.<\/p>\n<p><strong>Futebol de sal\u00e3o<\/strong><br \/>\nFutebol l\u00fadico em quadra infl\u00e1vel com sab\u00e3o. Essa atividade trabalha o equil\u00edbrio de forma divertida. \u00c9 necess\u00e1rio levar trajes adequados \u00e0 pr\u00e1tica.<\/p>\n<p>8\/1 a 30\/1. S\u00e1b. e dom.: 11h \u00e0s 16h. Classifica\u00e7\u00e3o et\u00e1ria: de 7 a 18 anos.<\/p>\n<p><strong>Workshop e demonstra\u00e7\u00e3o de gin\u00e1stica art\u00edstica com Danielle Hyp\u00f3lito<\/strong><br \/>\nUma das principais ginastas brasileiras apresenta a modalidade art\u00edstica e faz uma apresenta\u00e7\u00e3o para os presentes.<\/p>\n<p>8\/1. S\u00e1b.: 14h \u00e0s 18h. Livre.<\/p>\n\n<div style=\"font-size: 0px; height: 0px; line-height: 0px; margin: 0; padding: 0; clear: both;\"><\/div>","protected":false},"excerpt":{"rendered":"<p>O Sesc Ver\u00e3o 2011, que oferece dezenas de eventos e atividades esportivas gratuitas, come\u00e7a neste s\u00e1bado (8) em todas as unidades do Sesc no Estado de S\u00e3o Paulo e em locais especiais. A programa\u00e7\u00e3o, que ocorre at\u00e9 27 de fevereiro, inclui encontro com grandes atletas, jogos, exposi\u00e7\u00f5es e pe\u00e7as de teatro. A expectativa \u00e9 de que dois milh\u00f5es de pessoas participem dos eventos. Alguns dos destaques s\u00e3o a presen\u00e7a do heptacampe\u00e3o de t\u00eanis de mesa Marcos Yamada, do jogador do basquete Isaias de Souza, do jogador de v\u00f4lei Marcelo Negr\u00e3o e da ginasta Danielle Hyp\u00f3lito, al\u00e9m de aulas de escaladas <\/p>\n","protected":false},"author":1,"featured_media":0,"comment_status":"open","ping_status":"closed","sticky":false,"template":"","format":"standard","meta":{"footnotes":""},"categories":[3],"tags":[10],"class_list":["post-687","post","type-post","status-publish","format-standard","hentry","category-noticias-em-santana","tag-santana"],"aioseo_notices":[],"aioseo_head":"\n\t\t<!-- All in One SEO 5.0.0.1 - aioseo.com -->\n\t<meta name=\"description\" content=\"O Sesc Ver\u00e3o 2011, que oferece dezenas de eventos e atividades esportivas gratuitas, come\u00e7a neste s\u00e1bado (8) em todas as unidades do Sesc no Estado de S\u00e3o Paulo e em locais especiais. A programa\u00e7\u00e3o, que ocorre at\u00e9 27 de fevereiro, inclui encontro com grandes atletas, jogos, exposi\u00e7\u00f5es e pe\u00e7as de teatro. A expectativa \u00e9 de\" \/>\n\t<meta name=\"robots\" content=\"max-image-preview:large\" \/>\n\t<meta name=\"author\" content=\"Encontra Santana\"\/>\n\t<link rel=\"canonical\" href=\"https:\/\/www.encontrasantana.com.br\/sobre\/sesc-verao-oferece-mais-de-80-atividades-ate-quinta-veja-programacao-para-santana\/\" \/>\n\t<meta name=\"generator\" content=\"All in One SEO (AIOSEO) 5.0.0.1\" \/>\n\t\t<meta property=\"og:locale\" content=\"pt_BR\" \/>\n\t\t<meta property=\"og:site_name\" content=\"Encontra Santana | Not\u00edcias, eventos, informa\u00e7\u00f5es e dicas no bairro de Santana e regi\u00e3o.\" \/>\n\t\t<meta property=\"og:type\" content=\"article\" \/>\n\t\t<meta property=\"og:title\" content=\"Sesc Ver\u00e3o oferece mais de 80 atividades at\u00e9 quinta; veja programa\u00e7\u00e3o para Santana \u00bb Encontra Santana\" \/>\n\t\t<meta property=\"og:description\" content=\"O Sesc Ver\u00e3o 2011, que oferece dezenas de eventos e atividades esportivas gratuitas, come\u00e7a neste s\u00e1bado (8) em todas as unidades do Sesc no Estado de S\u00e3o Paulo e em locais especiais. A programa\u00e7\u00e3o, que ocorre at\u00e9 27 de fevereiro, inclui encontro com grandes atletas, jogos, exposi\u00e7\u00f5es e pe\u00e7as de teatro. A expectativa \u00e9 de\" \/>\n\t\t<meta property=\"og:url\" content=\"https:\/\/www.encontrasantana.com.br\/sobre\/sesc-verao-oferece-mais-de-80-atividades-ate-quinta-veja-programacao-para-santana\/\" \/>\n\t\t<meta property=\"article:published_time\" content=\"2011-01-07T21:30:34+00:00\" \/>\n\t\t<meta property=\"article:modified_time\" content=\"2019-04-15T13:05:01+00:00\" \/>\n\t\t<meta name=\"twitter:card\" content=\"summary\" \/>\n\t\t<meta name=\"twitter:title\" content=\"Sesc Ver\u00e3o oferece mais de 80 atividades at\u00e9 quinta; veja programa\u00e7\u00e3o para Santana \u00bb Encontra Santana\" \/>\n\t\t<meta name=\"twitter:description\" content=\"O Sesc Ver\u00e3o 2011, que oferece dezenas de eventos e atividades esportivas gratuitas, come\u00e7a neste s\u00e1bado (8) em todas as unidades do Sesc no Estado de S\u00e3o Paulo e em locais especiais. A programa\u00e7\u00e3o, que ocorre at\u00e9 27 de fevereiro, inclui encontro com grandes atletas, jogos, exposi\u00e7\u00f5es e pe\u00e7as de teatro. A expectativa \u00e9 de\" \/>\n\t\t<script type=\"application\/ld+json\" class=\"aioseo-schema\">\n\t\t\t{\"@context\":\"https:\\\/\\\/schema.org\",\"@graph\":[{\"@type\":\"Article\",\"@id\":\"https:\\\/\\\/www.encontrasantana.com.br\\\/sobre\\\/sesc-verao-oferece-mais-de-80-atividades-ate-quinta-veja-programacao-para-santana\\\/#article\",\"name\":\"Sesc Ver\\u00e3o oferece mais de 80 atividades at\\u00e9 quinta; veja programa\\u00e7\\u00e3o para Santana \\u00bb Encontra Santana\",\"headline\":\"Sesc Ver\\u00e3o oferece mais de 80 atividades at\\u00e9 quinta; veja programa\\u00e7\\u00e3o para Santana\",\"author\":{\"@id\":\"https:\\\/\\\/www.encontrasantana.com.br\\\/sobre\\\/author\\\/esantana\\\/#author\"},\"publisher\":{\"@id\":\"https:\\\/\\\/www.encontrasantana.com.br\\\/sobre\\\/#organization\"},\"datePublished\":\"2011-01-07T18:30:34-03:00\",\"dateModified\":\"2019-04-15T10:05:01-03:00\",\"inLanguage\":\"pt-BR\",\"mainEntityOfPage\":{\"@id\":\"https:\\\/\\\/www.encontrasantana.com.br\\\/sobre\\\/sesc-verao-oferece-mais-de-80-atividades-ate-quinta-veja-programacao-para-santana\\\/#webpage\"},\"isPartOf\":{\"@id\":\"https:\\\/\\\/www.encontrasantana.com.br\\\/sobre\\\/sesc-verao-oferece-mais-de-80-atividades-ate-quinta-veja-programacao-para-santana\\\/#webpage\"},\"articleSection\":\"Not\\u00edcias Santana, Santana\"},{\"@type\":\"BreadcrumbList\",\"@id\":\"https:\\\/\\\/www.encontrasantana.com.br\\\/sobre\\\/sesc-verao-oferece-mais-de-80-atividades-ate-quinta-veja-programacao-para-santana\\\/#breadcrumblist\",\"itemListElement\":[{\"@type\":\"ListItem\",\"@id\":\"https:\\\/\\\/www.encontrasantana.com.br\\\/sobre#listItem\",\"position\":1,\"name\":\"In\\u00edcio\",\"item\":\"https:\\\/\\\/www.encontrasantana.com.br\\\/sobre\",\"nextItem\":{\"@type\":\"ListItem\",\"@id\":\"https:\\\/\\\/www.encontrasantana.com.br\\\/sobre\\\/noticias-em-santana\\\/#listItem\",\"name\":\"Not\\u00edcias Santana\"}},{\"@type\":\"ListItem\",\"@id\":\"https:\\\/\\\/www.encontrasantana.com.br\\\/sobre\\\/noticias-em-santana\\\/#listItem\",\"position\":2,\"name\":\"Not\\u00edcias Santana\",\"item\":\"https:\\\/\\\/www.encontrasantana.com.br\\\/sobre\\\/noticias-em-santana\\\/\",\"nextItem\":{\"@type\":\"ListItem\",\"@id\":\"https:\\\/\\\/www.encontrasantana.com.br\\\/sobre\\\/sesc-verao-oferece-mais-de-80-atividades-ate-quinta-veja-programacao-para-santana\\\/#listItem\",\"name\":\"Sesc Ver\\u00e3o oferece mais de 80 atividades at\\u00e9 quinta; veja programa\\u00e7\\u00e3o para Santana\"},\"previousItem\":{\"@type\":\"ListItem\",\"@id\":\"https:\\\/\\\/www.encontrasantana.com.br\\\/sobre#listItem\",\"name\":\"In\\u00edcio\"}},{\"@type\":\"ListItem\",\"@id\":\"https:\\\/\\\/www.encontrasantana.com.br\\\/sobre\\\/sesc-verao-oferece-mais-de-80-atividades-ate-quinta-veja-programacao-para-santana\\\/#listItem\",\"position\":3,\"name\":\"Sesc Ver\\u00e3o oferece mais de 80 atividades at\\u00e9 quinta; veja programa\\u00e7\\u00e3o para Santana\",\"previousItem\":{\"@type\":\"ListItem\",\"@id\":\"https:\\\/\\\/www.encontrasantana.com.br\\\/sobre\\\/noticias-em-santana\\\/#listItem\",\"name\":\"Not\\u00edcias Santana\"}}]},{\"@type\":\"Organization\",\"@id\":\"https:\\\/\\\/www.encontrasantana.com.br\\\/sobre\\\/#organization\",\"name\":\"Encontra Santana\",\"description\":\"Not\\u00edcias, eventos, informa\\u00e7\\u00f5es e dicas no bairro de Santana e regi\\u00e3o.\",\"url\":\"https:\\\/\\\/www.encontrasantana.com.br\\\/sobre\\\/\"},{\"@type\":\"Person\",\"@id\":\"https:\\\/\\\/www.encontrasantana.com.br\\\/sobre\\\/author\\\/esantana\\\/#author\",\"url\":\"https:\\\/\\\/www.encontrasantana.com.br\\\/sobre\\\/author\\\/esantana\\\/\",\"name\":\"Encontra Santana\",\"image\":{\"@type\":\"ImageObject\",\"@id\":\"https:\\\/\\\/www.encontrasantana.com.br\\\/sobre\\\/sesc-verao-oferece-mais-de-80-atividades-ate-quinta-veja-programacao-para-santana\\\/#authorImage\",\"url\":\"https:\\\/\\\/secure.gravatar.com\\\/avatar\\\/0fbed662e37531ae23e68f85f9517b2454e50c1dfebf80eb9b721449ac95e0b9?s=96&d=mm&r=g\",\"width\":96,\"height\":96,\"caption\":\"Encontra Santana\"}},{\"@type\":\"WebPage\",\"@id\":\"https:\\\/\\\/www.encontrasantana.com.br\\\/sobre\\\/sesc-verao-oferece-mais-de-80-atividades-ate-quinta-veja-programacao-para-santana\\\/#webpage\",\"url\":\"https:\\\/\\\/www.encontrasantana.com.br\\\/sobre\\\/sesc-verao-oferece-mais-de-80-atividades-ate-quinta-veja-programacao-para-santana\\\/\",\"name\":\"Sesc Ver\\u00e3o oferece mais de 80 atividades at\\u00e9 quinta; veja programa\\u00e7\\u00e3o para Santana \\u00bb Encontra Santana\",\"description\":\"O Sesc Ver\\u00e3o 2011, que oferece dezenas de eventos e atividades esportivas gratuitas, come\\u00e7a neste s\\u00e1bado (8) em todas as unidades do Sesc no Estado de S\\u00e3o Paulo e em locais especiais. A programa\\u00e7\\u00e3o, que ocorre at\\u00e9 27 de fevereiro, inclui encontro com grandes atletas, jogos, exposi\\u00e7\\u00f5es e pe\\u00e7as de teatro. A expectativa \\u00e9 de\",\"inLanguage\":\"pt-BR\",\"isPartOf\":{\"@id\":\"https:\\\/\\\/www.encontrasantana.com.br\\\/sobre\\\/#website\"},\"breadcrumb\":{\"@id\":\"https:\\\/\\\/www.encontrasantana.com.br\\\/sobre\\\/sesc-verao-oferece-mais-de-80-atividades-ate-quinta-veja-programacao-para-santana\\\/#breadcrumblist\"},\"author\":{\"@id\":\"https:\\\/\\\/www.encontrasantana.com.br\\\/sobre\\\/author\\\/esantana\\\/#author\"},\"creator\":{\"@id\":\"https:\\\/\\\/www.encontrasantana.com.br\\\/sobre\\\/author\\\/esantana\\\/#author\"},\"datePublished\":\"2011-01-07T18:30:34-03:00\",\"dateModified\":\"2019-04-15T10:05:01-03:00\"},{\"@type\":\"WebSite\",\"@id\":\"https:\\\/\\\/www.encontrasantana.com.br\\\/sobre\\\/#website\",\"url\":\"https:\\\/\\\/www.encontrasantana.com.br\\\/sobre\\\/\",\"name\":\"Encontra Santana\",\"description\":\"Not\\u00edcias, eventos, informa\\u00e7\\u00f5es e dicas no bairro de Santana e regi\\u00e3o.\",\"inLanguage\":\"pt-BR\",\"publisher\":{\"@id\":\"https:\\\/\\\/www.encontrasantana.com.br\\\/sobre\\\/#organization\"}}]}\n\t\t<\/script>\n\t\t<!-- All in One SEO -->\n\n","aioseo_head_json":{"title":"Sesc Ver\u00e3o oferece mais de 80 atividades at\u00e9 quinta; veja programa\u00e7\u00e3o para Santana \u00bb Encontra Santana","description":"O Sesc Ver\u00e3o 2011, que oferece dezenas de eventos e atividades esportivas gratuitas, come\u00e7a neste s\u00e1bado (8) em todas as unidades do Sesc no Estado de S\u00e3o Paulo e em locais especiais. A programa\u00e7\u00e3o, que ocorre at\u00e9 27 de fevereiro, inclui encontro com grandes atletas, jogos, exposi\u00e7\u00f5es e pe\u00e7as de teatro. A expectativa \u00e9 de","canonical_url":"https:\/\/www.encontrasantana.com.br\/sobre\/sesc-verao-oferece-mais-de-80-atividades-ate-quinta-veja-programacao-para-santana\/","robots":"max-image-preview:large","keywords":"","webmasterTools":{"miscellaneous":""},"schema":{"@context":"https:\/\/schema.org","@graph":[{"@type":"Article","@id":"https:\/\/www.encontrasantana.com.br\/sobre\/sesc-verao-oferece-mais-de-80-atividades-ate-quinta-veja-programacao-para-santana\/#article","name":"Sesc Ver\u00e3o oferece mais de 80 atividades at\u00e9 quinta; veja programa\u00e7\u00e3o para Santana \u00bb Encontra Santana","headline":"Sesc Ver\u00e3o oferece mais de 80 atividades at\u00e9 quinta; veja programa\u00e7\u00e3o para Santana","author":{"@id":"https:\/\/www.encontrasantana.com.br\/sobre\/author\/esantana\/#author"},"publisher":{"@id":"https:\/\/www.encontrasantana.com.br\/sobre\/#organization"},"datePublished":"2011-01-07T18:30:34-03:00","dateModified":"2019-04-15T10:05:01-03:00","inLanguage":"pt-BR","mainEntityOfPage":{"@id":"https:\/\/www.encontrasantana.com.br\/sobre\/sesc-verao-oferece-mais-de-80-atividades-ate-quinta-veja-programacao-para-santana\/#webpage"},"isPartOf":{"@id":"https:\/\/www.encontrasantana.com.br\/sobre\/sesc-verao-oferece-mais-de-80-atividades-ate-quinta-veja-programacao-para-santana\/#webpage"},"articleSection":"Not\u00edcias Santana, Santana"},{"@type":"BreadcrumbList","@id":"https:\/\/www.encontrasantana.com.br\/sobre\/sesc-verao-oferece-mais-de-80-atividades-ate-quinta-veja-programacao-para-santana\/#breadcrumblist","itemListElement":[{"@type":"ListItem","@id":"https:\/\/www.encontrasantana.com.br\/sobre#listItem","position":1,"name":"In\u00edcio","item":"https:\/\/www.encontrasantana.com.br\/sobre","nextItem":{"@type":"ListItem","@id":"https:\/\/www.encontrasantana.com.br\/sobre\/noticias-em-santana\/#listItem","name":"Not\u00edcias Santana"}},{"@type":"ListItem","@id":"https:\/\/www.encontrasantana.com.br\/sobre\/noticias-em-santana\/#listItem","position":2,"name":"Not\u00edcias Santana","item":"https:\/\/www.encontrasantana.com.br\/sobre\/noticias-em-santana\/","nextItem":{"@type":"ListItem","@id":"https:\/\/www.encontrasantana.com.br\/sobre\/sesc-verao-oferece-mais-de-80-atividades-ate-quinta-veja-programacao-para-santana\/#listItem","name":"Sesc Ver\u00e3o oferece mais de 80 atividades at\u00e9 quinta; veja programa\u00e7\u00e3o para Santana"},"previousItem":{"@type":"ListItem","@id":"https:\/\/www.encontrasantana.com.br\/sobre#listItem","name":"In\u00edcio"}},{"@type":"ListItem","@id":"https:\/\/www.encontrasantana.com.br\/sobre\/sesc-verao-oferece-mais-de-80-atividades-ate-quinta-veja-programacao-para-santana\/#listItem","position":3,"name":"Sesc Ver\u00e3o oferece mais de 80 atividades at\u00e9 quinta; veja programa\u00e7\u00e3o para Santana","previousItem":{"@type":"ListItem","@id":"https:\/\/www.encontrasantana.com.br\/sobre\/noticias-em-santana\/#listItem","name":"Not\u00edcias Santana"}}]},{"@type":"Organization","@id":"https:\/\/www.encontrasantana.com.br\/sobre\/#organization","name":"Encontra Santana","description":"Not\u00edcias, eventos, informa\u00e7\u00f5es e dicas no bairro de Santana e regi\u00e3o.","url":"https:\/\/www.encontrasantana.com.br\/sobre\/"},{"@type":"Person","@id":"https:\/\/www.encontrasantana.com.br\/sobre\/author\/esantana\/#author","url":"https:\/\/www.encontrasantana.com.br\/sobre\/author\/esantana\/","name":"Encontra Santana","image":{"@type":"ImageObject","@id":"https:\/\/www.encontrasantana.com.br\/sobre\/sesc-verao-oferece-mais-de-80-atividades-ate-quinta-veja-programacao-para-santana\/#authorImage","url":"https:\/\/secure.gravatar.com\/avatar\/0fbed662e37531ae23e68f85f9517b2454e50c1dfebf80eb9b721449ac95e0b9?s=96&d=mm&r=g","width":96,"height":96,"caption":"Encontra Santana"}},{"@type":"WebPage","@id":"https:\/\/www.encontrasantana.com.br\/sobre\/sesc-verao-oferece-mais-de-80-atividades-ate-quinta-veja-programacao-para-santana\/#webpage","url":"https:\/\/www.encontrasantana.com.br\/sobre\/sesc-verao-oferece-mais-de-80-atividades-ate-quinta-veja-programacao-para-santana\/","name":"Sesc Ver\u00e3o oferece mais de 80 atividades at\u00e9 quinta; veja programa\u00e7\u00e3o para Santana \u00bb Encontra Santana","description":"O Sesc Ver\u00e3o 2011, que oferece dezenas de eventos e atividades esportivas gratuitas, come\u00e7a neste s\u00e1bado (8) em todas as unidades do Sesc no Estado de S\u00e3o Paulo e em locais especiais. A programa\u00e7\u00e3o, que ocorre at\u00e9 27 de fevereiro, inclui encontro com grandes atletas, jogos, exposi\u00e7\u00f5es e pe\u00e7as de teatro. A expectativa \u00e9 de","inLanguage":"pt-BR","isPartOf":{"@id":"https:\/\/www.encontrasantana.com.br\/sobre\/#website"},"breadcrumb":{"@id":"https:\/\/www.encontrasantana.com.br\/sobre\/sesc-verao-oferece-mais-de-80-atividades-ate-quinta-veja-programacao-para-santana\/#breadcrumblist"},"author":{"@id":"https:\/\/www.encontrasantana.com.br\/sobre\/author\/esantana\/#author"},"creator":{"@id":"https:\/\/www.encontrasantana.com.br\/sobre\/author\/esantana\/#author"},"datePublished":"2011-01-07T18:30:34-03:00","dateModified":"2019-04-15T10:05:01-03:00"},{"@type":"WebSite","@id":"https:\/\/www.encontrasantana.com.br\/sobre\/#website","url":"https:\/\/www.encontrasantana.com.br\/sobre\/","name":"Encontra Santana","description":"Not\u00edcias, eventos, informa\u00e7\u00f5es e dicas no bairro de Santana e regi\u00e3o.","inLanguage":"pt-BR","publisher":{"@id":"https:\/\/www.encontrasantana.com.br\/sobre\/#organization"}}]},"og:locale":"pt_BR","og:site_name":"Encontra Santana | Not\u00edcias, eventos, informa\u00e7\u00f5es e dicas no bairro de Santana e regi\u00e3o.","og:type":"article","og:title":"Sesc Ver\u00e3o oferece mais de 80 atividades at\u00e9 quinta; veja programa\u00e7\u00e3o para Santana \u00bb Encontra Santana","og:description":"O Sesc Ver\u00e3o 2011, que oferece dezenas de eventos e atividades esportivas gratuitas, come\u00e7a neste s\u00e1bado (8) em todas as unidades do Sesc no Estado de S\u00e3o Paulo e em locais especiais. A programa\u00e7\u00e3o, que ocorre at\u00e9 27 de fevereiro, inclui encontro com grandes atletas, jogos, exposi\u00e7\u00f5es e pe\u00e7as de teatro. A expectativa \u00e9 de","og:url":"https:\/\/www.encontrasantana.com.br\/sobre\/sesc-verao-oferece-mais-de-80-atividades-ate-quinta-veja-programacao-para-santana\/","article:published_time":"2011-01-07T21:30:34+00:00","article:modified_time":"2019-04-15T13:05:01+00:00","twitter:card":"summary","twitter:title":"Sesc Ver\u00e3o oferece mais de 80 atividades at\u00e9 quinta; veja programa\u00e7\u00e3o para Santana \u00bb Encontra Santana","twitter:description":"O Sesc Ver\u00e3o 2011, que oferece dezenas de eventos e atividades esportivas gratuitas, come\u00e7a neste s\u00e1bado (8) em todas as unidades do Sesc no Estado de S\u00e3o Paulo e em locais especiais. A programa\u00e7\u00e3o, que ocorre at\u00e9 27 de fevereiro, inclui encontro com grandes atletas, jogos, exposi\u00e7\u00f5es e pe\u00e7as de teatro. A expectativa \u00e9 de"},"aioseo_meta_data":{"post_id":"687","title":null,"description":null,"keywords":null,"keyphrases":null,"primary_term":null,"canonical_url":null,"og_title":null,"og_description":null,"og_object_type":"default","og_image_type":"default","og_image_url":null,"og_image_width":null,"og_image_height":null,"og_image_custom_url":null,"og_image_custom_fields":null,"og_video":null,"og_custom_url":null,"og_article_section":null,"og_article_tags":null,"twitter_use_og":false,"twitter_card":"default","twitter_image_type":"default","twitter_image_url":null,"twitter_image_custom_url":null,"twitter_image_custom_fields":null,"twitter_title":null,"twitter_description":null,"schema":{"blockGraphs":[],"customGraphs":[],"default":{"data":{"Article":[],"Course":[],"Dataset":[],"FAQPage":[],"Movie":[],"Person":[],"Product":[],"ProductReview":[],"Car":[],"Recipe":[],"Service":[],"SoftwareApplication":[],"WebPage":[]},"graphName":"Article","isEnabled":true},"graphs":[]},"schema_type":null,"schema_type_options":null,"pillar_content":false,"robots_default":true,"robots_noindex":false,"robots_noarchive":false,"robots_nosnippet":false,"robots_nofollow":false,"robots_noimageindex":false,"robots_noodp":false,"robots_notranslate":false,"robots_max_snippet":null,"robots_max_videopreview":null,"robots_max_imagepreview":"large","priority":null,"frequency":null,"local_seo":null,"limit_modified_date":false,"created":"2021-04-20 20:36:06","updated":"2026-08-06 04:33:27","focus_keyword":null,"additional_keywords":null,"truseo_locale":null,"ai":null,"breadcrumb_settings":null,"seo_analyzer_scan_date":null},"aioseo_breadcrumb":"<div class=\"aioseo-breadcrumbs\"><span class=\"aioseo-breadcrumb\">\n\t\t\t<a href=\"https:\/\/www.encontrasantana.com.br\/sobre\" title=\"In\u00edcio\">In\u00edcio<\/a>\n\t\t<\/span><span class=\"aioseo-breadcrumb-separator\">&raquo;<\/span><span class=\"aioseo-breadcrumb\">\n\t\t\t<a href=\"https:\/\/www.encontrasantana.com.br\/sobre\/noticias-em-santana\/\" title=\"Not\u00edcias Santana\">Not\u00edcias Santana<\/a>\n\t\t<\/span><span class=\"aioseo-breadcrumb-separator\">&raquo;<\/span><span class=\"aioseo-breadcrumb\">\n\t\t\tSesc Ver\u00e3o oferece mais de 80 atividades at\u00e9 quinta; veja programa\u00e7\u00e3o para Santana\n\t\t<\/span><\/div>","aioseo_breadcrumb_json":[{"label":"In\u00edcio","link":"https:\/\/www.encontrasantana.com.br\/sobre"},{"label":"Not\u00edcias Santana","link":"https:\/\/www.encontrasantana.com.br\/sobre\/noticias-em-santana\/"},{"label":"Sesc Ver\u00e3o oferece mais de 80 atividades at\u00e9 quinta; veja programa\u00e7\u00e3o para Santana","link":"https:\/\/www.encontrasantana.com.br\/sobre\/sesc-verao-oferece-mais-de-80-atividades-ate-quinta-veja-programacao-para-santana\/"}],"_links":{"self":[{"href":"https:\/\/www.encontrasantana.com.br\/sobre\/wp-json\/wp\/v2\/posts\/687","targetHints":{"allow":["GET"]}}],"collection":[{"href":"https:\/\/www.encontrasantana.com.br\/sobre\/wp-json\/wp\/v2\/posts"}],"about":[{"href":"https:\/\/www.encontrasantana.com.br\/sobre\/wp-json\/wp\/v2\/types\/post"}],"author":[{"embeddable":true,"href":"https:\/\/www.encontrasantana.com.br\/sobre\/wp-json\/wp\/v2\/users\/1"}],"replies":[{"embeddable":true,"href":"https:\/\/www.encontrasantana.com.br\/sobre\/wp-json\/wp\/v2\/comments?post=687"}],"version-history":[{"count":0,"href":"https:\/\/www.encontrasantana.com.br\/sobre\/wp-json\/wp\/v2\/posts\/687\/revisions"}],"wp:attachment":[{"href":"https:\/\/www.encontrasantana.com.br\/sobre\/wp-json\/wp\/v2\/media?parent=687"}],"wp:term":[{"taxonomy":"category","embeddable":true,"href":"https:\/\/www.encontrasantana.com.br\/sobre\/wp-json\/wp\/v2\/categories?post=687"},{"taxonomy":"post_tag","embeddable":true,"href":"https:\/\/www.encontrasantana.com.br\/sobre\/wp-json\/wp\/v2\/tags?post=687"}],"curies":[{"name":"wp","href":"https:\/\/api.w.org\/{rel}","templated":true}]}}