{"id":704,"date":"2011-01-17T17:56:02","date_gmt":"2011-01-17T20:56:02","guid":{"rendered":"http:\/\/www.encontrasantana.com.br\/blog\/?p=704"},"modified":"2019-04-15T10:05:00","modified_gmt":"2019-04-15T13:05:00","slug":"amy-encerra-em-santana-turne-irregular","status":"publish","type":"post","link":"https:\/\/www.encontrasantana.com.br\/sobre\/amy-encerra-em-santana-turne-irregular\/","title":{"rendered":"Amy encerra em Santana turn\u00ea irregular"},"content":{"rendered":"<div class=\"1acf8468e559fd3cbeec5aee3a269a52\" data-index=\"1\" style=\"float: none; margin:0px;\">\n<!-- Anuncio display - global -->\r\n<ins class=\"adsbygoogle\"\r\n     style=\"display:block\"\r\n     data-ad-client=\"ca-pub-8585364105181520\"\r\n     data-ad-slot=\"8789329856\"\r\n     data-ad-format=\"auto\"\r\n     data-full-width-responsive=\"true\"><\/ins>\r\n<script>\r\n     (adsbygoogle = window.adsbygoogle || []).push({});\r\n<\/script>\n<\/div>\n<p>Na noite de s\u00e1bado, a inglesa Amy Winehouse, 27 anos, fez seu primeiro show em S\u00e3o Paulo, encerrando o festival Summer Soul, que ocorreu na <a href=\"http:\/\/www.encontrasantana.com.br\/santana\/anhembi-em-santana.shtml\" target=\"_blank\">Arena Anhembi<\/a> (zona norte), em Santana. A apresenta\u00e7\u00e3o, que faz parte de uma turn\u00ea e marca seu retorno aos palcos ap\u00f3s dois anos afastada, foi curta e atrapalhada, mas conseguiu conquistar o p\u00fablico.<\/p>\n<p>Foram exatos 72 minutos de show. Descontadas as vezes em que ela saiu do palco, o intervalo antes do bis e os solos dos m\u00fasicos, Amy n\u00e3o deve ter cantado por mais de 55 minutos.<\/p>\n<p>Ela subiu ao palco \u00e0s 23h40, com 25 minutos de atraso, ap\u00f3s a apresenta\u00e7\u00e3o dos americanos Mayer Hawthorne e Janelle Mona\u00e9, que fez um show cheio de energia e emo\u00e7\u00e3o.<\/p>\n<p><em>Fonte: Agora S\u00e3o Paulo<\/em><\/p>\n\n<div style=\"font-size: 0px; height: 0px; line-height: 0px; margin: 0; padding: 0; clear: both;\"><\/div>","protected":false},"excerpt":{"rendered":"<p>Na noite de s\u00e1bado, a inglesa Amy Winehouse, 27 anos, fez seu primeiro show em S\u00e3o Paulo, encerrando o festival Summer Soul, que ocorreu na Arena Anhembi (zona norte), em Santana. A apresenta\u00e7\u00e3o, que faz parte de uma turn\u00ea e marca seu retorno aos palcos ap\u00f3s dois anos afastada, foi curta e atrapalhada, mas conseguiu conquistar o p\u00fablico. Foram exatos 72 minutos de show. Descontadas as vezes em que ela saiu do palco, o intervalo antes do bis e os solos dos m\u00fasicos, Amy n\u00e3o deve ter cantado por mais de 55 minutos. Ela subiu ao palco \u00e0s 23h40, com <\/p>\n","protected":false},"author":1,"featured_media":0,"comment_status":"open","ping_status":"closed","sticky":false,"template":"","format":"standard","meta":{"footnotes":""},"categories":[8],"tags":[10],"class_list":["post-704","post","type-post","status-publish","format-standard","hentry","category-shows-em-santana","tag-santana"],"aioseo_notices":[],"_links":{"self":[{"href":"https:\/\/www.encontrasantana.com.br\/sobre\/wp-json\/wp\/v2\/posts\/704"}],"collection":[{"href":"https:\/\/www.encontrasantana.com.br\/sobre\/wp-json\/wp\/v2\/posts"}],"about":[{"href":"https:\/\/www.encontrasantana.com.br\/sobre\/wp-json\/wp\/v2\/types\/post"}],"author":[{"embeddable":true,"href":"https:\/\/www.encontrasantana.com.br\/sobre\/wp-json\/wp\/v2\/users\/1"}],"replies":[{"embeddable":true,"href":"https:\/\/www.encontrasantana.com.br\/sobre\/wp-json\/wp\/v2\/comments?post=704"}],"version-history":[{"count":0,"href":"https:\/\/www.encontrasantana.com.br\/sobre\/wp-json\/wp\/v2\/posts\/704\/revisions"}],"wp:attachment":[{"href":"https:\/\/www.encontrasantana.com.br\/sobre\/wp-json\/wp\/v2\/media?parent=704"}],"wp:term":[{"taxonomy":"category","embeddable":true,"href":"https:\/\/www.encontrasantana.com.br\/sobre\/wp-json\/wp\/v2\/categories?post=704"},{"taxonomy":"post_tag","embeddable":true,"href":"https:\/\/www.encontrasantana.com.br\/sobre\/wp-json\/wp\/v2\/tags?post=704"}],"curies":[{"name":"wp","href":"https:\/\/api.w.org\/{rel}","templated":true}]}}