{"id":706,"date":"2011-01-19T18:38:41","date_gmt":"2011-01-19T21:38:41","guid":{"rendered":"http:\/\/www.encontrasantana.com.br\/blog\/?p=706"},"modified":"2019-04-15T10:04:59","modified_gmt":"2019-04-15T13:04:59","slug":"trio-e-preso-durante-assalto-a-loja-de-surf-em-santana","status":"publish","type":"post","link":"https:\/\/www.encontrasantana.com.br\/sobre\/trio-e-preso-durante-assalto-a-loja-de-surf-em-santana\/","title":{"rendered":"Trio \u00e9 preso durante assalto a loja de surf em Santana"},"content":{"rendered":"<div class=\"1acf8468e559fd3cbeec5aee3a269a52\" data-index=\"1\" style=\"float: none; margin:0px;\">\n<!-- Anuncio display - global -->\r\n<ins class=\"adsbygoogle\"\r\n     style=\"display:block\"\r\n     data-ad-client=\"ca-pub-8585364105181520\"\r\n     data-ad-slot=\"8789329856\"\r\n     data-ad-format=\"auto\"\r\n     data-full-width-responsive=\"true\"><\/ins>\r\n<script>\r\n     (adsbygoogle = window.adsbygoogle || []).push({});\r\n<\/script>\n<\/div>\n<p>Tr\u00eas bandidos foram presos, na noite da segunda-feira, 17, quando assaltavam uma loja de artigos esportivos, especializada em surf, na rua Volunt\u00e1rios da P\u00e1tria, em guia Santana, zona norte de S\u00e3o Paulo.<\/p>\n<p>Com o trio, que foi detido por policiais militares das Rondas Ostensivas com Aux\u00edlio de Motocicleta (Rocam) do 9\u00ba Batalh\u00e3o, havia um rev\u00f3lver calibre 38. Os tr\u00eas criminosos, que n\u00e3o tiveram o nome informado pela pol\u00edcia, s\u00e3o maiores de idade.<\/p>\n<p>O caso foi registrado no 13\u00ba Distrito Policial, da Casa Verde<\/p>\n<p><em>Fonte: estad\u00e3o.com.br<\/em><\/p>\n\n<div style=\"font-size: 0px; height: 0px; line-height: 0px; margin: 0; padding: 0; clear: both;\"><\/div>","protected":false},"excerpt":{"rendered":"<p>Tr\u00eas bandidos foram presos, na noite da segunda-feira, 17, quando assaltavam uma loja de artigos esportivos, especializada em surf, na rua Volunt\u00e1rios da P\u00e1tria, em guia Santana, zona norte de S\u00e3o Paulo. Com o trio, que foi detido por policiais militares das Rondas Ostensivas com Aux\u00edlio de Motocicleta (Rocam) do 9\u00ba Batalh\u00e3o, havia um rev\u00f3lver calibre 38. Os tr\u00eas criminosos, que n\u00e3o tiveram o nome informado pela pol\u00edcia, s\u00e3o maiores de idade. O caso foi registrado no 13\u00ba Distrito Policial, da Casa Verde Fonte: estad\u00e3o.com.br<\/p>\n","protected":false},"author":1,"featured_media":0,"comment_status":"open","ping_status":"closed","sticky":false,"template":"","format":"standard","meta":{"footnotes":""},"categories":[3],"tags":[10],"class_list":["post-706","post","type-post","status-publish","format-standard","hentry","category-noticias-em-santana","tag-santana"],"aioseo_notices":[],"_links":{"self":[{"href":"https:\/\/www.encontrasantana.com.br\/sobre\/wp-json\/wp\/v2\/posts\/706"}],"collection":[{"href":"https:\/\/www.encontrasantana.com.br\/sobre\/wp-json\/wp\/v2\/posts"}],"about":[{"href":"https:\/\/www.encontrasantana.com.br\/sobre\/wp-json\/wp\/v2\/types\/post"}],"author":[{"embeddable":true,"href":"https:\/\/www.encontrasantana.com.br\/sobre\/wp-json\/wp\/v2\/users\/1"}],"replies":[{"embeddable":true,"href":"https:\/\/www.encontrasantana.com.br\/sobre\/wp-json\/wp\/v2\/comments?post=706"}],"version-history":[{"count":0,"href":"https:\/\/www.encontrasantana.com.br\/sobre\/wp-json\/wp\/v2\/posts\/706\/revisions"}],"wp:attachment":[{"href":"https:\/\/www.encontrasantana.com.br\/sobre\/wp-json\/wp\/v2\/media?parent=706"}],"wp:term":[{"taxonomy":"category","embeddable":true,"href":"https:\/\/www.encontrasantana.com.br\/sobre\/wp-json\/wp\/v2\/categories?post=706"},{"taxonomy":"post_tag","embeddable":true,"href":"https:\/\/www.encontrasantana.com.br\/sobre\/wp-json\/wp\/v2\/tags?post=706"}],"curies":[{"name":"wp","href":"https:\/\/api.w.org\/{rel}","templated":true}]}}