{"id":727,"date":"2011-01-24T16:25:20","date_gmt":"2011-01-24T19:25:20","guid":{"rendered":"http:\/\/www.encontrasantana.com.br\/blog\/?p=727"},"modified":"2019-04-15T10:04:58","modified_gmt":"2019-04-15T13:04:58","slug":"biblioteca-de-santana-abre-espaco-para-artistas","status":"publish","type":"post","link":"https:\/\/www.encontrasantana.com.br\/sobre\/biblioteca-de-santana-abre-espaco-para-artistas\/","title":{"rendered":"Biblioteca de Santana abre espa\u00e7o para artistas"},"content":{"rendered":"<div class=\"1acf8468e559fd3cbeec5aee3a269a52\" data-index=\"1\" style=\"float: none; margin:0px;\">\n<!-- Anuncio display - global -->\r\n<ins class=\"adsbygoogle\"\r\n     style=\"display:block\"\r\n     data-ad-client=\"ca-pub-8585364105181520\"\r\n     data-ad-slot=\"8789329856\"\r\n     data-ad-format=\"auto\"\r\n     data-full-width-responsive=\"true\"><\/ins>\r\n<script>\r\n     (adsbygoogle = window.adsbygoogle || []).push({});\r\n<\/script>\n<\/div>\n<p>A Biblioteca de S\u00e3o Paulo, no bairro de Santana, na Zona Norte de SP, abriu as portas para artistas da regi\u00e3o. Por meio do projeto que vai criar um portif\u00f3lio para m\u00fasicos, atores, dan\u00e7arinos, poetas, artes\u00e3os e pintores da Zona Norte, a Biblioteca vai garantir espa\u00e7o para quem \u00e9 an\u00f4nimo.<\/p>\n<p>Os interessados em participar devem entrar com em contato com M\u00e1rio, respons\u00e1vel pela sele\u00e7\u00e3o dos artistas, pelo e-mail: mariosilva@bibliotecadesaopaulo.org.br, e enviar textos ou fotos apresentando o seu trabalho.<\/p>\n<p>A Biblioteca est\u00e1 na Avenida Cruzeiro do Sul, 2630, Santana, ao lado do <a href=\"http:\/\/www.encontrasantana.com.br\/santana\/estacao-carandiru-metro.shtml\" target=\"_blank\">metr\u00f4 Carandiru<\/a>. Informa\u00e7\u00f5es: 2089-0800.<\/p>\n<p><em>Fonte: Di\u00e1rio de S. Paulo<\/em><\/p>\n\n<div style=\"font-size: 0px; height: 0px; line-height: 0px; margin: 0; padding: 0; clear: both;\"><\/div>","protected":false},"excerpt":{"rendered":"<p>A Biblioteca de S\u00e3o Paulo, no bairro de Santana, na Zona Norte de SP, abriu as portas para artistas da regi\u00e3o. Por meio do projeto que vai criar um portif\u00f3lio para m\u00fasicos, atores, dan\u00e7arinos, poetas, artes\u00e3os e pintores da Zona Norte, a Biblioteca vai garantir espa\u00e7o para quem \u00e9 an\u00f4nimo. Os interessados em participar devem entrar com em contato com M\u00e1rio, respons\u00e1vel pela sele\u00e7\u00e3o dos artistas, pelo e-mail: mariosilva@bibliotecadesaopaulo.org.br, e enviar textos ou fotos apresentando o seu trabalho. A Biblioteca est\u00e1 na Avenida Cruzeiro do Sul, 2630, Santana, ao lado do metr\u00f4 Carandiru. Informa\u00e7\u00f5es: 2089-0800. Fonte: Di\u00e1rio de S. Paulo<\/p>\n","protected":false},"author":1,"featured_media":0,"comment_status":"open","ping_status":"closed","sticky":false,"template":"","format":"standard","meta":{"footnotes":""},"categories":[3],"tags":[10],"class_list":["post-727","post","type-post","status-publish","format-standard","hentry","category-noticias-em-santana","tag-santana"],"aioseo_notices":[],"aioseo_head":"\n\t\t<!-- All in One SEO 5.0.0.1 - aioseo.com -->\n\t<meta name=\"description\" content=\"A Biblioteca de S\u00e3o Paulo, no bairro de Santana, na Zona Norte de SP, abriu as portas para artistas da regi\u00e3o. Por meio do projeto que vai criar um portif\u00f3lio para m\u00fasicos, atores, dan\u00e7arinos, poetas, artes\u00e3os e pintores da Zona Norte, a Biblioteca vai garantir espa\u00e7o para quem \u00e9 an\u00f4nimo. Os interessados em participar devem\" \/>\n\t<meta name=\"robots\" content=\"max-image-preview:large\" \/>\n\t<meta name=\"author\" content=\"Encontra Santana\"\/>\n\t<link rel=\"canonical\" href=\"https:\/\/www.encontrasantana.com.br\/sobre\/biblioteca-de-santana-abre-espaco-para-artistas\/\" \/>\n\t<meta name=\"generator\" content=\"All in One SEO (AIOSEO) 5.0.0.1\" \/>\n\t\t<meta property=\"og:locale\" content=\"pt_BR\" \/>\n\t\t<meta property=\"og:site_name\" content=\"Encontra Santana | Not\u00edcias, eventos, informa\u00e7\u00f5es e dicas no bairro de Santana e regi\u00e3o.\" \/>\n\t\t<meta property=\"og:type\" content=\"article\" \/>\n\t\t<meta property=\"og:title\" content=\"Biblioteca de Santana abre espa\u00e7o para artistas \u00bb Encontra Santana\" \/>\n\t\t<meta property=\"og:description\" content=\"A Biblioteca de S\u00e3o Paulo, no bairro de Santana, na Zona Norte de SP, abriu as portas para artistas da regi\u00e3o. Por meio do projeto que vai criar um portif\u00f3lio para m\u00fasicos, atores, dan\u00e7arinos, poetas, artes\u00e3os e pintores da Zona Norte, a Biblioteca vai garantir espa\u00e7o para quem \u00e9 an\u00f4nimo. Os interessados em participar devem\" \/>\n\t\t<meta property=\"og:url\" content=\"https:\/\/www.encontrasantana.com.br\/sobre\/biblioteca-de-santana-abre-espaco-para-artistas\/\" \/>\n\t\t<meta property=\"article:published_time\" content=\"2011-01-24T19:25:20+00:00\" \/>\n\t\t<meta property=\"article:modified_time\" content=\"2019-04-15T13:04:58+00:00\" \/>\n\t\t<meta name=\"twitter:card\" content=\"summary\" \/>\n\t\t<meta name=\"twitter:title\" content=\"Biblioteca de Santana abre espa\u00e7o para artistas \u00bb Encontra Santana\" \/>\n\t\t<meta name=\"twitter:description\" content=\"A Biblioteca de S\u00e3o Paulo, no bairro de Santana, na Zona Norte de SP, abriu as portas para artistas da regi\u00e3o. Por meio do projeto que vai criar um portif\u00f3lio para m\u00fasicos, atores, dan\u00e7arinos, poetas, artes\u00e3os e pintores da Zona Norte, a Biblioteca vai garantir espa\u00e7o para quem \u00e9 an\u00f4nimo. Os interessados em participar devem\" \/>\n\t\t<script type=\"application\/ld+json\" class=\"aioseo-schema\">\n\t\t\t{\"@context\":\"https:\\\/\\\/schema.org\",\"@graph\":[{\"@type\":\"Article\",\"@id\":\"https:\\\/\\\/www.encontrasantana.com.br\\\/sobre\\\/biblioteca-de-santana-abre-espaco-para-artistas\\\/#article\",\"name\":\"Biblioteca de Santana abre espa\\u00e7o para artistas \\u00bb Encontra Santana\",\"headline\":\"Biblioteca de Santana abre espa\\u00e7o para artistas\",\"author\":{\"@id\":\"https:\\\/\\\/www.encontrasantana.com.br\\\/sobre\\\/author\\\/esantana\\\/#author\"},\"publisher\":{\"@id\":\"https:\\\/\\\/www.encontrasantana.com.br\\\/sobre\\\/#organization\"},\"datePublished\":\"2011-01-24T16:25:20-03:00\",\"dateModified\":\"2019-04-15T10:04:58-03:00\",\"inLanguage\":\"pt-BR\",\"mainEntityOfPage\":{\"@id\":\"https:\\\/\\\/www.encontrasantana.com.br\\\/sobre\\\/biblioteca-de-santana-abre-espaco-para-artistas\\\/#webpage\"},\"isPartOf\":{\"@id\":\"https:\\\/\\\/www.encontrasantana.com.br\\\/sobre\\\/biblioteca-de-santana-abre-espaco-para-artistas\\\/#webpage\"},\"articleSection\":\"Not\\u00edcias Santana, Santana\"},{\"@type\":\"BreadcrumbList\",\"@id\":\"https:\\\/\\\/www.encontrasantana.com.br\\\/sobre\\\/biblioteca-de-santana-abre-espaco-para-artistas\\\/#breadcrumblist\",\"itemListElement\":[{\"@type\":\"ListItem\",\"@id\":\"https:\\\/\\\/www.encontrasantana.com.br\\\/sobre#listItem\",\"position\":1,\"name\":\"In\\u00edcio\",\"item\":\"https:\\\/\\\/www.encontrasantana.com.br\\\/sobre\",\"nextItem\":{\"@type\":\"ListItem\",\"@id\":\"https:\\\/\\\/www.encontrasantana.com.br\\\/sobre\\\/noticias-em-santana\\\/#listItem\",\"name\":\"Not\\u00edcias Santana\"}},{\"@type\":\"ListItem\",\"@id\":\"https:\\\/\\\/www.encontrasantana.com.br\\\/sobre\\\/noticias-em-santana\\\/#listItem\",\"position\":2,\"name\":\"Not\\u00edcias Santana\",\"item\":\"https:\\\/\\\/www.encontrasantana.com.br\\\/sobre\\\/noticias-em-santana\\\/\",\"nextItem\":{\"@type\":\"ListItem\",\"@id\":\"https:\\\/\\\/www.encontrasantana.com.br\\\/sobre\\\/biblioteca-de-santana-abre-espaco-para-artistas\\\/#listItem\",\"name\":\"Biblioteca de Santana abre espa\\u00e7o para artistas\"},\"previousItem\":{\"@type\":\"ListItem\",\"@id\":\"https:\\\/\\\/www.encontrasantana.com.br\\\/sobre#listItem\",\"name\":\"In\\u00edcio\"}},{\"@type\":\"ListItem\",\"@id\":\"https:\\\/\\\/www.encontrasantana.com.br\\\/sobre\\\/biblioteca-de-santana-abre-espaco-para-artistas\\\/#listItem\",\"position\":3,\"name\":\"Biblioteca de Santana abre espa\\u00e7o para artistas\",\"previousItem\":{\"@type\":\"ListItem\",\"@id\":\"https:\\\/\\\/www.encontrasantana.com.br\\\/sobre\\\/noticias-em-santana\\\/#listItem\",\"name\":\"Not\\u00edcias Santana\"}}]},{\"@type\":\"Organization\",\"@id\":\"https:\\\/\\\/www.encontrasantana.com.br\\\/sobre\\\/#organization\",\"name\":\"Encontra Santana\",\"description\":\"Not\\u00edcias, eventos, informa\\u00e7\\u00f5es e dicas no bairro de Santana e regi\\u00e3o.\",\"url\":\"https:\\\/\\\/www.encontrasantana.com.br\\\/sobre\\\/\"},{\"@type\":\"Person\",\"@id\":\"https:\\\/\\\/www.encontrasantana.com.br\\\/sobre\\\/author\\\/esantana\\\/#author\",\"url\":\"https:\\\/\\\/www.encontrasantana.com.br\\\/sobre\\\/author\\\/esantana\\\/\",\"name\":\"Encontra Santana\",\"image\":{\"@type\":\"ImageObject\",\"@id\":\"https:\\\/\\\/www.encontrasantana.com.br\\\/sobre\\\/biblioteca-de-santana-abre-espaco-para-artistas\\\/#authorImage\",\"url\":\"https:\\\/\\\/secure.gravatar.com\\\/avatar\\\/0fbed662e37531ae23e68f85f9517b2454e50c1dfebf80eb9b721449ac95e0b9?s=96&d=mm&r=g\",\"width\":96,\"height\":96,\"caption\":\"Encontra Santana\"}},{\"@type\":\"WebPage\",\"@id\":\"https:\\\/\\\/www.encontrasantana.com.br\\\/sobre\\\/biblioteca-de-santana-abre-espaco-para-artistas\\\/#webpage\",\"url\":\"https:\\\/\\\/www.encontrasantana.com.br\\\/sobre\\\/biblioteca-de-santana-abre-espaco-para-artistas\\\/\",\"name\":\"Biblioteca de Santana abre espa\\u00e7o para artistas \\u00bb Encontra Santana\",\"description\":\"A Biblioteca de S\\u00e3o Paulo, no bairro de Santana, na Zona Norte de SP, abriu as portas para artistas da regi\\u00e3o. Por meio do projeto que vai criar um portif\\u00f3lio para m\\u00fasicos, atores, dan\\u00e7arinos, poetas, artes\\u00e3os e pintores da Zona Norte, a Biblioteca vai garantir espa\\u00e7o para quem \\u00e9 an\\u00f4nimo. Os interessados em participar devem\",\"inLanguage\":\"pt-BR\",\"isPartOf\":{\"@id\":\"https:\\\/\\\/www.encontrasantana.com.br\\\/sobre\\\/#website\"},\"breadcrumb\":{\"@id\":\"https:\\\/\\\/www.encontrasantana.com.br\\\/sobre\\\/biblioteca-de-santana-abre-espaco-para-artistas\\\/#breadcrumblist\"},\"author\":{\"@id\":\"https:\\\/\\\/www.encontrasantana.com.br\\\/sobre\\\/author\\\/esantana\\\/#author\"},\"creator\":{\"@id\":\"https:\\\/\\\/www.encontrasantana.com.br\\\/sobre\\\/author\\\/esantana\\\/#author\"},\"datePublished\":\"2011-01-24T16:25:20-03:00\",\"dateModified\":\"2019-04-15T10:04:58-03:00\"},{\"@type\":\"WebSite\",\"@id\":\"https:\\\/\\\/www.encontrasantana.com.br\\\/sobre\\\/#website\",\"url\":\"https:\\\/\\\/www.encontrasantana.com.br\\\/sobre\\\/\",\"name\":\"Encontra Santana\",\"description\":\"Not\\u00edcias, eventos, informa\\u00e7\\u00f5es e dicas no bairro de Santana e regi\\u00e3o.\",\"inLanguage\":\"pt-BR\",\"publisher\":{\"@id\":\"https:\\\/\\\/www.encontrasantana.com.br\\\/sobre\\\/#organization\"}}]}\n\t\t<\/script>\n\t\t<!-- All in One SEO -->\n\n","aioseo_head_json":{"title":"Biblioteca de Santana abre espa\u00e7o para artistas \u00bb Encontra Santana","description":"A Biblioteca de S\u00e3o Paulo, no bairro de Santana, na Zona Norte de SP, abriu as portas para artistas da regi\u00e3o. Por meio do projeto que vai criar um portif\u00f3lio para m\u00fasicos, atores, dan\u00e7arinos, poetas, artes\u00e3os e pintores da Zona Norte, a Biblioteca vai garantir espa\u00e7o para quem \u00e9 an\u00f4nimo. Os interessados em participar devem","canonical_url":"https:\/\/www.encontrasantana.com.br\/sobre\/biblioteca-de-santana-abre-espaco-para-artistas\/","robots":"max-image-preview:large","keywords":"","webmasterTools":{"miscellaneous":""},"schema":{"@context":"https:\/\/schema.org","@graph":[{"@type":"Article","@id":"https:\/\/www.encontrasantana.com.br\/sobre\/biblioteca-de-santana-abre-espaco-para-artistas\/#article","name":"Biblioteca de Santana abre espa\u00e7o para artistas \u00bb Encontra Santana","headline":"Biblioteca de Santana abre espa\u00e7o para artistas","author":{"@id":"https:\/\/www.encontrasantana.com.br\/sobre\/author\/esantana\/#author"},"publisher":{"@id":"https:\/\/www.encontrasantana.com.br\/sobre\/#organization"},"datePublished":"2011-01-24T16:25:20-03:00","dateModified":"2019-04-15T10:04:58-03:00","inLanguage":"pt-BR","mainEntityOfPage":{"@id":"https:\/\/www.encontrasantana.com.br\/sobre\/biblioteca-de-santana-abre-espaco-para-artistas\/#webpage"},"isPartOf":{"@id":"https:\/\/www.encontrasantana.com.br\/sobre\/biblioteca-de-santana-abre-espaco-para-artistas\/#webpage"},"articleSection":"Not\u00edcias Santana, Santana"},{"@type":"BreadcrumbList","@id":"https:\/\/www.encontrasantana.com.br\/sobre\/biblioteca-de-santana-abre-espaco-para-artistas\/#breadcrumblist","itemListElement":[{"@type":"ListItem","@id":"https:\/\/www.encontrasantana.com.br\/sobre#listItem","position":1,"name":"In\u00edcio","item":"https:\/\/www.encontrasantana.com.br\/sobre","nextItem":{"@type":"ListItem","@id":"https:\/\/www.encontrasantana.com.br\/sobre\/noticias-em-santana\/#listItem","name":"Not\u00edcias Santana"}},{"@type":"ListItem","@id":"https:\/\/www.encontrasantana.com.br\/sobre\/noticias-em-santana\/#listItem","position":2,"name":"Not\u00edcias Santana","item":"https:\/\/www.encontrasantana.com.br\/sobre\/noticias-em-santana\/","nextItem":{"@type":"ListItem","@id":"https:\/\/www.encontrasantana.com.br\/sobre\/biblioteca-de-santana-abre-espaco-para-artistas\/#listItem","name":"Biblioteca de Santana abre espa\u00e7o para artistas"},"previousItem":{"@type":"ListItem","@id":"https:\/\/www.encontrasantana.com.br\/sobre#listItem","name":"In\u00edcio"}},{"@type":"ListItem","@id":"https:\/\/www.encontrasantana.com.br\/sobre\/biblioteca-de-santana-abre-espaco-para-artistas\/#listItem","position":3,"name":"Biblioteca de Santana abre espa\u00e7o para artistas","previousItem":{"@type":"ListItem","@id":"https:\/\/www.encontrasantana.com.br\/sobre\/noticias-em-santana\/#listItem","name":"Not\u00edcias Santana"}}]},{"@type":"Organization","@id":"https:\/\/www.encontrasantana.com.br\/sobre\/#organization","name":"Encontra Santana","description":"Not\u00edcias, eventos, informa\u00e7\u00f5es e dicas no bairro de Santana e regi\u00e3o.","url":"https:\/\/www.encontrasantana.com.br\/sobre\/"},{"@type":"Person","@id":"https:\/\/www.encontrasantana.com.br\/sobre\/author\/esantana\/#author","url":"https:\/\/www.encontrasantana.com.br\/sobre\/author\/esantana\/","name":"Encontra Santana","image":{"@type":"ImageObject","@id":"https:\/\/www.encontrasantana.com.br\/sobre\/biblioteca-de-santana-abre-espaco-para-artistas\/#authorImage","url":"https:\/\/secure.gravatar.com\/avatar\/0fbed662e37531ae23e68f85f9517b2454e50c1dfebf80eb9b721449ac95e0b9?s=96&d=mm&r=g","width":96,"height":96,"caption":"Encontra Santana"}},{"@type":"WebPage","@id":"https:\/\/www.encontrasantana.com.br\/sobre\/biblioteca-de-santana-abre-espaco-para-artistas\/#webpage","url":"https:\/\/www.encontrasantana.com.br\/sobre\/biblioteca-de-santana-abre-espaco-para-artistas\/","name":"Biblioteca de Santana abre espa\u00e7o para artistas \u00bb Encontra Santana","description":"A Biblioteca de S\u00e3o Paulo, no bairro de Santana, na Zona Norte de SP, abriu as portas para artistas da regi\u00e3o. Por meio do projeto que vai criar um portif\u00f3lio para m\u00fasicos, atores, dan\u00e7arinos, poetas, artes\u00e3os e pintores da Zona Norte, a Biblioteca vai garantir espa\u00e7o para quem \u00e9 an\u00f4nimo. Os interessados em participar devem","inLanguage":"pt-BR","isPartOf":{"@id":"https:\/\/www.encontrasantana.com.br\/sobre\/#website"},"breadcrumb":{"@id":"https:\/\/www.encontrasantana.com.br\/sobre\/biblioteca-de-santana-abre-espaco-para-artistas\/#breadcrumblist"},"author":{"@id":"https:\/\/www.encontrasantana.com.br\/sobre\/author\/esantana\/#author"},"creator":{"@id":"https:\/\/www.encontrasantana.com.br\/sobre\/author\/esantana\/#author"},"datePublished":"2011-01-24T16:25:20-03:00","dateModified":"2019-04-15T10:04:58-03:00"},{"@type":"WebSite","@id":"https:\/\/www.encontrasantana.com.br\/sobre\/#website","url":"https:\/\/www.encontrasantana.com.br\/sobre\/","name":"Encontra Santana","description":"Not\u00edcias, eventos, informa\u00e7\u00f5es e dicas no bairro de Santana e regi\u00e3o.","inLanguage":"pt-BR","publisher":{"@id":"https:\/\/www.encontrasantana.com.br\/sobre\/#organization"}}]},"og:locale":"pt_BR","og:site_name":"Encontra Santana | Not\u00edcias, eventos, informa\u00e7\u00f5es e dicas no bairro de Santana e regi\u00e3o.","og:type":"article","og:title":"Biblioteca de Santana abre espa\u00e7o para artistas \u00bb Encontra Santana","og:description":"A Biblioteca de S\u00e3o Paulo, no bairro de Santana, na Zona Norte de SP, abriu as portas para artistas da regi\u00e3o. Por meio do projeto que vai criar um portif\u00f3lio para m\u00fasicos, atores, dan\u00e7arinos, poetas, artes\u00e3os e pintores da Zona Norte, a Biblioteca vai garantir espa\u00e7o para quem \u00e9 an\u00f4nimo. Os interessados em participar devem","og:url":"https:\/\/www.encontrasantana.com.br\/sobre\/biblioteca-de-santana-abre-espaco-para-artistas\/","article:published_time":"2011-01-24T19:25:20+00:00","article:modified_time":"2019-04-15T13:04:58+00:00","twitter:card":"summary","twitter:title":"Biblioteca de Santana abre espa\u00e7o para artistas \u00bb Encontra Santana","twitter:description":"A Biblioteca de S\u00e3o Paulo, no bairro de Santana, na Zona Norte de SP, abriu as portas para artistas da regi\u00e3o. Por meio do projeto que vai criar um portif\u00f3lio para m\u00fasicos, atores, dan\u00e7arinos, poetas, artes\u00e3os e pintores da Zona Norte, a Biblioteca vai garantir espa\u00e7o para quem \u00e9 an\u00f4nimo. Os interessados em participar devem"},"aioseo_meta_data":{"post_id":"727","title":null,"description":null,"keywords":null,"keyphrases":null,"primary_term":null,"canonical_url":null,"og_title":null,"og_description":null,"og_object_type":"default","og_image_type":"default","og_image_url":null,"og_image_width":null,"og_image_height":null,"og_image_custom_url":null,"og_image_custom_fields":null,"og_video":null,"og_custom_url":null,"og_article_section":null,"og_article_tags":null,"twitter_use_og":false,"twitter_card":"default","twitter_image_type":"default","twitter_image_url":null,"twitter_image_custom_url":null,"twitter_image_custom_fields":null,"twitter_title":null,"twitter_description":null,"schema":{"blockGraphs":[],"customGraphs":[],"default":{"data":{"Article":[],"Course":[],"Dataset":[],"FAQPage":[],"Movie":[],"Person":[],"Product":[],"ProductReview":[],"Car":[],"Recipe":[],"Service":[],"SoftwareApplication":[],"WebPage":[]},"graphName":"Article","isEnabled":true},"graphs":[]},"schema_type":null,"schema_type_options":null,"pillar_content":false,"robots_default":true,"robots_noindex":false,"robots_noarchive":false,"robots_nosnippet":false,"robots_nofollow":false,"robots_noimageindex":false,"robots_noodp":false,"robots_notranslate":false,"robots_max_snippet":null,"robots_max_videopreview":null,"robots_max_imagepreview":"large","priority":null,"frequency":null,"local_seo":null,"limit_modified_date":false,"created":"2021-04-20 20:52:24","updated":"2026-08-06 04:48:52","focus_keyword":null,"additional_keywords":null,"truseo_locale":null,"ai":null,"breadcrumb_settings":null,"seo_analyzer_scan_date":null},"aioseo_breadcrumb":"<div class=\"aioseo-breadcrumbs\"><span class=\"aioseo-breadcrumb\">\n\t\t\t<a href=\"https:\/\/www.encontrasantana.com.br\/sobre\" title=\"In\u00edcio\">In\u00edcio<\/a>\n\t\t<\/span><span class=\"aioseo-breadcrumb-separator\">&raquo;<\/span><span class=\"aioseo-breadcrumb\">\n\t\t\t<a href=\"https:\/\/www.encontrasantana.com.br\/sobre\/noticias-em-santana\/\" title=\"Not\u00edcias Santana\">Not\u00edcias Santana<\/a>\n\t\t<\/span><span class=\"aioseo-breadcrumb-separator\">&raquo;<\/span><span class=\"aioseo-breadcrumb\">\n\t\t\tBiblioteca de Santana abre espa\u00e7o para artistas\n\t\t<\/span><\/div>","aioseo_breadcrumb_json":[{"label":"In\u00edcio","link":"https:\/\/www.encontrasantana.com.br\/sobre"},{"label":"Not\u00edcias Santana","link":"https:\/\/www.encontrasantana.com.br\/sobre\/noticias-em-santana\/"},{"label":"Biblioteca de Santana abre espa\u00e7o para artistas","link":"https:\/\/www.encontrasantana.com.br\/sobre\/biblioteca-de-santana-abre-espaco-para-artistas\/"}],"_links":{"self":[{"href":"https:\/\/www.encontrasantana.com.br\/sobre\/wp-json\/wp\/v2\/posts\/727","targetHints":{"allow":["GET"]}}],"collection":[{"href":"https:\/\/www.encontrasantana.com.br\/sobre\/wp-json\/wp\/v2\/posts"}],"about":[{"href":"https:\/\/www.encontrasantana.com.br\/sobre\/wp-json\/wp\/v2\/types\/post"}],"author":[{"embeddable":true,"href":"https:\/\/www.encontrasantana.com.br\/sobre\/wp-json\/wp\/v2\/users\/1"}],"replies":[{"embeddable":true,"href":"https:\/\/www.encontrasantana.com.br\/sobre\/wp-json\/wp\/v2\/comments?post=727"}],"version-history":[{"count":0,"href":"https:\/\/www.encontrasantana.com.br\/sobre\/wp-json\/wp\/v2\/posts\/727\/revisions"}],"wp:attachment":[{"href":"https:\/\/www.encontrasantana.com.br\/sobre\/wp-json\/wp\/v2\/media?parent=727"}],"wp:term":[{"taxonomy":"category","embeddable":true,"href":"https:\/\/www.encontrasantana.com.br\/sobre\/wp-json\/wp\/v2\/categories?post=727"},{"taxonomy":"post_tag","embeddable":true,"href":"https:\/\/www.encontrasantana.com.br\/sobre\/wp-json\/wp\/v2\/tags?post=727"}],"curies":[{"name":"wp","href":"https:\/\/api.w.org\/{rel}","templated":true}]}}