{"id":739,"date":"2011-02-01T18:19:04","date_gmt":"2011-02-01T21:19:04","guid":{"rendered":"http:\/\/www.encontrasantana.com.br\/blog\/?p=739"},"modified":"2019-04-15T10:04:58","modified_gmt":"2019-04-15T13:04:58","slug":"venda-de-ingressos-em-bilheteria-para-carnaval-em-santana-comeca-nesta-terca-feira","status":"publish","type":"post","link":"https:\/\/www.encontrasantana.com.br\/sobre\/venda-de-ingressos-em-bilheteria-para-carnaval-em-santana-comeca-nesta-terca-feira\/","title":{"rendered":"Venda de ingressos em bilheteria para Carnaval em Santana come\u00e7a nesta ter\u00e7a-feira"},"content":{"rendered":"<div class=\"1acf8468e559fd3cbeec5aee3a269a52\" data-index=\"1\" style=\"float: none; margin:0px;\">\n<!-- Anuncio display - global -->\r\n<ins class=\"adsbygoogle\"\r\n     style=\"display:block\"\r\n     data-ad-client=\"ca-pub-8585364105181520\"\r\n     data-ad-slot=\"8789329856\"\r\n     data-ad-format=\"auto\"\r\n     data-full-width-responsive=\"true\"><\/ins>\r\n<script>\r\n     (adsbygoogle = window.adsbygoogle || []).push({});\r\n<\/script>\n<\/div>\n<p>Come\u00e7a nesta ter\u00e7a-feira (1\u00ba) a venda nas bilheterias dos ingressos para os desfiles das escolas de samba de S\u00e3o Paulo, que ser\u00e1 realizado no <a href=\"http:\/\/www.encontrasantana.com.br\/santana\/anhembi-em-santana.shtml\" target=\"_blank\">Samb\u00f3dromo do Anhembi<\/a>, em Santana, zona norte da capital paulista. Os pre\u00e7os dos ingressos da arquibancada para os desfiles do Grupo Especial, nos dias 4 e 5 de mar\u00e7o, v\u00e3o de R$ 47 a R$ 150.<\/p>\n<p>As bilheterias dos sete pontos de venda na regi\u00e3o metropolitana de S\u00e3o Paulo estar\u00e3o abertas de segunda-feira a s\u00e1bado, das 11h \u00e0s 17h. A compra de ingressos de meia-entrada ser\u00e1 realizada exclusivamente na bilheteria do Anhembi. Os interessados poder\u00e3o comprar ingressos para os setores de arquibancada, cadeiras de pista, mesas de pista e camarotes.<\/p>\n<p>A\u00a0compra dos ingressos pelo telefone da Ingresso F\u00e1cil (11) 4003-2245 ou pela internet:\u00a0ingressofacil.com.br acontece desde 19 de janeiro.<\/p>\n<p><strong>Confira abaixo os endere\u00e7os das bilheterias:<\/strong><\/p>\n<p>Est\u00e1dio do Canind\u00e9 (Portuguesa): rua Comendador Nestor Pereira, 33 &#8211; Canind\u00e9<\/p>\n<p>Gin\u00e1sio do Ibirapuera: rua Manuel da N\u00f3brega, 1361 &#8211; Ibirapuera<\/p>\n<p>Est\u00e1dio do Pacaembu: pra\u00e7a Chales Miller s\/n<\/p>\n<p>Est\u00e1dio Jos\u00e9 Bruno Daniel: rua 24 de Maio, S\/N\u00ba &#8211; Santo Andr\u00e9<\/p>\n<p>Gin\u00e1sio de Esportes Jos\u00e9 Corr\u00eaa: avenida Guilherme P. Guglielmo, 100 &#8211; Barueri<\/p>\n<p>Est\u00e1dio Anacleto Campanella: rua Walter Tom\u00e9, n\u00ba 64 &#8211; Ol\u00edmpico<\/p>\n<p>Est\u00e1dio Palestra It\u00e1lia &#8211; rua Turiassu, 1840<\/p>\n<p><em>Fonte: R7<\/em><\/p>\n\n<div style=\"font-size: 0px; height: 0px; line-height: 0px; margin: 0; padding: 0; clear: both;\"><\/div>","protected":false},"excerpt":{"rendered":"<p>Come\u00e7a nesta ter\u00e7a-feira (1\u00ba) a venda nas bilheterias dos ingressos para os desfiles das escolas de samba de S\u00e3o Paulo, que ser\u00e1 realizado no Samb\u00f3dromo do Anhembi, em Santana, zona norte da capital paulista. Os pre\u00e7os dos ingressos da arquibancada para os desfiles do Grupo Especial, nos dias 4 e 5 de mar\u00e7o, v\u00e3o de R$ 47 a R$ 150. As bilheterias dos sete pontos de venda na regi\u00e3o metropolitana de S\u00e3o Paulo estar\u00e3o abertas de segunda-feira a s\u00e1bado, das 11h \u00e0s 17h. A compra de ingressos de meia-entrada ser\u00e1 realizada exclusivamente na bilheteria do Anhembi. Os interessados poder\u00e3o comprar <\/p>\n","protected":false},"author":1,"featured_media":0,"comment_status":"open","ping_status":"closed","sticky":false,"template":"","format":"standard","meta":{"footnotes":""},"categories":[3],"tags":[10],"class_list":["post-739","post","type-post","status-publish","format-standard","hentry","category-noticias-em-santana","tag-santana"],"aioseo_notices":[],"_links":{"self":[{"href":"https:\/\/www.encontrasantana.com.br\/sobre\/wp-json\/wp\/v2\/posts\/739"}],"collection":[{"href":"https:\/\/www.encontrasantana.com.br\/sobre\/wp-json\/wp\/v2\/posts"}],"about":[{"href":"https:\/\/www.encontrasantana.com.br\/sobre\/wp-json\/wp\/v2\/types\/post"}],"author":[{"embeddable":true,"href":"https:\/\/www.encontrasantana.com.br\/sobre\/wp-json\/wp\/v2\/users\/1"}],"replies":[{"embeddable":true,"href":"https:\/\/www.encontrasantana.com.br\/sobre\/wp-json\/wp\/v2\/comments?post=739"}],"version-history":[{"count":0,"href":"https:\/\/www.encontrasantana.com.br\/sobre\/wp-json\/wp\/v2\/posts\/739\/revisions"}],"wp:attachment":[{"href":"https:\/\/www.encontrasantana.com.br\/sobre\/wp-json\/wp\/v2\/media?parent=739"}],"wp:term":[{"taxonomy":"category","embeddable":true,"href":"https:\/\/www.encontrasantana.com.br\/sobre\/wp-json\/wp\/v2\/categories?post=739"},{"taxonomy":"post_tag","embeddable":true,"href":"https:\/\/www.encontrasantana.com.br\/sobre\/wp-json\/wp\/v2\/tags?post=739"}],"curies":[{"name":"wp","href":"https:\/\/api.w.org\/{rel}","templated":true}]}}